{"id":13313,"date":"2022-03-17T16:22:35","date_gmt":"2022-03-17T16:22:35","guid":{"rendered":"https:\/\/vatgas.hemsida.eu\/?p=13313"},"modified":"2022-08-31T12:03:05","modified_gmt":"2022-08-31T12:03:05","slug":"danmark-har-antagit-en-nationell-vatgasstrategi","status":"publish","type":"post","link":"https:\/\/iwdev.se\/vatgas\/2022\/03\/17\/danmark-har-antagit-en-nationell-vatgasstrategi\/","title":{"rendered":"Danmark presenterar en nationell v\u00e4tgasstrategi"},"content":{"rendered":"<p>I veckan presenterade Danmark sin nationella v\u00e4tgasstrategi \u00a0med en ambition p\u00e5 4-6 GW elektrolyskapacitet till 2030.<br \/>\n\u2013 \u00c4ven om vi hade sett ett \u00e4nnu h\u00f6gre m\u00e5l, s\u00e5 \u00e4r det ett viktigt verktyg f\u00f6r att s\u00e4kerst\u00e4lla den n\u00f6dv\u00e4ndiga expansionen av f\u00f6rnybar energi och att tvinga det politiska systemet att ta p\u00e5 sig ansvaret f\u00f6r att expansionen g\u00e5r snabbt och kontinuerligt, s\u00e4ger Tejs Lausten Jensen direkt\u00f6r p\u00e5 danska branschorganisationen Brintbranchen.<br \/>\nM\u00e5let om 4-6 elektrolyskapacitet dvs produktionskapacitet, uppn\u00e5s bland annat genom ett marknadsbaserat anbud p\u00e5 1,25 miljarder DKK, som ber\u00e4knas h\u00e5llas tidigast 2023. Vidare kommer m\u00f6jligheterna att dra kraftledningar direkt fr\u00e5n sol- och vindkraftsparker till v\u00e4tgasanl\u00e4ggningar att f\u00f6rb\u00e4ttras.<br \/>\nStrategin pekade \u00e4ven p\u00e5 geografiskt differentierade tariffer f\u00f6r el samt \u00f6kat internationellt samarbete kring infrastruktur och standarder. F\u00f6r s\u00e4kerst\u00e4lla samordning mellan myndigheter och bist\u00e5 projektutveckling kommer en arbetsgrupp kommer att inr\u00e4ttas med ett eget sekretariat.<br \/>\n\u2013 Danmark kan nu realisera en infrastruktur f\u00f6r v\u00e4tgas. B\u00e5de nationellt,\u00a0 f\u00f6r distribution och lagring, och f\u00f6r att knyta ihop grannl\u00e4nder med varandra. Det \u00e4r f\u00f6rsta g\u00e5ngen p\u00e5 40 \u00e5r som en ny, dedikerad infrastruktur \u00e4r etablerad i Danmark och det visar p\u00e5 vilken utstr\u00e4ckning den danska regeringen \u00e4r villig att investera i v\u00e4tgas och v\u00e4tgasbaserade br\u00e4nslen, s\u00e4ger Tejs Lausten Jensen.<br \/>\nL\u00e4s mer <a href=\"https:\/\/kefm.dk\/Media\/637829286469861536\/Aftale;%20Udvikling%20og%20fremme%20af%20brint%20og%20gr%C3%B8nne%20br%C3%A6ndstoffer%20(Power-to-X%20strategi).pdf\">h\u00e4r<\/a> (endast p\u00e5 danska).<\/p>\n","protected":false},"excerpt":{"rendered":"<p>I veckan presenterade Danmark sin nationella v\u00e4tgasstrategi \u00a0med en ambition p\u00e5 4-6 GW elektrolyskapacitet till 2030. \u2013 \u00c4ven om vi hade sett ett \u00e4nnu h\u00f6gre m\u00e5l, s\u00e5 \u00e4r det ett viktigt verktyg f\u00f6r att s\u00e4kerst\u00e4lla den n\u00f6dv\u00e4ndiga expansionen av f\u00f6rnybar energi och att tvinga det politiska systemet att ta p\u00e5 sig ansvaret f\u00f6r att expansionen <a class=\"moretag\" href=\"https:\/\/iwdev.se\/vatgas\/2022\/03\/17\/danmark-har-antagit-en-nationell-vatgasstrategi\/\">[&#8230;]<\/a><\/p>\n","protected":false},"author":3,"featured_media":13314,"comment_status":"closed","ping_status":"closed","sticky":false,"template":"","format":"standard","meta":{"_acf_changed":false,"footnotes":""},"categories":[12],"tags":[106,107],"class_list":["post-13313","post","type-post","status-publish","format-standard","has-post-thumbnail","hentry","category-nyheter","tag-norden","tag-vatgasstrategi"],"acf":[],"yoast_head":"<!-- This site is optimized with the Yoast SEO Premium plugin v26.4 (Yoast SEO v27.4) - https:\/\/yoast.com\/product\/yoast-seo-premium-wordpress\/ -->\n<title>Danmark presenterar en nationell v\u00e4tgasstrategi - V\u00e4tgas Sverige<\/title>\n<meta name=\"robots\" content=\"noindex, follow, max-snippet:-1, max-image-preview:large, max-video-preview:-1\" \/>\n<meta property=\"og:locale\" content=\"sv_SE\" \/>\n<meta property=\"og:type\" content=\"article\" \/>\n<meta property=\"og:title\" content=\"Danmark presenterar en nationell v\u00e4tgasstrategi\" \/>\n<meta property=\"og:description\" content=\"I veckan presenterade Danmark sin nationella v\u00e4tgasstrategi \u00a0med en ambition p\u00e5 4-6 GW elektrolyskapacitet till 2030. \u2013 \u00c4ven om vi hade sett ett \u00e4nnu h\u00f6gre m\u00e5l, s\u00e5 \u00e4r det ett viktigt verktyg f\u00f6r att s\u00e4kerst\u00e4lla den n\u00f6dv\u00e4ndiga expansionen av f\u00f6rnybar energi och att tvinga det politiska systemet att ta p\u00e5 sig ansvaret f\u00f6r att expansionen [...]\" \/>\n<meta property=\"og:url\" content=\"https:\/\/iwdev.se\/vatgas\/2022\/03\/17\/danmark-har-antagit-en-nationell-vatgasstrategi\/\" \/>\n<meta property=\"og:site_name\" content=\"V\u00e4tgas Sverige\" \/>\n<meta property=\"article:published_time\" content=\"2022-03-17T16:22:35+00:00\" \/>\n<meta property=\"article:modified_time\" content=\"2022-08-31T12:03:05+00:00\" \/>\n<meta property=\"og:image\" content=\"https:\/\/iwdev.se\/vatgas\/wp-content\/uploads\/2022\/03\/AdobeStock_283405038-scaled-1.jpeg\" \/>\n\t<meta property=\"og:image:width\" content=\"2560\" \/>\n\t<meta property=\"og:image:height\" content=\"1707\" \/>\n\t<meta property=\"og:image:type\" content=\"image\/jpeg\" \/>\n<meta name=\"author\" content=\"Charlotte Blomberg\" \/>\n<meta name=\"twitter:card\" content=\"summary_large_image\" \/>\n<meta name=\"twitter:label1\" content=\"Skriven av\" \/>\n\t<meta name=\"twitter:data1\" content=\"Charlotte Blomberg\" \/>\n\t<meta name=\"twitter:label2\" content=\"Ber\u00e4knad l\u00e4stid\" \/>\n\t<meta name=\"twitter:data2\" content=\"2 minuter\" \/>\n<script type=\"application\/ld+json\" class=\"yoast-schema-graph\">{\"@context\":\"https:\\\/\\\/schema.org\",\"@graph\":[{\"@type\":\"Article\",\"@id\":\"https:\\\/\\\/iwdev.se\\\/vatgas\\\/2022\\\/03\\\/17\\\/danmark-har-antagit-en-nationell-vatgasstrategi\\\/#article\",\"isPartOf\":{\"@id\":\"https:\\\/\\\/iwdev.se\\\/vatgas\\\/2022\\\/03\\\/17\\\/danmark-har-antagit-en-nationell-vatgasstrategi\\\/\"},\"author\":{\"name\":\"Charlotte Blomberg\",\"@id\":\"https:\\\/\\\/iwdev.se\\\/vatgas\\\/#\\\/schema\\\/person\\\/8cc2f1473867b95de7c82567e7e9e0d0\"},\"headline\":\"Danmark presenterar en nationell v\u00e4tgasstrategi\",\"datePublished\":\"2022-03-17T16:22:35+00:00\",\"dateModified\":\"2022-08-31T12:03:05+00:00\",\"mainEntityOfPage\":{\"@id\":\"https:\\\/\\\/iwdev.se\\\/vatgas\\\/2022\\\/03\\\/17\\\/danmark-har-antagit-en-nationell-vatgasstrategi\\\/\"},\"wordCount\":250,\"publisher\":{\"@id\":\"https:\\\/\\\/iwdev.se\\\/vatgas\\\/#organization\"},\"image\":{\"@id\":\"https:\\\/\\\/iwdev.se\\\/vatgas\\\/2022\\\/03\\\/17\\\/danmark-har-antagit-en-nationell-vatgasstrategi\\\/#primaryimage\"},\"thumbnailUrl\":\"https:\\\/\\\/iwdev.se\\\/vatgas\\\/wp-content\\\/uploads\\\/2022\\\/03\\\/AdobeStock_283405038-scaled-1.jpeg\",\"keywords\":[\"Norden\",\"v\u00e4tgasstrategi\"],\"articleSection\":[\"Nyheter\"],\"inLanguage\":\"sv-SE\"},{\"@type\":\"WebPage\",\"@id\":\"https:\\\/\\\/iwdev.se\\\/vatgas\\\/2022\\\/03\\\/17\\\/danmark-har-antagit-en-nationell-vatgasstrategi\\\/\",\"url\":\"https:\\\/\\\/iwdev.se\\\/vatgas\\\/2022\\\/03\\\/17\\\/danmark-har-antagit-en-nationell-vatgasstrategi\\\/\",\"name\":\"Danmark presenterar en nationell v\u00e4tgasstrategi - V\u00e4tgas Sverige\",\"isPartOf\":{\"@id\":\"https:\\\/\\\/iwdev.se\\\/vatgas\\\/#website\"},\"primaryImageOfPage\":{\"@id\":\"https:\\\/\\\/iwdev.se\\\/vatgas\\\/2022\\\/03\\\/17\\\/danmark-har-antagit-en-nationell-vatgasstrategi\\\/#primaryimage\"},\"image\":{\"@id\":\"https:\\\/\\\/iwdev.se\\\/vatgas\\\/2022\\\/03\\\/17\\\/danmark-har-antagit-en-nationell-vatgasstrategi\\\/#primaryimage\"},\"thumbnailUrl\":\"https:\\\/\\\/iwdev.se\\\/vatgas\\\/wp-content\\\/uploads\\\/2022\\\/03\\\/AdobeStock_283405038-scaled-1.jpeg\",\"datePublished\":\"2022-03-17T16:22:35+00:00\",\"dateModified\":\"2022-08-31T12:03:05+00:00\",\"breadcrumb\":{\"@id\":\"https:\\\/\\\/iwdev.se\\\/vatgas\\\/2022\\\/03\\\/17\\\/danmark-har-antagit-en-nationell-vatgasstrategi\\\/#breadcrumb\"},\"inLanguage\":\"sv-SE\",\"potentialAction\":[{\"@type\":\"ReadAction\",\"target\":[\"https:\\\/\\\/iwdev.se\\\/vatgas\\\/2022\\\/03\\\/17\\\/danmark-har-antagit-en-nationell-vatgasstrategi\\\/\"]}]},{\"@type\":\"ImageObject\",\"inLanguage\":\"sv-SE\",\"@id\":\"https:\\\/\\\/iwdev.se\\\/vatgas\\\/2022\\\/03\\\/17\\\/danmark-har-antagit-en-nationell-vatgasstrategi\\\/#primaryimage\",\"url\":\"https:\\\/\\\/iwdev.se\\\/vatgas\\\/wp-content\\\/uploads\\\/2022\\\/03\\\/AdobeStock_283405038-scaled-1.jpeg\",\"contentUrl\":\"https:\\\/\\\/iwdev.se\\\/vatgas\\\/wp-content\\\/uploads\\\/2022\\\/03\\\/AdobeStock_283405038-scaled-1.jpeg\",\"width\":2560,\"height\":1707,\"caption\":\"Copenhagen iconic view. Famous old Nyhavn port in the center of Copenhagen, Denmark during summer sunny day with Denmark flag on the foreground\"},{\"@type\":\"BreadcrumbList\",\"@id\":\"https:\\\/\\\/iwdev.se\\\/vatgas\\\/2022\\\/03\\\/17\\\/danmark-har-antagit-en-nationell-vatgasstrategi\\\/#breadcrumb\",\"itemListElement\":[{\"@type\":\"ListItem\",\"position\":1,\"name\":\"Home\",\"item\":\"https:\\\/\\\/iwdev.se\\\/vatgas\\\/\"},{\"@type\":\"ListItem\",\"position\":2,\"name\":\"Danmark presenterar en nationell v\u00e4tgasstrategi\"}]},{\"@type\":\"WebSite\",\"@id\":\"https:\\\/\\\/iwdev.se\\\/vatgas\\\/#website\",\"url\":\"https:\\\/\\\/iwdev.se\\\/vatgas\\\/\",\"name\":\"V\u00e4tgas Sverige\",\"description\":\"En ledande plattform f\u00f6r omst\u00e4llningen till fossilfrihet\",\"publisher\":{\"@id\":\"https:\\\/\\\/iwdev.se\\\/vatgas\\\/#organization\"},\"potentialAction\":[{\"@type\":\"SearchAction\",\"target\":{\"@type\":\"EntryPoint\",\"urlTemplate\":\"https:\\\/\\\/iwdev.se\\\/vatgas\\\/?s={search_term_string}\"},\"query-input\":{\"@type\":\"PropertyValueSpecification\",\"valueRequired\":true,\"valueName\":\"search_term_string\"}}],\"inLanguage\":\"sv-SE\"},{\"@type\":\"Organization\",\"@id\":\"https:\\\/\\\/iwdev.se\\\/vatgas\\\/#organization\",\"name\":\"V\u00e4tgas Sverige\",\"url\":\"https:\\\/\\\/iwdev.se\\\/vatgas\\\/\",\"logo\":{\"@type\":\"ImageObject\",\"inLanguage\":\"sv-SE\",\"@id\":\"https:\\\/\\\/iwdev.se\\\/vatgas\\\/#\\\/schema\\\/logo\\\/image\\\/\",\"url\":\"https:\\\/\\\/iwdev.se\\\/vatgas\\\/wp-content\\\/uploads\\\/2022\\\/06\\\/LOGO.png\",\"contentUrl\":\"https:\\\/\\\/iwdev.se\\\/vatgas\\\/wp-content\\\/uploads\\\/2022\\\/06\\\/LOGO.png\",\"width\":240,\"height\":147,\"caption\":\"V\u00e4tgas Sverige\"},\"image\":{\"@id\":\"https:\\\/\\\/iwdev.se\\\/vatgas\\\/#\\\/schema\\\/logo\\\/image\\\/\"}},{\"@type\":\"Person\",\"@id\":\"https:\\\/\\\/iwdev.se\\\/vatgas\\\/#\\\/schema\\\/person\\\/8cc2f1473867b95de7c82567e7e9e0d0\",\"name\":\"Charlotte Blomberg\",\"url\":\"https:\\\/\\\/iwdev.se\\\/vatgas\\\/author\\\/chablo\\\/\"}]}<\/script>\n<!-- \/ Yoast SEO Premium plugin. -->","yoast_head_json":{"title":"Danmark presenterar en nationell v\u00e4tgasstrategi - V\u00e4tgas Sverige","robots":{"index":"noindex","follow":"follow","max-snippet":"max-snippet:-1","max-image-preview":"max-image-preview:large","max-video-preview":"max-video-preview:-1"},"og_locale":"sv_SE","og_type":"article","og_title":"Danmark presenterar en nationell v\u00e4tgasstrategi","og_description":"I veckan presenterade Danmark sin nationella v\u00e4tgasstrategi \u00a0med en ambition p\u00e5 4-6 GW elektrolyskapacitet till 2030. \u2013 \u00c4ven om vi hade sett ett \u00e4nnu h\u00f6gre m\u00e5l, s\u00e5 \u00e4r det ett viktigt verktyg f\u00f6r att s\u00e4kerst\u00e4lla den n\u00f6dv\u00e4ndiga expansionen av f\u00f6rnybar energi och att tvinga det politiska systemet att ta p\u00e5 sig ansvaret f\u00f6r att expansionen [...]","og_url":"https:\/\/iwdev.se\/vatgas\/2022\/03\/17\/danmark-har-antagit-en-nationell-vatgasstrategi\/","og_site_name":"V\u00e4tgas Sverige","article_published_time":"2022-03-17T16:22:35+00:00","article_modified_time":"2022-08-31T12:03:05+00:00","og_image":[{"width":2560,"height":1707,"url":"https:\/\/iwdev.se\/vatgas\/wp-content\/uploads\/2022\/03\/AdobeStock_283405038-scaled-1.jpeg","type":"image\/jpeg"}],"author":"Charlotte Blomberg","twitter_card":"summary_large_image","twitter_misc":{"Skriven av":"Charlotte Blomberg","Ber\u00e4knad l\u00e4stid":"2 minuter"},"schema":{"@context":"https:\/\/schema.org","@graph":[{"@type":"Article","@id":"https:\/\/iwdev.se\/vatgas\/2022\/03\/17\/danmark-har-antagit-en-nationell-vatgasstrategi\/#article","isPartOf":{"@id":"https:\/\/iwdev.se\/vatgas\/2022\/03\/17\/danmark-har-antagit-en-nationell-vatgasstrategi\/"},"author":{"name":"Charlotte Blomberg","@id":"https:\/\/iwdev.se\/vatgas\/#\/schema\/person\/8cc2f1473867b95de7c82567e7e9e0d0"},"headline":"Danmark presenterar en nationell v\u00e4tgasstrategi","datePublished":"2022-03-17T16:22:35+00:00","dateModified":"2022-08-31T12:03:05+00:00","mainEntityOfPage":{"@id":"https:\/\/iwdev.se\/vatgas\/2022\/03\/17\/danmark-har-antagit-en-nationell-vatgasstrategi\/"},"wordCount":250,"publisher":{"@id":"https:\/\/iwdev.se\/vatgas\/#organization"},"image":{"@id":"https:\/\/iwdev.se\/vatgas\/2022\/03\/17\/danmark-har-antagit-en-nationell-vatgasstrategi\/#primaryimage"},"thumbnailUrl":"https:\/\/iwdev.se\/vatgas\/wp-content\/uploads\/2022\/03\/AdobeStock_283405038-scaled-1.jpeg","keywords":["Norden","v\u00e4tgasstrategi"],"articleSection":["Nyheter"],"inLanguage":"sv-SE"},{"@type":"WebPage","@id":"https:\/\/iwdev.se\/vatgas\/2022\/03\/17\/danmark-har-antagit-en-nationell-vatgasstrategi\/","url":"https:\/\/iwdev.se\/vatgas\/2022\/03\/17\/danmark-har-antagit-en-nationell-vatgasstrategi\/","name":"Danmark presenterar en nationell v\u00e4tgasstrategi - V\u00e4tgas Sverige","isPartOf":{"@id":"https:\/\/iwdev.se\/vatgas\/#website"},"primaryImageOfPage":{"@id":"https:\/\/iwdev.se\/vatgas\/2022\/03\/17\/danmark-har-antagit-en-nationell-vatgasstrategi\/#primaryimage"},"image":{"@id":"https:\/\/iwdev.se\/vatgas\/2022\/03\/17\/danmark-har-antagit-en-nationell-vatgasstrategi\/#primaryimage"},"thumbnailUrl":"https:\/\/iwdev.se\/vatgas\/wp-content\/uploads\/2022\/03\/AdobeStock_283405038-scaled-1.jpeg","datePublished":"2022-03-17T16:22:35+00:00","dateModified":"2022-08-31T12:03:05+00:00","breadcrumb":{"@id":"https:\/\/iwdev.se\/vatgas\/2022\/03\/17\/danmark-har-antagit-en-nationell-vatgasstrategi\/#breadcrumb"},"inLanguage":"sv-SE","potentialAction":[{"@type":"ReadAction","target":["https:\/\/iwdev.se\/vatgas\/2022\/03\/17\/danmark-har-antagit-en-nationell-vatgasstrategi\/"]}]},{"@type":"ImageObject","inLanguage":"sv-SE","@id":"https:\/\/iwdev.se\/vatgas\/2022\/03\/17\/danmark-har-antagit-en-nationell-vatgasstrategi\/#primaryimage","url":"https:\/\/iwdev.se\/vatgas\/wp-content\/uploads\/2022\/03\/AdobeStock_283405038-scaled-1.jpeg","contentUrl":"https:\/\/iwdev.se\/vatgas\/wp-content\/uploads\/2022\/03\/AdobeStock_283405038-scaled-1.jpeg","width":2560,"height":1707,"caption":"Copenhagen iconic view. Famous old Nyhavn port in the center of Copenhagen, Denmark during summer sunny day with Denmark flag on the foreground"},{"@type":"BreadcrumbList","@id":"https:\/\/iwdev.se\/vatgas\/2022\/03\/17\/danmark-har-antagit-en-nationell-vatgasstrategi\/#breadcrumb","itemListElement":[{"@type":"ListItem","position":1,"name":"Home","item":"https:\/\/iwdev.se\/vatgas\/"},{"@type":"ListItem","position":2,"name":"Danmark presenterar en nationell v\u00e4tgasstrategi"}]},{"@type":"WebSite","@id":"https:\/\/iwdev.se\/vatgas\/#website","url":"https:\/\/iwdev.se\/vatgas\/","name":"V\u00e4tgas Sverige","description":"En ledande plattform f\u00f6r omst\u00e4llningen till fossilfrihet","publisher":{"@id":"https:\/\/iwdev.se\/vatgas\/#organization"},"potentialAction":[{"@type":"SearchAction","target":{"@type":"EntryPoint","urlTemplate":"https:\/\/iwdev.se\/vatgas\/?s={search_term_string}"},"query-input":{"@type":"PropertyValueSpecification","valueRequired":true,"valueName":"search_term_string"}}],"inLanguage":"sv-SE"},{"@type":"Organization","@id":"https:\/\/iwdev.se\/vatgas\/#organization","name":"V\u00e4tgas Sverige","url":"https:\/\/iwdev.se\/vatgas\/","logo":{"@type":"ImageObject","inLanguage":"sv-SE","@id":"https:\/\/iwdev.se\/vatgas\/#\/schema\/logo\/image\/","url":"https:\/\/iwdev.se\/vatgas\/wp-content\/uploads\/2022\/06\/LOGO.png","contentUrl":"https:\/\/iwdev.se\/vatgas\/wp-content\/uploads\/2022\/06\/LOGO.png","width":240,"height":147,"caption":"V\u00e4tgas Sverige"},"image":{"@id":"https:\/\/iwdev.se\/vatgas\/#\/schema\/logo\/image\/"}},{"@type":"Person","@id":"https:\/\/iwdev.se\/vatgas\/#\/schema\/person\/8cc2f1473867b95de7c82567e7e9e0d0","name":"Charlotte Blomberg","url":"https:\/\/iwdev.se\/vatgas\/author\/chablo\/"}]}},"_links":{"self":[{"href":"https:\/\/iwdev.se\/vatgas\/wp-json\/wp\/v2\/posts\/13313","targetHints":{"allow":["GET"]}}],"collection":[{"href":"https:\/\/iwdev.se\/vatgas\/wp-json\/wp\/v2\/posts"}],"about":[{"href":"https:\/\/iwdev.se\/vatgas\/wp-json\/wp\/v2\/types\/post"}],"author":[{"embeddable":true,"href":"https:\/\/iwdev.se\/vatgas\/wp-json\/wp\/v2\/users\/3"}],"replies":[{"embeddable":true,"href":"https:\/\/iwdev.se\/vatgas\/wp-json\/wp\/v2\/comments?post=13313"}],"version-history":[{"count":1,"href":"https:\/\/iwdev.se\/vatgas\/wp-json\/wp\/v2\/posts\/13313\/revisions"}],"predecessor-version":[{"id":14681,"href":"https:\/\/iwdev.se\/vatgas\/wp-json\/wp\/v2\/posts\/13313\/revisions\/14681"}],"wp:featuredmedia":[{"embeddable":true,"href":"https:\/\/iwdev.se\/vatgas\/wp-json\/wp\/v2\/media\/13314"}],"wp:attachment":[{"href":"https:\/\/iwdev.se\/vatgas\/wp-json\/wp\/v2\/media?parent=13313"}],"wp:term":[{"taxonomy":"category","embeddable":true,"href":"https:\/\/iwdev.se\/vatgas\/wp-json\/wp\/v2\/categories?post=13313"},{"taxonomy":"post_tag","embeddable":true,"href":"https:\/\/iwdev.se\/vatgas\/wp-json\/wp\/v2\/tags?post=13313"}],"curies":[{"name":"wp","href":"https:\/\/api.w.org\/{rel}","templated":true}]}}