{"id":14240,"date":"2022-06-19T21:34:04","date_gmt":"2022-06-19T21:34:04","guid":{"rendered":"https:\/\/vatgas.hemsida.eu\/?p=14240"},"modified":"2022-08-31T11:40:10","modified_gmt":"2022-08-31T11:40:10","slug":"nya-styrelseledamot-i-vatgas-sverige","status":"publish","type":"post","link":"https:\/\/iwdev.se\/vatgas\/2022\/06\/19\/nya-styrelseledamot-i-vatgas-sverige\/","title":{"rendered":"Nya styrelsemedlemmar i V\u00e4tgas Sverige"},"content":{"rendered":"<p><strong>V\u00e4tgas Sveriges styrelse forts\u00e4tter att utvecklas med nya imponerande erfarenheter och kompetenser. Sara Sk\u00e4rhem och Peter En\u00e5 valdes ut som\u00a0styrelsemedlemmar\u00a0under V\u00e4tgas Sveriges senaste \u00e5rst\u00e4mma 2022. &#8221;J<em>ag ser fram emot givande samtal och att gemensamt f\u00e5 reflektera och agera.&#8221;\u00a0<\/em><\/strong><br \/>\nB\u00e5de Sara och Peter har en l\u00e5ng erfarenhet inom branschen och vill tillsammans med V\u00e4tgas Sverige samverka och koppla ihop n\u00e4tv\u00e4rk. Nedan f\u00f6ljer en presentation av de b\u00e5da.<br \/>\n&nbsp;<br \/>\n<img loading=\"lazy\" decoding=\"async\" class=\"styrelse alignleft wp-image-4494 size-full\" src=\"https:\/\/iwdev.se\/vatgas\/wp-content\/uploads\/2022\/06\/Peter.jpg\" alt=\"\" width=\"215\" height=\"123\" \/><\/p>\n<h5>Peter En\u00e5<\/h5>\n<p class=\"p1\"><em><span class=\"s1\"><i>Utvecklingschef vice vd, <\/i><\/span><\/em><span class=\"s1\">Inlandsbanan<\/span><em><span class=\"s1\"><br \/>\n<\/span><\/em>Peter har varit verksam som uppdragsledare och chef f\u00f6r st\u00f6rre utvecklingsprojekt inom industri- och energisektorn sedan mitten av 90-talet, s\u00e5v\u00e4l i Sverige som utomlands. Vindkraft och v\u00e4tgas har varit i fokus under hela karri\u00e4ren och sedan 2008 har utveckling i Norrland varit Peters arbetsomr\u00e5de och familjens utg\u00e5ngspunkt. Peter kommer n\u00e4rmst fr\u00e5n Sweco som regionchef f\u00f6r projektledningsverksamheten och jobbar nu heltid med Inlandsbanan och intressenter kring v\u00e4tgasproduktion och distribution med j\u00e4rnv\u00e4gen som m\u00f6jligg\u00f6rare f\u00f6r omst\u00e4llning till gr\u00f6n v\u00e4tgas f\u00f6r olika industri- och transportbehov<\/p>\n<p class=\"p1\"><em>&#8221;Jag ser fram emot att koppla ihop mitt n\u00e4tverk med akt\u00f6rer inom V\u00e4tgas Sverige f\u00f6r att tillsammans snabba p\u00e5 utveckling i hela landet s\u00e5 kluster kan bindas samman till en fullskalig nationell infrastruktur f\u00f6r gr\u00f6n v\u00e4tgas. Det \u00e4r h\u00f6g tid f\u00f6r detta nu och ingen tid att f\u00f6rlora.&#8221;\u00a0<\/em><\/p>\n<p>[fusion_separator style_type=&#8221;none&#8221; top_margin=&#8221;0&#8243; bottom_margin=&#8221;20&#8243; sep_color=&#8221;&#8221; border_size=&#8221;&#8221; icon=&#8221;&#8221; icon_circle=&#8221;&#8221; icon_circle_color=&#8221;&#8221; width=&#8221;&#8221; alignment=&#8221;center&#8221; class=&#8221;&#8221; id=&#8221;&#8221;\/]<br \/>\n<img loading=\"lazy\" decoding=\"async\" class=\"styrelse alignleft wp-image-3621\" src=\"https:\/\/iwdev.se\/vatgas\/wp-content\/uploads\/2022\/06\/Sara-Skarmhem.jpg\" alt=\"\" width=\"215\" height=\"137\" \/><\/p>\n<h5>Sara Sk\u00e4rhem<\/h5>\n<p><em><span class=\"st\">Senior Project Manager, <\/span><\/em><span class=\"st\">RISE<\/span><br \/>\nSara \u00e4r en driven och strukturerad ledare i f\u00f6r\u00e4ndrings- och utvecklingsarbete.\u00a0Tror p\u00e5 samtalets kraft och drivs av att skapa m\u00f6ten mellan m\u00e4nniskor samt att bidra till st\u00f6rre nytta i den gr\u00f6na omst\u00e4llningen. Hon har tjugo \u00e5rs erfarenhet av\u00a0aff\u00e4rsutveckling med fokus\u00a0p\u00e5 innovation och h\u00e5llbarhet i b\u00e5de sm\u00e5 och stora\u00a0bolag. Sara har en en m\u00e5ng\u00e5rig erfarenhet av att initiera och driva EU-finansierade forsknings- och innovationsprojekt.<br \/>\n<em>&#8221;Jag hoppas kunna bidra med mina erfarenheter fr\u00e5n flera branscher och mitt systemperspektiv. F\u00f6r att m\u00f6ta det kraftigt \u00f6kande intresset f\u00f6r v\u00e4tgasl\u00f6sningar beh\u00f6ver vi samverka, vi beh\u00f6ver g\u00f6ra modiga val och v\u00e5ga testa! V\u00e4tgas Sverige \u00e4r sp\u00e4nnande p\u00e5 m\u00e5nga s\u00e4tt och framf\u00f6r allt t\u00e4nker jag p\u00e5 det stora antalet medlemmar som tillsammans representerar hela v\u00e4rdekedjan. Jag ser fram emot givande samtal och att gemensamt f\u00e5 reflektera och agera.&#8221;<\/em><br \/>\nVi vill \u00e4ven tacka Anna Alexandersson och Jonas Johansson.<\/p>\n","protected":false},"excerpt":{"rendered":"<p>V\u00e4tgas Sveriges styrelse forts\u00e4tter att utvecklas med nya imponerande erfarenheter och kompetenser. Sara Sk\u00e4rhem och Peter En\u00e5 valdes ut som\u00a0styrelsemedlemmar\u00a0under V\u00e4tgas Sveriges senaste \u00e5rst\u00e4mma 2022. &#8221;Jag ser fram emot givande samtal och att gemensamt f\u00e5 reflektera och agera.&#8221;\u00a0 B\u00e5de Sara och Peter har en l\u00e5ng erfarenhet inom branschen och vill tillsammans med V\u00e4tgas Sverige samverka <a class=\"moretag\" href=\"https:\/\/iwdev.se\/vatgas\/2022\/06\/19\/nya-styrelseledamot-i-vatgas-sverige\/\">[&#8230;]<\/a><\/p>\n","protected":false},"author":3,"featured_media":14241,"comment_status":"closed","ping_status":"closed","sticky":false,"template":"","format":"standard","meta":{"_acf_changed":false,"footnotes":""},"categories":[12],"tags":[101,45],"class_list":["post-14240","post","type-post","status-publish","format-standard","has-post-thumbnail","hentry","category-nyheter","tag-styrelse","tag-vatgas-sverige"],"acf":[],"yoast_head":"<!-- This site is optimized with the Yoast SEO Premium plugin v26.4 (Yoast SEO v27.4) - https:\/\/yoast.com\/product\/yoast-seo-premium-wordpress\/ -->\n<title>Nya styrelsemedlemmar i V\u00e4tgas Sverige - V\u00e4tgas Sverige<\/title>\n<meta name=\"robots\" content=\"noindex, follow, max-snippet:-1, max-image-preview:large, max-video-preview:-1\" \/>\n<meta property=\"og:locale\" content=\"sv_SE\" \/>\n<meta property=\"og:type\" content=\"article\" \/>\n<meta property=\"og:title\" content=\"Nya styrelsemedlemmar i V\u00e4tgas Sverige\" \/>\n<meta property=\"og:description\" content=\"V\u00e4tgas Sveriges styrelse forts\u00e4tter att utvecklas med nya imponerande erfarenheter och kompetenser. Sara Sk\u00e4rhem och Peter En\u00e5 valdes ut som\u00a0styrelsemedlemmar\u00a0under V\u00e4tgas Sveriges senaste \u00e5rst\u00e4mma 2022. &#8221;Jag ser fram emot givande samtal och att gemensamt f\u00e5 reflektera och agera.&#8221;\u00a0 B\u00e5de Sara och Peter har en l\u00e5ng erfarenhet inom branschen och vill tillsammans med V\u00e4tgas Sverige samverka [...]\" \/>\n<meta property=\"og:url\" content=\"https:\/\/iwdev.se\/vatgas\/2022\/06\/19\/nya-styrelseledamot-i-vatgas-sverige\/\" \/>\n<meta property=\"og:site_name\" content=\"V\u00e4tgas Sverige\" \/>\n<meta property=\"article:published_time\" content=\"2022-06-19T21:34:04+00:00\" \/>\n<meta property=\"article:modified_time\" content=\"2022-08-31T11:40:10+00:00\" \/>\n<meta property=\"og:image\" content=\"https:\/\/iwdev.se\/vatgas\/wp-content\/uploads\/2022\/06\/Nya-styrelse.png\" \/>\n\t<meta property=\"og:image:width\" content=\"924\" \/>\n\t<meta property=\"og:image:height\" content=\"345\" \/>\n\t<meta property=\"og:image:type\" content=\"image\/png\" \/>\n<meta name=\"author\" content=\"Charlotte Blomberg\" \/>\n<meta name=\"twitter:card\" content=\"summary_large_image\" \/>\n<meta name=\"twitter:label1\" content=\"Skriven av\" \/>\n\t<meta name=\"twitter:data1\" content=\"Charlotte Blomberg\" \/>\n\t<meta name=\"twitter:label2\" content=\"Ber\u00e4knad l\u00e4stid\" \/>\n\t<meta name=\"twitter:data2\" content=\"3 minuter\" \/>\n<script type=\"application\/ld+json\" class=\"yoast-schema-graph\">{\"@context\":\"https:\\\/\\\/schema.org\",\"@graph\":[{\"@type\":\"Article\",\"@id\":\"https:\\\/\\\/iwdev.se\\\/vatgas\\\/2022\\\/06\\\/19\\\/nya-styrelseledamot-i-vatgas-sverige\\\/#article\",\"isPartOf\":{\"@id\":\"https:\\\/\\\/iwdev.se\\\/vatgas\\\/2022\\\/06\\\/19\\\/nya-styrelseledamot-i-vatgas-sverige\\\/\"},\"author\":{\"name\":\"Charlotte Blomberg\",\"@id\":\"https:\\\/\\\/iwdev.se\\\/vatgas\\\/#\\\/schema\\\/person\\\/8cc2f1473867b95de7c82567e7e9e0d0\"},\"headline\":\"Nya styrelsemedlemmar i V\u00e4tgas Sverige\",\"datePublished\":\"2022-06-19T21:34:04+00:00\",\"dateModified\":\"2022-08-31T11:40:10+00:00\",\"mainEntityOfPage\":{\"@id\":\"https:\\\/\\\/iwdev.se\\\/vatgas\\\/2022\\\/06\\\/19\\\/nya-styrelseledamot-i-vatgas-sverige\\\/\"},\"wordCount\":456,\"publisher\":{\"@id\":\"https:\\\/\\\/iwdev.se\\\/vatgas\\\/#organization\"},\"image\":{\"@id\":\"https:\\\/\\\/iwdev.se\\\/vatgas\\\/2022\\\/06\\\/19\\\/nya-styrelseledamot-i-vatgas-sverige\\\/#primaryimage\"},\"thumbnailUrl\":\"https:\\\/\\\/iwdev.se\\\/vatgas\\\/wp-content\\\/uploads\\\/2022\\\/06\\\/Nya-styrelse.png\",\"keywords\":[\"styrelse\",\"V\u00e4tgas Sverige\"],\"articleSection\":[\"Nyheter\"],\"inLanguage\":\"sv-SE\"},{\"@type\":\"WebPage\",\"@id\":\"https:\\\/\\\/iwdev.se\\\/vatgas\\\/2022\\\/06\\\/19\\\/nya-styrelseledamot-i-vatgas-sverige\\\/\",\"url\":\"https:\\\/\\\/iwdev.se\\\/vatgas\\\/2022\\\/06\\\/19\\\/nya-styrelseledamot-i-vatgas-sverige\\\/\",\"name\":\"Nya styrelsemedlemmar i V\u00e4tgas Sverige - V\u00e4tgas Sverige\",\"isPartOf\":{\"@id\":\"https:\\\/\\\/iwdev.se\\\/vatgas\\\/#website\"},\"primaryImageOfPage\":{\"@id\":\"https:\\\/\\\/iwdev.se\\\/vatgas\\\/2022\\\/06\\\/19\\\/nya-styrelseledamot-i-vatgas-sverige\\\/#primaryimage\"},\"image\":{\"@id\":\"https:\\\/\\\/iwdev.se\\\/vatgas\\\/2022\\\/06\\\/19\\\/nya-styrelseledamot-i-vatgas-sverige\\\/#primaryimage\"},\"thumbnailUrl\":\"https:\\\/\\\/iwdev.se\\\/vatgas\\\/wp-content\\\/uploads\\\/2022\\\/06\\\/Nya-styrelse.png\",\"datePublished\":\"2022-06-19T21:34:04+00:00\",\"dateModified\":\"2022-08-31T11:40:10+00:00\",\"breadcrumb\":{\"@id\":\"https:\\\/\\\/iwdev.se\\\/vatgas\\\/2022\\\/06\\\/19\\\/nya-styrelseledamot-i-vatgas-sverige\\\/#breadcrumb\"},\"inLanguage\":\"sv-SE\",\"potentialAction\":[{\"@type\":\"ReadAction\",\"target\":[\"https:\\\/\\\/iwdev.se\\\/vatgas\\\/2022\\\/06\\\/19\\\/nya-styrelseledamot-i-vatgas-sverige\\\/\"]}]},{\"@type\":\"ImageObject\",\"inLanguage\":\"sv-SE\",\"@id\":\"https:\\\/\\\/iwdev.se\\\/vatgas\\\/2022\\\/06\\\/19\\\/nya-styrelseledamot-i-vatgas-sverige\\\/#primaryimage\",\"url\":\"https:\\\/\\\/iwdev.se\\\/vatgas\\\/wp-content\\\/uploads\\\/2022\\\/06\\\/Nya-styrelse.png\",\"contentUrl\":\"https:\\\/\\\/iwdev.se\\\/vatgas\\\/wp-content\\\/uploads\\\/2022\\\/06\\\/Nya-styrelse.png\",\"width\":924,\"height\":345},{\"@type\":\"BreadcrumbList\",\"@id\":\"https:\\\/\\\/iwdev.se\\\/vatgas\\\/2022\\\/06\\\/19\\\/nya-styrelseledamot-i-vatgas-sverige\\\/#breadcrumb\",\"itemListElement\":[{\"@type\":\"ListItem\",\"position\":1,\"name\":\"Home\",\"item\":\"https:\\\/\\\/iwdev.se\\\/vatgas\\\/\"},{\"@type\":\"ListItem\",\"position\":2,\"name\":\"Nya styrelsemedlemmar i V\u00e4tgas Sverige\"}]},{\"@type\":\"WebSite\",\"@id\":\"https:\\\/\\\/iwdev.se\\\/vatgas\\\/#website\",\"url\":\"https:\\\/\\\/iwdev.se\\\/vatgas\\\/\",\"name\":\"V\u00e4tgas Sverige\",\"description\":\"En ledande plattform f\u00f6r omst\u00e4llningen till fossilfrihet\",\"publisher\":{\"@id\":\"https:\\\/\\\/iwdev.se\\\/vatgas\\\/#organization\"},\"potentialAction\":[{\"@type\":\"SearchAction\",\"target\":{\"@type\":\"EntryPoint\",\"urlTemplate\":\"https:\\\/\\\/iwdev.se\\\/vatgas\\\/?s={search_term_string}\"},\"query-input\":{\"@type\":\"PropertyValueSpecification\",\"valueRequired\":true,\"valueName\":\"search_term_string\"}}],\"inLanguage\":\"sv-SE\"},{\"@type\":\"Organization\",\"@id\":\"https:\\\/\\\/iwdev.se\\\/vatgas\\\/#organization\",\"name\":\"V\u00e4tgas Sverige\",\"url\":\"https:\\\/\\\/iwdev.se\\\/vatgas\\\/\",\"logo\":{\"@type\":\"ImageObject\",\"inLanguage\":\"sv-SE\",\"@id\":\"https:\\\/\\\/iwdev.se\\\/vatgas\\\/#\\\/schema\\\/logo\\\/image\\\/\",\"url\":\"https:\\\/\\\/iwdev.se\\\/vatgas\\\/wp-content\\\/uploads\\\/2022\\\/06\\\/LOGO.png\",\"contentUrl\":\"https:\\\/\\\/iwdev.se\\\/vatgas\\\/wp-content\\\/uploads\\\/2022\\\/06\\\/LOGO.png\",\"width\":240,\"height\":147,\"caption\":\"V\u00e4tgas Sverige\"},\"image\":{\"@id\":\"https:\\\/\\\/iwdev.se\\\/vatgas\\\/#\\\/schema\\\/logo\\\/image\\\/\"}},{\"@type\":\"Person\",\"@id\":\"https:\\\/\\\/iwdev.se\\\/vatgas\\\/#\\\/schema\\\/person\\\/8cc2f1473867b95de7c82567e7e9e0d0\",\"name\":\"Charlotte Blomberg\",\"url\":\"https:\\\/\\\/iwdev.se\\\/vatgas\\\/author\\\/chablo\\\/\"}]}<\/script>\n<!-- \/ Yoast SEO Premium plugin. -->","yoast_head_json":{"title":"Nya styrelsemedlemmar i V\u00e4tgas Sverige - V\u00e4tgas Sverige","robots":{"index":"noindex","follow":"follow","max-snippet":"max-snippet:-1","max-image-preview":"max-image-preview:large","max-video-preview":"max-video-preview:-1"},"og_locale":"sv_SE","og_type":"article","og_title":"Nya styrelsemedlemmar i V\u00e4tgas Sverige","og_description":"V\u00e4tgas Sveriges styrelse forts\u00e4tter att utvecklas med nya imponerande erfarenheter och kompetenser. Sara Sk\u00e4rhem och Peter En\u00e5 valdes ut som\u00a0styrelsemedlemmar\u00a0under V\u00e4tgas Sveriges senaste \u00e5rst\u00e4mma 2022. &#8221;Jag ser fram emot givande samtal och att gemensamt f\u00e5 reflektera och agera.&#8221;\u00a0 B\u00e5de Sara och Peter har en l\u00e5ng erfarenhet inom branschen och vill tillsammans med V\u00e4tgas Sverige samverka [...]","og_url":"https:\/\/iwdev.se\/vatgas\/2022\/06\/19\/nya-styrelseledamot-i-vatgas-sverige\/","og_site_name":"V\u00e4tgas Sverige","article_published_time":"2022-06-19T21:34:04+00:00","article_modified_time":"2022-08-31T11:40:10+00:00","og_image":[{"width":924,"height":345,"url":"https:\/\/iwdev.se\/vatgas\/wp-content\/uploads\/2022\/06\/Nya-styrelse.png","type":"image\/png"}],"author":"Charlotte Blomberg","twitter_card":"summary_large_image","twitter_misc":{"Skriven av":"Charlotte Blomberg","Ber\u00e4knad l\u00e4stid":"3 minuter"},"schema":{"@context":"https:\/\/schema.org","@graph":[{"@type":"Article","@id":"https:\/\/iwdev.se\/vatgas\/2022\/06\/19\/nya-styrelseledamot-i-vatgas-sverige\/#article","isPartOf":{"@id":"https:\/\/iwdev.se\/vatgas\/2022\/06\/19\/nya-styrelseledamot-i-vatgas-sverige\/"},"author":{"name":"Charlotte Blomberg","@id":"https:\/\/iwdev.se\/vatgas\/#\/schema\/person\/8cc2f1473867b95de7c82567e7e9e0d0"},"headline":"Nya styrelsemedlemmar i V\u00e4tgas Sverige","datePublished":"2022-06-19T21:34:04+00:00","dateModified":"2022-08-31T11:40:10+00:00","mainEntityOfPage":{"@id":"https:\/\/iwdev.se\/vatgas\/2022\/06\/19\/nya-styrelseledamot-i-vatgas-sverige\/"},"wordCount":456,"publisher":{"@id":"https:\/\/iwdev.se\/vatgas\/#organization"},"image":{"@id":"https:\/\/iwdev.se\/vatgas\/2022\/06\/19\/nya-styrelseledamot-i-vatgas-sverige\/#primaryimage"},"thumbnailUrl":"https:\/\/iwdev.se\/vatgas\/wp-content\/uploads\/2022\/06\/Nya-styrelse.png","keywords":["styrelse","V\u00e4tgas Sverige"],"articleSection":["Nyheter"],"inLanguage":"sv-SE"},{"@type":"WebPage","@id":"https:\/\/iwdev.se\/vatgas\/2022\/06\/19\/nya-styrelseledamot-i-vatgas-sverige\/","url":"https:\/\/iwdev.se\/vatgas\/2022\/06\/19\/nya-styrelseledamot-i-vatgas-sverige\/","name":"Nya styrelsemedlemmar i V\u00e4tgas Sverige - V\u00e4tgas Sverige","isPartOf":{"@id":"https:\/\/iwdev.se\/vatgas\/#website"},"primaryImageOfPage":{"@id":"https:\/\/iwdev.se\/vatgas\/2022\/06\/19\/nya-styrelseledamot-i-vatgas-sverige\/#primaryimage"},"image":{"@id":"https:\/\/iwdev.se\/vatgas\/2022\/06\/19\/nya-styrelseledamot-i-vatgas-sverige\/#primaryimage"},"thumbnailUrl":"https:\/\/iwdev.se\/vatgas\/wp-content\/uploads\/2022\/06\/Nya-styrelse.png","datePublished":"2022-06-19T21:34:04+00:00","dateModified":"2022-08-31T11:40:10+00:00","breadcrumb":{"@id":"https:\/\/iwdev.se\/vatgas\/2022\/06\/19\/nya-styrelseledamot-i-vatgas-sverige\/#breadcrumb"},"inLanguage":"sv-SE","potentialAction":[{"@type":"ReadAction","target":["https:\/\/iwdev.se\/vatgas\/2022\/06\/19\/nya-styrelseledamot-i-vatgas-sverige\/"]}]},{"@type":"ImageObject","inLanguage":"sv-SE","@id":"https:\/\/iwdev.se\/vatgas\/2022\/06\/19\/nya-styrelseledamot-i-vatgas-sverige\/#primaryimage","url":"https:\/\/iwdev.se\/vatgas\/wp-content\/uploads\/2022\/06\/Nya-styrelse.png","contentUrl":"https:\/\/iwdev.se\/vatgas\/wp-content\/uploads\/2022\/06\/Nya-styrelse.png","width":924,"height":345},{"@type":"BreadcrumbList","@id":"https:\/\/iwdev.se\/vatgas\/2022\/06\/19\/nya-styrelseledamot-i-vatgas-sverige\/#breadcrumb","itemListElement":[{"@type":"ListItem","position":1,"name":"Home","item":"https:\/\/iwdev.se\/vatgas\/"},{"@type":"ListItem","position":2,"name":"Nya styrelsemedlemmar i V\u00e4tgas Sverige"}]},{"@type":"WebSite","@id":"https:\/\/iwdev.se\/vatgas\/#website","url":"https:\/\/iwdev.se\/vatgas\/","name":"V\u00e4tgas Sverige","description":"En ledande plattform f\u00f6r omst\u00e4llningen till fossilfrihet","publisher":{"@id":"https:\/\/iwdev.se\/vatgas\/#organization"},"potentialAction":[{"@type":"SearchAction","target":{"@type":"EntryPoint","urlTemplate":"https:\/\/iwdev.se\/vatgas\/?s={search_term_string}"},"query-input":{"@type":"PropertyValueSpecification","valueRequired":true,"valueName":"search_term_string"}}],"inLanguage":"sv-SE"},{"@type":"Organization","@id":"https:\/\/iwdev.se\/vatgas\/#organization","name":"V\u00e4tgas Sverige","url":"https:\/\/iwdev.se\/vatgas\/","logo":{"@type":"ImageObject","inLanguage":"sv-SE","@id":"https:\/\/iwdev.se\/vatgas\/#\/schema\/logo\/image\/","url":"https:\/\/iwdev.se\/vatgas\/wp-content\/uploads\/2022\/06\/LOGO.png","contentUrl":"https:\/\/iwdev.se\/vatgas\/wp-content\/uploads\/2022\/06\/LOGO.png","width":240,"height":147,"caption":"V\u00e4tgas Sverige"},"image":{"@id":"https:\/\/iwdev.se\/vatgas\/#\/schema\/logo\/image\/"}},{"@type":"Person","@id":"https:\/\/iwdev.se\/vatgas\/#\/schema\/person\/8cc2f1473867b95de7c82567e7e9e0d0","name":"Charlotte Blomberg","url":"https:\/\/iwdev.se\/vatgas\/author\/chablo\/"}]}},"_links":{"self":[{"href":"https:\/\/iwdev.se\/vatgas\/wp-json\/wp\/v2\/posts\/14240","targetHints":{"allow":["GET"]}}],"collection":[{"href":"https:\/\/iwdev.se\/vatgas\/wp-json\/wp\/v2\/posts"}],"about":[{"href":"https:\/\/iwdev.se\/vatgas\/wp-json\/wp\/v2\/types\/post"}],"author":[{"embeddable":true,"href":"https:\/\/iwdev.se\/vatgas\/wp-json\/wp\/v2\/users\/3"}],"replies":[{"embeddable":true,"href":"https:\/\/iwdev.se\/vatgas\/wp-json\/wp\/v2\/comments?post=14240"}],"version-history":[{"count":1,"href":"https:\/\/iwdev.se\/vatgas\/wp-json\/wp\/v2\/posts\/14240\/revisions"}],"predecessor-version":[{"id":14602,"href":"https:\/\/iwdev.se\/vatgas\/wp-json\/wp\/v2\/posts\/14240\/revisions\/14602"}],"wp:featuredmedia":[{"embeddable":true,"href":"https:\/\/iwdev.se\/vatgas\/wp-json\/wp\/v2\/media\/14241"}],"wp:attachment":[{"href":"https:\/\/iwdev.se\/vatgas\/wp-json\/wp\/v2\/media?parent=14240"}],"wp:term":[{"taxonomy":"category","embeddable":true,"href":"https:\/\/iwdev.se\/vatgas\/wp-json\/wp\/v2\/categories?post=14240"},{"taxonomy":"post_tag","embeddable":true,"href":"https:\/\/iwdev.se\/vatgas\/wp-json\/wp\/v2\/tags?post=14240"}],"curies":[{"name":"wp","href":"https:\/\/api.w.org\/{rel}","templated":true}]}}