{"id":14347,"date":"2022-06-29T17:09:15","date_gmt":"2022-06-29T17:09:15","guid":{"rendered":"https:\/\/vatgas.hemsida.eu\/?p=14347"},"modified":"2022-09-16T12:48:09","modified_gmt":"2022-09-16T12:48:09","slug":"vatgas-sverige-bjuder-in-till-arena-for-vatgas-under-almedalsveckan-2022","status":"publish","type":"post","link":"https:\/\/iwdev.se\/vatgas\/2022\/06\/29\/vatgas-sverige-bjuder-in-till-arena-for-vatgas-under-almedalsveckan-2022\/","title":{"rendered":"V\u00e4tgas Sverige bjuder in till Arena f\u00f6r v\u00e4tgas under Almedalsveckan 2022"},"content":{"rendered":"\n<p><strong>I \u00e5r \u00e4r den demokratiska plattformen Almedalsveckan viktigare \u00e4n n\u00e5gonsin och V\u00e4tgas Sverige \u00e4r sj\u00e4lvklart en del av den. V\u00e4tgas Sverige \u00f6ppnar upp Arenan f\u00f6r V\u00e4tgas i Almedalen 4-5 juli \u2013 tillsammans med v\u00e5ra partners fr\u00e5n branschen. Det blir en plattform f\u00f6r att inspireras och att debattera de mest br\u00e4nnande energifr\u00e5gorna.<\/strong><\/p>\n\n\n<figure class=\"wp-block-post-featured-image\"><img loading=\"lazy\" decoding=\"async\" width=\"1300\" height=\"603\" src=\"https:\/\/iwdev.se\/vatgas\/wp-content\/uploads\/2022\/06\/almedalen18.jpg\" class=\"attachment-post-thumbnail size-post-thumbnail wp-post-image\" alt=\"\" style=\"object-fit:cover;\" srcset=\"https:\/\/iwdev.se\/vatgas\/wp-content\/uploads\/2022\/06\/almedalen18.jpg 1300w, https:\/\/iwdev.se\/vatgas\/wp-content\/uploads\/2022\/06\/almedalen18-300x139.jpg 300w, https:\/\/iwdev.se\/vatgas\/wp-content\/uploads\/2022\/06\/almedalen18-1024x475.jpg 1024w, https:\/\/iwdev.se\/vatgas\/wp-content\/uploads\/2022\/06\/almedalen18-768x356.jpg 768w, https:\/\/iwdev.se\/vatgas\/wp-content\/uploads\/2022\/06\/almedalen18-530x246.jpg 530w\" sizes=\"auto, (max-width: 1300px) 100vw, 1300px\" \/><\/figure>\n\n\n<p>Arenan f\u00f6r v\u00e4tgas finns i Glassmagasinet, 2:a v\u00e5ningen i centrala Visby och alla seminarier \u00e4r \u00f6ppna f\u00f6r alla. V\u00e4tgas Sverige arrangerar sex egna seminarier p\u00e5 Arenan f\u00f6r V\u00e4tgas, dessutom medverkar vi p\u00e5 2030-Arenan onsdagen 6 juli kl. 14.40 under programpunkten \u201dHur kan v\u00e4tgasen bidra till transportsektorns omst\u00e4llning?\u201d.<\/p>\n\n\n\n<p>Vi har samlat branschen och som vanligt har vi akt\u00f6rer fr\u00e5n n\u00e4ringsliv, akademin och politiken representerade. Energigas Sverige, Powercell, Lule\u00e5 Universitet, Nilsson Energy, Euromekanik, Rabbalshede kraft, Siemens Energy, Centern, Moderaterna, Liberalerna, V\u00e4nsterpartiet, Sverigedemokraterna, Rejlers, Svensk Vindenergi, Gotland Tech Development, Trelleborg Energi och Impact Coatings, Metacon \u00e4r n\u00e5gra av deltagarna i v\u00e5ra seminarier.<\/p>\n\n\n\n<p>L\u00e4s mer om v\u00e5ra programpunkter under Almedalsveckan<a href=\"https:\/\/iwdev.se\/vatgas\/almedalen-2022\/\"> https:\/\/iwdev.se\/vatgas\/almedalen-2022\/<\/a><\/p>\n\n\n\n<p>Ta chansen att vara med och p\u00e5verka och att ta del av den viktiga diskussionen kring \u00f6verg\u00e5ngen till fossilfritt och ett renare klimat.<\/p>\n\n\n\n<p>V\u00e4lkommen till Arena f\u00f6r V\u00e4tgas, Glassmagasinet, 2:a v\u00e5n 4-5 juli.<\/p>\n\n\n","protected":false},"excerpt":{"rendered":"<p>I \u00e5r \u00e4r den demokratiska plattformen Almedalsveckan viktigare \u00e4n n\u00e5gonsin och V\u00e4tgas Sverige \u00e4r sj\u00e4lvklart en del av den. V\u00e4tgas Sverige \u00f6ppnar upp Arenan f\u00f6r V\u00e4tgas i Almedalen 4-5 juli \u2013 tillsammans med v\u00e5ra partners fr\u00e5n branschen. Det blir en plattform f\u00f6r att inspireras och att debattera de mest br\u00e4nnande energifr\u00e5gorna. Arenan f\u00f6r v\u00e4tgas finns <a class=\"moretag\" href=\"https:\/\/iwdev.se\/vatgas\/2022\/06\/29\/vatgas-sverige-bjuder-in-till-arena-for-vatgas-under-almedalsveckan-2022\/\">[&#8230;]<\/a><\/p>\n","protected":false},"author":3,"featured_media":16706,"comment_status":"closed","ping_status":"closed","sticky":false,"template":"","format":"standard","meta":{"_acf_changed":false,"footnotes":""},"categories":[12],"tags":[97],"class_list":["post-14347","post","type-post","status-publish","format-standard","has-post-thumbnail","hentry","category-nyheter","tag-almedalen"],"acf":[],"yoast_head":"<!-- This site is optimized with the Yoast SEO Premium plugin v26.4 (Yoast SEO v27.4) - https:\/\/yoast.com\/product\/yoast-seo-premium-wordpress\/ -->\n<title>V\u00e4tgas Sverige bjuder in till Arena f\u00f6r v\u00e4tgas under Almedalsveckan 2022 - V\u00e4tgas Sverige<\/title>\n<meta name=\"robots\" content=\"noindex, follow, max-snippet:-1, max-image-preview:large, max-video-preview:-1\" \/>\n<meta property=\"og:locale\" content=\"sv_SE\" \/>\n<meta property=\"og:type\" content=\"article\" \/>\n<meta property=\"og:title\" content=\"V\u00e4tgas Sverige bjuder in till Arena f\u00f6r v\u00e4tgas under Almedalsveckan 2022\" \/>\n<meta property=\"og:description\" content=\"I \u00e5r \u00e4r den demokratiska plattformen Almedalsveckan viktigare \u00e4n n\u00e5gonsin och V\u00e4tgas Sverige \u00e4r sj\u00e4lvklart en del av den. V\u00e4tgas Sverige \u00f6ppnar upp Arenan f\u00f6r V\u00e4tgas i Almedalen 4-5 juli \u2013 tillsammans med v\u00e5ra partners fr\u00e5n branschen. Det blir en plattform f\u00f6r att inspireras och att debattera de mest br\u00e4nnande energifr\u00e5gorna. Arenan f\u00f6r v\u00e4tgas finns [...]\" \/>\n<meta property=\"og:url\" content=\"https:\/\/iwdev.se\/vatgas\/2022\/06\/29\/vatgas-sverige-bjuder-in-till-arena-for-vatgas-under-almedalsveckan-2022\/\" \/>\n<meta property=\"og:site_name\" content=\"V\u00e4tgas Sverige\" \/>\n<meta property=\"article:published_time\" content=\"2022-06-29T17:09:15+00:00\" \/>\n<meta property=\"article:modified_time\" content=\"2022-09-16T12:48:09+00:00\" \/>\n<meta property=\"og:image\" content=\"https:\/\/iwdev.se\/vatgas\/wp-content\/uploads\/2022\/06\/almedalen18.jpg\" \/>\n\t<meta property=\"og:image:width\" content=\"1300\" \/>\n\t<meta property=\"og:image:height\" content=\"603\" \/>\n\t<meta property=\"og:image:type\" content=\"image\/jpeg\" \/>\n<meta name=\"author\" content=\"Charlotte Blomberg\" \/>\n<meta name=\"twitter:card\" content=\"summary_large_image\" \/>\n<meta name=\"twitter:label1\" content=\"Skriven av\" \/>\n\t<meta name=\"twitter:data1\" content=\"Charlotte Blomberg\" \/>\n\t<meta name=\"twitter:label2\" content=\"Ber\u00e4knad l\u00e4stid\" \/>\n\t<meta name=\"twitter:data2\" content=\"2 minuter\" \/>\n<script type=\"application\/ld+json\" class=\"yoast-schema-graph\">{\"@context\":\"https:\\\/\\\/schema.org\",\"@graph\":[{\"@type\":\"Article\",\"@id\":\"https:\\\/\\\/iwdev.se\\\/vatgas\\\/2022\\\/06\\\/29\\\/vatgas-sverige-bjuder-in-till-arena-for-vatgas-under-almedalsveckan-2022\\\/#article\",\"isPartOf\":{\"@id\":\"https:\\\/\\\/iwdev.se\\\/vatgas\\\/2022\\\/06\\\/29\\\/vatgas-sverige-bjuder-in-till-arena-for-vatgas-under-almedalsveckan-2022\\\/\"},\"author\":{\"name\":\"Charlotte Blomberg\",\"@id\":\"https:\\\/\\\/iwdev.se\\\/vatgas\\\/#\\\/schema\\\/person\\\/8cc2f1473867b95de7c82567e7e9e0d0\"},\"headline\":\"V\u00e4tgas Sverige bjuder in till Arena f\u00f6r v\u00e4tgas under Almedalsveckan 2022\",\"datePublished\":\"2022-06-29T17:09:15+00:00\",\"dateModified\":\"2022-09-16T12:48:09+00:00\",\"mainEntityOfPage\":{\"@id\":\"https:\\\/\\\/iwdev.se\\\/vatgas\\\/2022\\\/06\\\/29\\\/vatgas-sverige-bjuder-in-till-arena-for-vatgas-under-almedalsveckan-2022\\\/\"},\"wordCount\":239,\"publisher\":{\"@id\":\"https:\\\/\\\/iwdev.se\\\/vatgas\\\/#organization\"},\"image\":{\"@id\":\"https:\\\/\\\/iwdev.se\\\/vatgas\\\/2022\\\/06\\\/29\\\/vatgas-sverige-bjuder-in-till-arena-for-vatgas-under-almedalsveckan-2022\\\/#primaryimage\"},\"thumbnailUrl\":\"https:\\\/\\\/iwdev.se\\\/vatgas\\\/wp-content\\\/uploads\\\/2022\\\/06\\\/almedalen18.jpg\",\"keywords\":[\"Almedalen\"],\"articleSection\":[\"Nyheter\"],\"inLanguage\":\"sv-SE\"},{\"@type\":\"WebPage\",\"@id\":\"https:\\\/\\\/iwdev.se\\\/vatgas\\\/2022\\\/06\\\/29\\\/vatgas-sverige-bjuder-in-till-arena-for-vatgas-under-almedalsveckan-2022\\\/\",\"url\":\"https:\\\/\\\/iwdev.se\\\/vatgas\\\/2022\\\/06\\\/29\\\/vatgas-sverige-bjuder-in-till-arena-for-vatgas-under-almedalsveckan-2022\\\/\",\"name\":\"V\u00e4tgas Sverige bjuder in till Arena f\u00f6r v\u00e4tgas under Almedalsveckan 2022 - V\u00e4tgas Sverige\",\"isPartOf\":{\"@id\":\"https:\\\/\\\/iwdev.se\\\/vatgas\\\/#website\"},\"primaryImageOfPage\":{\"@id\":\"https:\\\/\\\/iwdev.se\\\/vatgas\\\/2022\\\/06\\\/29\\\/vatgas-sverige-bjuder-in-till-arena-for-vatgas-under-almedalsveckan-2022\\\/#primaryimage\"},\"image\":{\"@id\":\"https:\\\/\\\/iwdev.se\\\/vatgas\\\/2022\\\/06\\\/29\\\/vatgas-sverige-bjuder-in-till-arena-for-vatgas-under-almedalsveckan-2022\\\/#primaryimage\"},\"thumbnailUrl\":\"https:\\\/\\\/iwdev.se\\\/vatgas\\\/wp-content\\\/uploads\\\/2022\\\/06\\\/almedalen18.jpg\",\"datePublished\":\"2022-06-29T17:09:15+00:00\",\"dateModified\":\"2022-09-16T12:48:09+00:00\",\"breadcrumb\":{\"@id\":\"https:\\\/\\\/iwdev.se\\\/vatgas\\\/2022\\\/06\\\/29\\\/vatgas-sverige-bjuder-in-till-arena-for-vatgas-under-almedalsveckan-2022\\\/#breadcrumb\"},\"inLanguage\":\"sv-SE\",\"potentialAction\":[{\"@type\":\"ReadAction\",\"target\":[\"https:\\\/\\\/iwdev.se\\\/vatgas\\\/2022\\\/06\\\/29\\\/vatgas-sverige-bjuder-in-till-arena-for-vatgas-under-almedalsveckan-2022\\\/\"]}]},{\"@type\":\"ImageObject\",\"inLanguage\":\"sv-SE\",\"@id\":\"https:\\\/\\\/iwdev.se\\\/vatgas\\\/2022\\\/06\\\/29\\\/vatgas-sverige-bjuder-in-till-arena-for-vatgas-under-almedalsveckan-2022\\\/#primaryimage\",\"url\":\"https:\\\/\\\/iwdev.se\\\/vatgas\\\/wp-content\\\/uploads\\\/2022\\\/06\\\/almedalen18.jpg\",\"contentUrl\":\"https:\\\/\\\/iwdev.se\\\/vatgas\\\/wp-content\\\/uploads\\\/2022\\\/06\\\/almedalen18.jpg\",\"width\":1300,\"height\":603},{\"@type\":\"BreadcrumbList\",\"@id\":\"https:\\\/\\\/iwdev.se\\\/vatgas\\\/2022\\\/06\\\/29\\\/vatgas-sverige-bjuder-in-till-arena-for-vatgas-under-almedalsveckan-2022\\\/#breadcrumb\",\"itemListElement\":[{\"@type\":\"ListItem\",\"position\":1,\"name\":\"Home\",\"item\":\"https:\\\/\\\/iwdev.se\\\/vatgas\\\/\"},{\"@type\":\"ListItem\",\"position\":2,\"name\":\"V\u00e4tgas Sverige bjuder in till Arena f\u00f6r v\u00e4tgas under Almedalsveckan 2022\"}]},{\"@type\":\"WebSite\",\"@id\":\"https:\\\/\\\/iwdev.se\\\/vatgas\\\/#website\",\"url\":\"https:\\\/\\\/iwdev.se\\\/vatgas\\\/\",\"name\":\"V\u00e4tgas Sverige\",\"description\":\"En ledande plattform f\u00f6r omst\u00e4llningen till fossilfrihet\",\"publisher\":{\"@id\":\"https:\\\/\\\/iwdev.se\\\/vatgas\\\/#organization\"},\"potentialAction\":[{\"@type\":\"SearchAction\",\"target\":{\"@type\":\"EntryPoint\",\"urlTemplate\":\"https:\\\/\\\/iwdev.se\\\/vatgas\\\/?s={search_term_string}\"},\"query-input\":{\"@type\":\"PropertyValueSpecification\",\"valueRequired\":true,\"valueName\":\"search_term_string\"}}],\"inLanguage\":\"sv-SE\"},{\"@type\":\"Organization\",\"@id\":\"https:\\\/\\\/iwdev.se\\\/vatgas\\\/#organization\",\"name\":\"V\u00e4tgas Sverige\",\"url\":\"https:\\\/\\\/iwdev.se\\\/vatgas\\\/\",\"logo\":{\"@type\":\"ImageObject\",\"inLanguage\":\"sv-SE\",\"@id\":\"https:\\\/\\\/iwdev.se\\\/vatgas\\\/#\\\/schema\\\/logo\\\/image\\\/\",\"url\":\"https:\\\/\\\/iwdev.se\\\/vatgas\\\/wp-content\\\/uploads\\\/2022\\\/06\\\/LOGO.png\",\"contentUrl\":\"https:\\\/\\\/iwdev.se\\\/vatgas\\\/wp-content\\\/uploads\\\/2022\\\/06\\\/LOGO.png\",\"width\":240,\"height\":147,\"caption\":\"V\u00e4tgas Sverige\"},\"image\":{\"@id\":\"https:\\\/\\\/iwdev.se\\\/vatgas\\\/#\\\/schema\\\/logo\\\/image\\\/\"}},{\"@type\":\"Person\",\"@id\":\"https:\\\/\\\/iwdev.se\\\/vatgas\\\/#\\\/schema\\\/person\\\/8cc2f1473867b95de7c82567e7e9e0d0\",\"name\":\"Charlotte Blomberg\",\"url\":\"https:\\\/\\\/iwdev.se\\\/vatgas\\\/author\\\/chablo\\\/\"}]}<\/script>\n<!-- \/ Yoast SEO Premium plugin. -->","yoast_head_json":{"title":"V\u00e4tgas Sverige bjuder in till Arena f\u00f6r v\u00e4tgas under Almedalsveckan 2022 - V\u00e4tgas Sverige","robots":{"index":"noindex","follow":"follow","max-snippet":"max-snippet:-1","max-image-preview":"max-image-preview:large","max-video-preview":"max-video-preview:-1"},"og_locale":"sv_SE","og_type":"article","og_title":"V\u00e4tgas Sverige bjuder in till Arena f\u00f6r v\u00e4tgas under Almedalsveckan 2022","og_description":"I \u00e5r \u00e4r den demokratiska plattformen Almedalsveckan viktigare \u00e4n n\u00e5gonsin och V\u00e4tgas Sverige \u00e4r sj\u00e4lvklart en del av den. V\u00e4tgas Sverige \u00f6ppnar upp Arenan f\u00f6r V\u00e4tgas i Almedalen 4-5 juli \u2013 tillsammans med v\u00e5ra partners fr\u00e5n branschen. Det blir en plattform f\u00f6r att inspireras och att debattera de mest br\u00e4nnande energifr\u00e5gorna. Arenan f\u00f6r v\u00e4tgas finns [...]","og_url":"https:\/\/iwdev.se\/vatgas\/2022\/06\/29\/vatgas-sverige-bjuder-in-till-arena-for-vatgas-under-almedalsveckan-2022\/","og_site_name":"V\u00e4tgas Sverige","article_published_time":"2022-06-29T17:09:15+00:00","article_modified_time":"2022-09-16T12:48:09+00:00","og_image":[{"width":1300,"height":603,"url":"https:\/\/iwdev.se\/vatgas\/wp-content\/uploads\/2022\/06\/almedalen18.jpg","type":"image\/jpeg"}],"author":"Charlotte Blomberg","twitter_card":"summary_large_image","twitter_misc":{"Skriven av":"Charlotte Blomberg","Ber\u00e4knad l\u00e4stid":"2 minuter"},"schema":{"@context":"https:\/\/schema.org","@graph":[{"@type":"Article","@id":"https:\/\/iwdev.se\/vatgas\/2022\/06\/29\/vatgas-sverige-bjuder-in-till-arena-for-vatgas-under-almedalsveckan-2022\/#article","isPartOf":{"@id":"https:\/\/iwdev.se\/vatgas\/2022\/06\/29\/vatgas-sverige-bjuder-in-till-arena-for-vatgas-under-almedalsveckan-2022\/"},"author":{"name":"Charlotte Blomberg","@id":"https:\/\/iwdev.se\/vatgas\/#\/schema\/person\/8cc2f1473867b95de7c82567e7e9e0d0"},"headline":"V\u00e4tgas Sverige bjuder in till Arena f\u00f6r v\u00e4tgas under Almedalsveckan 2022","datePublished":"2022-06-29T17:09:15+00:00","dateModified":"2022-09-16T12:48:09+00:00","mainEntityOfPage":{"@id":"https:\/\/iwdev.se\/vatgas\/2022\/06\/29\/vatgas-sverige-bjuder-in-till-arena-for-vatgas-under-almedalsveckan-2022\/"},"wordCount":239,"publisher":{"@id":"https:\/\/iwdev.se\/vatgas\/#organization"},"image":{"@id":"https:\/\/iwdev.se\/vatgas\/2022\/06\/29\/vatgas-sverige-bjuder-in-till-arena-for-vatgas-under-almedalsveckan-2022\/#primaryimage"},"thumbnailUrl":"https:\/\/iwdev.se\/vatgas\/wp-content\/uploads\/2022\/06\/almedalen18.jpg","keywords":["Almedalen"],"articleSection":["Nyheter"],"inLanguage":"sv-SE"},{"@type":"WebPage","@id":"https:\/\/iwdev.se\/vatgas\/2022\/06\/29\/vatgas-sverige-bjuder-in-till-arena-for-vatgas-under-almedalsveckan-2022\/","url":"https:\/\/iwdev.se\/vatgas\/2022\/06\/29\/vatgas-sverige-bjuder-in-till-arena-for-vatgas-under-almedalsveckan-2022\/","name":"V\u00e4tgas Sverige bjuder in till Arena f\u00f6r v\u00e4tgas under Almedalsveckan 2022 - V\u00e4tgas Sverige","isPartOf":{"@id":"https:\/\/iwdev.se\/vatgas\/#website"},"primaryImageOfPage":{"@id":"https:\/\/iwdev.se\/vatgas\/2022\/06\/29\/vatgas-sverige-bjuder-in-till-arena-for-vatgas-under-almedalsveckan-2022\/#primaryimage"},"image":{"@id":"https:\/\/iwdev.se\/vatgas\/2022\/06\/29\/vatgas-sverige-bjuder-in-till-arena-for-vatgas-under-almedalsveckan-2022\/#primaryimage"},"thumbnailUrl":"https:\/\/iwdev.se\/vatgas\/wp-content\/uploads\/2022\/06\/almedalen18.jpg","datePublished":"2022-06-29T17:09:15+00:00","dateModified":"2022-09-16T12:48:09+00:00","breadcrumb":{"@id":"https:\/\/iwdev.se\/vatgas\/2022\/06\/29\/vatgas-sverige-bjuder-in-till-arena-for-vatgas-under-almedalsveckan-2022\/#breadcrumb"},"inLanguage":"sv-SE","potentialAction":[{"@type":"ReadAction","target":["https:\/\/iwdev.se\/vatgas\/2022\/06\/29\/vatgas-sverige-bjuder-in-till-arena-for-vatgas-under-almedalsveckan-2022\/"]}]},{"@type":"ImageObject","inLanguage":"sv-SE","@id":"https:\/\/iwdev.se\/vatgas\/2022\/06\/29\/vatgas-sverige-bjuder-in-till-arena-for-vatgas-under-almedalsveckan-2022\/#primaryimage","url":"https:\/\/iwdev.se\/vatgas\/wp-content\/uploads\/2022\/06\/almedalen18.jpg","contentUrl":"https:\/\/iwdev.se\/vatgas\/wp-content\/uploads\/2022\/06\/almedalen18.jpg","width":1300,"height":603},{"@type":"BreadcrumbList","@id":"https:\/\/iwdev.se\/vatgas\/2022\/06\/29\/vatgas-sverige-bjuder-in-till-arena-for-vatgas-under-almedalsveckan-2022\/#breadcrumb","itemListElement":[{"@type":"ListItem","position":1,"name":"Home","item":"https:\/\/iwdev.se\/vatgas\/"},{"@type":"ListItem","position":2,"name":"V\u00e4tgas Sverige bjuder in till Arena f\u00f6r v\u00e4tgas under Almedalsveckan 2022"}]},{"@type":"WebSite","@id":"https:\/\/iwdev.se\/vatgas\/#website","url":"https:\/\/iwdev.se\/vatgas\/","name":"V\u00e4tgas Sverige","description":"En ledande plattform f\u00f6r omst\u00e4llningen till fossilfrihet","publisher":{"@id":"https:\/\/iwdev.se\/vatgas\/#organization"},"potentialAction":[{"@type":"SearchAction","target":{"@type":"EntryPoint","urlTemplate":"https:\/\/iwdev.se\/vatgas\/?s={search_term_string}"},"query-input":{"@type":"PropertyValueSpecification","valueRequired":true,"valueName":"search_term_string"}}],"inLanguage":"sv-SE"},{"@type":"Organization","@id":"https:\/\/iwdev.se\/vatgas\/#organization","name":"V\u00e4tgas Sverige","url":"https:\/\/iwdev.se\/vatgas\/","logo":{"@type":"ImageObject","inLanguage":"sv-SE","@id":"https:\/\/iwdev.se\/vatgas\/#\/schema\/logo\/image\/","url":"https:\/\/iwdev.se\/vatgas\/wp-content\/uploads\/2022\/06\/LOGO.png","contentUrl":"https:\/\/iwdev.se\/vatgas\/wp-content\/uploads\/2022\/06\/LOGO.png","width":240,"height":147,"caption":"V\u00e4tgas Sverige"},"image":{"@id":"https:\/\/iwdev.se\/vatgas\/#\/schema\/logo\/image\/"}},{"@type":"Person","@id":"https:\/\/iwdev.se\/vatgas\/#\/schema\/person\/8cc2f1473867b95de7c82567e7e9e0d0","name":"Charlotte Blomberg","url":"https:\/\/iwdev.se\/vatgas\/author\/chablo\/"}]}},"_links":{"self":[{"href":"https:\/\/iwdev.se\/vatgas\/wp-json\/wp\/v2\/posts\/14347","targetHints":{"allow":["GET"]}}],"collection":[{"href":"https:\/\/iwdev.se\/vatgas\/wp-json\/wp\/v2\/posts"}],"about":[{"href":"https:\/\/iwdev.se\/vatgas\/wp-json\/wp\/v2\/types\/post"}],"author":[{"embeddable":true,"href":"https:\/\/iwdev.se\/vatgas\/wp-json\/wp\/v2\/users\/3"}],"replies":[{"embeddable":true,"href":"https:\/\/iwdev.se\/vatgas\/wp-json\/wp\/v2\/comments?post=14347"}],"version-history":[{"count":5,"href":"https:\/\/iwdev.se\/vatgas\/wp-json\/wp\/v2\/posts\/14347\/revisions"}],"predecessor-version":[{"id":16715,"href":"https:\/\/iwdev.se\/vatgas\/wp-json\/wp\/v2\/posts\/14347\/revisions\/16715"}],"wp:featuredmedia":[{"embeddable":true,"href":"https:\/\/iwdev.se\/vatgas\/wp-json\/wp\/v2\/media\/16706"}],"wp:attachment":[{"href":"https:\/\/iwdev.se\/vatgas\/wp-json\/wp\/v2\/media?parent=14347"}],"wp:term":[{"taxonomy":"category","embeddable":true,"href":"https:\/\/iwdev.se\/vatgas\/wp-json\/wp\/v2\/categories?post=14347"},{"taxonomy":"post_tag","embeddable":true,"href":"https:\/\/iwdev.se\/vatgas\/wp-json\/wp\/v2\/tags?post=14347"}],"curies":[{"name":"wp","href":"https:\/\/api.w.org\/{rel}","templated":true}]}}