{"id":16747,"date":"2022-09-17T20:42:25","date_gmt":"2022-09-17T20:42:25","guid":{"rendered":"https:\/\/vatgas.hemsida.eu?p=16747"},"modified":"2022-09-17T20:48:14","modified_gmt":"2022-09-17T20:48:14","slug":"ox2-inviger-vindkraftspark","status":"publish","type":"post","link":"https:\/\/iwdev.se\/vatgas\/2022\/09\/17\/ox2-inviger-vindkraftspark\/","title":{"rendered":"OX2 inviger vindkraftspark i Kalmar"},"content":{"rendered":"\n<p>Den 15 september firade <a href=\"https:\/\/www.ox2.com\/sv\/\" target=\"_blank\" rel=\"noreferrer noopener\">OX2<\/a> invigningen av vindkraftsparken Ljungbyholm utanf\u00f6r Kalmar i syd\u00f6stra Sverige. Vindkraftsparken \u00e4gs av Octopus Energy och byggs av OX2 som ocks\u00e5 f\u00f6rvaltar parken.<\/p>\n\n\n<figure class=\"wp-block-post-featured-image\"><img loading=\"lazy\" decoding=\"async\" width=\"1300\" height=\"603\" src=\"https:\/\/iwdev.se\/vatgas\/wp-content\/uploads\/2022\/09\/wind-farm-construction-photo-joakim-lagercrantz-1620x1080-1.jpg\" class=\"attachment-post-thumbnail size-post-thumbnail wp-post-image\" alt=\"\" style=\"object-fit:cover;\" srcset=\"https:\/\/iwdev.se\/vatgas\/wp-content\/uploads\/2022\/09\/wind-farm-construction-photo-joakim-lagercrantz-1620x1080-1.jpg 1300w, https:\/\/iwdev.se\/vatgas\/wp-content\/uploads\/2022\/09\/wind-farm-construction-photo-joakim-lagercrantz-1620x1080-1-300x139.jpg 300w, https:\/\/iwdev.se\/vatgas\/wp-content\/uploads\/2022\/09\/wind-farm-construction-photo-joakim-lagercrantz-1620x1080-1-1024x475.jpg 1024w, https:\/\/iwdev.se\/vatgas\/wp-content\/uploads\/2022\/09\/wind-farm-construction-photo-joakim-lagercrantz-1620x1080-1-768x356.jpg 768w, https:\/\/iwdev.se\/vatgas\/wp-content\/uploads\/2022\/09\/wind-farm-construction-photo-joakim-lagercrantz-1620x1080-1-530x246.jpg 530w\" sizes=\"auto, (max-width: 1300px) 100vw, 1300px\" \/><\/figure>\n\n\n<p><\/p>\n\n\n\n<p>Vindparken Ljungbyholm ligger cirka 17 km v\u00e4ster om Kalmar i Kalmar kommun. Anl\u00e4ggningen best\u00e5r av 12 vindkraftverk med en totalh\u00f6jd om 200 meter (fr\u00e5n mark till rotorns h\u00f6gsta punkt). Parken togs i drift under sommaren 2021 och producerar i genomsnitt 150 GWh per \u00e5r. \u00c5rsproduktionen motsvarar hush\u00e5llsel f\u00f6r drygt 30 000 svenska hush\u00e5ll. Denna produktion motsvarar en \u00e5rlig besparing om upp till 90 000 ton CO2 per \u00e5r n\u00e4r den tr\u00e4nger undan kol- och gaskraft i v\u00e5ra grannl\u00e4nder och\/eller m\u00f6jligg\u00f6r elektrifiering av transportsektor och industrin. L\u00e4s mer om OX2s projekt <a href=\"https:\/\/www.ox2.com\/sv\/projects\/ljungbyholm\/\" target=\"_blank\" rel=\"noreferrer noopener\">h\u00e4r!<\/a><\/p>\n","protected":false},"excerpt":{"rendered":"<p>Den 15 september firade OX2 invigningen av vindkraftsparken Ljungbyholm utanf\u00f6r Kalmar i syd\u00f6stra Sverige. Vindkraftsparken \u00e4gs av Octopus Energy och byggs av OX2 som ocks\u00e5 f\u00f6rvaltar parken. Vindparken Ljungbyholm ligger cirka 17 km v\u00e4ster om Kalmar i Kalmar kommun. Anl\u00e4ggningen best\u00e5r av 12 vindkraftverk med en totalh\u00f6jd om 200 meter (fr\u00e5n mark till rotorns h\u00f6gsta <a class=\"moretag\" href=\"https:\/\/iwdev.se\/vatgas\/2022\/09\/17\/ox2-inviger-vindkraftspark\/\">[&#8230;]<\/a><\/p>\n","protected":false},"author":3,"featured_media":16748,"comment_status":"closed","ping_status":"closed","sticky":false,"template":"","format":"standard","meta":{"_acf_changed":false,"footnotes":""},"categories":[10],"tags":[149],"class_list":["post-16747","post","type-post","status-publish","format-standard","has-post-thumbnail","hentry","category-medlemsnytt","tag-ox2"],"acf":[],"yoast_head":"<!-- This site is optimized with the Yoast SEO Premium plugin v26.4 (Yoast SEO v27.4) - https:\/\/yoast.com\/product\/yoast-seo-premium-wordpress\/ -->\n<title>OX2 inviger vindkraftspark i Kalmar - V\u00e4tgas Sverige<\/title>\n<meta name=\"robots\" content=\"noindex, follow, max-snippet:-1, max-image-preview:large, max-video-preview:-1\" \/>\n<meta property=\"og:locale\" content=\"sv_SE\" \/>\n<meta property=\"og:type\" content=\"article\" \/>\n<meta property=\"og:title\" content=\"OX2 inviger vindkraftspark i Kalmar\" \/>\n<meta property=\"og:description\" content=\"Den 15 september firade OX2 invigningen av vindkraftsparken Ljungbyholm utanf\u00f6r Kalmar i syd\u00f6stra Sverige. Vindkraftsparken \u00e4gs av Octopus Energy och byggs av OX2 som ocks\u00e5 f\u00f6rvaltar parken. Vindparken Ljungbyholm ligger cirka 17 km v\u00e4ster om Kalmar i Kalmar kommun. Anl\u00e4ggningen best\u00e5r av 12 vindkraftverk med en totalh\u00f6jd om 200 meter (fr\u00e5n mark till rotorns h\u00f6gsta [...]\" \/>\n<meta property=\"og:url\" content=\"https:\/\/iwdev.se\/vatgas\/2022\/09\/17\/ox2-inviger-vindkraftspark\/\" \/>\n<meta property=\"og:site_name\" content=\"V\u00e4tgas Sverige\" \/>\n<meta property=\"article:published_time\" content=\"2022-09-17T20:42:25+00:00\" \/>\n<meta property=\"article:modified_time\" content=\"2022-09-17T20:48:14+00:00\" \/>\n<meta property=\"og:image\" content=\"https:\/\/iwdev.se\/vatgas\/wp-content\/uploads\/2022\/09\/wind-farm-construction-photo-joakim-lagercrantz-1620x1080-1.jpg\" \/>\n\t<meta property=\"og:image:width\" content=\"1300\" \/>\n\t<meta property=\"og:image:height\" content=\"603\" \/>\n\t<meta property=\"og:image:type\" content=\"image\/jpeg\" \/>\n<meta name=\"author\" content=\"Charlotte Blomberg\" \/>\n<meta name=\"twitter:card\" content=\"summary_large_image\" \/>\n<meta name=\"twitter:label1\" content=\"Skriven av\" \/>\n\t<meta name=\"twitter:data1\" content=\"Charlotte Blomberg\" \/>\n\t<meta name=\"twitter:label2\" content=\"Ber\u00e4knad l\u00e4stid\" \/>\n\t<meta name=\"twitter:data2\" content=\"1 minut\" \/>\n<script type=\"application\/ld+json\" class=\"yoast-schema-graph\">{\"@context\":\"https:\\\/\\\/schema.org\",\"@graph\":[{\"@type\":\"Article\",\"@id\":\"https:\\\/\\\/iwdev.se\\\/vatgas\\\/2022\\\/09\\\/17\\\/ox2-inviger-vindkraftspark\\\/#article\",\"isPartOf\":{\"@id\":\"https:\\\/\\\/iwdev.se\\\/vatgas\\\/2022\\\/09\\\/17\\\/ox2-inviger-vindkraftspark\\\/\"},\"author\":{\"name\":\"Charlotte Blomberg\",\"@id\":\"https:\\\/\\\/iwdev.se\\\/vatgas\\\/#\\\/schema\\\/person\\\/8cc2f1473867b95de7c82567e7e9e0d0\"},\"headline\":\"OX2 inviger vindkraftspark i Kalmar\",\"datePublished\":\"2022-09-17T20:42:25+00:00\",\"dateModified\":\"2022-09-17T20:48:14+00:00\",\"mainEntityOfPage\":{\"@id\":\"https:\\\/\\\/iwdev.se\\\/vatgas\\\/2022\\\/09\\\/17\\\/ox2-inviger-vindkraftspark\\\/\"},\"wordCount\":135,\"publisher\":{\"@id\":\"https:\\\/\\\/iwdev.se\\\/vatgas\\\/#organization\"},\"image\":{\"@id\":\"https:\\\/\\\/iwdev.se\\\/vatgas\\\/2022\\\/09\\\/17\\\/ox2-inviger-vindkraftspark\\\/#primaryimage\"},\"thumbnailUrl\":\"https:\\\/\\\/iwdev.se\\\/vatgas\\\/wp-content\\\/uploads\\\/2022\\\/09\\\/wind-farm-construction-photo-joakim-lagercrantz-1620x1080-1.jpg\",\"keywords\":[\"OX2\"],\"articleSection\":[\"Medlemsnytt\"],\"inLanguage\":\"sv-SE\"},{\"@type\":\"WebPage\",\"@id\":\"https:\\\/\\\/iwdev.se\\\/vatgas\\\/2022\\\/09\\\/17\\\/ox2-inviger-vindkraftspark\\\/\",\"url\":\"https:\\\/\\\/iwdev.se\\\/vatgas\\\/2022\\\/09\\\/17\\\/ox2-inviger-vindkraftspark\\\/\",\"name\":\"OX2 inviger vindkraftspark i Kalmar - V\u00e4tgas Sverige\",\"isPartOf\":{\"@id\":\"https:\\\/\\\/iwdev.se\\\/vatgas\\\/#website\"},\"primaryImageOfPage\":{\"@id\":\"https:\\\/\\\/iwdev.se\\\/vatgas\\\/2022\\\/09\\\/17\\\/ox2-inviger-vindkraftspark\\\/#primaryimage\"},\"image\":{\"@id\":\"https:\\\/\\\/iwdev.se\\\/vatgas\\\/2022\\\/09\\\/17\\\/ox2-inviger-vindkraftspark\\\/#primaryimage\"},\"thumbnailUrl\":\"https:\\\/\\\/iwdev.se\\\/vatgas\\\/wp-content\\\/uploads\\\/2022\\\/09\\\/wind-farm-construction-photo-joakim-lagercrantz-1620x1080-1.jpg\",\"datePublished\":\"2022-09-17T20:42:25+00:00\",\"dateModified\":\"2022-09-17T20:48:14+00:00\",\"breadcrumb\":{\"@id\":\"https:\\\/\\\/iwdev.se\\\/vatgas\\\/2022\\\/09\\\/17\\\/ox2-inviger-vindkraftspark\\\/#breadcrumb\"},\"inLanguage\":\"sv-SE\",\"potentialAction\":[{\"@type\":\"ReadAction\",\"target\":[\"https:\\\/\\\/iwdev.se\\\/vatgas\\\/2022\\\/09\\\/17\\\/ox2-inviger-vindkraftspark\\\/\"]}]},{\"@type\":\"ImageObject\",\"inLanguage\":\"sv-SE\",\"@id\":\"https:\\\/\\\/iwdev.se\\\/vatgas\\\/2022\\\/09\\\/17\\\/ox2-inviger-vindkraftspark\\\/#primaryimage\",\"url\":\"https:\\\/\\\/iwdev.se\\\/vatgas\\\/wp-content\\\/uploads\\\/2022\\\/09\\\/wind-farm-construction-photo-joakim-lagercrantz-1620x1080-1.jpg\",\"contentUrl\":\"https:\\\/\\\/iwdev.se\\\/vatgas\\\/wp-content\\\/uploads\\\/2022\\\/09\\\/wind-farm-construction-photo-joakim-lagercrantz-1620x1080-1.jpg\",\"width\":1300,\"height\":603},{\"@type\":\"BreadcrumbList\",\"@id\":\"https:\\\/\\\/iwdev.se\\\/vatgas\\\/2022\\\/09\\\/17\\\/ox2-inviger-vindkraftspark\\\/#breadcrumb\",\"itemListElement\":[{\"@type\":\"ListItem\",\"position\":1,\"name\":\"Home\",\"item\":\"https:\\\/\\\/iwdev.se\\\/vatgas\\\/\"},{\"@type\":\"ListItem\",\"position\":2,\"name\":\"OX2 inviger vindkraftspark i Kalmar\"}]},{\"@type\":\"WebSite\",\"@id\":\"https:\\\/\\\/iwdev.se\\\/vatgas\\\/#website\",\"url\":\"https:\\\/\\\/iwdev.se\\\/vatgas\\\/\",\"name\":\"V\u00e4tgas Sverige\",\"description\":\"En ledande plattform f\u00f6r omst\u00e4llningen till fossilfrihet\",\"publisher\":{\"@id\":\"https:\\\/\\\/iwdev.se\\\/vatgas\\\/#organization\"},\"potentialAction\":[{\"@type\":\"SearchAction\",\"target\":{\"@type\":\"EntryPoint\",\"urlTemplate\":\"https:\\\/\\\/iwdev.se\\\/vatgas\\\/?s={search_term_string}\"},\"query-input\":{\"@type\":\"PropertyValueSpecification\",\"valueRequired\":true,\"valueName\":\"search_term_string\"}}],\"inLanguage\":\"sv-SE\"},{\"@type\":\"Organization\",\"@id\":\"https:\\\/\\\/iwdev.se\\\/vatgas\\\/#organization\",\"name\":\"V\u00e4tgas Sverige\",\"url\":\"https:\\\/\\\/iwdev.se\\\/vatgas\\\/\",\"logo\":{\"@type\":\"ImageObject\",\"inLanguage\":\"sv-SE\",\"@id\":\"https:\\\/\\\/iwdev.se\\\/vatgas\\\/#\\\/schema\\\/logo\\\/image\\\/\",\"url\":\"https:\\\/\\\/iwdev.se\\\/vatgas\\\/wp-content\\\/uploads\\\/2022\\\/06\\\/LOGO.png\",\"contentUrl\":\"https:\\\/\\\/iwdev.se\\\/vatgas\\\/wp-content\\\/uploads\\\/2022\\\/06\\\/LOGO.png\",\"width\":240,\"height\":147,\"caption\":\"V\u00e4tgas Sverige\"},\"image\":{\"@id\":\"https:\\\/\\\/iwdev.se\\\/vatgas\\\/#\\\/schema\\\/logo\\\/image\\\/\"}},{\"@type\":\"Person\",\"@id\":\"https:\\\/\\\/iwdev.se\\\/vatgas\\\/#\\\/schema\\\/person\\\/8cc2f1473867b95de7c82567e7e9e0d0\",\"name\":\"Charlotte Blomberg\",\"url\":\"https:\\\/\\\/iwdev.se\\\/vatgas\\\/author\\\/chablo\\\/\"}]}<\/script>\n<!-- \/ Yoast SEO Premium plugin. -->","yoast_head_json":{"title":"OX2 inviger vindkraftspark i Kalmar - V\u00e4tgas Sverige","robots":{"index":"noindex","follow":"follow","max-snippet":"max-snippet:-1","max-image-preview":"max-image-preview:large","max-video-preview":"max-video-preview:-1"},"og_locale":"sv_SE","og_type":"article","og_title":"OX2 inviger vindkraftspark i Kalmar","og_description":"Den 15 september firade OX2 invigningen av vindkraftsparken Ljungbyholm utanf\u00f6r Kalmar i syd\u00f6stra Sverige. Vindkraftsparken \u00e4gs av Octopus Energy och byggs av OX2 som ocks\u00e5 f\u00f6rvaltar parken. Vindparken Ljungbyholm ligger cirka 17 km v\u00e4ster om Kalmar i Kalmar kommun. Anl\u00e4ggningen best\u00e5r av 12 vindkraftverk med en totalh\u00f6jd om 200 meter (fr\u00e5n mark till rotorns h\u00f6gsta [...]","og_url":"https:\/\/iwdev.se\/vatgas\/2022\/09\/17\/ox2-inviger-vindkraftspark\/","og_site_name":"V\u00e4tgas Sverige","article_published_time":"2022-09-17T20:42:25+00:00","article_modified_time":"2022-09-17T20:48:14+00:00","og_image":[{"width":1300,"height":603,"url":"https:\/\/iwdev.se\/vatgas\/wp-content\/uploads\/2022\/09\/wind-farm-construction-photo-joakim-lagercrantz-1620x1080-1.jpg","type":"image\/jpeg"}],"author":"Charlotte Blomberg","twitter_card":"summary_large_image","twitter_misc":{"Skriven av":"Charlotte Blomberg","Ber\u00e4knad l\u00e4stid":"1 minut"},"schema":{"@context":"https:\/\/schema.org","@graph":[{"@type":"Article","@id":"https:\/\/iwdev.se\/vatgas\/2022\/09\/17\/ox2-inviger-vindkraftspark\/#article","isPartOf":{"@id":"https:\/\/iwdev.se\/vatgas\/2022\/09\/17\/ox2-inviger-vindkraftspark\/"},"author":{"name":"Charlotte Blomberg","@id":"https:\/\/iwdev.se\/vatgas\/#\/schema\/person\/8cc2f1473867b95de7c82567e7e9e0d0"},"headline":"OX2 inviger vindkraftspark i Kalmar","datePublished":"2022-09-17T20:42:25+00:00","dateModified":"2022-09-17T20:48:14+00:00","mainEntityOfPage":{"@id":"https:\/\/iwdev.se\/vatgas\/2022\/09\/17\/ox2-inviger-vindkraftspark\/"},"wordCount":135,"publisher":{"@id":"https:\/\/iwdev.se\/vatgas\/#organization"},"image":{"@id":"https:\/\/iwdev.se\/vatgas\/2022\/09\/17\/ox2-inviger-vindkraftspark\/#primaryimage"},"thumbnailUrl":"https:\/\/iwdev.se\/vatgas\/wp-content\/uploads\/2022\/09\/wind-farm-construction-photo-joakim-lagercrantz-1620x1080-1.jpg","keywords":["OX2"],"articleSection":["Medlemsnytt"],"inLanguage":"sv-SE"},{"@type":"WebPage","@id":"https:\/\/iwdev.se\/vatgas\/2022\/09\/17\/ox2-inviger-vindkraftspark\/","url":"https:\/\/iwdev.se\/vatgas\/2022\/09\/17\/ox2-inviger-vindkraftspark\/","name":"OX2 inviger vindkraftspark i Kalmar - V\u00e4tgas Sverige","isPartOf":{"@id":"https:\/\/iwdev.se\/vatgas\/#website"},"primaryImageOfPage":{"@id":"https:\/\/iwdev.se\/vatgas\/2022\/09\/17\/ox2-inviger-vindkraftspark\/#primaryimage"},"image":{"@id":"https:\/\/iwdev.se\/vatgas\/2022\/09\/17\/ox2-inviger-vindkraftspark\/#primaryimage"},"thumbnailUrl":"https:\/\/iwdev.se\/vatgas\/wp-content\/uploads\/2022\/09\/wind-farm-construction-photo-joakim-lagercrantz-1620x1080-1.jpg","datePublished":"2022-09-17T20:42:25+00:00","dateModified":"2022-09-17T20:48:14+00:00","breadcrumb":{"@id":"https:\/\/iwdev.se\/vatgas\/2022\/09\/17\/ox2-inviger-vindkraftspark\/#breadcrumb"},"inLanguage":"sv-SE","potentialAction":[{"@type":"ReadAction","target":["https:\/\/iwdev.se\/vatgas\/2022\/09\/17\/ox2-inviger-vindkraftspark\/"]}]},{"@type":"ImageObject","inLanguage":"sv-SE","@id":"https:\/\/iwdev.se\/vatgas\/2022\/09\/17\/ox2-inviger-vindkraftspark\/#primaryimage","url":"https:\/\/iwdev.se\/vatgas\/wp-content\/uploads\/2022\/09\/wind-farm-construction-photo-joakim-lagercrantz-1620x1080-1.jpg","contentUrl":"https:\/\/iwdev.se\/vatgas\/wp-content\/uploads\/2022\/09\/wind-farm-construction-photo-joakim-lagercrantz-1620x1080-1.jpg","width":1300,"height":603},{"@type":"BreadcrumbList","@id":"https:\/\/iwdev.se\/vatgas\/2022\/09\/17\/ox2-inviger-vindkraftspark\/#breadcrumb","itemListElement":[{"@type":"ListItem","position":1,"name":"Home","item":"https:\/\/iwdev.se\/vatgas\/"},{"@type":"ListItem","position":2,"name":"OX2 inviger vindkraftspark i Kalmar"}]},{"@type":"WebSite","@id":"https:\/\/iwdev.se\/vatgas\/#website","url":"https:\/\/iwdev.se\/vatgas\/","name":"V\u00e4tgas Sverige","description":"En ledande plattform f\u00f6r omst\u00e4llningen till fossilfrihet","publisher":{"@id":"https:\/\/iwdev.se\/vatgas\/#organization"},"potentialAction":[{"@type":"SearchAction","target":{"@type":"EntryPoint","urlTemplate":"https:\/\/iwdev.se\/vatgas\/?s={search_term_string}"},"query-input":{"@type":"PropertyValueSpecification","valueRequired":true,"valueName":"search_term_string"}}],"inLanguage":"sv-SE"},{"@type":"Organization","@id":"https:\/\/iwdev.se\/vatgas\/#organization","name":"V\u00e4tgas Sverige","url":"https:\/\/iwdev.se\/vatgas\/","logo":{"@type":"ImageObject","inLanguage":"sv-SE","@id":"https:\/\/iwdev.se\/vatgas\/#\/schema\/logo\/image\/","url":"https:\/\/iwdev.se\/vatgas\/wp-content\/uploads\/2022\/06\/LOGO.png","contentUrl":"https:\/\/iwdev.se\/vatgas\/wp-content\/uploads\/2022\/06\/LOGO.png","width":240,"height":147,"caption":"V\u00e4tgas Sverige"},"image":{"@id":"https:\/\/iwdev.se\/vatgas\/#\/schema\/logo\/image\/"}},{"@type":"Person","@id":"https:\/\/iwdev.se\/vatgas\/#\/schema\/person\/8cc2f1473867b95de7c82567e7e9e0d0","name":"Charlotte Blomberg","url":"https:\/\/iwdev.se\/vatgas\/author\/chablo\/"}]}},"_links":{"self":[{"href":"https:\/\/iwdev.se\/vatgas\/wp-json\/wp\/v2\/posts\/16747","targetHints":{"allow":["GET"]}}],"collection":[{"href":"https:\/\/iwdev.se\/vatgas\/wp-json\/wp\/v2\/posts"}],"about":[{"href":"https:\/\/iwdev.se\/vatgas\/wp-json\/wp\/v2\/types\/post"}],"author":[{"embeddable":true,"href":"https:\/\/iwdev.se\/vatgas\/wp-json\/wp\/v2\/users\/3"}],"replies":[{"embeddable":true,"href":"https:\/\/iwdev.se\/vatgas\/wp-json\/wp\/v2\/comments?post=16747"}],"version-history":[{"count":7,"href":"https:\/\/iwdev.se\/vatgas\/wp-json\/wp\/v2\/posts\/16747\/revisions"}],"predecessor-version":[{"id":16765,"href":"https:\/\/iwdev.se\/vatgas\/wp-json\/wp\/v2\/posts\/16747\/revisions\/16765"}],"wp:featuredmedia":[{"embeddable":true,"href":"https:\/\/iwdev.se\/vatgas\/wp-json\/wp\/v2\/media\/16748"}],"wp:attachment":[{"href":"https:\/\/iwdev.se\/vatgas\/wp-json\/wp\/v2\/media?parent=16747"}],"wp:term":[{"taxonomy":"category","embeddable":true,"href":"https:\/\/iwdev.se\/vatgas\/wp-json\/wp\/v2\/categories?post=16747"},{"taxonomy":"post_tag","embeddable":true,"href":"https:\/\/iwdev.se\/vatgas\/wp-json\/wp\/v2\/tags?post=16747"}],"curies":[{"name":"wp","href":"https:\/\/api.w.org\/{rel}","templated":true}]}}