{"id":16854,"date":"2022-09-14T18:12:00","date_gmt":"2022-09-14T18:12:00","guid":{"rendered":"https:\/\/vatgas.hemsida.eu\/?p=16854"},"modified":"2022-09-21T16:17:11","modified_gmt":"2022-09-21T16:17:11","slug":"en-historisk-dag-for-gron-vatgas","status":"publish","type":"post","link":"https:\/\/iwdev.se\/vatgas\/2022\/09\/14\/en-historisk-dag-for-gron-vatgas\/","title":{"rendered":"En historisk dag f\u00f6r gr\u00f6n v\u00e4tgas"},"content":{"rendered":"\n<p><strong>Efter omr\u00f6stningen i plenum g\u00e4llande direktivet om f\u00f6rnybar energi II (REDII), v\u00e4lkomnar branschorganisationen Hydrogen Europe helhj\u00e4rtat Europaparlamentets (EP) historiska beslut att f\u00f6rbinda sig till ambiti\u00f6sa, bindande m\u00e5l f\u00f6r f\u00f6rnybar energi och att f\u00f6renkla regelverket. Parlamentet har \u00e5tagit sig att 45 % av den totala energimixen ska best\u00e5 av f\u00f6rnybar energi till 2030.<\/strong><\/p>\n\n\n\n<figure class=\"wp-block-image size-large\"><img loading=\"lazy\" decoding=\"async\" width=\"1024\" height=\"724\" src=\"https:\/\/iwdev.se\/vatgas\/wp-content\/uploads\/2022\/09\/The-Nordic-potential-2-1024x724.png\" alt=\"\" class=\"wp-image-17028\" srcset=\"https:\/\/iwdev.se\/vatgas\/wp-content\/uploads\/2022\/09\/The-Nordic-potential-2-1024x724.png 1024w, https:\/\/iwdev.se\/vatgas\/wp-content\/uploads\/2022\/09\/The-Nordic-potential-2-300x212.png 300w, https:\/\/iwdev.se\/vatgas\/wp-content\/uploads\/2022\/09\/The-Nordic-potential-2-768x543.png 768w, https:\/\/iwdev.se\/vatgas\/wp-content\/uploads\/2022\/09\/The-Nordic-potential-2-1536x1086.png 1536w, https:\/\/iwdev.se\/vatgas\/wp-content\/uploads\/2022\/09\/The-Nordic-potential-2-530x375.png 530w, https:\/\/iwdev.se\/vatgas\/wp-content\/uploads\/2022\/09\/The-Nordic-potential-2.png 2000w\" sizes=\"auto, (max-width: 1024px) 100vw, 1024px\" \/><\/figure>\n\n\n\n<figure class=\"wp-block-image size-large\"><img loading=\"lazy\" decoding=\"async\" width=\"1024\" height=\"724\" src=\"https:\/\/iwdev.se\/vatgas\/wp-content\/uploads\/2022\/09\/Agenda-HFC-Nordic-1-1024x724.png\" alt=\"\" class=\"wp-image-17030\" srcset=\"https:\/\/iwdev.se\/vatgas\/wp-content\/uploads\/2022\/09\/Agenda-HFC-Nordic-1-1024x724.png 1024w, https:\/\/iwdev.se\/vatgas\/wp-content\/uploads\/2022\/09\/Agenda-HFC-Nordic-1-300x212.png 300w, https:\/\/iwdev.se\/vatgas\/wp-content\/uploads\/2022\/09\/Agenda-HFC-Nordic-1-768x543.png 768w, https:\/\/iwdev.se\/vatgas\/wp-content\/uploads\/2022\/09\/Agenda-HFC-Nordic-1-1536x1086.png 1536w, https:\/\/iwdev.se\/vatgas\/wp-content\/uploads\/2022\/09\/Agenda-HFC-Nordic-1-530x375.png 530w, https:\/\/iwdev.se\/vatgas\/wp-content\/uploads\/2022\/09\/Agenda-HFC-Nordic-1.png 2000w\" sizes=\"auto, (max-width: 1024px) 100vw, 1024px\" \/><\/figure>\n\n\n\n<p>Foto: \u00a9EU Ursula von der Leyen<\/p>\n\n\n\n<p>Enligt REPowerEU kommer EU att str\u00e4va efter att uppn\u00e5 en produktion p\u00e5 tjugo miljoner ton (20Mt) gr\u00f6n v\u00e4tgas till 2030 &#8211; 10Mt producerat och 10Mt importerat &#8211; som \u00e5terspeglas av de nya, bindande m\u00e5len f\u00f6r olika sektorer:<\/p>\n\n\n\n<p>f\u00f6rnybara br\u00e4nslen av icke-biologiskt ursprung (RFNBO) minst 5,7 % av alla br\u00e4nslen senast 2030, inklusive 1,2 % inom sj\u00f6fartssektorn<\/p>\n\n\n\n<p>50 % av industrin ska g\u00e5 \u00f6ver till gr\u00f6n v\u00e4tgas \u00e5r 2030 (70 % \u00e5r 2035)<\/p>\n\n\n\n<p>Dessa \u00e5tg\u00e4rder kommer att g\u00f6ra v\u00e4tgas till en nyckelkomponent i Europas strategi f\u00f6r gr\u00f6n energi. F\u00f6r transportsektorn har dessutom minskningar av v\u00e4xthusgaser p\u00e5 minst 16 % fastst\u00e4llts till 2030. Detta \u00e4r starka signaler om att Europa har \u00e5tagit sig att minska koldioxidutsl\u00e4ppen p\u00e5 kontinenten.<\/p>\n\n\n\n<p>Ytterligare goda nyheter fr\u00e5n parlamentet \u00e4r \u00e5terg\u00e5ngen av additionalitetsprincipen till r\u00e4ttslig reglering, snarare \u00e4n att delegera detta till Europeiska kommissionen via den delegerade akten av RED II. Det kommer att underl\u00e4tta genomf\u00f6randet av additionalitetsprincipen f\u00f6r f\u00f6rnybar v\u00e4tgas. Ledam\u00f6terna har lyssnat till sektorns oro f\u00f6r att alltf\u00f6r strikta regleringar skulle hindra marknadsutvecklingen. Branschorganisationen Hydrogen Europe inser till fullo vikten av och st\u00f6der additionalitetsprincipen, men har uttryckt oro \u00f6ver det praktiska genomf\u00f6randet av de f\u00f6reslagna kriterierna, inte sj\u00e4lva principen. Det centrala \u00e4r att hitta en balans mellan att se till att gr\u00f6n v\u00e4tgas produceras fr\u00e5n &nbsp;f\u00f6rnybara energik\u00e4llor och att undvika alltf\u00f6r stora inskr\u00e4nkningar p\u00e5 en begynnande marknad.<\/p>\n\n\n\n<p>De bindande m\u00e5len i RED II f\u00f6r industri- och mobilitetssektorerna kommer att bidra med mellan 9Mt-10Mt gr\u00f6n v\u00e4tgas. F\u00f6r att s\u00e4kerst\u00e4lla att produktionen kan starta omedelbart tillk\u00e4nnagav kommissionens ordf\u00f6rande Ursula von der Leyen i sitt tillst\u00e5ndstal om skapandet av en ny europeisk v\u00e4tgasbank. I sitt uttalande h\u00e4vdade hon att &#8221;v\u00e4tgas kan vara en gamechanger f\u00f6r Europa&#8221;, och Hydrogen Europe tror att budgeten p\u00e5 3 miljarder euro \u2013 fr\u00e5n den befintliga innovationsfonden \u2013 kommer att vara en bra utg\u00e5ngspunkt.<\/p>\n\n\n\n<p>De n\u00e4rmaste m\u00e5naderna kommer att bli avg\u00f6rande n\u00e4r parlamentet och det tjeckiska ordf\u00f6randeskapet f\u00f6rs\u00f6ker avsluta en st\u00e5ndpunkt med kommissionen om RED II. Sektorn v\u00e4ntar, med stor f\u00f6rv\u00e4ntan, p\u00e5 ett tydligt definierat regelverk f\u00f6r att b\u00f6rja g\u00f6ra investeringar.<\/p>\n\n\n\n<p>&#8221;Detta \u00e4r \u00e4nnu en historisk dag f\u00f6r v\u00e4tgassektorn i Europa och globalt,&#8221; sa Hydrogen Europes vd Jorgo Chatzimarkakis. &#8221;Dessa bindande m\u00e5l f\u00f6r f\u00f6rnybar v\u00e4tgas, och skapandet av en enklare ram, \u00e4r starka signaler fr\u00e5n EU-institutionerna f\u00f6r att s\u00e4kerst\u00e4lla uppskalningen av en v\u00e4tgasekonomi och minska v\u00e5rt beroende av fossila br\u00e4nslen. Vi m\u00e5ste f\u00e5 produktion och efterfr\u00e5gan i r\u00e4tt balans, och den nya europeiska v\u00e4tgasbanken \u00e4r r\u00e4tt instrument f\u00f6r att g\u00f6ra det.&#8221;<\/p>\n\n\n\n<p>F\u00f6r mer information:<\/p>\n\n\n\n<p><a href=\"s plenumomr\u00f6stning\" target=\"_blank\" rel=\"noreferrer noopener\">EP:s plenumomr\u00f6stning<\/a><a href=\"https:\/\/www.europarl.europa.eu\/plenary\/en\/home.html\">https:\/\/www.europarl.europa.eu\/plenary\/en\/home.html<\/a><\/p>\n\n\n\n<p><a href=\"https:\/\/ec.europa.eu\/commission\/presscorner\/detail\/en\/SPEECH_22_5493\">Tal av Europeiska unionens tillst\u00e5nd av president von der Leyen<\/a><\/p>\n","protected":false},"excerpt":{"rendered":"<p>Efter omr\u00f6stningen i plenum g\u00e4llande direktivet om f\u00f6rnybar energi II (REDII), v\u00e4lkomnar branschorganisationen Hydrogen Europe helhj\u00e4rtat Europaparlamentets (EP) historiska beslut att f\u00f6rbinda sig till ambiti\u00f6sa, bindande m\u00e5l f\u00f6r f\u00f6rnybar energi och att f\u00f6renkla regelverket. Parlamentet har \u00e5tagit sig att 45 % av den totala energimixen ska best\u00e5 av f\u00f6rnybar energi till 2030. Foto: \u00a9EU Ursula <a class=\"moretag\" href=\"https:\/\/iwdev.se\/vatgas\/2022\/09\/14\/en-historisk-dag-for-gron-vatgas\/\">[&#8230;]<\/a><\/p>\n","protected":false},"author":3,"featured_media":16858,"comment_status":"closed","ping_status":"closed","sticky":false,"template":"","format":"standard","meta":{"_acf_changed":false,"footnotes":""},"categories":[12],"tags":[],"class_list":["post-16854","post","type-post","status-publish","format-standard","has-post-thumbnail","hentry","category-nyheter"],"acf":[],"yoast_head":"<!-- This site is optimized with the Yoast SEO Premium plugin v26.4 (Yoast SEO v27.4) - https:\/\/yoast.com\/product\/yoast-seo-premium-wordpress\/ -->\n<title>En historisk dag f\u00f6r gr\u00f6n v\u00e4tgas - V\u00e4tgas Sverige<\/title>\n<meta name=\"robots\" content=\"noindex, follow, max-snippet:-1, max-image-preview:large, max-video-preview:-1\" \/>\n<meta property=\"og:locale\" content=\"sv_SE\" \/>\n<meta property=\"og:type\" content=\"article\" \/>\n<meta property=\"og:title\" content=\"En historisk dag f\u00f6r gr\u00f6n v\u00e4tgas\" \/>\n<meta property=\"og:description\" content=\"Efter omr\u00f6stningen i plenum g\u00e4llande direktivet om f\u00f6rnybar energi II (REDII), v\u00e4lkomnar branschorganisationen Hydrogen Europe helhj\u00e4rtat Europaparlamentets (EP) historiska beslut att f\u00f6rbinda sig till ambiti\u00f6sa, bindande m\u00e5l f\u00f6r f\u00f6rnybar energi och att f\u00f6renkla regelverket. Parlamentet har \u00e5tagit sig att 45 % av den totala energimixen ska best\u00e5 av f\u00f6rnybar energi till 2030. Foto: \u00a9EU Ursula [...]\" \/>\n<meta property=\"og:url\" content=\"https:\/\/iwdev.se\/vatgas\/2022\/09\/14\/en-historisk-dag-for-gron-vatgas\/\" \/>\n<meta property=\"og:site_name\" content=\"V\u00e4tgas Sverige\" \/>\n<meta property=\"article:published_time\" content=\"2022-09-14T18:12:00+00:00\" \/>\n<meta property=\"article:modified_time\" content=\"2022-09-21T16:17:11+00:00\" \/>\n<meta property=\"og:image\" content=\"https:\/\/iwdev.se\/vatgas\/wp-content\/uploads\/2022\/09\/ursulavonderlayern_EU.png\" \/>\n\t<meta property=\"og:image:width\" content=\"1300\" \/>\n\t<meta property=\"og:image:height\" content=\"603\" \/>\n\t<meta property=\"og:image:type\" content=\"image\/png\" \/>\n<meta name=\"author\" content=\"Charlotte Blomberg\" \/>\n<meta name=\"twitter:card\" content=\"summary_large_image\" \/>\n<meta name=\"twitter:label1\" content=\"Skriven av\" \/>\n\t<meta name=\"twitter:data1\" content=\"Charlotte Blomberg\" \/>\n\t<meta name=\"twitter:label2\" content=\"Ber\u00e4knad l\u00e4stid\" \/>\n\t<meta name=\"twitter:data2\" content=\"3 minuter\" \/>\n<script type=\"application\/ld+json\" class=\"yoast-schema-graph\">{\"@context\":\"https:\\\/\\\/schema.org\",\"@graph\":[{\"@type\":\"Article\",\"@id\":\"https:\\\/\\\/iwdev.se\\\/vatgas\\\/2022\\\/09\\\/14\\\/en-historisk-dag-for-gron-vatgas\\\/#article\",\"isPartOf\":{\"@id\":\"https:\\\/\\\/iwdev.se\\\/vatgas\\\/2022\\\/09\\\/14\\\/en-historisk-dag-for-gron-vatgas\\\/\"},\"author\":{\"name\":\"Charlotte Blomberg\",\"@id\":\"https:\\\/\\\/iwdev.se\\\/vatgas\\\/#\\\/schema\\\/person\\\/8cc2f1473867b95de7c82567e7e9e0d0\"},\"headline\":\"En historisk dag f\u00f6r gr\u00f6n v\u00e4tgas\",\"datePublished\":\"2022-09-14T18:12:00+00:00\",\"dateModified\":\"2022-09-21T16:17:11+00:00\",\"mainEntityOfPage\":{\"@id\":\"https:\\\/\\\/iwdev.se\\\/vatgas\\\/2022\\\/09\\\/14\\\/en-historisk-dag-for-gron-vatgas\\\/\"},\"wordCount\":586,\"publisher\":{\"@id\":\"https:\\\/\\\/iwdev.se\\\/vatgas\\\/#organization\"},\"image\":{\"@id\":\"https:\\\/\\\/iwdev.se\\\/vatgas\\\/2022\\\/09\\\/14\\\/en-historisk-dag-for-gron-vatgas\\\/#primaryimage\"},\"thumbnailUrl\":\"https:\\\/\\\/iwdev.se\\\/vatgas\\\/wp-content\\\/uploads\\\/2022\\\/09\\\/ursulavonderlayern_EU.png\",\"articleSection\":[\"Nyheter\"],\"inLanguage\":\"sv-SE\"},{\"@type\":\"WebPage\",\"@id\":\"https:\\\/\\\/iwdev.se\\\/vatgas\\\/2022\\\/09\\\/14\\\/en-historisk-dag-for-gron-vatgas\\\/\",\"url\":\"https:\\\/\\\/iwdev.se\\\/vatgas\\\/2022\\\/09\\\/14\\\/en-historisk-dag-for-gron-vatgas\\\/\",\"name\":\"En historisk dag f\u00f6r gr\u00f6n v\u00e4tgas - V\u00e4tgas Sverige\",\"isPartOf\":{\"@id\":\"https:\\\/\\\/iwdev.se\\\/vatgas\\\/#website\"},\"primaryImageOfPage\":{\"@id\":\"https:\\\/\\\/iwdev.se\\\/vatgas\\\/2022\\\/09\\\/14\\\/en-historisk-dag-for-gron-vatgas\\\/#primaryimage\"},\"image\":{\"@id\":\"https:\\\/\\\/iwdev.se\\\/vatgas\\\/2022\\\/09\\\/14\\\/en-historisk-dag-for-gron-vatgas\\\/#primaryimage\"},\"thumbnailUrl\":\"https:\\\/\\\/iwdev.se\\\/vatgas\\\/wp-content\\\/uploads\\\/2022\\\/09\\\/ursulavonderlayern_EU.png\",\"datePublished\":\"2022-09-14T18:12:00+00:00\",\"dateModified\":\"2022-09-21T16:17:11+00:00\",\"breadcrumb\":{\"@id\":\"https:\\\/\\\/iwdev.se\\\/vatgas\\\/2022\\\/09\\\/14\\\/en-historisk-dag-for-gron-vatgas\\\/#breadcrumb\"},\"inLanguage\":\"sv-SE\",\"potentialAction\":[{\"@type\":\"ReadAction\",\"target\":[\"https:\\\/\\\/iwdev.se\\\/vatgas\\\/2022\\\/09\\\/14\\\/en-historisk-dag-for-gron-vatgas\\\/\"]}]},{\"@type\":\"ImageObject\",\"inLanguage\":\"sv-SE\",\"@id\":\"https:\\\/\\\/iwdev.se\\\/vatgas\\\/2022\\\/09\\\/14\\\/en-historisk-dag-for-gron-vatgas\\\/#primaryimage\",\"url\":\"https:\\\/\\\/iwdev.se\\\/vatgas\\\/wp-content\\\/uploads\\\/2022\\\/09\\\/ursulavonderlayern_EU.png\",\"contentUrl\":\"https:\\\/\\\/iwdev.se\\\/vatgas\\\/wp-content\\\/uploads\\\/2022\\\/09\\\/ursulavonderlayern_EU.png\",\"width\":1300,\"height\":603},{\"@type\":\"BreadcrumbList\",\"@id\":\"https:\\\/\\\/iwdev.se\\\/vatgas\\\/2022\\\/09\\\/14\\\/en-historisk-dag-for-gron-vatgas\\\/#breadcrumb\",\"itemListElement\":[{\"@type\":\"ListItem\",\"position\":1,\"name\":\"Home\",\"item\":\"https:\\\/\\\/iwdev.se\\\/vatgas\\\/\"},{\"@type\":\"ListItem\",\"position\":2,\"name\":\"En historisk dag f\u00f6r gr\u00f6n v\u00e4tgas\"}]},{\"@type\":\"WebSite\",\"@id\":\"https:\\\/\\\/iwdev.se\\\/vatgas\\\/#website\",\"url\":\"https:\\\/\\\/iwdev.se\\\/vatgas\\\/\",\"name\":\"V\u00e4tgas Sverige\",\"description\":\"En ledande plattform f\u00f6r omst\u00e4llningen till fossilfrihet\",\"publisher\":{\"@id\":\"https:\\\/\\\/iwdev.se\\\/vatgas\\\/#organization\"},\"potentialAction\":[{\"@type\":\"SearchAction\",\"target\":{\"@type\":\"EntryPoint\",\"urlTemplate\":\"https:\\\/\\\/iwdev.se\\\/vatgas\\\/?s={search_term_string}\"},\"query-input\":{\"@type\":\"PropertyValueSpecification\",\"valueRequired\":true,\"valueName\":\"search_term_string\"}}],\"inLanguage\":\"sv-SE\"},{\"@type\":\"Organization\",\"@id\":\"https:\\\/\\\/iwdev.se\\\/vatgas\\\/#organization\",\"name\":\"V\u00e4tgas Sverige\",\"url\":\"https:\\\/\\\/iwdev.se\\\/vatgas\\\/\",\"logo\":{\"@type\":\"ImageObject\",\"inLanguage\":\"sv-SE\",\"@id\":\"https:\\\/\\\/iwdev.se\\\/vatgas\\\/#\\\/schema\\\/logo\\\/image\\\/\",\"url\":\"https:\\\/\\\/iwdev.se\\\/vatgas\\\/wp-content\\\/uploads\\\/2022\\\/06\\\/LOGO.png\",\"contentUrl\":\"https:\\\/\\\/iwdev.se\\\/vatgas\\\/wp-content\\\/uploads\\\/2022\\\/06\\\/LOGO.png\",\"width\":240,\"height\":147,\"caption\":\"V\u00e4tgas Sverige\"},\"image\":{\"@id\":\"https:\\\/\\\/iwdev.se\\\/vatgas\\\/#\\\/schema\\\/logo\\\/image\\\/\"}},{\"@type\":\"Person\",\"@id\":\"https:\\\/\\\/iwdev.se\\\/vatgas\\\/#\\\/schema\\\/person\\\/8cc2f1473867b95de7c82567e7e9e0d0\",\"name\":\"Charlotte Blomberg\",\"url\":\"https:\\\/\\\/iwdev.se\\\/vatgas\\\/author\\\/chablo\\\/\"}]}<\/script>\n<!-- \/ Yoast SEO Premium plugin. -->","yoast_head_json":{"title":"En historisk dag f\u00f6r gr\u00f6n v\u00e4tgas - V\u00e4tgas Sverige","robots":{"index":"noindex","follow":"follow","max-snippet":"max-snippet:-1","max-image-preview":"max-image-preview:large","max-video-preview":"max-video-preview:-1"},"og_locale":"sv_SE","og_type":"article","og_title":"En historisk dag f\u00f6r gr\u00f6n v\u00e4tgas","og_description":"Efter omr\u00f6stningen i plenum g\u00e4llande direktivet om f\u00f6rnybar energi II (REDII), v\u00e4lkomnar branschorganisationen Hydrogen Europe helhj\u00e4rtat Europaparlamentets (EP) historiska beslut att f\u00f6rbinda sig till ambiti\u00f6sa, bindande m\u00e5l f\u00f6r f\u00f6rnybar energi och att f\u00f6renkla regelverket. Parlamentet har \u00e5tagit sig att 45 % av den totala energimixen ska best\u00e5 av f\u00f6rnybar energi till 2030. Foto: \u00a9EU Ursula [...]","og_url":"https:\/\/iwdev.se\/vatgas\/2022\/09\/14\/en-historisk-dag-for-gron-vatgas\/","og_site_name":"V\u00e4tgas Sverige","article_published_time":"2022-09-14T18:12:00+00:00","article_modified_time":"2022-09-21T16:17:11+00:00","og_image":[{"width":1300,"height":603,"url":"https:\/\/iwdev.se\/vatgas\/wp-content\/uploads\/2022\/09\/ursulavonderlayern_EU.png","type":"image\/png"}],"author":"Charlotte Blomberg","twitter_card":"summary_large_image","twitter_misc":{"Skriven av":"Charlotte Blomberg","Ber\u00e4knad l\u00e4stid":"3 minuter"},"schema":{"@context":"https:\/\/schema.org","@graph":[{"@type":"Article","@id":"https:\/\/iwdev.se\/vatgas\/2022\/09\/14\/en-historisk-dag-for-gron-vatgas\/#article","isPartOf":{"@id":"https:\/\/iwdev.se\/vatgas\/2022\/09\/14\/en-historisk-dag-for-gron-vatgas\/"},"author":{"name":"Charlotte Blomberg","@id":"https:\/\/iwdev.se\/vatgas\/#\/schema\/person\/8cc2f1473867b95de7c82567e7e9e0d0"},"headline":"En historisk dag f\u00f6r gr\u00f6n v\u00e4tgas","datePublished":"2022-09-14T18:12:00+00:00","dateModified":"2022-09-21T16:17:11+00:00","mainEntityOfPage":{"@id":"https:\/\/iwdev.se\/vatgas\/2022\/09\/14\/en-historisk-dag-for-gron-vatgas\/"},"wordCount":586,"publisher":{"@id":"https:\/\/iwdev.se\/vatgas\/#organization"},"image":{"@id":"https:\/\/iwdev.se\/vatgas\/2022\/09\/14\/en-historisk-dag-for-gron-vatgas\/#primaryimage"},"thumbnailUrl":"https:\/\/iwdev.se\/vatgas\/wp-content\/uploads\/2022\/09\/ursulavonderlayern_EU.png","articleSection":["Nyheter"],"inLanguage":"sv-SE"},{"@type":"WebPage","@id":"https:\/\/iwdev.se\/vatgas\/2022\/09\/14\/en-historisk-dag-for-gron-vatgas\/","url":"https:\/\/iwdev.se\/vatgas\/2022\/09\/14\/en-historisk-dag-for-gron-vatgas\/","name":"En historisk dag f\u00f6r gr\u00f6n v\u00e4tgas - V\u00e4tgas Sverige","isPartOf":{"@id":"https:\/\/iwdev.se\/vatgas\/#website"},"primaryImageOfPage":{"@id":"https:\/\/iwdev.se\/vatgas\/2022\/09\/14\/en-historisk-dag-for-gron-vatgas\/#primaryimage"},"image":{"@id":"https:\/\/iwdev.se\/vatgas\/2022\/09\/14\/en-historisk-dag-for-gron-vatgas\/#primaryimage"},"thumbnailUrl":"https:\/\/iwdev.se\/vatgas\/wp-content\/uploads\/2022\/09\/ursulavonderlayern_EU.png","datePublished":"2022-09-14T18:12:00+00:00","dateModified":"2022-09-21T16:17:11+00:00","breadcrumb":{"@id":"https:\/\/iwdev.se\/vatgas\/2022\/09\/14\/en-historisk-dag-for-gron-vatgas\/#breadcrumb"},"inLanguage":"sv-SE","potentialAction":[{"@type":"ReadAction","target":["https:\/\/iwdev.se\/vatgas\/2022\/09\/14\/en-historisk-dag-for-gron-vatgas\/"]}]},{"@type":"ImageObject","inLanguage":"sv-SE","@id":"https:\/\/iwdev.se\/vatgas\/2022\/09\/14\/en-historisk-dag-for-gron-vatgas\/#primaryimage","url":"https:\/\/iwdev.se\/vatgas\/wp-content\/uploads\/2022\/09\/ursulavonderlayern_EU.png","contentUrl":"https:\/\/iwdev.se\/vatgas\/wp-content\/uploads\/2022\/09\/ursulavonderlayern_EU.png","width":1300,"height":603},{"@type":"BreadcrumbList","@id":"https:\/\/iwdev.se\/vatgas\/2022\/09\/14\/en-historisk-dag-for-gron-vatgas\/#breadcrumb","itemListElement":[{"@type":"ListItem","position":1,"name":"Home","item":"https:\/\/iwdev.se\/vatgas\/"},{"@type":"ListItem","position":2,"name":"En historisk dag f\u00f6r gr\u00f6n v\u00e4tgas"}]},{"@type":"WebSite","@id":"https:\/\/iwdev.se\/vatgas\/#website","url":"https:\/\/iwdev.se\/vatgas\/","name":"V\u00e4tgas Sverige","description":"En ledande plattform f\u00f6r omst\u00e4llningen till fossilfrihet","publisher":{"@id":"https:\/\/iwdev.se\/vatgas\/#organization"},"potentialAction":[{"@type":"SearchAction","target":{"@type":"EntryPoint","urlTemplate":"https:\/\/iwdev.se\/vatgas\/?s={search_term_string}"},"query-input":{"@type":"PropertyValueSpecification","valueRequired":true,"valueName":"search_term_string"}}],"inLanguage":"sv-SE"},{"@type":"Organization","@id":"https:\/\/iwdev.se\/vatgas\/#organization","name":"V\u00e4tgas Sverige","url":"https:\/\/iwdev.se\/vatgas\/","logo":{"@type":"ImageObject","inLanguage":"sv-SE","@id":"https:\/\/iwdev.se\/vatgas\/#\/schema\/logo\/image\/","url":"https:\/\/iwdev.se\/vatgas\/wp-content\/uploads\/2022\/06\/LOGO.png","contentUrl":"https:\/\/iwdev.se\/vatgas\/wp-content\/uploads\/2022\/06\/LOGO.png","width":240,"height":147,"caption":"V\u00e4tgas Sverige"},"image":{"@id":"https:\/\/iwdev.se\/vatgas\/#\/schema\/logo\/image\/"}},{"@type":"Person","@id":"https:\/\/iwdev.se\/vatgas\/#\/schema\/person\/8cc2f1473867b95de7c82567e7e9e0d0","name":"Charlotte Blomberg","url":"https:\/\/iwdev.se\/vatgas\/author\/chablo\/"}]}},"_links":{"self":[{"href":"https:\/\/iwdev.se\/vatgas\/wp-json\/wp\/v2\/posts\/16854","targetHints":{"allow":["GET"]}}],"collection":[{"href":"https:\/\/iwdev.se\/vatgas\/wp-json\/wp\/v2\/posts"}],"about":[{"href":"https:\/\/iwdev.se\/vatgas\/wp-json\/wp\/v2\/types\/post"}],"author":[{"embeddable":true,"href":"https:\/\/iwdev.se\/vatgas\/wp-json\/wp\/v2\/users\/3"}],"replies":[{"embeddable":true,"href":"https:\/\/iwdev.se\/vatgas\/wp-json\/wp\/v2\/comments?post=16854"}],"version-history":[{"count":2,"href":"https:\/\/iwdev.se\/vatgas\/wp-json\/wp\/v2\/posts\/16854\/revisions"}],"predecessor-version":[{"id":16860,"href":"https:\/\/iwdev.se\/vatgas\/wp-json\/wp\/v2\/posts\/16854\/revisions\/16860"}],"wp:featuredmedia":[{"embeddable":true,"href":"https:\/\/iwdev.se\/vatgas\/wp-json\/wp\/v2\/media\/16858"}],"wp:attachment":[{"href":"https:\/\/iwdev.se\/vatgas\/wp-json\/wp\/v2\/media?parent=16854"}],"wp:term":[{"taxonomy":"category","embeddable":true,"href":"https:\/\/iwdev.se\/vatgas\/wp-json\/wp\/v2\/categories?post=16854"},{"taxonomy":"post_tag","embeddable":true,"href":"https:\/\/iwdev.se\/vatgas\/wp-json\/wp\/v2\/tags?post=16854"}],"curies":[{"name":"wp","href":"https:\/\/api.w.org\/{rel}","templated":true}]}}