{"id":17021,"date":"2022-10-20T14:49:42","date_gmt":"2022-10-20T14:49:42","guid":{"rendered":"https:\/\/vatgas.hemsida.eu\/?p=17021"},"modified":"2022-11-08T13:49:44","modified_gmt":"2022-11-08T13:49:44","slug":"vatgas-sverige-firar-15-ar","status":"publish","type":"post","link":"https:\/\/iwdev.se\/vatgas\/2022\/10\/20\/vatgas-sverige-firar-15-ar\/","title":{"rendered":"V\u00e4tgas Sverige firar 15 \u00e5r!"},"content":{"rendered":"\n<p>V\u00e4tgas Sverige har varit verksamma i 15 \u00e5r och det ville vi fira tillsammans med v\u00e5ra medlemmar. Den 19 oktober m\u00f6ttes vi upp i Norrk\u00f6ping, f\u00f6r att med buss f\u00e4rdas till Finsp\u00e5ng. D\u00e4r energikoncernen Siemens Energy hade bjudit in oss till en guidad tur av deras lokala energisystem helt utan utsl\u00e4pp &#8211; Zero Emission Hydrogen Turbine Center. Via&nbsp; &nbsp;elektrolys med solel producerar de gr\u00f6n v\u00e4tgas som matas in i deras gasturbiner. Siemens Energy med sin sp\u00e4nnande teknik \u00e4r just nu inne i en stor expansionsfas med ett stort rekryteringsbehov.<\/p>\n\n\n\n<p>M\u00e4tta och bel\u00e5tna efter en lunch i slottsm\u00e4ssen vid Finsp\u00e5ngs slott, gick f\u00e4rden tillbaka till Norrk\u00f6ping. Energigurun Bo Normark inspirerade oss och menade att vi kan dra m\u00e5nga paralleller och l\u00e4rdomar av batteribranschen. Han pekade p\u00e5 att vi bygger en industri.<\/p>\n\n\n\n<p>Vi avslutade dagen med energirik workshop om hur vi tillsammans driver v\u00e4tgasbranschen fram\u00e5t. Stort tack alla medlemmar som kom till Norrk\u00f6ping\/Finsp\u00e5ng och firade V\u00e4tgas Sveriges 15-\u00e5rsjubileum! Ett s\u00e4rskilt tack till v\u00e5ra sponsorer Strandm\u00f6llen, Corona Control, Euromekanik, Lhyfe, Swagelok, Nilsson Energy, Metacon samt Trellborg Energi som gjorde det m\u00f6jligt. Tillsammans driver vi energiomst\u00e4llningen fram\u00e5t. V\u00e4tgas Sverige best\u00e5r av ca 130 medlemmar och \u00e4r den ledande plattformen f\u00f6r v\u00e4tgas i Sverige. Det \u00e4r medlemmarnas behov som styr vilka fr\u00e5gor vi ska driva fram\u00e5t.<\/p>\n","protected":false},"excerpt":{"rendered":"<p>V\u00e4tgas Sverige har varit verksamma i 15 \u00e5r och det ville vi fira tillsammans med v\u00e5ra medlemmar. Den 19 oktober m\u00f6ttes vi upp i Norrk\u00f6ping, f\u00f6r att med buss f\u00e4rdas till Finsp\u00e5ng. D\u00e4r energikoncernen Siemens Energy hade bjudit in oss till en guidad tur av deras lokala energisystem helt utan utsl\u00e4pp &#8211; Zero Emission Hydrogen <a class=\"moretag\" href=\"https:\/\/iwdev.se\/vatgas\/2022\/10\/20\/vatgas-sverige-firar-15-ar\/\">[&#8230;]<\/a><\/p>\n","protected":false},"author":3,"featured_media":17017,"comment_status":"closed","ping_status":"closed","sticky":false,"template":"","format":"standard","meta":{"_acf_changed":false,"footnotes":""},"categories":[12,13],"tags":[],"class_list":["post-17021","post","type-post","status-publish","format-standard","has-post-thumbnail","hentry","category-nyheter","category-event"],"acf":[],"yoast_head":"<!-- This site is optimized with the Yoast SEO Premium plugin v26.4 (Yoast SEO v27.4) - https:\/\/yoast.com\/product\/yoast-seo-premium-wordpress\/ -->\n<title>V\u00e4tgas Sverige firar 15 \u00e5r! - V\u00e4tgas Sverige<\/title>\n<meta name=\"robots\" content=\"noindex, follow, max-snippet:-1, max-image-preview:large, max-video-preview:-1\" \/>\n<meta property=\"og:locale\" content=\"sv_SE\" \/>\n<meta property=\"og:type\" content=\"article\" \/>\n<meta property=\"og:title\" content=\"V\u00e4tgas Sverige firar 15 \u00e5r!\" \/>\n<meta property=\"og:description\" content=\"V\u00e4tgas Sverige har varit verksamma i 15 \u00e5r och det ville vi fira tillsammans med v\u00e5ra medlemmar. Den 19 oktober m\u00f6ttes vi upp i Norrk\u00f6ping, f\u00f6r att med buss f\u00e4rdas till Finsp\u00e5ng. D\u00e4r energikoncernen Siemens Energy hade bjudit in oss till en guidad tur av deras lokala energisystem helt utan utsl\u00e4pp &#8211; Zero Emission Hydrogen [...]\" \/>\n<meta property=\"og:url\" content=\"https:\/\/iwdev.se\/vatgas\/2022\/10\/20\/vatgas-sverige-firar-15-ar\/\" \/>\n<meta property=\"og:site_name\" content=\"V\u00e4tgas Sverige\" \/>\n<meta property=\"article:published_time\" content=\"2022-10-20T14:49:42+00:00\" \/>\n<meta property=\"article:modified_time\" content=\"2022-11-08T13:49:44+00:00\" \/>\n<meta property=\"og:image\" content=\"https:\/\/iwdev.se\/vatgas\/wp-content\/uploads\/2022\/10\/Natverkstraff-Finspang-vatgas-sverige.png\" \/>\n\t<meta property=\"og:image:width\" content=\"1300\" \/>\n\t<meta property=\"og:image:height\" content=\"603\" \/>\n\t<meta property=\"og:image:type\" content=\"image\/png\" \/>\n<meta name=\"author\" content=\"Charlotte Blomberg\" \/>\n<meta name=\"twitter:card\" content=\"summary_large_image\" \/>\n<meta name=\"twitter:label1\" content=\"Skriven av\" \/>\n\t<meta name=\"twitter:data1\" content=\"Charlotte Blomberg\" \/>\n\t<meta name=\"twitter:label2\" content=\"Ber\u00e4knad l\u00e4stid\" \/>\n\t<meta name=\"twitter:data2\" content=\"2 minuter\" \/>\n<script type=\"application\/ld+json\" class=\"yoast-schema-graph\">{\"@context\":\"https:\\\/\\\/schema.org\",\"@graph\":[{\"@type\":\"Article\",\"@id\":\"https:\\\/\\\/iwdev.se\\\/vatgas\\\/2022\\\/10\\\/20\\\/vatgas-sverige-firar-15-ar\\\/#article\",\"isPartOf\":{\"@id\":\"https:\\\/\\\/iwdev.se\\\/vatgas\\\/2022\\\/10\\\/20\\\/vatgas-sverige-firar-15-ar\\\/\"},\"author\":{\"name\":\"Charlotte Blomberg\",\"@id\":\"https:\\\/\\\/iwdev.se\\\/vatgas\\\/#\\\/schema\\\/person\\\/8cc2f1473867b95de7c82567e7e9e0d0\"},\"headline\":\"V\u00e4tgas Sverige firar 15 \u00e5r!\",\"datePublished\":\"2022-10-20T14:49:42+00:00\",\"dateModified\":\"2022-11-08T13:49:44+00:00\",\"mainEntityOfPage\":{\"@id\":\"https:\\\/\\\/iwdev.se\\\/vatgas\\\/2022\\\/10\\\/20\\\/vatgas-sverige-firar-15-ar\\\/\"},\"wordCount\":254,\"publisher\":{\"@id\":\"https:\\\/\\\/iwdev.se\\\/vatgas\\\/#organization\"},\"image\":{\"@id\":\"https:\\\/\\\/iwdev.se\\\/vatgas\\\/2022\\\/10\\\/20\\\/vatgas-sverige-firar-15-ar\\\/#primaryimage\"},\"thumbnailUrl\":\"https:\\\/\\\/iwdev.se\\\/vatgas\\\/wp-content\\\/uploads\\\/2022\\\/10\\\/Natverkstraff-Finspang-vatgas-sverige.png\",\"articleSection\":[\"Nyheter\",\"Event\"],\"inLanguage\":\"sv-SE\"},{\"@type\":\"WebPage\",\"@id\":\"https:\\\/\\\/iwdev.se\\\/vatgas\\\/2022\\\/10\\\/20\\\/vatgas-sverige-firar-15-ar\\\/\",\"url\":\"https:\\\/\\\/iwdev.se\\\/vatgas\\\/2022\\\/10\\\/20\\\/vatgas-sverige-firar-15-ar\\\/\",\"name\":\"V\u00e4tgas Sverige firar 15 \u00e5r! - V\u00e4tgas Sverige\",\"isPartOf\":{\"@id\":\"https:\\\/\\\/iwdev.se\\\/vatgas\\\/#website\"},\"primaryImageOfPage\":{\"@id\":\"https:\\\/\\\/iwdev.se\\\/vatgas\\\/2022\\\/10\\\/20\\\/vatgas-sverige-firar-15-ar\\\/#primaryimage\"},\"image\":{\"@id\":\"https:\\\/\\\/iwdev.se\\\/vatgas\\\/2022\\\/10\\\/20\\\/vatgas-sverige-firar-15-ar\\\/#primaryimage\"},\"thumbnailUrl\":\"https:\\\/\\\/iwdev.se\\\/vatgas\\\/wp-content\\\/uploads\\\/2022\\\/10\\\/Natverkstraff-Finspang-vatgas-sverige.png\",\"datePublished\":\"2022-10-20T14:49:42+00:00\",\"dateModified\":\"2022-11-08T13:49:44+00:00\",\"breadcrumb\":{\"@id\":\"https:\\\/\\\/iwdev.se\\\/vatgas\\\/2022\\\/10\\\/20\\\/vatgas-sverige-firar-15-ar\\\/#breadcrumb\"},\"inLanguage\":\"sv-SE\",\"potentialAction\":[{\"@type\":\"ReadAction\",\"target\":[\"https:\\\/\\\/iwdev.se\\\/vatgas\\\/2022\\\/10\\\/20\\\/vatgas-sverige-firar-15-ar\\\/\"]}]},{\"@type\":\"ImageObject\",\"inLanguage\":\"sv-SE\",\"@id\":\"https:\\\/\\\/iwdev.se\\\/vatgas\\\/2022\\\/10\\\/20\\\/vatgas-sverige-firar-15-ar\\\/#primaryimage\",\"url\":\"https:\\\/\\\/iwdev.se\\\/vatgas\\\/wp-content\\\/uploads\\\/2022\\\/10\\\/Natverkstraff-Finspang-vatgas-sverige.png\",\"contentUrl\":\"https:\\\/\\\/iwdev.se\\\/vatgas\\\/wp-content\\\/uploads\\\/2022\\\/10\\\/Natverkstraff-Finspang-vatgas-sverige.png\",\"width\":1300,\"height\":603,\"caption\":\"V\u00e4tgas Sverige utanf\u00f6r Finsp\u00e5ngs slott.\"},{\"@type\":\"BreadcrumbList\",\"@id\":\"https:\\\/\\\/iwdev.se\\\/vatgas\\\/2022\\\/10\\\/20\\\/vatgas-sverige-firar-15-ar\\\/#breadcrumb\",\"itemListElement\":[{\"@type\":\"ListItem\",\"position\":1,\"name\":\"Home\",\"item\":\"https:\\\/\\\/iwdev.se\\\/vatgas\\\/\"},{\"@type\":\"ListItem\",\"position\":2,\"name\":\"V\u00e4tgas Sverige firar 15 \u00e5r!\"}]},{\"@type\":\"WebSite\",\"@id\":\"https:\\\/\\\/iwdev.se\\\/vatgas\\\/#website\",\"url\":\"https:\\\/\\\/iwdev.se\\\/vatgas\\\/\",\"name\":\"V\u00e4tgas Sverige\",\"description\":\"En ledande plattform f\u00f6r omst\u00e4llningen till fossilfrihet\",\"publisher\":{\"@id\":\"https:\\\/\\\/iwdev.se\\\/vatgas\\\/#organization\"},\"potentialAction\":[{\"@type\":\"SearchAction\",\"target\":{\"@type\":\"EntryPoint\",\"urlTemplate\":\"https:\\\/\\\/iwdev.se\\\/vatgas\\\/?s={search_term_string}\"},\"query-input\":{\"@type\":\"PropertyValueSpecification\",\"valueRequired\":true,\"valueName\":\"search_term_string\"}}],\"inLanguage\":\"sv-SE\"},{\"@type\":\"Organization\",\"@id\":\"https:\\\/\\\/iwdev.se\\\/vatgas\\\/#organization\",\"name\":\"V\u00e4tgas Sverige\",\"url\":\"https:\\\/\\\/iwdev.se\\\/vatgas\\\/\",\"logo\":{\"@type\":\"ImageObject\",\"inLanguage\":\"sv-SE\",\"@id\":\"https:\\\/\\\/iwdev.se\\\/vatgas\\\/#\\\/schema\\\/logo\\\/image\\\/\",\"url\":\"https:\\\/\\\/iwdev.se\\\/vatgas\\\/wp-content\\\/uploads\\\/2022\\\/06\\\/LOGO.png\",\"contentUrl\":\"https:\\\/\\\/iwdev.se\\\/vatgas\\\/wp-content\\\/uploads\\\/2022\\\/06\\\/LOGO.png\",\"width\":240,\"height\":147,\"caption\":\"V\u00e4tgas Sverige\"},\"image\":{\"@id\":\"https:\\\/\\\/iwdev.se\\\/vatgas\\\/#\\\/schema\\\/logo\\\/image\\\/\"}},{\"@type\":\"Person\",\"@id\":\"https:\\\/\\\/iwdev.se\\\/vatgas\\\/#\\\/schema\\\/person\\\/8cc2f1473867b95de7c82567e7e9e0d0\",\"name\":\"Charlotte Blomberg\",\"url\":\"https:\\\/\\\/iwdev.se\\\/vatgas\\\/author\\\/chablo\\\/\"}]}<\/script>\n<!-- \/ Yoast SEO Premium plugin. -->","yoast_head_json":{"title":"V\u00e4tgas Sverige firar 15 \u00e5r! - V\u00e4tgas Sverige","robots":{"index":"noindex","follow":"follow","max-snippet":"max-snippet:-1","max-image-preview":"max-image-preview:large","max-video-preview":"max-video-preview:-1"},"og_locale":"sv_SE","og_type":"article","og_title":"V\u00e4tgas Sverige firar 15 \u00e5r!","og_description":"V\u00e4tgas Sverige har varit verksamma i 15 \u00e5r och det ville vi fira tillsammans med v\u00e5ra medlemmar. Den 19 oktober m\u00f6ttes vi upp i Norrk\u00f6ping, f\u00f6r att med buss f\u00e4rdas till Finsp\u00e5ng. D\u00e4r energikoncernen Siemens Energy hade bjudit in oss till en guidad tur av deras lokala energisystem helt utan utsl\u00e4pp &#8211; Zero Emission Hydrogen [...]","og_url":"https:\/\/iwdev.se\/vatgas\/2022\/10\/20\/vatgas-sverige-firar-15-ar\/","og_site_name":"V\u00e4tgas Sverige","article_published_time":"2022-10-20T14:49:42+00:00","article_modified_time":"2022-11-08T13:49:44+00:00","og_image":[{"width":1300,"height":603,"url":"https:\/\/iwdev.se\/vatgas\/wp-content\/uploads\/2022\/10\/Natverkstraff-Finspang-vatgas-sverige.png","type":"image\/png"}],"author":"Charlotte Blomberg","twitter_card":"summary_large_image","twitter_misc":{"Skriven av":"Charlotte Blomberg","Ber\u00e4knad l\u00e4stid":"2 minuter"},"schema":{"@context":"https:\/\/schema.org","@graph":[{"@type":"Article","@id":"https:\/\/iwdev.se\/vatgas\/2022\/10\/20\/vatgas-sverige-firar-15-ar\/#article","isPartOf":{"@id":"https:\/\/iwdev.se\/vatgas\/2022\/10\/20\/vatgas-sverige-firar-15-ar\/"},"author":{"name":"Charlotte Blomberg","@id":"https:\/\/iwdev.se\/vatgas\/#\/schema\/person\/8cc2f1473867b95de7c82567e7e9e0d0"},"headline":"V\u00e4tgas Sverige firar 15 \u00e5r!","datePublished":"2022-10-20T14:49:42+00:00","dateModified":"2022-11-08T13:49:44+00:00","mainEntityOfPage":{"@id":"https:\/\/iwdev.se\/vatgas\/2022\/10\/20\/vatgas-sverige-firar-15-ar\/"},"wordCount":254,"publisher":{"@id":"https:\/\/iwdev.se\/vatgas\/#organization"},"image":{"@id":"https:\/\/iwdev.se\/vatgas\/2022\/10\/20\/vatgas-sverige-firar-15-ar\/#primaryimage"},"thumbnailUrl":"https:\/\/iwdev.se\/vatgas\/wp-content\/uploads\/2022\/10\/Natverkstraff-Finspang-vatgas-sverige.png","articleSection":["Nyheter","Event"],"inLanguage":"sv-SE"},{"@type":"WebPage","@id":"https:\/\/iwdev.se\/vatgas\/2022\/10\/20\/vatgas-sverige-firar-15-ar\/","url":"https:\/\/iwdev.se\/vatgas\/2022\/10\/20\/vatgas-sverige-firar-15-ar\/","name":"V\u00e4tgas Sverige firar 15 \u00e5r! - V\u00e4tgas Sverige","isPartOf":{"@id":"https:\/\/iwdev.se\/vatgas\/#website"},"primaryImageOfPage":{"@id":"https:\/\/iwdev.se\/vatgas\/2022\/10\/20\/vatgas-sverige-firar-15-ar\/#primaryimage"},"image":{"@id":"https:\/\/iwdev.se\/vatgas\/2022\/10\/20\/vatgas-sverige-firar-15-ar\/#primaryimage"},"thumbnailUrl":"https:\/\/iwdev.se\/vatgas\/wp-content\/uploads\/2022\/10\/Natverkstraff-Finspang-vatgas-sverige.png","datePublished":"2022-10-20T14:49:42+00:00","dateModified":"2022-11-08T13:49:44+00:00","breadcrumb":{"@id":"https:\/\/iwdev.se\/vatgas\/2022\/10\/20\/vatgas-sverige-firar-15-ar\/#breadcrumb"},"inLanguage":"sv-SE","potentialAction":[{"@type":"ReadAction","target":["https:\/\/iwdev.se\/vatgas\/2022\/10\/20\/vatgas-sverige-firar-15-ar\/"]}]},{"@type":"ImageObject","inLanguage":"sv-SE","@id":"https:\/\/iwdev.se\/vatgas\/2022\/10\/20\/vatgas-sverige-firar-15-ar\/#primaryimage","url":"https:\/\/iwdev.se\/vatgas\/wp-content\/uploads\/2022\/10\/Natverkstraff-Finspang-vatgas-sverige.png","contentUrl":"https:\/\/iwdev.se\/vatgas\/wp-content\/uploads\/2022\/10\/Natverkstraff-Finspang-vatgas-sverige.png","width":1300,"height":603,"caption":"V\u00e4tgas Sverige utanf\u00f6r Finsp\u00e5ngs slott."},{"@type":"BreadcrumbList","@id":"https:\/\/iwdev.se\/vatgas\/2022\/10\/20\/vatgas-sverige-firar-15-ar\/#breadcrumb","itemListElement":[{"@type":"ListItem","position":1,"name":"Home","item":"https:\/\/iwdev.se\/vatgas\/"},{"@type":"ListItem","position":2,"name":"V\u00e4tgas Sverige firar 15 \u00e5r!"}]},{"@type":"WebSite","@id":"https:\/\/iwdev.se\/vatgas\/#website","url":"https:\/\/iwdev.se\/vatgas\/","name":"V\u00e4tgas Sverige","description":"En ledande plattform f\u00f6r omst\u00e4llningen till fossilfrihet","publisher":{"@id":"https:\/\/iwdev.se\/vatgas\/#organization"},"potentialAction":[{"@type":"SearchAction","target":{"@type":"EntryPoint","urlTemplate":"https:\/\/iwdev.se\/vatgas\/?s={search_term_string}"},"query-input":{"@type":"PropertyValueSpecification","valueRequired":true,"valueName":"search_term_string"}}],"inLanguage":"sv-SE"},{"@type":"Organization","@id":"https:\/\/iwdev.se\/vatgas\/#organization","name":"V\u00e4tgas Sverige","url":"https:\/\/iwdev.se\/vatgas\/","logo":{"@type":"ImageObject","inLanguage":"sv-SE","@id":"https:\/\/iwdev.se\/vatgas\/#\/schema\/logo\/image\/","url":"https:\/\/iwdev.se\/vatgas\/wp-content\/uploads\/2022\/06\/LOGO.png","contentUrl":"https:\/\/iwdev.se\/vatgas\/wp-content\/uploads\/2022\/06\/LOGO.png","width":240,"height":147,"caption":"V\u00e4tgas Sverige"},"image":{"@id":"https:\/\/iwdev.se\/vatgas\/#\/schema\/logo\/image\/"}},{"@type":"Person","@id":"https:\/\/iwdev.se\/vatgas\/#\/schema\/person\/8cc2f1473867b95de7c82567e7e9e0d0","name":"Charlotte Blomberg","url":"https:\/\/iwdev.se\/vatgas\/author\/chablo\/"}]}},"_links":{"self":[{"href":"https:\/\/iwdev.se\/vatgas\/wp-json\/wp\/v2\/posts\/17021","targetHints":{"allow":["GET"]}}],"collection":[{"href":"https:\/\/iwdev.se\/vatgas\/wp-json\/wp\/v2\/posts"}],"about":[{"href":"https:\/\/iwdev.se\/vatgas\/wp-json\/wp\/v2\/types\/post"}],"author":[{"embeddable":true,"href":"https:\/\/iwdev.se\/vatgas\/wp-json\/wp\/v2\/users\/3"}],"replies":[{"embeddable":true,"href":"https:\/\/iwdev.se\/vatgas\/wp-json\/wp\/v2\/comments?post=17021"}],"version-history":[{"count":5,"href":"https:\/\/iwdev.se\/vatgas\/wp-json\/wp\/v2\/posts\/17021\/revisions"}],"predecessor-version":[{"id":17243,"href":"https:\/\/iwdev.se\/vatgas\/wp-json\/wp\/v2\/posts\/17021\/revisions\/17243"}],"wp:featuredmedia":[{"embeddable":true,"href":"https:\/\/iwdev.se\/vatgas\/wp-json\/wp\/v2\/media\/17017"}],"wp:attachment":[{"href":"https:\/\/iwdev.se\/vatgas\/wp-json\/wp\/v2\/media?parent=17021"}],"wp:term":[{"taxonomy":"category","embeddable":true,"href":"https:\/\/iwdev.se\/vatgas\/wp-json\/wp\/v2\/categories?post=17021"},{"taxonomy":"post_tag","embeddable":true,"href":"https:\/\/iwdev.se\/vatgas\/wp-json\/wp\/v2\/tags?post=17021"}],"curies":[{"name":"wp","href":"https:\/\/api.w.org\/{rel}","templated":true}]}}