{"id":17457,"date":"2022-11-25T15:01:32","date_gmt":"2022-11-25T15:01:32","guid":{"rendered":"https:\/\/vatgas.hemsida.eu\/?p=17457"},"modified":"2022-11-25T15:02:59","modified_gmt":"2022-11-25T15:02:59","slug":"metacon-undertecknar-mou-for-demonstration-av-gron-vatgas-fran-biogas","status":"publish","type":"post","link":"https:\/\/iwdev.se\/vatgas\/2022\/11\/25\/metacon-undertecknar-mou-for-demonstration-av-gron-vatgas-fran-biogas\/","title":{"rendered":"Metacon undertecknar MoU f\u00f6r demonstration av gr\u00f6n v\u00e4tgas fr\u00e5n biogas"},"content":{"rendered":"<p><span class=\"Apple-converted-space\">\u00a0<\/span><b>Metacon har tecknat ett Memorandum of Understanding (MoU) med Abwasserverband Kempten (Allg\u00e4u) (&#8221;AVKE&#8221;), baserat i Kempten, Tyskland om samarbete inom lokal, eln\u00e4tsoberoende gr\u00f6n v\u00e4tgasproduktion fr\u00e5n biogas med avloppsvatten som metank\u00e4lla. Ett v\u00e4tgascenter kommer att byggas p\u00e5 platsen f\u00f6r AVKE till vilket Metacon kommer att leverera en medelstor HHG-v\u00e4tgasgenerator som, efter godk\u00e4nnande, kommer att tas i drift sommaren 2023 f\u00f6r att producera icke-fossil v\u00e4tgas fr\u00e5n biogas.<span class=\"Apple-converted-space\">\u00a0<\/span><\/b><\/p>\n<p>I kvartalsrapporten f\u00f6r Q3 meddelade Metacon ett \u00f6kat strategiskt fokus p\u00e5 HHG-produktlinjen och m\u00f6jligheten att introducera n\u00e4toberoende, lokal gr\u00f6n v\u00e4tgasproduktion fr\u00e5n biogas \u00f6ver hela Europa. Kort d\u00e4refter tillk\u00e4nnagav Metacon CE-m\u00e4rkningen av den f\u00f6rsta modellen i HHG-serien, HHG 40. Metacon tar nu n\u00e4sta viktiga steg i bolagets lanseringsplan med ett strategiskt partnerskap f\u00f6r praktisk demonstration f\u00f6r kunder p\u00e5 den viktiga tyska marknaden.<span class=\"Apple-converted-space\">\u00a0<\/span><\/p>\n<p>Syftet med samarbetet \u00e4r att etablera en demonstrationsanl\u00e4ggning och &#8221;spotlight-projekt&#8221; inom omr\u00e5det eln\u00e4toberoende, lokal gr\u00f6n v\u00e4tgasproduktion. I samma process kommer ett v\u00e4tgascentrum att byggas p\u00e5 AVKE:s anl\u00e4ggning. H\u00e4r, f\u00f6rutom v\u00e4tgasproduktion, kommer olika v\u00e4tgasapplikationer \u00e4ven att utforskas inom ett br\u00e4nslecellstestlaboratorium vid Kempten University of Applied Sciences. Projektkontor \u00e4r f\u00f6r n\u00e4rvarande under uppbyggnad.<span class=\"Apple-converted-space\">\u00a0<\/span><\/p>\n<p>Christer Wikner, VD, Metacon AB (publ), kommenterade: &#8221;Vi \u00e4r oerh\u00f6rt glada \u00f6ver att ha g\u00e5tt samman med en s\u00e5dan h\u00e4r professionellt f\u00f6rvaltad och innovativ anl\u00e4ggning f\u00f6r f\u00f6rnybar energi, f\u00f6r att demonstrera och ytterligare utforska den enorma potentialen f\u00f6r oberoende ren energi- och br\u00e4nsleproduktion i Tyskland. M\u00f6jligheterna med gr\u00f6n v\u00e4tgas f\u00f6r energi- och br\u00e4nsleomst\u00e4llningen och v\u00e5ra framtida samh\u00e4llen kan inte nog betonas. Vi tror att demonstrationssamarbetet i Kempten kan visa v\u00e4gen f\u00f6r m\u00e5nga andra liknande biogasanl\u00e4ggningar i Tyskland och resten av Europa f\u00f6r att utvecklas mot gr\u00f6n v\u00e4tgasproduktion, med i m\u00e5nga fall \u00e4ven nya lokala tankstationer.\u201d<span class=\"Apple-converted-space\">\u00a0<\/span><\/p>\n<p>L\u00e4s hela Pressreleasen fr\u00e5n Metacon <a href=\"https:\/\/metacon.se\/metacon-and-wastewater-treatment-plant-abwasserverband-kempten-allgau-sign-mou-for-demonstrating-the-biogas-to-green-hydrogen-opportunity-for-germany-and-the-world\/\">h\u00e4r!<\/a><\/p>\n","protected":false},"excerpt":{"rendered":"<p>\u00a0Metacon har tecknat ett Memorandum of Understanding (MoU) med Abwasserverband Kempten (Allg\u00e4u) (&#8221;AVKE&#8221;), baserat i Kempten, Tyskland om samarbete inom lokal, eln\u00e4tsoberoende gr\u00f6n v\u00e4tgasproduktion fr\u00e5n biogas med avloppsvatten som metank\u00e4lla. Ett v\u00e4tgascenter kommer att byggas p\u00e5 platsen f\u00f6r AVKE till vilket Metacon kommer att leverera en medelstor HHG-v\u00e4tgasgenerator som, efter godk\u00e4nnande, kommer att tas i <a class=\"moretag\" href=\"https:\/\/iwdev.se\/vatgas\/2022\/11\/25\/metacon-undertecknar-mou-for-demonstration-av-gron-vatgas-fran-biogas\/\">[&#8230;]<\/a><\/p>\n","protected":false},"author":3,"featured_media":0,"comment_status":"closed","ping_status":"closed","sticky":false,"template":"","format":"standard","meta":{"_acf_changed":false,"footnotes":""},"categories":[12,10],"tags":[173],"class_list":["post-17457","post","type-post","status-publish","format-standard","hentry","category-nyheter","category-medlemsnytt","tag-metacon"],"acf":[],"yoast_head":"<!-- This site is optimized with the Yoast SEO Premium plugin v26.4 (Yoast SEO v27.4) - https:\/\/yoast.com\/product\/yoast-seo-premium-wordpress\/ -->\n<title>Metacon undertecknar MoU f\u00f6r demonstration av gr\u00f6n v\u00e4tgas fr\u00e5n biogas - V\u00e4tgas Sverige<\/title>\n<meta name=\"robots\" content=\"noindex, follow, max-snippet:-1, max-image-preview:large, max-video-preview:-1\" \/>\n<meta property=\"og:locale\" content=\"sv_SE\" \/>\n<meta property=\"og:type\" content=\"article\" \/>\n<meta property=\"og:title\" content=\"Metacon undertecknar MoU f\u00f6r demonstration av gr\u00f6n v\u00e4tgas fr\u00e5n biogas\" \/>\n<meta property=\"og:description\" content=\"\u00a0Metacon har tecknat ett Memorandum of Understanding (MoU) med Abwasserverband Kempten (Allg\u00e4u) (&#8221;AVKE&#8221;), baserat i Kempten, Tyskland om samarbete inom lokal, eln\u00e4tsoberoende gr\u00f6n v\u00e4tgasproduktion fr\u00e5n biogas med avloppsvatten som metank\u00e4lla. Ett v\u00e4tgascenter kommer att byggas p\u00e5 platsen f\u00f6r AVKE till vilket Metacon kommer att leverera en medelstor HHG-v\u00e4tgasgenerator som, efter godk\u00e4nnande, kommer att tas i [...]\" \/>\n<meta property=\"og:url\" content=\"https:\/\/iwdev.se\/vatgas\/2022\/11\/25\/metacon-undertecknar-mou-for-demonstration-av-gron-vatgas-fran-biogas\/\" \/>\n<meta property=\"og:site_name\" content=\"V\u00e4tgas Sverige\" \/>\n<meta property=\"article:published_time\" content=\"2022-11-25T15:01:32+00:00\" \/>\n<meta property=\"article:modified_time\" content=\"2022-11-25T15:02:59+00:00\" \/>\n<meta name=\"author\" content=\"Charlotte Blomberg\" \/>\n<meta name=\"twitter:card\" content=\"summary_large_image\" \/>\n<meta name=\"twitter:label1\" content=\"Skriven av\" \/>\n\t<meta name=\"twitter:data1\" content=\"Charlotte Blomberg\" \/>\n\t<meta name=\"twitter:label2\" content=\"Ber\u00e4knad l\u00e4stid\" \/>\n\t<meta name=\"twitter:data2\" content=\"2 minuter\" \/>\n<script type=\"application\/ld+json\" class=\"yoast-schema-graph\">{\"@context\":\"https:\\\/\\\/schema.org\",\"@graph\":[{\"@type\":\"Article\",\"@id\":\"https:\\\/\\\/iwdev.se\\\/vatgas\\\/2022\\\/11\\\/25\\\/metacon-undertecknar-mou-for-demonstration-av-gron-vatgas-fran-biogas\\\/#article\",\"isPartOf\":{\"@id\":\"https:\\\/\\\/iwdev.se\\\/vatgas\\\/2022\\\/11\\\/25\\\/metacon-undertecknar-mou-for-demonstration-av-gron-vatgas-fran-biogas\\\/\"},\"author\":{\"name\":\"Charlotte Blomberg\",\"@id\":\"https:\\\/\\\/iwdev.se\\\/vatgas\\\/#\\\/schema\\\/person\\\/8cc2f1473867b95de7c82567e7e9e0d0\"},\"headline\":\"Metacon undertecknar MoU f\u00f6r demonstration av gr\u00f6n v\u00e4tgas fr\u00e5n biogas\",\"datePublished\":\"2022-11-25T15:01:32+00:00\",\"dateModified\":\"2022-11-25T15:02:59+00:00\",\"mainEntityOfPage\":{\"@id\":\"https:\\\/\\\/iwdev.se\\\/vatgas\\\/2022\\\/11\\\/25\\\/metacon-undertecknar-mou-for-demonstration-av-gron-vatgas-fran-biogas\\\/\"},\"wordCount\":361,\"publisher\":{\"@id\":\"https:\\\/\\\/iwdev.se\\\/vatgas\\\/#organization\"},\"keywords\":[\"Metacon\"],\"articleSection\":[\"Nyheter\",\"Medlemsnytt\"],\"inLanguage\":\"sv-SE\"},{\"@type\":\"WebPage\",\"@id\":\"https:\\\/\\\/iwdev.se\\\/vatgas\\\/2022\\\/11\\\/25\\\/metacon-undertecknar-mou-for-demonstration-av-gron-vatgas-fran-biogas\\\/\",\"url\":\"https:\\\/\\\/iwdev.se\\\/vatgas\\\/2022\\\/11\\\/25\\\/metacon-undertecknar-mou-for-demonstration-av-gron-vatgas-fran-biogas\\\/\",\"name\":\"Metacon undertecknar MoU f\u00f6r demonstration av gr\u00f6n v\u00e4tgas fr\u00e5n biogas - V\u00e4tgas Sverige\",\"isPartOf\":{\"@id\":\"https:\\\/\\\/iwdev.se\\\/vatgas\\\/#website\"},\"datePublished\":\"2022-11-25T15:01:32+00:00\",\"dateModified\":\"2022-11-25T15:02:59+00:00\",\"breadcrumb\":{\"@id\":\"https:\\\/\\\/iwdev.se\\\/vatgas\\\/2022\\\/11\\\/25\\\/metacon-undertecknar-mou-for-demonstration-av-gron-vatgas-fran-biogas\\\/#breadcrumb\"},\"inLanguage\":\"sv-SE\",\"potentialAction\":[{\"@type\":\"ReadAction\",\"target\":[\"https:\\\/\\\/iwdev.se\\\/vatgas\\\/2022\\\/11\\\/25\\\/metacon-undertecknar-mou-for-demonstration-av-gron-vatgas-fran-biogas\\\/\"]}]},{\"@type\":\"BreadcrumbList\",\"@id\":\"https:\\\/\\\/iwdev.se\\\/vatgas\\\/2022\\\/11\\\/25\\\/metacon-undertecknar-mou-for-demonstration-av-gron-vatgas-fran-biogas\\\/#breadcrumb\",\"itemListElement\":[{\"@type\":\"ListItem\",\"position\":1,\"name\":\"Home\",\"item\":\"https:\\\/\\\/iwdev.se\\\/vatgas\\\/\"},{\"@type\":\"ListItem\",\"position\":2,\"name\":\"Metacon undertecknar MoU f\u00f6r demonstration av gr\u00f6n v\u00e4tgas fr\u00e5n biogas\"}]},{\"@type\":\"WebSite\",\"@id\":\"https:\\\/\\\/iwdev.se\\\/vatgas\\\/#website\",\"url\":\"https:\\\/\\\/iwdev.se\\\/vatgas\\\/\",\"name\":\"V\u00e4tgas Sverige\",\"description\":\"En ledande plattform f\u00f6r omst\u00e4llningen till fossilfrihet\",\"publisher\":{\"@id\":\"https:\\\/\\\/iwdev.se\\\/vatgas\\\/#organization\"},\"potentialAction\":[{\"@type\":\"SearchAction\",\"target\":{\"@type\":\"EntryPoint\",\"urlTemplate\":\"https:\\\/\\\/iwdev.se\\\/vatgas\\\/?s={search_term_string}\"},\"query-input\":{\"@type\":\"PropertyValueSpecification\",\"valueRequired\":true,\"valueName\":\"search_term_string\"}}],\"inLanguage\":\"sv-SE\"},{\"@type\":\"Organization\",\"@id\":\"https:\\\/\\\/iwdev.se\\\/vatgas\\\/#organization\",\"name\":\"V\u00e4tgas Sverige\",\"url\":\"https:\\\/\\\/iwdev.se\\\/vatgas\\\/\",\"logo\":{\"@type\":\"ImageObject\",\"inLanguage\":\"sv-SE\",\"@id\":\"https:\\\/\\\/iwdev.se\\\/vatgas\\\/#\\\/schema\\\/logo\\\/image\\\/\",\"url\":\"https:\\\/\\\/iwdev.se\\\/vatgas\\\/wp-content\\\/uploads\\\/2022\\\/06\\\/LOGO.png\",\"contentUrl\":\"https:\\\/\\\/iwdev.se\\\/vatgas\\\/wp-content\\\/uploads\\\/2022\\\/06\\\/LOGO.png\",\"width\":240,\"height\":147,\"caption\":\"V\u00e4tgas Sverige\"},\"image\":{\"@id\":\"https:\\\/\\\/iwdev.se\\\/vatgas\\\/#\\\/schema\\\/logo\\\/image\\\/\"}},{\"@type\":\"Person\",\"@id\":\"https:\\\/\\\/iwdev.se\\\/vatgas\\\/#\\\/schema\\\/person\\\/8cc2f1473867b95de7c82567e7e9e0d0\",\"name\":\"Charlotte Blomberg\",\"url\":\"https:\\\/\\\/iwdev.se\\\/vatgas\\\/author\\\/chablo\\\/\"}]}<\/script>\n<!-- \/ Yoast SEO Premium plugin. -->","yoast_head_json":{"title":"Metacon undertecknar MoU f\u00f6r demonstration av gr\u00f6n v\u00e4tgas fr\u00e5n biogas - V\u00e4tgas Sverige","robots":{"index":"noindex","follow":"follow","max-snippet":"max-snippet:-1","max-image-preview":"max-image-preview:large","max-video-preview":"max-video-preview:-1"},"og_locale":"sv_SE","og_type":"article","og_title":"Metacon undertecknar MoU f\u00f6r demonstration av gr\u00f6n v\u00e4tgas fr\u00e5n biogas","og_description":"\u00a0Metacon har tecknat ett Memorandum of Understanding (MoU) med Abwasserverband Kempten (Allg\u00e4u) (&#8221;AVKE&#8221;), baserat i Kempten, Tyskland om samarbete inom lokal, eln\u00e4tsoberoende gr\u00f6n v\u00e4tgasproduktion fr\u00e5n biogas med avloppsvatten som metank\u00e4lla. Ett v\u00e4tgascenter kommer att byggas p\u00e5 platsen f\u00f6r AVKE till vilket Metacon kommer att leverera en medelstor HHG-v\u00e4tgasgenerator som, efter godk\u00e4nnande, kommer att tas i [...]","og_url":"https:\/\/iwdev.se\/vatgas\/2022\/11\/25\/metacon-undertecknar-mou-for-demonstration-av-gron-vatgas-fran-biogas\/","og_site_name":"V\u00e4tgas Sverige","article_published_time":"2022-11-25T15:01:32+00:00","article_modified_time":"2022-11-25T15:02:59+00:00","author":"Charlotte Blomberg","twitter_card":"summary_large_image","twitter_misc":{"Skriven av":"Charlotte Blomberg","Ber\u00e4knad l\u00e4stid":"2 minuter"},"schema":{"@context":"https:\/\/schema.org","@graph":[{"@type":"Article","@id":"https:\/\/iwdev.se\/vatgas\/2022\/11\/25\/metacon-undertecknar-mou-for-demonstration-av-gron-vatgas-fran-biogas\/#article","isPartOf":{"@id":"https:\/\/iwdev.se\/vatgas\/2022\/11\/25\/metacon-undertecknar-mou-for-demonstration-av-gron-vatgas-fran-biogas\/"},"author":{"name":"Charlotte Blomberg","@id":"https:\/\/iwdev.se\/vatgas\/#\/schema\/person\/8cc2f1473867b95de7c82567e7e9e0d0"},"headline":"Metacon undertecknar MoU f\u00f6r demonstration av gr\u00f6n v\u00e4tgas fr\u00e5n biogas","datePublished":"2022-11-25T15:01:32+00:00","dateModified":"2022-11-25T15:02:59+00:00","mainEntityOfPage":{"@id":"https:\/\/iwdev.se\/vatgas\/2022\/11\/25\/metacon-undertecknar-mou-for-demonstration-av-gron-vatgas-fran-biogas\/"},"wordCount":361,"publisher":{"@id":"https:\/\/iwdev.se\/vatgas\/#organization"},"keywords":["Metacon"],"articleSection":["Nyheter","Medlemsnytt"],"inLanguage":"sv-SE"},{"@type":"WebPage","@id":"https:\/\/iwdev.se\/vatgas\/2022\/11\/25\/metacon-undertecknar-mou-for-demonstration-av-gron-vatgas-fran-biogas\/","url":"https:\/\/iwdev.se\/vatgas\/2022\/11\/25\/metacon-undertecknar-mou-for-demonstration-av-gron-vatgas-fran-biogas\/","name":"Metacon undertecknar MoU f\u00f6r demonstration av gr\u00f6n v\u00e4tgas fr\u00e5n biogas - V\u00e4tgas Sverige","isPartOf":{"@id":"https:\/\/iwdev.se\/vatgas\/#website"},"datePublished":"2022-11-25T15:01:32+00:00","dateModified":"2022-11-25T15:02:59+00:00","breadcrumb":{"@id":"https:\/\/iwdev.se\/vatgas\/2022\/11\/25\/metacon-undertecknar-mou-for-demonstration-av-gron-vatgas-fran-biogas\/#breadcrumb"},"inLanguage":"sv-SE","potentialAction":[{"@type":"ReadAction","target":["https:\/\/iwdev.se\/vatgas\/2022\/11\/25\/metacon-undertecknar-mou-for-demonstration-av-gron-vatgas-fran-biogas\/"]}]},{"@type":"BreadcrumbList","@id":"https:\/\/iwdev.se\/vatgas\/2022\/11\/25\/metacon-undertecknar-mou-for-demonstration-av-gron-vatgas-fran-biogas\/#breadcrumb","itemListElement":[{"@type":"ListItem","position":1,"name":"Home","item":"https:\/\/iwdev.se\/vatgas\/"},{"@type":"ListItem","position":2,"name":"Metacon undertecknar MoU f\u00f6r demonstration av gr\u00f6n v\u00e4tgas fr\u00e5n biogas"}]},{"@type":"WebSite","@id":"https:\/\/iwdev.se\/vatgas\/#website","url":"https:\/\/iwdev.se\/vatgas\/","name":"V\u00e4tgas Sverige","description":"En ledande plattform f\u00f6r omst\u00e4llningen till fossilfrihet","publisher":{"@id":"https:\/\/iwdev.se\/vatgas\/#organization"},"potentialAction":[{"@type":"SearchAction","target":{"@type":"EntryPoint","urlTemplate":"https:\/\/iwdev.se\/vatgas\/?s={search_term_string}"},"query-input":{"@type":"PropertyValueSpecification","valueRequired":true,"valueName":"search_term_string"}}],"inLanguage":"sv-SE"},{"@type":"Organization","@id":"https:\/\/iwdev.se\/vatgas\/#organization","name":"V\u00e4tgas Sverige","url":"https:\/\/iwdev.se\/vatgas\/","logo":{"@type":"ImageObject","inLanguage":"sv-SE","@id":"https:\/\/iwdev.se\/vatgas\/#\/schema\/logo\/image\/","url":"https:\/\/iwdev.se\/vatgas\/wp-content\/uploads\/2022\/06\/LOGO.png","contentUrl":"https:\/\/iwdev.se\/vatgas\/wp-content\/uploads\/2022\/06\/LOGO.png","width":240,"height":147,"caption":"V\u00e4tgas Sverige"},"image":{"@id":"https:\/\/iwdev.se\/vatgas\/#\/schema\/logo\/image\/"}},{"@type":"Person","@id":"https:\/\/iwdev.se\/vatgas\/#\/schema\/person\/8cc2f1473867b95de7c82567e7e9e0d0","name":"Charlotte Blomberg","url":"https:\/\/iwdev.se\/vatgas\/author\/chablo\/"}]}},"_links":{"self":[{"href":"https:\/\/iwdev.se\/vatgas\/wp-json\/wp\/v2\/posts\/17457","targetHints":{"allow":["GET"]}}],"collection":[{"href":"https:\/\/iwdev.se\/vatgas\/wp-json\/wp\/v2\/posts"}],"about":[{"href":"https:\/\/iwdev.se\/vatgas\/wp-json\/wp\/v2\/types\/post"}],"author":[{"embeddable":true,"href":"https:\/\/iwdev.se\/vatgas\/wp-json\/wp\/v2\/users\/3"}],"replies":[{"embeddable":true,"href":"https:\/\/iwdev.se\/vatgas\/wp-json\/wp\/v2\/comments?post=17457"}],"version-history":[{"count":1,"href":"https:\/\/iwdev.se\/vatgas\/wp-json\/wp\/v2\/posts\/17457\/revisions"}],"predecessor-version":[{"id":17458,"href":"https:\/\/iwdev.se\/vatgas\/wp-json\/wp\/v2\/posts\/17457\/revisions\/17458"}],"wp:attachment":[{"href":"https:\/\/iwdev.se\/vatgas\/wp-json\/wp\/v2\/media?parent=17457"}],"wp:term":[{"taxonomy":"category","embeddable":true,"href":"https:\/\/iwdev.se\/vatgas\/wp-json\/wp\/v2\/categories?post=17457"},{"taxonomy":"post_tag","embeddable":true,"href":"https:\/\/iwdev.se\/vatgas\/wp-json\/wp\/v2\/tags?post=17457"}],"curies":[{"name":"wp","href":"https:\/\/api.w.org\/{rel}","templated":true}]}}