{"id":17789,"date":"2023-02-13T15:15:16","date_gmt":"2023-02-13T15:15:16","guid":{"rendered":"https:\/\/vatgas.hemsida.eu\/?p=17789"},"modified":"2023-02-13T15:16:06","modified_gmt":"2023-02-13T15:16:06","slug":"delegerad-akt-om-additionalitet-har-antligen-antagits","status":"publish","type":"post","link":"https:\/\/iwdev.se\/vatgas\/2023\/02\/13\/delegerad-akt-om-additionalitet-har-antligen-antagits\/","title":{"rendered":"Delegerad akt om additionalitet har \u00e4ntligen antagits"},"content":{"rendered":"\n<p>Europeiska kommissionen har \u00e4ntligen publicerat den delegerade akten om additionalitet. Definitionen \u00e4r nyckeln f\u00f6r att avg\u00f6ra att de f\u00f6reslagna m\u00e5len i Direktivet om F\u00f6rnybar Energi efterlevs. M\u00e5l som skulle f\u00e5 industri- och transportsektorer att successivt ers\u00e4tta gr\u00e5tt v\u00e4te med gr\u00f6nt v\u00e4te samt skapa nya marknader.<\/p>\n\n\n\n<p>Det har tagit \u00f6ver tre \u00e5r f\u00f6r EU-kommissionen att tillhandah\u00e5lla ett ramverk som definierar f\u00f6rnybart v\u00e4te och v\u00e4tebaserade br\u00e4nslen. Processen har varit l\u00e5ng och oj\u00e4mn, men tillk\u00e4nnagivandet v\u00e4lkomnas av v\u00e4tgassektorn, som ivrigt har v\u00e4ntat p\u00e5 att reglerna ska fastst\u00e4llas s\u00e5 att f\u00f6retag ska kunna slutf\u00f6ra investeringsbeslut och aff\u00e4rsmodeller.<\/p>\n\n\n\n<blockquote class=\"wp-block-quote is-layout-flow wp-block-quote-is-layout-flow\">\n<p>&#8221;En l\u00e5ngt ifr\u00e5n perfekt reglering \u00e4r b\u00e4ttre \u00e4n ingen reglering alls. \u00c4ntligen finns det klarhet f\u00f6r industrin och investerarna och Europa kan kickstarta marknaden f\u00f6r f\u00f6rnybart v\u00e4te. Detta kommer vid en kritisk tid, med USA som s\u00e4tter ett mycket h\u00f6gt riktm\u00e4rke med sina produktionsskatteavdrag, i form av Inflation Reduction Act, och lockar fler och fler investeringar mot deras rena v\u00e4tgasmarknad.&#8221;<\/p>\n<cite>Jorgo Chatzimarkakis, VD Hydrogen Europe <\/cite><\/blockquote>\n\n\n\n<p><\/p>\n\n\n\n<p>Denna nya f\u00f6rordning kr\u00e4ver att f\u00f6rnybart v\u00e4te uteslutande produceras med ytterligare f\u00f6rnybara kraftk\u00e4llor, och att v\u00e4tgasen endast produceras under de timmar som den f\u00f6rnybara energitillg\u00e5ngen producerar el (timm\u00e4ssig tidsm\u00e4ssig korrelation), och endast i det omr\u00e5de d\u00e4r den f\u00f6rnybara eltillg\u00e5ngen \u00e4r bel\u00e4gen (geografisk korrelation). Dessa strikta regler kan uppfyllas, men kommer oundvikligen att g\u00f6ra gr\u00f6na v\u00e4tgasprojekt dyrare och kommer att begr\u00e4nsa dess expansionspotential, vilket minskar de positiva effekterna av stordriftsf\u00f6rdelar och p\u00e5verkar Europas f\u00f6rm\u00e5ga att uppn\u00e5 de m\u00e5l som st\u00e4llts upp i RepowerEU. Regeringarnas roll kommer att vara avg\u00f6rande f\u00f6r att st\u00f6dja denna sektor och minska prisgapet mellan f\u00f6rnybart och konventionellt v\u00e4te.<\/p>\n\n\n\n<p>&#8221;Tack vare Europaparlamentets engagemang har m\u00e5nga parametrar f\u00f6rb\u00e4ttrats avsev\u00e4rt&#8221;, sa Chatzimarkakis. &#8221;Europeiska kommissionen kommer att genomf\u00f6ra en \u00f6versynsprocess senast 2028 om inf\u00f6randet av timtidskorrelation fr\u00e5n 2030, och s\u00e5 skulle den m\u00f6jligen kunna undvika att behandla f\u00f6rnybart v\u00e4te oj\u00e4mlikt med n\u00e5gon annan elf\u00f6rbrukande sektor&#8221;, tillade han.<\/p>\n\n\n\n<p>Viktigt \u00e4r att f\u00f6rordningen ocks\u00e5 kommer med en \u00f6verg\u00e5ngsperiod, vilket g\u00f6r att s.k \u201dfirstmovers\u201d kan undantas fr\u00e5n additionalitet fram till 2038 f\u00f6r installation som togs i drift f\u00f6re 2028, n\u00e5got som verkligen beh\u00f6vs f\u00f6r att f\u00e5 ig\u00e5ng sektorn.<\/p>\n\n\n\n<p>V\u00e4tgas Sveriges VD, Bj\u00f6rn Aronsson menar att det \u00e4r synd att man vill \u00f6verreglera den rena v\u00e4tgasen som beh\u00f6vs i v\u00e5r industri, energisystem, transportsektor m.m. <\/p>\n\n\n\n<blockquote class=\"wp-block-quote is-layout-flow wp-block-quote-is-layout-flow\">\n<p>&#8221;Det finns \u00e4nd\u00e5 ett relativt stort man\u00f6verutrymme fram till 2038 f\u00f6r de som bygger r\u00e4tt idag och vid den tiden \u00e4r marknaden och dess mekanismer och verktyg mer utvecklade s\u00e5 man kommer \u00e4nd\u00e5 att ha gjort ett bra val.&#8221;<\/p>\n<cite>Bj\u00f6rn Aronsson, VD V\u00e4tgas Sverige<\/cite><\/blockquote>\n\n\n\n<p><\/p>\n\n\n\n<p>F\u00f6r mer information:<\/p>\n\n\n\n<ul class=\"wp-block-list\">\n<li>European Commission press corner:&nbsp;<a href=\"https:\/\/ec.europa.eu\/commission\/presscorner\/detail\/en\/ip_23_594\" target=\"_blank\" rel=\"noreferrer noopener\">Commission sets out rules for renewable hydrogen<\/a><\/li>\n<\/ul>\n","protected":false},"excerpt":{"rendered":"<p>Europeiska kommissionen har \u00e4ntligen publicerat den delegerade akten om additionalitet. Definitionen \u00e4r nyckeln f\u00f6r att avg\u00f6ra att de f\u00f6reslagna m\u00e5len i Direktivet om F\u00f6rnybar Energi efterlevs. M\u00e5l som skulle f\u00e5 industri- och transportsektorer att successivt ers\u00e4tta gr\u00e5tt v\u00e4te med gr\u00f6nt v\u00e4te samt skapa nya marknader. Det har tagit \u00f6ver tre \u00e5r f\u00f6r EU-kommissionen att tillhandah\u00e5lla <a class=\"moretag\" href=\"https:\/\/iwdev.se\/vatgas\/2023\/02\/13\/delegerad-akt-om-additionalitet-har-antligen-antagits\/\">[&#8230;]<\/a><\/p>\n","protected":false},"author":3,"featured_media":17791,"comment_status":"closed","ping_status":"closed","sticky":false,"template":"","format":"standard","meta":{"_acf_changed":false,"footnotes":""},"categories":[12],"tags":[],"class_list":["post-17789","post","type-post","status-publish","format-standard","has-post-thumbnail","hentry","category-nyheter"],"acf":[],"yoast_head":"<!-- This site is optimized with the Yoast SEO Premium plugin v26.4 (Yoast SEO v27.4) - https:\/\/yoast.com\/product\/yoast-seo-premium-wordpress\/ -->\n<title>Delegerad akt om additionalitet har \u00e4ntligen antagits - V\u00e4tgas Sverige<\/title>\n<meta name=\"robots\" content=\"noindex, follow, max-snippet:-1, max-image-preview:large, max-video-preview:-1\" \/>\n<meta property=\"og:locale\" content=\"sv_SE\" \/>\n<meta property=\"og:type\" content=\"article\" \/>\n<meta property=\"og:title\" content=\"Delegerad akt om additionalitet har \u00e4ntligen antagits\" \/>\n<meta property=\"og:description\" content=\"Europeiska kommissionen har \u00e4ntligen publicerat den delegerade akten om additionalitet. Definitionen \u00e4r nyckeln f\u00f6r att avg\u00f6ra att de f\u00f6reslagna m\u00e5len i Direktivet om F\u00f6rnybar Energi efterlevs. M\u00e5l som skulle f\u00e5 industri- och transportsektorer att successivt ers\u00e4tta gr\u00e5tt v\u00e4te med gr\u00f6nt v\u00e4te samt skapa nya marknader. Det har tagit \u00f6ver tre \u00e5r f\u00f6r EU-kommissionen att tillhandah\u00e5lla [...]\" \/>\n<meta property=\"og:url\" content=\"https:\/\/iwdev.se\/vatgas\/2023\/02\/13\/delegerad-akt-om-additionalitet-har-antligen-antagits\/\" \/>\n<meta property=\"og:site_name\" content=\"V\u00e4tgas Sverige\" \/>\n<meta property=\"article:published_time\" content=\"2023-02-13T15:15:16+00:00\" \/>\n<meta property=\"article:modified_time\" content=\"2023-02-13T15:16:06+00:00\" \/>\n<meta property=\"og:image\" content=\"https:\/\/iwdev.se\/vatgas\/wp-content\/uploads\/2023\/02\/Skarmavbild-2023-02-13-kl.-16.13.34.png\" \/>\n\t<meta property=\"og:image:width\" content=\"864\" \/>\n\t<meta property=\"og:image:height\" content=\"488\" \/>\n\t<meta property=\"og:image:type\" content=\"image\/png\" \/>\n<meta name=\"author\" content=\"Charlotte Blomberg\" \/>\n<meta name=\"twitter:card\" content=\"summary_large_image\" \/>\n<meta name=\"twitter:label1\" content=\"Skriven av\" \/>\n\t<meta name=\"twitter:data1\" content=\"Charlotte Blomberg\" \/>\n\t<meta name=\"twitter:label2\" content=\"Ber\u00e4knad l\u00e4stid\" \/>\n\t<meta name=\"twitter:data2\" content=\"3 minuter\" \/>\n<script type=\"application\/ld+json\" class=\"yoast-schema-graph\">{\"@context\":\"https:\\\/\\\/schema.org\",\"@graph\":[{\"@type\":\"Article\",\"@id\":\"https:\\\/\\\/iwdev.se\\\/vatgas\\\/2023\\\/02\\\/13\\\/delegerad-akt-om-additionalitet-har-antligen-antagits\\\/#article\",\"isPartOf\":{\"@id\":\"https:\\\/\\\/iwdev.se\\\/vatgas\\\/2023\\\/02\\\/13\\\/delegerad-akt-om-additionalitet-har-antligen-antagits\\\/\"},\"author\":{\"name\":\"Charlotte Blomberg\",\"@id\":\"https:\\\/\\\/iwdev.se\\\/vatgas\\\/#\\\/schema\\\/person\\\/8cc2f1473867b95de7c82567e7e9e0d0\"},\"headline\":\"Delegerad akt om additionalitet har \u00e4ntligen antagits\",\"datePublished\":\"2023-02-13T15:15:16+00:00\",\"dateModified\":\"2023-02-13T15:16:06+00:00\",\"mainEntityOfPage\":{\"@id\":\"https:\\\/\\\/iwdev.se\\\/vatgas\\\/2023\\\/02\\\/13\\\/delegerad-akt-om-additionalitet-har-antligen-antagits\\\/\"},\"wordCount\":533,\"publisher\":{\"@id\":\"https:\\\/\\\/iwdev.se\\\/vatgas\\\/#organization\"},\"image\":{\"@id\":\"https:\\\/\\\/iwdev.se\\\/vatgas\\\/2023\\\/02\\\/13\\\/delegerad-akt-om-additionalitet-har-antligen-antagits\\\/#primaryimage\"},\"thumbnailUrl\":\"https:\\\/\\\/iwdev.se\\\/vatgas\\\/wp-content\\\/uploads\\\/2023\\\/02\\\/Skarmavbild-2023-02-13-kl.-16.13.34.png\",\"articleSection\":[\"Nyheter\"],\"inLanguage\":\"sv-SE\"},{\"@type\":\"WebPage\",\"@id\":\"https:\\\/\\\/iwdev.se\\\/vatgas\\\/2023\\\/02\\\/13\\\/delegerad-akt-om-additionalitet-har-antligen-antagits\\\/\",\"url\":\"https:\\\/\\\/iwdev.se\\\/vatgas\\\/2023\\\/02\\\/13\\\/delegerad-akt-om-additionalitet-har-antligen-antagits\\\/\",\"name\":\"Delegerad akt om additionalitet har \u00e4ntligen antagits - V\u00e4tgas Sverige\",\"isPartOf\":{\"@id\":\"https:\\\/\\\/iwdev.se\\\/vatgas\\\/#website\"},\"primaryImageOfPage\":{\"@id\":\"https:\\\/\\\/iwdev.se\\\/vatgas\\\/2023\\\/02\\\/13\\\/delegerad-akt-om-additionalitet-har-antligen-antagits\\\/#primaryimage\"},\"image\":{\"@id\":\"https:\\\/\\\/iwdev.se\\\/vatgas\\\/2023\\\/02\\\/13\\\/delegerad-akt-om-additionalitet-har-antligen-antagits\\\/#primaryimage\"},\"thumbnailUrl\":\"https:\\\/\\\/iwdev.se\\\/vatgas\\\/wp-content\\\/uploads\\\/2023\\\/02\\\/Skarmavbild-2023-02-13-kl.-16.13.34.png\",\"datePublished\":\"2023-02-13T15:15:16+00:00\",\"dateModified\":\"2023-02-13T15:16:06+00:00\",\"breadcrumb\":{\"@id\":\"https:\\\/\\\/iwdev.se\\\/vatgas\\\/2023\\\/02\\\/13\\\/delegerad-akt-om-additionalitet-har-antligen-antagits\\\/#breadcrumb\"},\"inLanguage\":\"sv-SE\",\"potentialAction\":[{\"@type\":\"ReadAction\",\"target\":[\"https:\\\/\\\/iwdev.se\\\/vatgas\\\/2023\\\/02\\\/13\\\/delegerad-akt-om-additionalitet-har-antligen-antagits\\\/\"]}]},{\"@type\":\"ImageObject\",\"inLanguage\":\"sv-SE\",\"@id\":\"https:\\\/\\\/iwdev.se\\\/vatgas\\\/2023\\\/02\\\/13\\\/delegerad-akt-om-additionalitet-har-antligen-antagits\\\/#primaryimage\",\"url\":\"https:\\\/\\\/iwdev.se\\\/vatgas\\\/wp-content\\\/uploads\\\/2023\\\/02\\\/Skarmavbild-2023-02-13-kl.-16.13.34.png\",\"contentUrl\":\"https:\\\/\\\/iwdev.se\\\/vatgas\\\/wp-content\\\/uploads\\\/2023\\\/02\\\/Skarmavbild-2023-02-13-kl.-16.13.34.png\",\"width\":864,\"height\":488},{\"@type\":\"BreadcrumbList\",\"@id\":\"https:\\\/\\\/iwdev.se\\\/vatgas\\\/2023\\\/02\\\/13\\\/delegerad-akt-om-additionalitet-har-antligen-antagits\\\/#breadcrumb\",\"itemListElement\":[{\"@type\":\"ListItem\",\"position\":1,\"name\":\"Home\",\"item\":\"https:\\\/\\\/iwdev.se\\\/vatgas\\\/\"},{\"@type\":\"ListItem\",\"position\":2,\"name\":\"Delegerad akt om additionalitet har \u00e4ntligen antagits\"}]},{\"@type\":\"WebSite\",\"@id\":\"https:\\\/\\\/iwdev.se\\\/vatgas\\\/#website\",\"url\":\"https:\\\/\\\/iwdev.se\\\/vatgas\\\/\",\"name\":\"V\u00e4tgas Sverige\",\"description\":\"En ledande plattform f\u00f6r omst\u00e4llningen till fossilfrihet\",\"publisher\":{\"@id\":\"https:\\\/\\\/iwdev.se\\\/vatgas\\\/#organization\"},\"potentialAction\":[{\"@type\":\"SearchAction\",\"target\":{\"@type\":\"EntryPoint\",\"urlTemplate\":\"https:\\\/\\\/iwdev.se\\\/vatgas\\\/?s={search_term_string}\"},\"query-input\":{\"@type\":\"PropertyValueSpecification\",\"valueRequired\":true,\"valueName\":\"search_term_string\"}}],\"inLanguage\":\"sv-SE\"},{\"@type\":\"Organization\",\"@id\":\"https:\\\/\\\/iwdev.se\\\/vatgas\\\/#organization\",\"name\":\"V\u00e4tgas Sverige\",\"url\":\"https:\\\/\\\/iwdev.se\\\/vatgas\\\/\",\"logo\":{\"@type\":\"ImageObject\",\"inLanguage\":\"sv-SE\",\"@id\":\"https:\\\/\\\/iwdev.se\\\/vatgas\\\/#\\\/schema\\\/logo\\\/image\\\/\",\"url\":\"https:\\\/\\\/iwdev.se\\\/vatgas\\\/wp-content\\\/uploads\\\/2022\\\/06\\\/LOGO.png\",\"contentUrl\":\"https:\\\/\\\/iwdev.se\\\/vatgas\\\/wp-content\\\/uploads\\\/2022\\\/06\\\/LOGO.png\",\"width\":240,\"height\":147,\"caption\":\"V\u00e4tgas Sverige\"},\"image\":{\"@id\":\"https:\\\/\\\/iwdev.se\\\/vatgas\\\/#\\\/schema\\\/logo\\\/image\\\/\"}},{\"@type\":\"Person\",\"@id\":\"https:\\\/\\\/iwdev.se\\\/vatgas\\\/#\\\/schema\\\/person\\\/8cc2f1473867b95de7c82567e7e9e0d0\",\"name\":\"Charlotte Blomberg\",\"url\":\"https:\\\/\\\/iwdev.se\\\/vatgas\\\/author\\\/chablo\\\/\"}]}<\/script>\n<!-- \/ Yoast SEO Premium plugin. -->","yoast_head_json":{"title":"Delegerad akt om additionalitet har \u00e4ntligen antagits - V\u00e4tgas Sverige","robots":{"index":"noindex","follow":"follow","max-snippet":"max-snippet:-1","max-image-preview":"max-image-preview:large","max-video-preview":"max-video-preview:-1"},"og_locale":"sv_SE","og_type":"article","og_title":"Delegerad akt om additionalitet har \u00e4ntligen antagits","og_description":"Europeiska kommissionen har \u00e4ntligen publicerat den delegerade akten om additionalitet. Definitionen \u00e4r nyckeln f\u00f6r att avg\u00f6ra att de f\u00f6reslagna m\u00e5len i Direktivet om F\u00f6rnybar Energi efterlevs. M\u00e5l som skulle f\u00e5 industri- och transportsektorer att successivt ers\u00e4tta gr\u00e5tt v\u00e4te med gr\u00f6nt v\u00e4te samt skapa nya marknader. Det har tagit \u00f6ver tre \u00e5r f\u00f6r EU-kommissionen att tillhandah\u00e5lla [...]","og_url":"https:\/\/iwdev.se\/vatgas\/2023\/02\/13\/delegerad-akt-om-additionalitet-har-antligen-antagits\/","og_site_name":"V\u00e4tgas Sverige","article_published_time":"2023-02-13T15:15:16+00:00","article_modified_time":"2023-02-13T15:16:06+00:00","og_image":[{"width":864,"height":488,"url":"https:\/\/iwdev.se\/vatgas\/wp-content\/uploads\/2023\/02\/Skarmavbild-2023-02-13-kl.-16.13.34.png","type":"image\/png"}],"author":"Charlotte Blomberg","twitter_card":"summary_large_image","twitter_misc":{"Skriven av":"Charlotte Blomberg","Ber\u00e4knad l\u00e4stid":"3 minuter"},"schema":{"@context":"https:\/\/schema.org","@graph":[{"@type":"Article","@id":"https:\/\/iwdev.se\/vatgas\/2023\/02\/13\/delegerad-akt-om-additionalitet-har-antligen-antagits\/#article","isPartOf":{"@id":"https:\/\/iwdev.se\/vatgas\/2023\/02\/13\/delegerad-akt-om-additionalitet-har-antligen-antagits\/"},"author":{"name":"Charlotte Blomberg","@id":"https:\/\/iwdev.se\/vatgas\/#\/schema\/person\/8cc2f1473867b95de7c82567e7e9e0d0"},"headline":"Delegerad akt om additionalitet har \u00e4ntligen antagits","datePublished":"2023-02-13T15:15:16+00:00","dateModified":"2023-02-13T15:16:06+00:00","mainEntityOfPage":{"@id":"https:\/\/iwdev.se\/vatgas\/2023\/02\/13\/delegerad-akt-om-additionalitet-har-antligen-antagits\/"},"wordCount":533,"publisher":{"@id":"https:\/\/iwdev.se\/vatgas\/#organization"},"image":{"@id":"https:\/\/iwdev.se\/vatgas\/2023\/02\/13\/delegerad-akt-om-additionalitet-har-antligen-antagits\/#primaryimage"},"thumbnailUrl":"https:\/\/iwdev.se\/vatgas\/wp-content\/uploads\/2023\/02\/Skarmavbild-2023-02-13-kl.-16.13.34.png","articleSection":["Nyheter"],"inLanguage":"sv-SE"},{"@type":"WebPage","@id":"https:\/\/iwdev.se\/vatgas\/2023\/02\/13\/delegerad-akt-om-additionalitet-har-antligen-antagits\/","url":"https:\/\/iwdev.se\/vatgas\/2023\/02\/13\/delegerad-akt-om-additionalitet-har-antligen-antagits\/","name":"Delegerad akt om additionalitet har \u00e4ntligen antagits - V\u00e4tgas Sverige","isPartOf":{"@id":"https:\/\/iwdev.se\/vatgas\/#website"},"primaryImageOfPage":{"@id":"https:\/\/iwdev.se\/vatgas\/2023\/02\/13\/delegerad-akt-om-additionalitet-har-antligen-antagits\/#primaryimage"},"image":{"@id":"https:\/\/iwdev.se\/vatgas\/2023\/02\/13\/delegerad-akt-om-additionalitet-har-antligen-antagits\/#primaryimage"},"thumbnailUrl":"https:\/\/iwdev.se\/vatgas\/wp-content\/uploads\/2023\/02\/Skarmavbild-2023-02-13-kl.-16.13.34.png","datePublished":"2023-02-13T15:15:16+00:00","dateModified":"2023-02-13T15:16:06+00:00","breadcrumb":{"@id":"https:\/\/iwdev.se\/vatgas\/2023\/02\/13\/delegerad-akt-om-additionalitet-har-antligen-antagits\/#breadcrumb"},"inLanguage":"sv-SE","potentialAction":[{"@type":"ReadAction","target":["https:\/\/iwdev.se\/vatgas\/2023\/02\/13\/delegerad-akt-om-additionalitet-har-antligen-antagits\/"]}]},{"@type":"ImageObject","inLanguage":"sv-SE","@id":"https:\/\/iwdev.se\/vatgas\/2023\/02\/13\/delegerad-akt-om-additionalitet-har-antligen-antagits\/#primaryimage","url":"https:\/\/iwdev.se\/vatgas\/wp-content\/uploads\/2023\/02\/Skarmavbild-2023-02-13-kl.-16.13.34.png","contentUrl":"https:\/\/iwdev.se\/vatgas\/wp-content\/uploads\/2023\/02\/Skarmavbild-2023-02-13-kl.-16.13.34.png","width":864,"height":488},{"@type":"BreadcrumbList","@id":"https:\/\/iwdev.se\/vatgas\/2023\/02\/13\/delegerad-akt-om-additionalitet-har-antligen-antagits\/#breadcrumb","itemListElement":[{"@type":"ListItem","position":1,"name":"Home","item":"https:\/\/iwdev.se\/vatgas\/"},{"@type":"ListItem","position":2,"name":"Delegerad akt om additionalitet har \u00e4ntligen antagits"}]},{"@type":"WebSite","@id":"https:\/\/iwdev.se\/vatgas\/#website","url":"https:\/\/iwdev.se\/vatgas\/","name":"V\u00e4tgas Sverige","description":"En ledande plattform f\u00f6r omst\u00e4llningen till fossilfrihet","publisher":{"@id":"https:\/\/iwdev.se\/vatgas\/#organization"},"potentialAction":[{"@type":"SearchAction","target":{"@type":"EntryPoint","urlTemplate":"https:\/\/iwdev.se\/vatgas\/?s={search_term_string}"},"query-input":{"@type":"PropertyValueSpecification","valueRequired":true,"valueName":"search_term_string"}}],"inLanguage":"sv-SE"},{"@type":"Organization","@id":"https:\/\/iwdev.se\/vatgas\/#organization","name":"V\u00e4tgas Sverige","url":"https:\/\/iwdev.se\/vatgas\/","logo":{"@type":"ImageObject","inLanguage":"sv-SE","@id":"https:\/\/iwdev.se\/vatgas\/#\/schema\/logo\/image\/","url":"https:\/\/iwdev.se\/vatgas\/wp-content\/uploads\/2022\/06\/LOGO.png","contentUrl":"https:\/\/iwdev.se\/vatgas\/wp-content\/uploads\/2022\/06\/LOGO.png","width":240,"height":147,"caption":"V\u00e4tgas Sverige"},"image":{"@id":"https:\/\/iwdev.se\/vatgas\/#\/schema\/logo\/image\/"}},{"@type":"Person","@id":"https:\/\/iwdev.se\/vatgas\/#\/schema\/person\/8cc2f1473867b95de7c82567e7e9e0d0","name":"Charlotte Blomberg","url":"https:\/\/iwdev.se\/vatgas\/author\/chablo\/"}]}},"_links":{"self":[{"href":"https:\/\/iwdev.se\/vatgas\/wp-json\/wp\/v2\/posts\/17789","targetHints":{"allow":["GET"]}}],"collection":[{"href":"https:\/\/iwdev.se\/vatgas\/wp-json\/wp\/v2\/posts"}],"about":[{"href":"https:\/\/iwdev.se\/vatgas\/wp-json\/wp\/v2\/types\/post"}],"author":[{"embeddable":true,"href":"https:\/\/iwdev.se\/vatgas\/wp-json\/wp\/v2\/users\/3"}],"replies":[{"embeddable":true,"href":"https:\/\/iwdev.se\/vatgas\/wp-json\/wp\/v2\/comments?post=17789"}],"version-history":[{"count":3,"href":"https:\/\/iwdev.se\/vatgas\/wp-json\/wp\/v2\/posts\/17789\/revisions"}],"predecessor-version":[{"id":17794,"href":"https:\/\/iwdev.se\/vatgas\/wp-json\/wp\/v2\/posts\/17789\/revisions\/17794"}],"wp:featuredmedia":[{"embeddable":true,"href":"https:\/\/iwdev.se\/vatgas\/wp-json\/wp\/v2\/media\/17791"}],"wp:attachment":[{"href":"https:\/\/iwdev.se\/vatgas\/wp-json\/wp\/v2\/media?parent=17789"}],"wp:term":[{"taxonomy":"category","embeddable":true,"href":"https:\/\/iwdev.se\/vatgas\/wp-json\/wp\/v2\/categories?post=17789"},{"taxonomy":"post_tag","embeddable":true,"href":"https:\/\/iwdev.se\/vatgas\/wp-json\/wp\/v2\/tags?post=17789"}],"curies":[{"name":"wp","href":"https:\/\/api.w.org\/{rel}","templated":true}]}}