{"id":18031,"date":"2023-03-16T16:44:31","date_gmt":"2023-03-16T16:44:31","guid":{"rendered":"https:\/\/vatgas.hemsida.eu\/?p=18031"},"modified":"2023-03-24T16:50:20","modified_gmt":"2023-03-24T16:50:20","slug":"sverige-behover-oka-produktionen-av-fossilfri-energi-for-att-starka-var-konkurrenskraft","status":"publish","type":"post","link":"https:\/\/iwdev.se\/vatgas\/2023\/03\/16\/sverige-behover-oka-produktionen-av-fossilfri-energi-for-att-starka-var-konkurrenskraft\/","title":{"rendered":"Sverige beh\u00f6ver \u00f6ka produktionen av fossilfri energi f\u00f6r att st\u00e4rka v\u00e5r konkurrenskraft"},"content":{"rendered":"\n<p>Hur ska vi b\u00e4ra oss \u00e5t f\u00f6r att h\u00e5lla jordens temperatur nere \u2013 samtidigt som v\u00e5rt energibehov sannolikt kommer att f\u00f6rdubblas de n\u00e4rmaste tjugofem \u00e5ren? Det \u00e4r n\u00f6dv\u00e4ndigt att vi hittar svaret p\u00e5 den h\u00e4r \u00f6desfr\u00e5gan.<\/p>\n\n\n\n<h3 class=\"wp-block-heading\">Behovet av fossilfri energi \u00f6kar<\/h3>\n\n\n\n<p>Allt fr\u00e5n transporter till industrins produktionsprocesser kommer att kr\u00e4va mer fossilfri energi. Det kan f\u00f6refalla en smula f\u00e5nigt att p\u00e5peka detta faktum, men m\u00e4ngden enheter som ska laddas eller tankas kommer att \u00f6ka i en ej \u00e4nnu ber\u00e4knad m\u00e4ngd.<\/p>\n\n\n\n<p>EU-parlamentet har i dagarna antagit nya m\u00e5l f\u00f6r att n\u00e5 klimatneutralitet \u00e5r 2050. Det inneb\u00e4r att Sverige m\u00e5ste steppa upp. Om vi inte g\u00f6r det, kommer Sverige endast att vara en finansi\u00e4r till andra EU-l\u00e4nders industriella expansion. Svenska bolag har redan i dag utl\u00e4ndska kunder som endast efterfr\u00e5gar fossilfritt framst\u00e4llda produkter. Om vi inte \u00e4r med i matchen f\u00f6rloras inte endast kunder, utan \u00e4ven konkurrenskraft och skatteint\u00e4kter till staten. \u00c4ven de gamla tunga oljestaterna ser i dag att fossilfria drivmedel \u00e4r framtiden, varf\u00f6r \u00e4ven de investerar tungt i f\u00f6rnybart.<\/p>\n\n\n\n<blockquote class=\"wp-block-quote is-layout-flow wp-block-quote-is-layout-flow\">\n<p>Ny p\u00e5litlig och s\u00e4ker infrastruktur f\u00f6r el och v\u00e4tgas m\u00e5ste b\u00f6rja byggas nu.<\/p>\n<\/blockquote>\n\n\n\n<p>Kriget i Ukraina har h\u00e5llit p\u00e5 i ett \u00e5r och vi vet inte hur l\u00e4nge till det kommer att p\u00e5g\u00e5. Tragedin har tydliggjort EU:s s\u00e5rbarhet i och med att beroendet av rysk gas var stort. Att ers\u00e4tta denna k\u00e4lla \u00e4r inte bara br\u00e5ttom f\u00f6r f\u00f6rs\u00f6rjning av energi till industri och hush\u00e5ll, utan \u00e4ven en s\u00e4kerhetspolitisk n\u00f6dv\u00e4ndighet.<\/p>\n\n\n\n<p>Som det ser ut i dag riskerar vi att inte ens uppn\u00e5 de nedskrivna globala m\u00e5let om att begr\u00e4nsa den globala uppv\u00e4rmningen till 1,5 grader till \u00e5r 2030. Det saknas \u00e4ven svenska delm\u00e5l f\u00f6r detta arbete, varf\u00f6r man kan p\u00e5st\u00e5 att m\u00e5nga famlar i sin str\u00e4van dit. Vilka steg ska tas? Vilka \u00e5tg\u00e4rder kr\u00e4vs och n\u00e4r beh\u00f6ver det ske?<\/p>\n\n\n\n<h3 class=\"wp-block-heading\">Framtidens energimix \u00e4r outforskad<\/h3>\n\n\n\n<p>Fossilfri energi m\u00e5ste framst\u00e4llas p\u00e5 alla de vis som st\u00e5r till buds. Det \u00e4r mycket bra att energiminister Ebba Busch (KD) nu v\u00e4nt blicken mot vindkraften och deklarerat att den \u00e4r n\u00f6dv\u00e4ndig. Ledande politiker f\u00e5r inte gr\u00e4va ned sig i skyttegravar mellan olika energislag.<\/p>\n\n\n\n<p>Vi m\u00e5ste erk\u00e4nna vikten av m\u00e5ngfald p\u00e5 omr\u00e5den som st\u00e4rker varandra. Ingen forskning visar i dag att n\u00e5gon typ av fossilfri energiproduktion beh\u00f6ver sl\u00e5 ut n\u00e5gon annan. Framtidens optimala energimix \u00e4r \u00e4nnu outforskad. \u00c4ven om k\u00e4rnkraften byggs ut, kommer den att kr\u00e4va flexibel st\u00f6dkraft. Fossilfri v\u00e4tgas \u00e4r en s\u00e5dan. Infrastrukturen st\u00e4rks s\u00e5ledes genom eftert\u00e4nksamma \u00e5tg\u00e4rder i v\u00e5r omst\u00e4llning.<\/p>\n\n\n\n<p>Det \u00e4r nu som t\u00e5get mot framtiden g\u00e5r och det kr\u00e4vs \u00f6verenskommelser som h\u00e5ller j\u00e4mna steg med omv\u00e4rlden. Om vi inte ska missa det beh\u00f6vs statens hj\u00e4lp och st\u00f6d. En p\u00e5litlig politisk kurs, som inbjuder till de investeringar som Sverige s\u00e5 beh\u00f6ver.<\/p>\n\n\n\n<h3 class=\"wp-block-heading\">V\u00e4tgas kr\u00e4vs<\/h3>\n\n\n\n<p>Hittills har vi klarat oss v\u00e4l p\u00e5 det gamla energisystemet, men i dag \u00e4r tiderna annorlunda. Bristande politiskt ledarskap har negligerat behovet av forskning och f\u00f6rberedelser. Det har saknats framf\u00f6rh\u00e5llning inf\u00f6r framtidens energisystem. Ny p\u00e5litlig och s\u00e4ker infrastruktur f\u00f6r el och v\u00e4tgas m\u00e5ste b\u00f6rja byggas nu.<\/p>\n\n\n\n<p>Elbehovet kan komma att \u00f6ka till 500 TWh \u00e5r 2050. Det inneb\u00e4r en enorm \u00f6kning j\u00e4mf\u00f6rt med dagens energianv\u00e4ndning. Vi ser att m\u00e5nga argumenterar f\u00f6r att verkningsgraden \u00e4r mycket l\u00e5g n\u00e4r det kommer till fossilfri elproduktion. Att gr\u00f6n v\u00e4tgas kostar mer \u00e4n det smakar och i sig kr\u00e4ver en kraftigt \u00f6kad produktion av fossilfri el, som till exempel vindkraft.<\/p>\n\n\n\n<p>Men v\u00e4tgas kan framst\u00e4llas p\u00e5 olika s\u00e4tt och v\u00e4tgas kr\u00e4vs om vi ska klara v\u00e5ra klimatm\u00e5l. D\u00e4rf\u00f6r m\u00e5ste \u00e5tg\u00e4rder vidtas f\u00f6r att f\u00e5 med v\u00e4tgas i systemet. H\u00e4r ser vi att ju mer vi klarar av att producera, desto l\u00e4gre kommer kostnaden att bli \u2013 s\u00e5 kallade skalf\u00f6rdelar. Som exempel kan n\u00e4mnas att priset p\u00e5 teknik f\u00f6r att producera v\u00e4tgas kommer att sjunka med hela 70 procent inom fem \u00e5r &#8211; n\u00e4r v\u00e4l produktionen av dem skalas upp. Redan i dag finns flera konkurrenskraftiga metoder f\u00f6r att framst\u00e4lla v\u00e4tgas som klarar Paris-m\u00e5len.<\/p>\n\n\n\n<h3 class=\"wp-block-heading\">Ta kampen mot Kina<\/h3>\n\n\n\n<p>En politisk viljeinriktning \u00e4r av st\u00f6rsta vikt. Varje investerad skattekrona st\u00e4rker v\u00e5r konkurrenskraft gentemot j\u00e4ttar som Kina, USA och Indien, vars regeringar redan i dag st\u00f6ttar omr\u00e5det starkt. Precis som m\u00e5nga inser att landets f\u00f6rsvarspolitik \u00e4r ett fundament f\u00f6r v\u00e5rt samh\u00e4lle, s\u00e5 b\u00f6r man inse att \u00e4ven energipolitiken \u00e4r det. F\u00f6r den h\u00e4r typen av fr\u00e5gor kr\u00e4vs l\u00e5ngsiktiga \u00f6verenskommelser mellan partierna. Ingen tj\u00e4nar p\u00e5 en polariserad och ensidig debatt.<\/p>\n\n\n\n<h4 class=\"wp-block-heading\">Torsten Granberg och Bj\u00f6rn Aronsson<\/h4>\n\n\n\n<p>CEO Plagazi\u00a0respektive V\u00e4tgas Sverige<\/p>\n\n\n\n<p><\/p>\n","protected":false},"excerpt":{"rendered":"<p>Hur ska vi b\u00e4ra oss \u00e5t f\u00f6r att h\u00e5lla jordens temperatur nere \u2013 samtidigt som v\u00e5rt energibehov sannolikt kommer att f\u00f6rdubblas de n\u00e4rmaste tjugofem \u00e5ren? Det \u00e4r n\u00f6dv\u00e4ndigt att vi hittar svaret p\u00e5 den h\u00e4r \u00f6desfr\u00e5gan. Behovet av fossilfri energi \u00f6kar Allt fr\u00e5n transporter till industrins produktionsprocesser kommer att kr\u00e4va mer fossilfri energi. Det kan <a class=\"moretag\" href=\"https:\/\/iwdev.se\/vatgas\/2023\/03\/16\/sverige-behover-oka-produktionen-av-fossilfri-energi-for-att-starka-var-konkurrenskraft\/\">[&#8230;]<\/a><\/p>\n","protected":false},"author":3,"featured_media":16849,"comment_status":"closed","ping_status":"closed","sticky":false,"template":"","format":"standard","meta":{"_acf_changed":false,"footnotes":""},"categories":[178],"tags":[],"class_list":["post-18031","post","type-post","status-publish","format-standard","has-post-thumbnail","hentry","category-debatt"],"acf":[],"yoast_head":"<!-- This site is optimized with the Yoast SEO Premium plugin v26.4 (Yoast SEO v27.4) - https:\/\/yoast.com\/product\/yoast-seo-premium-wordpress\/ -->\n<title>Sverige beh\u00f6ver \u00f6ka produktionen av fossilfri energi f\u00f6r att st\u00e4rka v\u00e5r konkurrenskraft - V\u00e4tgas Sverige<\/title>\n<meta name=\"description\" content=\"v\u00e4tgas v\u00e4tgasproduktion\" \/>\n<meta name=\"robots\" content=\"noindex, follow, max-snippet:-1, max-image-preview:large, max-video-preview:-1\" \/>\n<meta property=\"og:locale\" content=\"sv_SE\" \/>\n<meta property=\"og:type\" content=\"article\" \/>\n<meta property=\"og:title\" content=\"Sverige beh\u00f6ver \u00f6ka produktionen av fossilfri energi f\u00f6r att st\u00e4rka v\u00e5r konkurrenskraft\" \/>\n<meta property=\"og:description\" content=\"v\u00e4tgas v\u00e4tgasproduktion\" \/>\n<meta property=\"og:url\" content=\"https:\/\/iwdev.se\/vatgas\/2023\/03\/16\/sverige-behover-oka-produktionen-av-fossilfri-energi-for-att-starka-var-konkurrenskraft\/\" \/>\n<meta property=\"og:site_name\" content=\"V\u00e4tgas Sverige\" \/>\n<meta property=\"article:published_time\" content=\"2023-03-16T16:44:31+00:00\" \/>\n<meta property=\"article:modified_time\" content=\"2023-03-24T16:50:20+00:00\" \/>\n<meta property=\"og:image\" content=\"https:\/\/iwdev.se\/vatgas\/wp-content\/uploads\/2022\/09\/hydrogenplant.png\" \/>\n\t<meta property=\"og:image:width\" content=\"1300\" \/>\n\t<meta property=\"og:image:height\" content=\"603\" \/>\n\t<meta property=\"og:image:type\" content=\"image\/png\" \/>\n<meta name=\"author\" content=\"Charlotte Blomberg\" \/>\n<meta name=\"twitter:card\" content=\"summary_large_image\" \/>\n<meta name=\"twitter:label1\" content=\"Skriven av\" \/>\n\t<meta name=\"twitter:data1\" content=\"Charlotte Blomberg\" \/>\n\t<meta name=\"twitter:label2\" content=\"Ber\u00e4knad l\u00e4stid\" \/>\n\t<meta name=\"twitter:data2\" content=\"4 minuter\" \/>\n<script type=\"application\/ld+json\" class=\"yoast-schema-graph\">{\"@context\":\"https:\\\/\\\/schema.org\",\"@graph\":[{\"@type\":\"Article\",\"@id\":\"https:\\\/\\\/iwdev.se\\\/vatgas\\\/2023\\\/03\\\/16\\\/sverige-behover-oka-produktionen-av-fossilfri-energi-for-att-starka-var-konkurrenskraft\\\/#article\",\"isPartOf\":{\"@id\":\"https:\\\/\\\/iwdev.se\\\/vatgas\\\/2023\\\/03\\\/16\\\/sverige-behover-oka-produktionen-av-fossilfri-energi-for-att-starka-var-konkurrenskraft\\\/\"},\"author\":{\"name\":\"Charlotte Blomberg\",\"@id\":\"https:\\\/\\\/iwdev.se\\\/vatgas\\\/#\\\/schema\\\/person\\\/8cc2f1473867b95de7c82567e7e9e0d0\"},\"headline\":\"Sverige beh\u00f6ver \u00f6ka produktionen av fossilfri energi f\u00f6r att st\u00e4rka v\u00e5r konkurrenskraft\",\"datePublished\":\"2023-03-16T16:44:31+00:00\",\"dateModified\":\"2023-03-24T16:50:20+00:00\",\"mainEntityOfPage\":{\"@id\":\"https:\\\/\\\/iwdev.se\\\/vatgas\\\/2023\\\/03\\\/16\\\/sverige-behover-oka-produktionen-av-fossilfri-energi-for-att-starka-var-konkurrenskraft\\\/\"},\"wordCount\":908,\"publisher\":{\"@id\":\"https:\\\/\\\/iwdev.se\\\/vatgas\\\/#organization\"},\"image\":{\"@id\":\"https:\\\/\\\/iwdev.se\\\/vatgas\\\/2023\\\/03\\\/16\\\/sverige-behover-oka-produktionen-av-fossilfri-energi-for-att-starka-var-konkurrenskraft\\\/#primaryimage\"},\"thumbnailUrl\":\"https:\\\/\\\/iwdev.se\\\/vatgas\\\/wp-content\\\/uploads\\\/2022\\\/09\\\/hydrogenplant.png\",\"articleSection\":[\"Debatt\"],\"inLanguage\":\"sv-SE\"},{\"@type\":\"WebPage\",\"@id\":\"https:\\\/\\\/iwdev.se\\\/vatgas\\\/2023\\\/03\\\/16\\\/sverige-behover-oka-produktionen-av-fossilfri-energi-for-att-starka-var-konkurrenskraft\\\/\",\"url\":\"https:\\\/\\\/iwdev.se\\\/vatgas\\\/2023\\\/03\\\/16\\\/sverige-behover-oka-produktionen-av-fossilfri-energi-for-att-starka-var-konkurrenskraft\\\/\",\"name\":\"Sverige beh\u00f6ver \u00f6ka produktionen av fossilfri energi f\u00f6r att st\u00e4rka v\u00e5r konkurrenskraft - V\u00e4tgas Sverige\",\"isPartOf\":{\"@id\":\"https:\\\/\\\/iwdev.se\\\/vatgas\\\/#website\"},\"primaryImageOfPage\":{\"@id\":\"https:\\\/\\\/iwdev.se\\\/vatgas\\\/2023\\\/03\\\/16\\\/sverige-behover-oka-produktionen-av-fossilfri-energi-for-att-starka-var-konkurrenskraft\\\/#primaryimage\"},\"image\":{\"@id\":\"https:\\\/\\\/iwdev.se\\\/vatgas\\\/2023\\\/03\\\/16\\\/sverige-behover-oka-produktionen-av-fossilfri-energi-for-att-starka-var-konkurrenskraft\\\/#primaryimage\"},\"thumbnailUrl\":\"https:\\\/\\\/iwdev.se\\\/vatgas\\\/wp-content\\\/uploads\\\/2022\\\/09\\\/hydrogenplant.png\",\"datePublished\":\"2023-03-16T16:44:31+00:00\",\"dateModified\":\"2023-03-24T16:50:20+00:00\",\"description\":\"v\u00e4tgas v\u00e4tgasproduktion\",\"breadcrumb\":{\"@id\":\"https:\\\/\\\/iwdev.se\\\/vatgas\\\/2023\\\/03\\\/16\\\/sverige-behover-oka-produktionen-av-fossilfri-energi-for-att-starka-var-konkurrenskraft\\\/#breadcrumb\"},\"inLanguage\":\"sv-SE\",\"potentialAction\":[{\"@type\":\"ReadAction\",\"target\":[\"https:\\\/\\\/iwdev.se\\\/vatgas\\\/2023\\\/03\\\/16\\\/sverige-behover-oka-produktionen-av-fossilfri-energi-for-att-starka-var-konkurrenskraft\\\/\"]}]},{\"@type\":\"ImageObject\",\"inLanguage\":\"sv-SE\",\"@id\":\"https:\\\/\\\/iwdev.se\\\/vatgas\\\/2023\\\/03\\\/16\\\/sverige-behover-oka-produktionen-av-fossilfri-energi-for-att-starka-var-konkurrenskraft\\\/#primaryimage\",\"url\":\"https:\\\/\\\/iwdev.se\\\/vatgas\\\/wp-content\\\/uploads\\\/2022\\\/09\\\/hydrogenplant.png\",\"contentUrl\":\"https:\\\/\\\/iwdev.se\\\/vatgas\\\/wp-content\\\/uploads\\\/2022\\\/09\\\/hydrogenplant.png\",\"width\":1300,\"height\":603},{\"@type\":\"BreadcrumbList\",\"@id\":\"https:\\\/\\\/iwdev.se\\\/vatgas\\\/2023\\\/03\\\/16\\\/sverige-behover-oka-produktionen-av-fossilfri-energi-for-att-starka-var-konkurrenskraft\\\/#breadcrumb\",\"itemListElement\":[{\"@type\":\"ListItem\",\"position\":1,\"name\":\"Home\",\"item\":\"https:\\\/\\\/iwdev.se\\\/vatgas\\\/\"},{\"@type\":\"ListItem\",\"position\":2,\"name\":\"Sverige beh\u00f6ver \u00f6ka produktionen av fossilfri energi f\u00f6r att st\u00e4rka v\u00e5r konkurrenskraft\"}]},{\"@type\":\"WebSite\",\"@id\":\"https:\\\/\\\/iwdev.se\\\/vatgas\\\/#website\",\"url\":\"https:\\\/\\\/iwdev.se\\\/vatgas\\\/\",\"name\":\"V\u00e4tgas Sverige\",\"description\":\"En ledande plattform f\u00f6r omst\u00e4llningen till fossilfrihet\",\"publisher\":{\"@id\":\"https:\\\/\\\/iwdev.se\\\/vatgas\\\/#organization\"},\"potentialAction\":[{\"@type\":\"SearchAction\",\"target\":{\"@type\":\"EntryPoint\",\"urlTemplate\":\"https:\\\/\\\/iwdev.se\\\/vatgas\\\/?s={search_term_string}\"},\"query-input\":{\"@type\":\"PropertyValueSpecification\",\"valueRequired\":true,\"valueName\":\"search_term_string\"}}],\"inLanguage\":\"sv-SE\"},{\"@type\":\"Organization\",\"@id\":\"https:\\\/\\\/iwdev.se\\\/vatgas\\\/#organization\",\"name\":\"V\u00e4tgas Sverige\",\"url\":\"https:\\\/\\\/iwdev.se\\\/vatgas\\\/\",\"logo\":{\"@type\":\"ImageObject\",\"inLanguage\":\"sv-SE\",\"@id\":\"https:\\\/\\\/iwdev.se\\\/vatgas\\\/#\\\/schema\\\/logo\\\/image\\\/\",\"url\":\"https:\\\/\\\/iwdev.se\\\/vatgas\\\/wp-content\\\/uploads\\\/2022\\\/06\\\/LOGO.png\",\"contentUrl\":\"https:\\\/\\\/iwdev.se\\\/vatgas\\\/wp-content\\\/uploads\\\/2022\\\/06\\\/LOGO.png\",\"width\":240,\"height\":147,\"caption\":\"V\u00e4tgas Sverige\"},\"image\":{\"@id\":\"https:\\\/\\\/iwdev.se\\\/vatgas\\\/#\\\/schema\\\/logo\\\/image\\\/\"}},{\"@type\":\"Person\",\"@id\":\"https:\\\/\\\/iwdev.se\\\/vatgas\\\/#\\\/schema\\\/person\\\/8cc2f1473867b95de7c82567e7e9e0d0\",\"name\":\"Charlotte Blomberg\",\"url\":\"https:\\\/\\\/iwdev.se\\\/vatgas\\\/author\\\/chablo\\\/\"}]}<\/script>\n<!-- \/ Yoast SEO Premium plugin. -->","yoast_head_json":{"title":"Sverige beh\u00f6ver \u00f6ka produktionen av fossilfri energi f\u00f6r att st\u00e4rka v\u00e5r konkurrenskraft - V\u00e4tgas Sverige","description":"v\u00e4tgas v\u00e4tgasproduktion","robots":{"index":"noindex","follow":"follow","max-snippet":"max-snippet:-1","max-image-preview":"max-image-preview:large","max-video-preview":"max-video-preview:-1"},"og_locale":"sv_SE","og_type":"article","og_title":"Sverige beh\u00f6ver \u00f6ka produktionen av fossilfri energi f\u00f6r att st\u00e4rka v\u00e5r konkurrenskraft","og_description":"v\u00e4tgas v\u00e4tgasproduktion","og_url":"https:\/\/iwdev.se\/vatgas\/2023\/03\/16\/sverige-behover-oka-produktionen-av-fossilfri-energi-for-att-starka-var-konkurrenskraft\/","og_site_name":"V\u00e4tgas Sverige","article_published_time":"2023-03-16T16:44:31+00:00","article_modified_time":"2023-03-24T16:50:20+00:00","og_image":[{"width":1300,"height":603,"url":"https:\/\/iwdev.se\/vatgas\/wp-content\/uploads\/2022\/09\/hydrogenplant.png","type":"image\/png"}],"author":"Charlotte Blomberg","twitter_card":"summary_large_image","twitter_misc":{"Skriven av":"Charlotte Blomberg","Ber\u00e4knad l\u00e4stid":"4 minuter"},"schema":{"@context":"https:\/\/schema.org","@graph":[{"@type":"Article","@id":"https:\/\/iwdev.se\/vatgas\/2023\/03\/16\/sverige-behover-oka-produktionen-av-fossilfri-energi-for-att-starka-var-konkurrenskraft\/#article","isPartOf":{"@id":"https:\/\/iwdev.se\/vatgas\/2023\/03\/16\/sverige-behover-oka-produktionen-av-fossilfri-energi-for-att-starka-var-konkurrenskraft\/"},"author":{"name":"Charlotte Blomberg","@id":"https:\/\/iwdev.se\/vatgas\/#\/schema\/person\/8cc2f1473867b95de7c82567e7e9e0d0"},"headline":"Sverige beh\u00f6ver \u00f6ka produktionen av fossilfri energi f\u00f6r att st\u00e4rka v\u00e5r konkurrenskraft","datePublished":"2023-03-16T16:44:31+00:00","dateModified":"2023-03-24T16:50:20+00:00","mainEntityOfPage":{"@id":"https:\/\/iwdev.se\/vatgas\/2023\/03\/16\/sverige-behover-oka-produktionen-av-fossilfri-energi-for-att-starka-var-konkurrenskraft\/"},"wordCount":908,"publisher":{"@id":"https:\/\/iwdev.se\/vatgas\/#organization"},"image":{"@id":"https:\/\/iwdev.se\/vatgas\/2023\/03\/16\/sverige-behover-oka-produktionen-av-fossilfri-energi-for-att-starka-var-konkurrenskraft\/#primaryimage"},"thumbnailUrl":"https:\/\/iwdev.se\/vatgas\/wp-content\/uploads\/2022\/09\/hydrogenplant.png","articleSection":["Debatt"],"inLanguage":"sv-SE"},{"@type":"WebPage","@id":"https:\/\/iwdev.se\/vatgas\/2023\/03\/16\/sverige-behover-oka-produktionen-av-fossilfri-energi-for-att-starka-var-konkurrenskraft\/","url":"https:\/\/iwdev.se\/vatgas\/2023\/03\/16\/sverige-behover-oka-produktionen-av-fossilfri-energi-for-att-starka-var-konkurrenskraft\/","name":"Sverige beh\u00f6ver \u00f6ka produktionen av fossilfri energi f\u00f6r att st\u00e4rka v\u00e5r konkurrenskraft - V\u00e4tgas Sverige","isPartOf":{"@id":"https:\/\/iwdev.se\/vatgas\/#website"},"primaryImageOfPage":{"@id":"https:\/\/iwdev.se\/vatgas\/2023\/03\/16\/sverige-behover-oka-produktionen-av-fossilfri-energi-for-att-starka-var-konkurrenskraft\/#primaryimage"},"image":{"@id":"https:\/\/iwdev.se\/vatgas\/2023\/03\/16\/sverige-behover-oka-produktionen-av-fossilfri-energi-for-att-starka-var-konkurrenskraft\/#primaryimage"},"thumbnailUrl":"https:\/\/iwdev.se\/vatgas\/wp-content\/uploads\/2022\/09\/hydrogenplant.png","datePublished":"2023-03-16T16:44:31+00:00","dateModified":"2023-03-24T16:50:20+00:00","description":"v\u00e4tgas v\u00e4tgasproduktion","breadcrumb":{"@id":"https:\/\/iwdev.se\/vatgas\/2023\/03\/16\/sverige-behover-oka-produktionen-av-fossilfri-energi-for-att-starka-var-konkurrenskraft\/#breadcrumb"},"inLanguage":"sv-SE","potentialAction":[{"@type":"ReadAction","target":["https:\/\/iwdev.se\/vatgas\/2023\/03\/16\/sverige-behover-oka-produktionen-av-fossilfri-energi-for-att-starka-var-konkurrenskraft\/"]}]},{"@type":"ImageObject","inLanguage":"sv-SE","@id":"https:\/\/iwdev.se\/vatgas\/2023\/03\/16\/sverige-behover-oka-produktionen-av-fossilfri-energi-for-att-starka-var-konkurrenskraft\/#primaryimage","url":"https:\/\/iwdev.se\/vatgas\/wp-content\/uploads\/2022\/09\/hydrogenplant.png","contentUrl":"https:\/\/iwdev.se\/vatgas\/wp-content\/uploads\/2022\/09\/hydrogenplant.png","width":1300,"height":603},{"@type":"BreadcrumbList","@id":"https:\/\/iwdev.se\/vatgas\/2023\/03\/16\/sverige-behover-oka-produktionen-av-fossilfri-energi-for-att-starka-var-konkurrenskraft\/#breadcrumb","itemListElement":[{"@type":"ListItem","position":1,"name":"Home","item":"https:\/\/iwdev.se\/vatgas\/"},{"@type":"ListItem","position":2,"name":"Sverige beh\u00f6ver \u00f6ka produktionen av fossilfri energi f\u00f6r att st\u00e4rka v\u00e5r konkurrenskraft"}]},{"@type":"WebSite","@id":"https:\/\/iwdev.se\/vatgas\/#website","url":"https:\/\/iwdev.se\/vatgas\/","name":"V\u00e4tgas Sverige","description":"En ledande plattform f\u00f6r omst\u00e4llningen till fossilfrihet","publisher":{"@id":"https:\/\/iwdev.se\/vatgas\/#organization"},"potentialAction":[{"@type":"SearchAction","target":{"@type":"EntryPoint","urlTemplate":"https:\/\/iwdev.se\/vatgas\/?s={search_term_string}"},"query-input":{"@type":"PropertyValueSpecification","valueRequired":true,"valueName":"search_term_string"}}],"inLanguage":"sv-SE"},{"@type":"Organization","@id":"https:\/\/iwdev.se\/vatgas\/#organization","name":"V\u00e4tgas Sverige","url":"https:\/\/iwdev.se\/vatgas\/","logo":{"@type":"ImageObject","inLanguage":"sv-SE","@id":"https:\/\/iwdev.se\/vatgas\/#\/schema\/logo\/image\/","url":"https:\/\/iwdev.se\/vatgas\/wp-content\/uploads\/2022\/06\/LOGO.png","contentUrl":"https:\/\/iwdev.se\/vatgas\/wp-content\/uploads\/2022\/06\/LOGO.png","width":240,"height":147,"caption":"V\u00e4tgas Sverige"},"image":{"@id":"https:\/\/iwdev.se\/vatgas\/#\/schema\/logo\/image\/"}},{"@type":"Person","@id":"https:\/\/iwdev.se\/vatgas\/#\/schema\/person\/8cc2f1473867b95de7c82567e7e9e0d0","name":"Charlotte Blomberg","url":"https:\/\/iwdev.se\/vatgas\/author\/chablo\/"}]}},"_links":{"self":[{"href":"https:\/\/iwdev.se\/vatgas\/wp-json\/wp\/v2\/posts\/18031","targetHints":{"allow":["GET"]}}],"collection":[{"href":"https:\/\/iwdev.se\/vatgas\/wp-json\/wp\/v2\/posts"}],"about":[{"href":"https:\/\/iwdev.se\/vatgas\/wp-json\/wp\/v2\/types\/post"}],"author":[{"embeddable":true,"href":"https:\/\/iwdev.se\/vatgas\/wp-json\/wp\/v2\/users\/3"}],"replies":[{"embeddable":true,"href":"https:\/\/iwdev.se\/vatgas\/wp-json\/wp\/v2\/comments?post=18031"}],"version-history":[{"count":1,"href":"https:\/\/iwdev.se\/vatgas\/wp-json\/wp\/v2\/posts\/18031\/revisions"}],"predecessor-version":[{"id":18032,"href":"https:\/\/iwdev.se\/vatgas\/wp-json\/wp\/v2\/posts\/18031\/revisions\/18032"}],"wp:featuredmedia":[{"embeddable":true,"href":"https:\/\/iwdev.se\/vatgas\/wp-json\/wp\/v2\/media\/16849"}],"wp:attachment":[{"href":"https:\/\/iwdev.se\/vatgas\/wp-json\/wp\/v2\/media?parent=18031"}],"wp:term":[{"taxonomy":"category","embeddable":true,"href":"https:\/\/iwdev.se\/vatgas\/wp-json\/wp\/v2\/categories?post=18031"},{"taxonomy":"post_tag","embeddable":true,"href":"https:\/\/iwdev.se\/vatgas\/wp-json\/wp\/v2\/tags?post=18031"}],"curies":[{"name":"wp","href":"https:\/\/api.w.org\/{rel}","templated":true}]}}