{"id":18105,"date":"2023-04-06T07:53:32","date_gmt":"2023-04-06T07:53:32","guid":{"rendered":"https:\/\/vatgas.hemsida.eu\/?p=18105"},"modified":"2023-04-06T07:58:59","modified_gmt":"2023-04-06T07:58:59","slug":"lunds-universitet-och-trelleborgs-kommun-startar-upp-en-kompetensfond","status":"publish","type":"post","link":"https:\/\/iwdev.se\/vatgas\/2023\/04\/06\/lunds-universitet-och-trelleborgs-kommun-startar-upp-en-kompetensfond\/","title":{"rendered":"Lunds universitet och Trelleborgs kommun startar upp en kompetensfond!"},"content":{"rendered":"\n<p><strong>Har du en utvecklingsid\u00e9 som har koppling till energi och v\u00e4tgas? D\u00e5 kan du genom kompetensfonden matchas med l\u00e4mplig forskare och f\u00e5 finansiering f\u00f6r att ni tillsammans ska kunna jobba vidare och f\u00f6rverkliga id\u00e9n.<\/strong><\/p>\n\n\n\n<p><\/p>\n\n\n\n<p>Ett gemensamt samverkansavtal om en kompetensfond som ska fr\u00e4mja innovation och utveckling i Trelleborg har tecknats mellan Trelleborgs kommun och Lunds universitet. <\/p>\n\n\n\n<p>F\u00f6retagare lokalt och regionalt, forskare och offentliga akt\u00f6rer kan s\u00f6ka pengar ur fonden. Under 2023 finns en miljon kronor att f\u00f6rdela p\u00e5 projekt som uppfyller kriterierna.<\/p>\n\n\n\n<p>I denna f\u00f6rsta omg\u00e5ng kommer projekt med fokus p\u00e5 energisystem kopplade till v\u00e4tgas prioriteras, men ans\u00f6kningar som r\u00f6r milj\u00f6teknik, logistik och h\u00e5llbar stadsutveckling v\u00e4lkomnas ocks\u00e5.<\/p>\n\n\n\n<p><\/p>\n\n\n\n<p><strong>Ans\u00f6kningsperiod 2023<\/strong><\/p>\n\n\n\n<p>14 mars \u2013 25 april<\/p>\n\n\n\n<p><\/p>\n\n\n\n<p><a href=\"https:\/\/www.trelleborg.se\/naringsliv-arbete\/foretag-stod-och-radgivning\/naringslivsinsatser\/kompetensfonden-kan-forverkliga-dina-innovativa-ideer\/\">Tryck h\u00e4r f\u00f6r att ta dig vidare till kontaktformul\u00e4ret &amp; mer information<\/a><\/p>\n","protected":false},"excerpt":{"rendered":"<p>Har du en utvecklingsid\u00e9 som har koppling till energi och v\u00e4tgas? D\u00e5 kan du genom kompetensfonden matchas med l\u00e4mplig forskare och f\u00e5 finansiering f\u00f6r att ni tillsammans ska kunna jobba vidare och f\u00f6rverkliga id\u00e9n. Ett gemensamt samverkansavtal om en kompetensfond som ska fr\u00e4mja innovation och utveckling i Trelleborg har tecknats mellan Trelleborgs kommun och Lunds <a class=\"moretag\" href=\"https:\/\/iwdev.se\/vatgas\/2023\/04\/06\/lunds-universitet-och-trelleborgs-kommun-startar-upp-en-kompetensfond\/\">[&#8230;]<\/a><\/p>\n","protected":false},"author":5,"featured_media":18112,"comment_status":"closed","ping_status":"closed","sticky":false,"template":"","format":"standard","meta":{"_acf_changed":false,"footnotes":""},"categories":[12],"tags":[],"class_list":["post-18105","post","type-post","status-publish","format-standard","has-post-thumbnail","hentry","category-nyheter"],"acf":[],"yoast_head":"<!-- This site is optimized with the Yoast SEO Premium plugin v26.4 (Yoast SEO v27.4) - https:\/\/yoast.com\/product\/yoast-seo-premium-wordpress\/ -->\n<title>Lunds universitet och Trelleborgs kommun startar upp en kompetensfond! - V\u00e4tgas Sverige<\/title>\n<meta name=\"robots\" content=\"noindex, follow, max-snippet:-1, max-image-preview:large, max-video-preview:-1\" \/>\n<meta property=\"og:locale\" content=\"sv_SE\" \/>\n<meta property=\"og:type\" content=\"article\" \/>\n<meta property=\"og:title\" content=\"Lunds universitet och Trelleborgs kommun startar upp en kompetensfond!\" \/>\n<meta property=\"og:description\" content=\"Har du en utvecklingsid\u00e9 som har koppling till energi och v\u00e4tgas? D\u00e5 kan du genom kompetensfonden matchas med l\u00e4mplig forskare och f\u00e5 finansiering f\u00f6r att ni tillsammans ska kunna jobba vidare och f\u00f6rverkliga id\u00e9n. Ett gemensamt samverkansavtal om en kompetensfond som ska fr\u00e4mja innovation och utveckling i Trelleborg har tecknats mellan Trelleborgs kommun och Lunds [...]\" \/>\n<meta property=\"og:url\" content=\"https:\/\/iwdev.se\/vatgas\/2023\/04\/06\/lunds-universitet-och-trelleborgs-kommun-startar-upp-en-kompetensfond\/\" \/>\n<meta property=\"og:site_name\" content=\"V\u00e4tgas Sverige\" \/>\n<meta property=\"article:published_time\" content=\"2023-04-06T07:53:32+00:00\" \/>\n<meta property=\"article:modified_time\" content=\"2023-04-06T07:58:59+00:00\" \/>\n<meta property=\"og:image\" content=\"https:\/\/iwdev.se\/vatgas\/wp-content\/uploads\/2023\/04\/Skarmavbild-2023-04-06-kl.-09.49.35.png\" \/>\n\t<meta property=\"og:image:width\" content=\"1228\" \/>\n\t<meta property=\"og:image:height\" content=\"674\" \/>\n\t<meta property=\"og:image:type\" content=\"image\/png\" \/>\n<meta name=\"author\" content=\"adminuser\" \/>\n<meta name=\"twitter:card\" content=\"summary_large_image\" \/>\n<meta name=\"twitter:label1\" content=\"Skriven av\" \/>\n\t<meta name=\"twitter:data1\" content=\"adminuser\" \/>\n\t<meta name=\"twitter:label2\" content=\"Ber\u00e4knad l\u00e4stid\" \/>\n\t<meta name=\"twitter:data2\" content=\"1 minut\" \/>\n<script type=\"application\/ld+json\" class=\"yoast-schema-graph\">{\"@context\":\"https:\\\/\\\/schema.org\",\"@graph\":[{\"@type\":\"Article\",\"@id\":\"https:\\\/\\\/iwdev.se\\\/vatgas\\\/2023\\\/04\\\/06\\\/lunds-universitet-och-trelleborgs-kommun-startar-upp-en-kompetensfond\\\/#article\",\"isPartOf\":{\"@id\":\"https:\\\/\\\/iwdev.se\\\/vatgas\\\/2023\\\/04\\\/06\\\/lunds-universitet-och-trelleborgs-kommun-startar-upp-en-kompetensfond\\\/\"},\"author\":{\"name\":\"adminuser\",\"@id\":\"https:\\\/\\\/iwdev.se\\\/vatgas\\\/#\\\/schema\\\/person\\\/cedb2a36a8bce522b7eb5a539ee5d398\"},\"headline\":\"Lunds universitet och Trelleborgs kommun startar upp en kompetensfond!\",\"datePublished\":\"2023-04-06T07:53:32+00:00\",\"dateModified\":\"2023-04-06T07:58:59+00:00\",\"mainEntityOfPage\":{\"@id\":\"https:\\\/\\\/iwdev.se\\\/vatgas\\\/2023\\\/04\\\/06\\\/lunds-universitet-och-trelleborgs-kommun-startar-upp-en-kompetensfond\\\/\"},\"wordCount\":152,\"publisher\":{\"@id\":\"https:\\\/\\\/iwdev.se\\\/vatgas\\\/#organization\"},\"image\":{\"@id\":\"https:\\\/\\\/iwdev.se\\\/vatgas\\\/2023\\\/04\\\/06\\\/lunds-universitet-och-trelleborgs-kommun-startar-upp-en-kompetensfond\\\/#primaryimage\"},\"thumbnailUrl\":\"https:\\\/\\\/iwdev.se\\\/vatgas\\\/wp-content\\\/uploads\\\/2023\\\/04\\\/Skarmavbild-2023-04-06-kl.-09.49.35.png\",\"articleSection\":[\"Nyheter\"],\"inLanguage\":\"sv-SE\"},{\"@type\":\"WebPage\",\"@id\":\"https:\\\/\\\/iwdev.se\\\/vatgas\\\/2023\\\/04\\\/06\\\/lunds-universitet-och-trelleborgs-kommun-startar-upp-en-kompetensfond\\\/\",\"url\":\"https:\\\/\\\/iwdev.se\\\/vatgas\\\/2023\\\/04\\\/06\\\/lunds-universitet-och-trelleborgs-kommun-startar-upp-en-kompetensfond\\\/\",\"name\":\"Lunds universitet och Trelleborgs kommun startar upp en kompetensfond! - V\u00e4tgas Sverige\",\"isPartOf\":{\"@id\":\"https:\\\/\\\/iwdev.se\\\/vatgas\\\/#website\"},\"primaryImageOfPage\":{\"@id\":\"https:\\\/\\\/iwdev.se\\\/vatgas\\\/2023\\\/04\\\/06\\\/lunds-universitet-och-trelleborgs-kommun-startar-upp-en-kompetensfond\\\/#primaryimage\"},\"image\":{\"@id\":\"https:\\\/\\\/iwdev.se\\\/vatgas\\\/2023\\\/04\\\/06\\\/lunds-universitet-och-trelleborgs-kommun-startar-upp-en-kompetensfond\\\/#primaryimage\"},\"thumbnailUrl\":\"https:\\\/\\\/iwdev.se\\\/vatgas\\\/wp-content\\\/uploads\\\/2023\\\/04\\\/Skarmavbild-2023-04-06-kl.-09.49.35.png\",\"datePublished\":\"2023-04-06T07:53:32+00:00\",\"dateModified\":\"2023-04-06T07:58:59+00:00\",\"breadcrumb\":{\"@id\":\"https:\\\/\\\/iwdev.se\\\/vatgas\\\/2023\\\/04\\\/06\\\/lunds-universitet-och-trelleborgs-kommun-startar-upp-en-kompetensfond\\\/#breadcrumb\"},\"inLanguage\":\"sv-SE\",\"potentialAction\":[{\"@type\":\"ReadAction\",\"target\":[\"https:\\\/\\\/iwdev.se\\\/vatgas\\\/2023\\\/04\\\/06\\\/lunds-universitet-och-trelleborgs-kommun-startar-upp-en-kompetensfond\\\/\"]}]},{\"@type\":\"ImageObject\",\"inLanguage\":\"sv-SE\",\"@id\":\"https:\\\/\\\/iwdev.se\\\/vatgas\\\/2023\\\/04\\\/06\\\/lunds-universitet-och-trelleborgs-kommun-startar-upp-en-kompetensfond\\\/#primaryimage\",\"url\":\"https:\\\/\\\/iwdev.se\\\/vatgas\\\/wp-content\\\/uploads\\\/2023\\\/04\\\/Skarmavbild-2023-04-06-kl.-09.49.35.png\",\"contentUrl\":\"https:\\\/\\\/iwdev.se\\\/vatgas\\\/wp-content\\\/uploads\\\/2023\\\/04\\\/Skarmavbild-2023-04-06-kl.-09.49.35.png\",\"width\":1228,\"height\":674},{\"@type\":\"BreadcrumbList\",\"@id\":\"https:\\\/\\\/iwdev.se\\\/vatgas\\\/2023\\\/04\\\/06\\\/lunds-universitet-och-trelleborgs-kommun-startar-upp-en-kompetensfond\\\/#breadcrumb\",\"itemListElement\":[{\"@type\":\"ListItem\",\"position\":1,\"name\":\"Home\",\"item\":\"https:\\\/\\\/iwdev.se\\\/vatgas\\\/\"},{\"@type\":\"ListItem\",\"position\":2,\"name\":\"Lunds universitet och Trelleborgs kommun startar upp en kompetensfond!\"}]},{\"@type\":\"WebSite\",\"@id\":\"https:\\\/\\\/iwdev.se\\\/vatgas\\\/#website\",\"url\":\"https:\\\/\\\/iwdev.se\\\/vatgas\\\/\",\"name\":\"V\u00e4tgas Sverige\",\"description\":\"En ledande plattform f\u00f6r omst\u00e4llningen till fossilfrihet\",\"publisher\":{\"@id\":\"https:\\\/\\\/iwdev.se\\\/vatgas\\\/#organization\"},\"potentialAction\":[{\"@type\":\"SearchAction\",\"target\":{\"@type\":\"EntryPoint\",\"urlTemplate\":\"https:\\\/\\\/iwdev.se\\\/vatgas\\\/?s={search_term_string}\"},\"query-input\":{\"@type\":\"PropertyValueSpecification\",\"valueRequired\":true,\"valueName\":\"search_term_string\"}}],\"inLanguage\":\"sv-SE\"},{\"@type\":\"Organization\",\"@id\":\"https:\\\/\\\/iwdev.se\\\/vatgas\\\/#organization\",\"name\":\"V\u00e4tgas Sverige\",\"url\":\"https:\\\/\\\/iwdev.se\\\/vatgas\\\/\",\"logo\":{\"@type\":\"ImageObject\",\"inLanguage\":\"sv-SE\",\"@id\":\"https:\\\/\\\/iwdev.se\\\/vatgas\\\/#\\\/schema\\\/logo\\\/image\\\/\",\"url\":\"https:\\\/\\\/iwdev.se\\\/vatgas\\\/wp-content\\\/uploads\\\/2022\\\/06\\\/LOGO.png\",\"contentUrl\":\"https:\\\/\\\/iwdev.se\\\/vatgas\\\/wp-content\\\/uploads\\\/2022\\\/06\\\/LOGO.png\",\"width\":240,\"height\":147,\"caption\":\"V\u00e4tgas Sverige\"},\"image\":{\"@id\":\"https:\\\/\\\/iwdev.se\\\/vatgas\\\/#\\\/schema\\\/logo\\\/image\\\/\"}},{\"@type\":\"Person\",\"@id\":\"https:\\\/\\\/iwdev.se\\\/vatgas\\\/#\\\/schema\\\/person\\\/cedb2a36a8bce522b7eb5a539ee5d398\",\"name\":\"adminuser\",\"url\":\"https:\\\/\\\/iwdev.se\\\/vatgas\\\/author\\\/adminuser\\\/\"}]}<\/script>\n<!-- \/ Yoast SEO Premium plugin. -->","yoast_head_json":{"title":"Lunds universitet och Trelleborgs kommun startar upp en kompetensfond! - V\u00e4tgas Sverige","robots":{"index":"noindex","follow":"follow","max-snippet":"max-snippet:-1","max-image-preview":"max-image-preview:large","max-video-preview":"max-video-preview:-1"},"og_locale":"sv_SE","og_type":"article","og_title":"Lunds universitet och Trelleborgs kommun startar upp en kompetensfond!","og_description":"Har du en utvecklingsid\u00e9 som har koppling till energi och v\u00e4tgas? D\u00e5 kan du genom kompetensfonden matchas med l\u00e4mplig forskare och f\u00e5 finansiering f\u00f6r att ni tillsammans ska kunna jobba vidare och f\u00f6rverkliga id\u00e9n. Ett gemensamt samverkansavtal om en kompetensfond som ska fr\u00e4mja innovation och utveckling i Trelleborg har tecknats mellan Trelleborgs kommun och Lunds [...]","og_url":"https:\/\/iwdev.se\/vatgas\/2023\/04\/06\/lunds-universitet-och-trelleborgs-kommun-startar-upp-en-kompetensfond\/","og_site_name":"V\u00e4tgas Sverige","article_published_time":"2023-04-06T07:53:32+00:00","article_modified_time":"2023-04-06T07:58:59+00:00","og_image":[{"width":1228,"height":674,"url":"https:\/\/iwdev.se\/vatgas\/wp-content\/uploads\/2023\/04\/Skarmavbild-2023-04-06-kl.-09.49.35.png","type":"image\/png"}],"author":"adminuser","twitter_card":"summary_large_image","twitter_misc":{"Skriven av":"adminuser","Ber\u00e4knad l\u00e4stid":"1 minut"},"schema":{"@context":"https:\/\/schema.org","@graph":[{"@type":"Article","@id":"https:\/\/iwdev.se\/vatgas\/2023\/04\/06\/lunds-universitet-och-trelleborgs-kommun-startar-upp-en-kompetensfond\/#article","isPartOf":{"@id":"https:\/\/iwdev.se\/vatgas\/2023\/04\/06\/lunds-universitet-och-trelleborgs-kommun-startar-upp-en-kompetensfond\/"},"author":{"name":"adminuser","@id":"https:\/\/iwdev.se\/vatgas\/#\/schema\/person\/cedb2a36a8bce522b7eb5a539ee5d398"},"headline":"Lunds universitet och Trelleborgs kommun startar upp en kompetensfond!","datePublished":"2023-04-06T07:53:32+00:00","dateModified":"2023-04-06T07:58:59+00:00","mainEntityOfPage":{"@id":"https:\/\/iwdev.se\/vatgas\/2023\/04\/06\/lunds-universitet-och-trelleborgs-kommun-startar-upp-en-kompetensfond\/"},"wordCount":152,"publisher":{"@id":"https:\/\/iwdev.se\/vatgas\/#organization"},"image":{"@id":"https:\/\/iwdev.se\/vatgas\/2023\/04\/06\/lunds-universitet-och-trelleborgs-kommun-startar-upp-en-kompetensfond\/#primaryimage"},"thumbnailUrl":"https:\/\/iwdev.se\/vatgas\/wp-content\/uploads\/2023\/04\/Skarmavbild-2023-04-06-kl.-09.49.35.png","articleSection":["Nyheter"],"inLanguage":"sv-SE"},{"@type":"WebPage","@id":"https:\/\/iwdev.se\/vatgas\/2023\/04\/06\/lunds-universitet-och-trelleborgs-kommun-startar-upp-en-kompetensfond\/","url":"https:\/\/iwdev.se\/vatgas\/2023\/04\/06\/lunds-universitet-och-trelleborgs-kommun-startar-upp-en-kompetensfond\/","name":"Lunds universitet och Trelleborgs kommun startar upp en kompetensfond! - V\u00e4tgas Sverige","isPartOf":{"@id":"https:\/\/iwdev.se\/vatgas\/#website"},"primaryImageOfPage":{"@id":"https:\/\/iwdev.se\/vatgas\/2023\/04\/06\/lunds-universitet-och-trelleborgs-kommun-startar-upp-en-kompetensfond\/#primaryimage"},"image":{"@id":"https:\/\/iwdev.se\/vatgas\/2023\/04\/06\/lunds-universitet-och-trelleborgs-kommun-startar-upp-en-kompetensfond\/#primaryimage"},"thumbnailUrl":"https:\/\/iwdev.se\/vatgas\/wp-content\/uploads\/2023\/04\/Skarmavbild-2023-04-06-kl.-09.49.35.png","datePublished":"2023-04-06T07:53:32+00:00","dateModified":"2023-04-06T07:58:59+00:00","breadcrumb":{"@id":"https:\/\/iwdev.se\/vatgas\/2023\/04\/06\/lunds-universitet-och-trelleborgs-kommun-startar-upp-en-kompetensfond\/#breadcrumb"},"inLanguage":"sv-SE","potentialAction":[{"@type":"ReadAction","target":["https:\/\/iwdev.se\/vatgas\/2023\/04\/06\/lunds-universitet-och-trelleborgs-kommun-startar-upp-en-kompetensfond\/"]}]},{"@type":"ImageObject","inLanguage":"sv-SE","@id":"https:\/\/iwdev.se\/vatgas\/2023\/04\/06\/lunds-universitet-och-trelleborgs-kommun-startar-upp-en-kompetensfond\/#primaryimage","url":"https:\/\/iwdev.se\/vatgas\/wp-content\/uploads\/2023\/04\/Skarmavbild-2023-04-06-kl.-09.49.35.png","contentUrl":"https:\/\/iwdev.se\/vatgas\/wp-content\/uploads\/2023\/04\/Skarmavbild-2023-04-06-kl.-09.49.35.png","width":1228,"height":674},{"@type":"BreadcrumbList","@id":"https:\/\/iwdev.se\/vatgas\/2023\/04\/06\/lunds-universitet-och-trelleborgs-kommun-startar-upp-en-kompetensfond\/#breadcrumb","itemListElement":[{"@type":"ListItem","position":1,"name":"Home","item":"https:\/\/iwdev.se\/vatgas\/"},{"@type":"ListItem","position":2,"name":"Lunds universitet och Trelleborgs kommun startar upp en kompetensfond!"}]},{"@type":"WebSite","@id":"https:\/\/iwdev.se\/vatgas\/#website","url":"https:\/\/iwdev.se\/vatgas\/","name":"V\u00e4tgas Sverige","description":"En ledande plattform f\u00f6r omst\u00e4llningen till fossilfrihet","publisher":{"@id":"https:\/\/iwdev.se\/vatgas\/#organization"},"potentialAction":[{"@type":"SearchAction","target":{"@type":"EntryPoint","urlTemplate":"https:\/\/iwdev.se\/vatgas\/?s={search_term_string}"},"query-input":{"@type":"PropertyValueSpecification","valueRequired":true,"valueName":"search_term_string"}}],"inLanguage":"sv-SE"},{"@type":"Organization","@id":"https:\/\/iwdev.se\/vatgas\/#organization","name":"V\u00e4tgas Sverige","url":"https:\/\/iwdev.se\/vatgas\/","logo":{"@type":"ImageObject","inLanguage":"sv-SE","@id":"https:\/\/iwdev.se\/vatgas\/#\/schema\/logo\/image\/","url":"https:\/\/iwdev.se\/vatgas\/wp-content\/uploads\/2022\/06\/LOGO.png","contentUrl":"https:\/\/iwdev.se\/vatgas\/wp-content\/uploads\/2022\/06\/LOGO.png","width":240,"height":147,"caption":"V\u00e4tgas Sverige"},"image":{"@id":"https:\/\/iwdev.se\/vatgas\/#\/schema\/logo\/image\/"}},{"@type":"Person","@id":"https:\/\/iwdev.se\/vatgas\/#\/schema\/person\/cedb2a36a8bce522b7eb5a539ee5d398","name":"adminuser","url":"https:\/\/iwdev.se\/vatgas\/author\/adminuser\/"}]}},"_links":{"self":[{"href":"https:\/\/iwdev.se\/vatgas\/wp-json\/wp\/v2\/posts\/18105","targetHints":{"allow":["GET"]}}],"collection":[{"href":"https:\/\/iwdev.se\/vatgas\/wp-json\/wp\/v2\/posts"}],"about":[{"href":"https:\/\/iwdev.se\/vatgas\/wp-json\/wp\/v2\/types\/post"}],"author":[{"embeddable":true,"href":"https:\/\/iwdev.se\/vatgas\/wp-json\/wp\/v2\/users\/5"}],"replies":[{"embeddable":true,"href":"https:\/\/iwdev.se\/vatgas\/wp-json\/wp\/v2\/comments?post=18105"}],"version-history":[{"count":4,"href":"https:\/\/iwdev.se\/vatgas\/wp-json\/wp\/v2\/posts\/18105\/revisions"}],"predecessor-version":[{"id":18115,"href":"https:\/\/iwdev.se\/vatgas\/wp-json\/wp\/v2\/posts\/18105\/revisions\/18115"}],"wp:featuredmedia":[{"embeddable":true,"href":"https:\/\/iwdev.se\/vatgas\/wp-json\/wp\/v2\/media\/18112"}],"wp:attachment":[{"href":"https:\/\/iwdev.se\/vatgas\/wp-json\/wp\/v2\/media?parent=18105"}],"wp:term":[{"taxonomy":"category","embeddable":true,"href":"https:\/\/iwdev.se\/vatgas\/wp-json\/wp\/v2\/categories?post=18105"},{"taxonomy":"post_tag","embeddable":true,"href":"https:\/\/iwdev.se\/vatgas\/wp-json\/wp\/v2\/tags?post=18105"}],"curies":[{"name":"wp","href":"https:\/\/api.w.org\/{rel}","templated":true}]}}