{"id":18168,"date":"2023-04-26T18:06:33","date_gmt":"2023-04-26T18:06:33","guid":{"rendered":"https:\/\/vatgas.hemsida.eu\/?p=18168"},"modified":"2023-04-27T08:06:56","modified_gmt":"2023-04-27T08:06:56","slug":"vad-tror-utstallarna-pa-hannovermassan-om-priserna-pa-vatgas-och-hur-har-massan-utvecklats-fran-tidigare-ar","status":"publish","type":"post","link":"https:\/\/iwdev.se\/vatgas\/2023\/04\/26\/vad-tror-utstallarna-pa-hannovermassan-om-priserna-pa-vatgas-och-hur-har-massan-utvecklats-fran-tidigare-ar\/","title":{"rendered":"Vad tror utst\u00e4llarna p\u00e5 Hannoverm\u00e4ssan om priserna p\u00e5 v\u00e4tgas och hur har m\u00e4ssan utvecklats fr\u00e5n tidigare \u00e5r?"},"content":{"rendered":"\n<p><strong>Br\u00e4nslecellsdelen av m\u00e4ssan forts\u00e4tter att v\u00e4xa i snabb takt och \u00e4r nu en stor del av en egen m\u00e4sshall.&nbsp;Huvudanledningen \u00e4r f\u00f6rmodligen att br\u00e4nsleceller och v\u00e4tgas g\u00e5tt fr\u00e5n att fokusera p\u00e5 utveckling till marknadsutrullning; m\u00e4ssan ger en entydig bild av att branschen \u00e4r mogen.<\/strong><\/p>\n\n\n\n<p>Av \u00e5rets Hannoverm\u00e4ssa kunde man bes\u00f6ka montrar d\u00e4r f\u00f6retagen arbetar med allt fr\u00e5n att leverera ventiler till hela energilagringssystem. N\u00e5gra av v\u00e5ra medlemsf\u00f6retag som PowerCell och Impact Coatings st\u00e4llde ut. Det var ocks\u00e5 enkelt att finna de norska f\u00f6retagen d\u00e5 dem syntes med sin starka n\u00e4rvaro genom sin sammanh\u00e5llna paviljong. Intressanta f\u00f6retag d\u00e4r flera var inriktade p\u00e5 den maritima sektorn. Den sammanlagda listan av utst\u00e4llare detta \u00e5r visade sig vara \u00f6ver 260 st.<\/p>\n\n\n\n<p>Intressant f\u00f6r i \u00e5r \u00e4r att flera f\u00f6retag fortsatt ser en sjunkande trend p\u00e5 priser i och med att serieproduktionen \u00f6kar ytterligare i skala.&nbsp;Samtidigt mattas prisminskningen av n\u00e5got genom efterdyningar fr\u00e5n coronans leverant\u00f6rskedjest\u00f6rningar och leverant\u00f6rer som p\u00e5verkas av Rysslands krig i Ukraina.&nbsp;<\/p>\n\n\n\n<p>En annan utveckling som visades detta \u00e5r \u00e4r att fler utst\u00e4llare exponerar sina v\u00e4tgas- och br\u00e4nslecellsprodukter eller satsningar \u00e4ven i de andra m\u00e4sshallarna. En utveckling som vi g\u00e4rna ser forts\u00e4tta!<\/p>\n","protected":false},"excerpt":{"rendered":"<p>Br\u00e4nslecellsdelen av m\u00e4ssan forts\u00e4tter att v\u00e4xa i snabb takt och \u00e4r nu en stor del av en egen m\u00e4sshall.&nbsp;Huvudanledningen \u00e4r f\u00f6rmodligen att br\u00e4nsleceller och v\u00e4tgas g\u00e5tt fr\u00e5n att fokusera p\u00e5 utveckling till marknadsutrullning; m\u00e4ssan ger en entydig bild av att branschen \u00e4r mogen. Av \u00e5rets Hannoverm\u00e4ssa kunde man bes\u00f6ka montrar d\u00e4r f\u00f6retagen arbetar med allt <a class=\"moretag\" href=\"https:\/\/iwdev.se\/vatgas\/2023\/04\/26\/vad-tror-utstallarna-pa-hannovermassan-om-priserna-pa-vatgas-och-hur-har-massan-utvecklats-fran-tidigare-ar\/\">[&#8230;]<\/a><\/p>\n","protected":false},"author":5,"featured_media":18180,"comment_status":"closed","ping_status":"closed","sticky":false,"template":"","format":"standard","meta":{"_acf_changed":false,"footnotes":""},"categories":[12],"tags":[],"class_list":["post-18168","post","type-post","status-publish","format-standard","has-post-thumbnail","hentry","category-nyheter"],"acf":[],"yoast_head":"<!-- This site is optimized with the Yoast SEO Premium plugin v26.4 (Yoast SEO v27.4) - https:\/\/yoast.com\/product\/yoast-seo-premium-wordpress\/ -->\n<title>Vad tror utst\u00e4llarna p\u00e5 Hannoverm\u00e4ssan om priserna p\u00e5 v\u00e4tgas och hur har m\u00e4ssan utvecklats fr\u00e5n tidigare \u00e5r? - V\u00e4tgas Sverige<\/title>\n<meta name=\"description\" content=\"Vad tror utst\u00e4llarna p\u00e5 Hannoverm\u00e4ssan om priserna p\u00e5 v\u00e4tgas och hur har m\u00e4ssan utvecklats fr\u00e5n tidigare \u00e5r?\" \/>\n<meta name=\"robots\" content=\"noindex, follow, max-snippet:-1, max-image-preview:large, max-video-preview:-1\" \/>\n<meta property=\"og:locale\" content=\"sv_SE\" \/>\n<meta property=\"og:type\" content=\"article\" \/>\n<meta property=\"og:title\" content=\"Vad tror utst\u00e4llarna p\u00e5 Hannoverm\u00e4ssan om priserna p\u00e5 v\u00e4tgas och hur har m\u00e4ssan utvecklats fr\u00e5n tidigare \u00e5r?\" \/>\n<meta property=\"og:description\" content=\"Vad tror utst\u00e4llarna p\u00e5 Hannoverm\u00e4ssan om priserna p\u00e5 v\u00e4tgas och hur har m\u00e4ssan utvecklats fr\u00e5n tidigare \u00e5r?\" \/>\n<meta property=\"og:url\" content=\"https:\/\/iwdev.se\/vatgas\/2023\/04\/26\/vad-tror-utstallarna-pa-hannovermassan-om-priserna-pa-vatgas-och-hur-har-massan-utvecklats-fran-tidigare-ar\/\" \/>\n<meta property=\"og:site_name\" content=\"V\u00e4tgas Sverige\" \/>\n<meta property=\"article:published_time\" content=\"2023-04-26T18:06:33+00:00\" \/>\n<meta property=\"article:modified_time\" content=\"2023-04-27T08:06:56+00:00\" \/>\n<meta property=\"og:image\" content=\"https:\/\/iwdev.se\/vatgas\/wp-content\/uploads\/2023\/04\/Skarmavbild-2023-04-27-kl.-10.02.27-1024x865.png\" \/>\n\t<meta property=\"og:image:width\" content=\"1024\" \/>\n\t<meta property=\"og:image:height\" content=\"865\" \/>\n\t<meta property=\"og:image:type\" content=\"image\/png\" \/>\n<meta name=\"author\" content=\"adminuser\" \/>\n<meta name=\"twitter:card\" content=\"summary_large_image\" \/>\n<meta name=\"twitter:label1\" content=\"Skriven av\" \/>\n\t<meta name=\"twitter:data1\" content=\"adminuser\" \/>\n\t<meta name=\"twitter:label2\" content=\"Ber\u00e4knad l\u00e4stid\" \/>\n\t<meta name=\"twitter:data2\" content=\"1 minut\" \/>\n<script type=\"application\/ld+json\" class=\"yoast-schema-graph\">{\"@context\":\"https:\\\/\\\/schema.org\",\"@graph\":[{\"@type\":\"Article\",\"@id\":\"https:\\\/\\\/iwdev.se\\\/vatgas\\\/2023\\\/04\\\/26\\\/vad-tror-utstallarna-pa-hannovermassan-om-priserna-pa-vatgas-och-hur-har-massan-utvecklats-fran-tidigare-ar\\\/#article\",\"isPartOf\":{\"@id\":\"https:\\\/\\\/iwdev.se\\\/vatgas\\\/2023\\\/04\\\/26\\\/vad-tror-utstallarna-pa-hannovermassan-om-priserna-pa-vatgas-och-hur-har-massan-utvecklats-fran-tidigare-ar\\\/\"},\"author\":{\"name\":\"adminuser\",\"@id\":\"https:\\\/\\\/iwdev.se\\\/vatgas\\\/#\\\/schema\\\/person\\\/cedb2a36a8bce522b7eb5a539ee5d398\"},\"headline\":\"Vad tror utst\u00e4llarna p\u00e5 Hannoverm\u00e4ssan om priserna p\u00e5 v\u00e4tgas och hur har m\u00e4ssan utvecklats fr\u00e5n tidigare \u00e5r?\",\"datePublished\":\"2023-04-26T18:06:33+00:00\",\"dateModified\":\"2023-04-27T08:06:56+00:00\",\"mainEntityOfPage\":{\"@id\":\"https:\\\/\\\/iwdev.se\\\/vatgas\\\/2023\\\/04\\\/26\\\/vad-tror-utstallarna-pa-hannovermassan-om-priserna-pa-vatgas-och-hur-har-massan-utvecklats-fran-tidigare-ar\\\/\"},\"wordCount\":254,\"publisher\":{\"@id\":\"https:\\\/\\\/iwdev.se\\\/vatgas\\\/#organization\"},\"image\":{\"@id\":\"https:\\\/\\\/iwdev.se\\\/vatgas\\\/2023\\\/04\\\/26\\\/vad-tror-utstallarna-pa-hannovermassan-om-priserna-pa-vatgas-och-hur-har-massan-utvecklats-fran-tidigare-ar\\\/#primaryimage\"},\"thumbnailUrl\":\"https:\\\/\\\/iwdev.se\\\/vatgas\\\/wp-content\\\/uploads\\\/2023\\\/04\\\/Skarmavbild-2023-04-27-kl.-10.02.27.png\",\"articleSection\":[\"Nyheter\"],\"inLanguage\":\"sv-SE\"},{\"@type\":\"WebPage\",\"@id\":\"https:\\\/\\\/iwdev.se\\\/vatgas\\\/2023\\\/04\\\/26\\\/vad-tror-utstallarna-pa-hannovermassan-om-priserna-pa-vatgas-och-hur-har-massan-utvecklats-fran-tidigare-ar\\\/\",\"url\":\"https:\\\/\\\/iwdev.se\\\/vatgas\\\/2023\\\/04\\\/26\\\/vad-tror-utstallarna-pa-hannovermassan-om-priserna-pa-vatgas-och-hur-har-massan-utvecklats-fran-tidigare-ar\\\/\",\"name\":\"Vad tror utst\u00e4llarna p\u00e5 Hannoverm\u00e4ssan om priserna p\u00e5 v\u00e4tgas och hur har m\u00e4ssan utvecklats fr\u00e5n tidigare \u00e5r? - V\u00e4tgas Sverige\",\"isPartOf\":{\"@id\":\"https:\\\/\\\/iwdev.se\\\/vatgas\\\/#website\"},\"primaryImageOfPage\":{\"@id\":\"https:\\\/\\\/iwdev.se\\\/vatgas\\\/2023\\\/04\\\/26\\\/vad-tror-utstallarna-pa-hannovermassan-om-priserna-pa-vatgas-och-hur-har-massan-utvecklats-fran-tidigare-ar\\\/#primaryimage\"},\"image\":{\"@id\":\"https:\\\/\\\/iwdev.se\\\/vatgas\\\/2023\\\/04\\\/26\\\/vad-tror-utstallarna-pa-hannovermassan-om-priserna-pa-vatgas-och-hur-har-massan-utvecklats-fran-tidigare-ar\\\/#primaryimage\"},\"thumbnailUrl\":\"https:\\\/\\\/iwdev.se\\\/vatgas\\\/wp-content\\\/uploads\\\/2023\\\/04\\\/Skarmavbild-2023-04-27-kl.-10.02.27.png\",\"datePublished\":\"2023-04-26T18:06:33+00:00\",\"dateModified\":\"2023-04-27T08:06:56+00:00\",\"description\":\"Vad tror utst\u00e4llarna p\u00e5 Hannoverm\u00e4ssan om priserna p\u00e5 v\u00e4tgas och hur har m\u00e4ssan utvecklats fr\u00e5n tidigare \u00e5r?\",\"breadcrumb\":{\"@id\":\"https:\\\/\\\/iwdev.se\\\/vatgas\\\/2023\\\/04\\\/26\\\/vad-tror-utstallarna-pa-hannovermassan-om-priserna-pa-vatgas-och-hur-har-massan-utvecklats-fran-tidigare-ar\\\/#breadcrumb\"},\"inLanguage\":\"sv-SE\",\"potentialAction\":[{\"@type\":\"ReadAction\",\"target\":[\"https:\\\/\\\/iwdev.se\\\/vatgas\\\/2023\\\/04\\\/26\\\/vad-tror-utstallarna-pa-hannovermassan-om-priserna-pa-vatgas-och-hur-har-massan-utvecklats-fran-tidigare-ar\\\/\"]}]},{\"@type\":\"ImageObject\",\"inLanguage\":\"sv-SE\",\"@id\":\"https:\\\/\\\/iwdev.se\\\/vatgas\\\/2023\\\/04\\\/26\\\/vad-tror-utstallarna-pa-hannovermassan-om-priserna-pa-vatgas-och-hur-har-massan-utvecklats-fran-tidigare-ar\\\/#primaryimage\",\"url\":\"https:\\\/\\\/iwdev.se\\\/vatgas\\\/wp-content\\\/uploads\\\/2023\\\/04\\\/Skarmavbild-2023-04-27-kl.-10.02.27.png\",\"contentUrl\":\"https:\\\/\\\/iwdev.se\\\/vatgas\\\/wp-content\\\/uploads\\\/2023\\\/04\\\/Skarmavbild-2023-04-27-kl.-10.02.27.png\",\"width\":1684,\"height\":1422},{\"@type\":\"BreadcrumbList\",\"@id\":\"https:\\\/\\\/iwdev.se\\\/vatgas\\\/2023\\\/04\\\/26\\\/vad-tror-utstallarna-pa-hannovermassan-om-priserna-pa-vatgas-och-hur-har-massan-utvecklats-fran-tidigare-ar\\\/#breadcrumb\",\"itemListElement\":[{\"@type\":\"ListItem\",\"position\":1,\"name\":\"Home\",\"item\":\"https:\\\/\\\/iwdev.se\\\/vatgas\\\/\"},{\"@type\":\"ListItem\",\"position\":2,\"name\":\"Vad tror utst\u00e4llarna p\u00e5 Hannoverm\u00e4ssan om priserna p\u00e5 v\u00e4tgas och hur har m\u00e4ssan utvecklats fr\u00e5n tidigare \u00e5r?\"}]},{\"@type\":\"WebSite\",\"@id\":\"https:\\\/\\\/iwdev.se\\\/vatgas\\\/#website\",\"url\":\"https:\\\/\\\/iwdev.se\\\/vatgas\\\/\",\"name\":\"V\u00e4tgas Sverige\",\"description\":\"En ledande plattform f\u00f6r omst\u00e4llningen till fossilfrihet\",\"publisher\":{\"@id\":\"https:\\\/\\\/iwdev.se\\\/vatgas\\\/#organization\"},\"potentialAction\":[{\"@type\":\"SearchAction\",\"target\":{\"@type\":\"EntryPoint\",\"urlTemplate\":\"https:\\\/\\\/iwdev.se\\\/vatgas\\\/?s={search_term_string}\"},\"query-input\":{\"@type\":\"PropertyValueSpecification\",\"valueRequired\":true,\"valueName\":\"search_term_string\"}}],\"inLanguage\":\"sv-SE\"},{\"@type\":\"Organization\",\"@id\":\"https:\\\/\\\/iwdev.se\\\/vatgas\\\/#organization\",\"name\":\"V\u00e4tgas Sverige\",\"url\":\"https:\\\/\\\/iwdev.se\\\/vatgas\\\/\",\"logo\":{\"@type\":\"ImageObject\",\"inLanguage\":\"sv-SE\",\"@id\":\"https:\\\/\\\/iwdev.se\\\/vatgas\\\/#\\\/schema\\\/logo\\\/image\\\/\",\"url\":\"https:\\\/\\\/iwdev.se\\\/vatgas\\\/wp-content\\\/uploads\\\/2022\\\/06\\\/LOGO.png\",\"contentUrl\":\"https:\\\/\\\/iwdev.se\\\/vatgas\\\/wp-content\\\/uploads\\\/2022\\\/06\\\/LOGO.png\",\"width\":240,\"height\":147,\"caption\":\"V\u00e4tgas Sverige\"},\"image\":{\"@id\":\"https:\\\/\\\/iwdev.se\\\/vatgas\\\/#\\\/schema\\\/logo\\\/image\\\/\"}},{\"@type\":\"Person\",\"@id\":\"https:\\\/\\\/iwdev.se\\\/vatgas\\\/#\\\/schema\\\/person\\\/cedb2a36a8bce522b7eb5a539ee5d398\",\"name\":\"adminuser\",\"url\":\"https:\\\/\\\/iwdev.se\\\/vatgas\\\/author\\\/adminuser\\\/\"}]}<\/script>\n<!-- \/ Yoast SEO Premium plugin. -->","yoast_head_json":{"title":"Vad tror utst\u00e4llarna p\u00e5 Hannoverm\u00e4ssan om priserna p\u00e5 v\u00e4tgas och hur har m\u00e4ssan utvecklats fr\u00e5n tidigare \u00e5r? - V\u00e4tgas Sverige","description":"Vad tror utst\u00e4llarna p\u00e5 Hannoverm\u00e4ssan om priserna p\u00e5 v\u00e4tgas och hur har m\u00e4ssan utvecklats fr\u00e5n tidigare \u00e5r?","robots":{"index":"noindex","follow":"follow","max-snippet":"max-snippet:-1","max-image-preview":"max-image-preview:large","max-video-preview":"max-video-preview:-1"},"og_locale":"sv_SE","og_type":"article","og_title":"Vad tror utst\u00e4llarna p\u00e5 Hannoverm\u00e4ssan om priserna p\u00e5 v\u00e4tgas och hur har m\u00e4ssan utvecklats fr\u00e5n tidigare \u00e5r?","og_description":"Vad tror utst\u00e4llarna p\u00e5 Hannoverm\u00e4ssan om priserna p\u00e5 v\u00e4tgas och hur har m\u00e4ssan utvecklats fr\u00e5n tidigare \u00e5r?","og_url":"https:\/\/iwdev.se\/vatgas\/2023\/04\/26\/vad-tror-utstallarna-pa-hannovermassan-om-priserna-pa-vatgas-och-hur-har-massan-utvecklats-fran-tidigare-ar\/","og_site_name":"V\u00e4tgas Sverige","article_published_time":"2023-04-26T18:06:33+00:00","article_modified_time":"2023-04-27T08:06:56+00:00","og_image":[{"width":1024,"height":865,"url":"https:\/\/iwdev.se\/vatgas\/wp-content\/uploads\/2023\/04\/Skarmavbild-2023-04-27-kl.-10.02.27-1024x865.png","type":"image\/png"}],"author":"adminuser","twitter_card":"summary_large_image","twitter_misc":{"Skriven av":"adminuser","Ber\u00e4knad l\u00e4stid":"1 minut"},"schema":{"@context":"https:\/\/schema.org","@graph":[{"@type":"Article","@id":"https:\/\/iwdev.se\/vatgas\/2023\/04\/26\/vad-tror-utstallarna-pa-hannovermassan-om-priserna-pa-vatgas-och-hur-har-massan-utvecklats-fran-tidigare-ar\/#article","isPartOf":{"@id":"https:\/\/iwdev.se\/vatgas\/2023\/04\/26\/vad-tror-utstallarna-pa-hannovermassan-om-priserna-pa-vatgas-och-hur-har-massan-utvecklats-fran-tidigare-ar\/"},"author":{"name":"adminuser","@id":"https:\/\/iwdev.se\/vatgas\/#\/schema\/person\/cedb2a36a8bce522b7eb5a539ee5d398"},"headline":"Vad tror utst\u00e4llarna p\u00e5 Hannoverm\u00e4ssan om priserna p\u00e5 v\u00e4tgas och hur har m\u00e4ssan utvecklats fr\u00e5n tidigare \u00e5r?","datePublished":"2023-04-26T18:06:33+00:00","dateModified":"2023-04-27T08:06:56+00:00","mainEntityOfPage":{"@id":"https:\/\/iwdev.se\/vatgas\/2023\/04\/26\/vad-tror-utstallarna-pa-hannovermassan-om-priserna-pa-vatgas-och-hur-har-massan-utvecklats-fran-tidigare-ar\/"},"wordCount":254,"publisher":{"@id":"https:\/\/iwdev.se\/vatgas\/#organization"},"image":{"@id":"https:\/\/iwdev.se\/vatgas\/2023\/04\/26\/vad-tror-utstallarna-pa-hannovermassan-om-priserna-pa-vatgas-och-hur-har-massan-utvecklats-fran-tidigare-ar\/#primaryimage"},"thumbnailUrl":"https:\/\/iwdev.se\/vatgas\/wp-content\/uploads\/2023\/04\/Skarmavbild-2023-04-27-kl.-10.02.27.png","articleSection":["Nyheter"],"inLanguage":"sv-SE"},{"@type":"WebPage","@id":"https:\/\/iwdev.se\/vatgas\/2023\/04\/26\/vad-tror-utstallarna-pa-hannovermassan-om-priserna-pa-vatgas-och-hur-har-massan-utvecklats-fran-tidigare-ar\/","url":"https:\/\/iwdev.se\/vatgas\/2023\/04\/26\/vad-tror-utstallarna-pa-hannovermassan-om-priserna-pa-vatgas-och-hur-har-massan-utvecklats-fran-tidigare-ar\/","name":"Vad tror utst\u00e4llarna p\u00e5 Hannoverm\u00e4ssan om priserna p\u00e5 v\u00e4tgas och hur har m\u00e4ssan utvecklats fr\u00e5n tidigare \u00e5r? - V\u00e4tgas Sverige","isPartOf":{"@id":"https:\/\/iwdev.se\/vatgas\/#website"},"primaryImageOfPage":{"@id":"https:\/\/iwdev.se\/vatgas\/2023\/04\/26\/vad-tror-utstallarna-pa-hannovermassan-om-priserna-pa-vatgas-och-hur-har-massan-utvecklats-fran-tidigare-ar\/#primaryimage"},"image":{"@id":"https:\/\/iwdev.se\/vatgas\/2023\/04\/26\/vad-tror-utstallarna-pa-hannovermassan-om-priserna-pa-vatgas-och-hur-har-massan-utvecklats-fran-tidigare-ar\/#primaryimage"},"thumbnailUrl":"https:\/\/iwdev.se\/vatgas\/wp-content\/uploads\/2023\/04\/Skarmavbild-2023-04-27-kl.-10.02.27.png","datePublished":"2023-04-26T18:06:33+00:00","dateModified":"2023-04-27T08:06:56+00:00","description":"Vad tror utst\u00e4llarna p\u00e5 Hannoverm\u00e4ssan om priserna p\u00e5 v\u00e4tgas och hur har m\u00e4ssan utvecklats fr\u00e5n tidigare \u00e5r?","breadcrumb":{"@id":"https:\/\/iwdev.se\/vatgas\/2023\/04\/26\/vad-tror-utstallarna-pa-hannovermassan-om-priserna-pa-vatgas-och-hur-har-massan-utvecklats-fran-tidigare-ar\/#breadcrumb"},"inLanguage":"sv-SE","potentialAction":[{"@type":"ReadAction","target":["https:\/\/iwdev.se\/vatgas\/2023\/04\/26\/vad-tror-utstallarna-pa-hannovermassan-om-priserna-pa-vatgas-och-hur-har-massan-utvecklats-fran-tidigare-ar\/"]}]},{"@type":"ImageObject","inLanguage":"sv-SE","@id":"https:\/\/iwdev.se\/vatgas\/2023\/04\/26\/vad-tror-utstallarna-pa-hannovermassan-om-priserna-pa-vatgas-och-hur-har-massan-utvecklats-fran-tidigare-ar\/#primaryimage","url":"https:\/\/iwdev.se\/vatgas\/wp-content\/uploads\/2023\/04\/Skarmavbild-2023-04-27-kl.-10.02.27.png","contentUrl":"https:\/\/iwdev.se\/vatgas\/wp-content\/uploads\/2023\/04\/Skarmavbild-2023-04-27-kl.-10.02.27.png","width":1684,"height":1422},{"@type":"BreadcrumbList","@id":"https:\/\/iwdev.se\/vatgas\/2023\/04\/26\/vad-tror-utstallarna-pa-hannovermassan-om-priserna-pa-vatgas-och-hur-har-massan-utvecklats-fran-tidigare-ar\/#breadcrumb","itemListElement":[{"@type":"ListItem","position":1,"name":"Home","item":"https:\/\/iwdev.se\/vatgas\/"},{"@type":"ListItem","position":2,"name":"Vad tror utst\u00e4llarna p\u00e5 Hannoverm\u00e4ssan om priserna p\u00e5 v\u00e4tgas och hur har m\u00e4ssan utvecklats fr\u00e5n tidigare \u00e5r?"}]},{"@type":"WebSite","@id":"https:\/\/iwdev.se\/vatgas\/#website","url":"https:\/\/iwdev.se\/vatgas\/","name":"V\u00e4tgas Sverige","description":"En ledande plattform f\u00f6r omst\u00e4llningen till fossilfrihet","publisher":{"@id":"https:\/\/iwdev.se\/vatgas\/#organization"},"potentialAction":[{"@type":"SearchAction","target":{"@type":"EntryPoint","urlTemplate":"https:\/\/iwdev.se\/vatgas\/?s={search_term_string}"},"query-input":{"@type":"PropertyValueSpecification","valueRequired":true,"valueName":"search_term_string"}}],"inLanguage":"sv-SE"},{"@type":"Organization","@id":"https:\/\/iwdev.se\/vatgas\/#organization","name":"V\u00e4tgas Sverige","url":"https:\/\/iwdev.se\/vatgas\/","logo":{"@type":"ImageObject","inLanguage":"sv-SE","@id":"https:\/\/iwdev.se\/vatgas\/#\/schema\/logo\/image\/","url":"https:\/\/iwdev.se\/vatgas\/wp-content\/uploads\/2022\/06\/LOGO.png","contentUrl":"https:\/\/iwdev.se\/vatgas\/wp-content\/uploads\/2022\/06\/LOGO.png","width":240,"height":147,"caption":"V\u00e4tgas Sverige"},"image":{"@id":"https:\/\/iwdev.se\/vatgas\/#\/schema\/logo\/image\/"}},{"@type":"Person","@id":"https:\/\/iwdev.se\/vatgas\/#\/schema\/person\/cedb2a36a8bce522b7eb5a539ee5d398","name":"adminuser","url":"https:\/\/iwdev.se\/vatgas\/author\/adminuser\/"}]}},"_links":{"self":[{"href":"https:\/\/iwdev.se\/vatgas\/wp-json\/wp\/v2\/posts\/18168","targetHints":{"allow":["GET"]}}],"collection":[{"href":"https:\/\/iwdev.se\/vatgas\/wp-json\/wp\/v2\/posts"}],"about":[{"href":"https:\/\/iwdev.se\/vatgas\/wp-json\/wp\/v2\/types\/post"}],"author":[{"embeddable":true,"href":"https:\/\/iwdev.se\/vatgas\/wp-json\/wp\/v2\/users\/5"}],"replies":[{"embeddable":true,"href":"https:\/\/iwdev.se\/vatgas\/wp-json\/wp\/v2\/comments?post=18168"}],"version-history":[{"count":5,"href":"https:\/\/iwdev.se\/vatgas\/wp-json\/wp\/v2\/posts\/18168\/revisions"}],"predecessor-version":[{"id":18179,"href":"https:\/\/iwdev.se\/vatgas\/wp-json\/wp\/v2\/posts\/18168\/revisions\/18179"}],"wp:featuredmedia":[{"embeddable":true,"href":"https:\/\/iwdev.se\/vatgas\/wp-json\/wp\/v2\/media\/18180"}],"wp:attachment":[{"href":"https:\/\/iwdev.se\/vatgas\/wp-json\/wp\/v2\/media?parent=18168"}],"wp:term":[{"taxonomy":"category","embeddable":true,"href":"https:\/\/iwdev.se\/vatgas\/wp-json\/wp\/v2\/categories?post=18168"},{"taxonomy":"post_tag","embeddable":true,"href":"https:\/\/iwdev.se\/vatgas\/wp-json\/wp\/v2\/tags?post=18168"}],"curies":[{"name":"wp","href":"https:\/\/api.w.org\/{rel}","templated":true}]}}