{"id":18487,"date":"2023-06-08T14:07:00","date_gmt":"2023-06-08T14:07:00","guid":{"rendered":"https:\/\/vatgas.hemsida.eu\/?p=18487"},"modified":"2023-06-15T14:22:51","modified_gmt":"2023-06-15T14:22:51","slug":"tema-energi-almedalsveckan-2023","status":"publish","type":"post","link":"https:\/\/iwdev.se\/vatgas\/2023\/06\/08\/tema-energi-almedalsveckan-2023\/","title":{"rendered":"Tema Energi &#8211; Almedalsveckan 2023"},"content":{"rendered":"\n<p><strong>Let&#8217;s start the conversation.<\/strong><\/p>\n\n\n\n<p>V\u00e4tgas Sverige \u00e4r p\u00e5 plats i&nbsp;Almedalen&nbsp;i \u00e5r och tillsammans med v\u00e5ra medlemmar \u00f6ppnar vi upp&nbsp;Arena V\u00e4tgas&nbsp;f\u00f6r att diskutera den enorma energiomst\u00e4llning vi st\u00e5r inf\u00f6r. F\u00f6rnybara energik\u00e4llor s\u00e5som vind- och solenergi \u00e4r v\u00e4gen fram\u00e5t. Ett nytt modernt energisystem skapar stora m\u00f6jligheter till h\u00e5llbar utveckling b\u00e5de f\u00f6r klimatet och ekonomin. Men omst\u00e4llningen inneb\u00e4r v\u00e4sentligt \u00f6kat elbehov och behov av f\u00f6rnybar energi.&nbsp;Vilka \u00e5tg\u00e4rder kommer att beh\u00f6vas f\u00f6r att m\u00f6ta kraven p\u00e5 en trygg energif\u00f6rs\u00f6rjning?<\/p>\n\n\n\n<p><a href=\"https:\/\/iwdev.se\/vatgas\/almedalen-2023\/\">L\u00e4s mer om v\u00e5ra seminarier i Almedalen<\/a><\/p>\n\n\n\n<p><\/p>\n\n\n\n<p><strong>Medverkande: <\/strong><\/p>\n\n\n\n<p>Bj\u00f6rn Aronsson, <em>verksamhetsledare<\/em>, <a href=\"https:\/\/iwdev.se\/vatgas\/\">V\u00e4tgas Sverige<\/a><\/p>\n\n\n\n<p>Hans Kreisel, <em>Group CEO<\/em>, <a href=\"https:\/\/www.nordionenergi.se\/\">Nordion Energi<\/a><\/p>\n\n\n\n<p>Hillevi Priscar, <em>Country Manager Sweden<\/em>, <a href=\"https:\/\/www.ox2.com\/sv\/\">OX2<\/a><\/p>\n\n\n\n<p>Magnus Sahlin, <em>VD<\/em>, <a href=\"https:\/\/trelleborgsenergi.se\/\">Trelleborgs Energi<\/a><\/p>\n\n\n\n<p>Johan Svenningsson, <em>VD<\/em>, <a href=\"https:\/\/www.uniper.energy\/\">Uniper Sverige<\/a><\/p>\n\n\n\n<p>Per Witalisson, <em>VD<\/em>, <a href=\"https:\/\/www.eolusvind.com\/\">Eolus Vind<\/a><\/p>\n\n\n\n<p>Camilla Brodin, <em>riksdagsledamot<\/em>, <a href=\"https:\/\/kristdemokraterna.se\/\">Kristdemokraterna<\/a><\/p>\n\n\n\n<p><\/p>\n\n\n\n<p><\/p>\n\n\n\n<p><\/p>\n","protected":false},"excerpt":{"rendered":"<p>Let&#8217;s start the conversation. V\u00e4tgas Sverige \u00e4r p\u00e5 plats i&nbsp;Almedalen&nbsp;i \u00e5r och tillsammans med v\u00e5ra medlemmar \u00f6ppnar vi upp&nbsp;Arena V\u00e4tgas&nbsp;f\u00f6r att diskutera den enorma energiomst\u00e4llning vi st\u00e5r inf\u00f6r. F\u00f6rnybara energik\u00e4llor s\u00e5som vind- och solenergi \u00e4r v\u00e4gen fram\u00e5t. Ett nytt modernt energisystem skapar stora m\u00f6jligheter till h\u00e5llbar utveckling b\u00e5de f\u00f6r klimatet och ekonomin. Men omst\u00e4llningen inneb\u00e4r <a class=\"moretag\" href=\"https:\/\/iwdev.se\/vatgas\/2023\/06\/08\/tema-energi-almedalsveckan-2023\/\">[&#8230;]<\/a><\/p>\n","protected":false},"author":5,"featured_media":18493,"comment_status":"closed","ping_status":"closed","sticky":false,"template":"","format":"standard","meta":{"_acf_changed":false,"footnotes":""},"categories":[12],"tags":[],"class_list":["post-18487","post","type-post","status-publish","format-standard","has-post-thumbnail","hentry","category-nyheter"],"acf":[],"yoast_head":"<!-- This site is optimized with the Yoast SEO Premium plugin v26.4 (Yoast SEO v27.4) - https:\/\/yoast.com\/product\/yoast-seo-premium-wordpress\/ -->\n<title>Tema Energi - Almedalsveckan 2023 - V\u00e4tgas Sverige<\/title>\n<meta name=\"robots\" content=\"noindex, follow, max-snippet:-1, max-image-preview:large, max-video-preview:-1\" \/>\n<meta property=\"og:locale\" content=\"sv_SE\" \/>\n<meta property=\"og:type\" content=\"article\" \/>\n<meta property=\"og:title\" content=\"Tema Energi - Almedalsveckan 2023\" \/>\n<meta property=\"og:description\" content=\"Let&#8217;s start the conversation. V\u00e4tgas Sverige \u00e4r p\u00e5 plats i&nbsp;Almedalen&nbsp;i \u00e5r och tillsammans med v\u00e5ra medlemmar \u00f6ppnar vi upp&nbsp;Arena V\u00e4tgas&nbsp;f\u00f6r att diskutera den enorma energiomst\u00e4llning vi st\u00e5r inf\u00f6r. F\u00f6rnybara energik\u00e4llor s\u00e5som vind- och solenergi \u00e4r v\u00e4gen fram\u00e5t. Ett nytt modernt energisystem skapar stora m\u00f6jligheter till h\u00e5llbar utveckling b\u00e5de f\u00f6r klimatet och ekonomin. Men omst\u00e4llningen inneb\u00e4r [...]\" \/>\n<meta property=\"og:url\" content=\"https:\/\/iwdev.se\/vatgas\/2023\/06\/08\/tema-energi-almedalsveckan-2023\/\" \/>\n<meta property=\"og:site_name\" content=\"V\u00e4tgas Sverige\" \/>\n<meta property=\"article:published_time\" content=\"2023-06-08T14:07:00+00:00\" \/>\n<meta property=\"article:modified_time\" content=\"2023-06-15T14:22:51+00:00\" \/>\n<meta property=\"og:image\" content=\"https:\/\/iwdev.se\/vatgas\/wp-content\/uploads\/2023\/06\/Skarmavbild-2023-06-15-kl.-16.22.06.png\" \/>\n\t<meta property=\"og:image:width\" content=\"1112\" \/>\n\t<meta property=\"og:image:height\" content=\"574\" \/>\n\t<meta property=\"og:image:type\" content=\"image\/png\" \/>\n<meta name=\"author\" content=\"adminuser\" \/>\n<meta name=\"twitter:card\" content=\"summary_large_image\" \/>\n<meta name=\"twitter:label1\" content=\"Skriven av\" \/>\n\t<meta name=\"twitter:data1\" content=\"adminuser\" \/>\n\t<meta name=\"twitter:label2\" content=\"Ber\u00e4knad l\u00e4stid\" \/>\n\t<meta name=\"twitter:data2\" content=\"1 minut\" \/>\n<script type=\"application\/ld+json\" class=\"yoast-schema-graph\">{\"@context\":\"https:\\\/\\\/schema.org\",\"@graph\":[{\"@type\":\"Article\",\"@id\":\"https:\\\/\\\/iwdev.se\\\/vatgas\\\/2023\\\/06\\\/08\\\/tema-energi-almedalsveckan-2023\\\/#article\",\"isPartOf\":{\"@id\":\"https:\\\/\\\/iwdev.se\\\/vatgas\\\/2023\\\/06\\\/08\\\/tema-energi-almedalsveckan-2023\\\/\"},\"author\":{\"name\":\"adminuser\",\"@id\":\"https:\\\/\\\/iwdev.se\\\/vatgas\\\/#\\\/schema\\\/person\\\/cedb2a36a8bce522b7eb5a539ee5d398\"},\"headline\":\"Tema Energi &#8211; Almedalsveckan 2023\",\"datePublished\":\"2023-06-08T14:07:00+00:00\",\"dateModified\":\"2023-06-15T14:22:51+00:00\",\"mainEntityOfPage\":{\"@id\":\"https:\\\/\\\/iwdev.se\\\/vatgas\\\/2023\\\/06\\\/08\\\/tema-energi-almedalsveckan-2023\\\/\"},\"wordCount\":164,\"publisher\":{\"@id\":\"https:\\\/\\\/iwdev.se\\\/vatgas\\\/#organization\"},\"image\":{\"@id\":\"https:\\\/\\\/iwdev.se\\\/vatgas\\\/2023\\\/06\\\/08\\\/tema-energi-almedalsveckan-2023\\\/#primaryimage\"},\"thumbnailUrl\":\"https:\\\/\\\/iwdev.se\\\/vatgas\\\/wp-content\\\/uploads\\\/2023\\\/06\\\/Skarmavbild-2023-06-15-kl.-16.22.06.png\",\"articleSection\":[\"Nyheter\"],\"inLanguage\":\"sv-SE\"},{\"@type\":\"WebPage\",\"@id\":\"https:\\\/\\\/iwdev.se\\\/vatgas\\\/2023\\\/06\\\/08\\\/tema-energi-almedalsveckan-2023\\\/\",\"url\":\"https:\\\/\\\/iwdev.se\\\/vatgas\\\/2023\\\/06\\\/08\\\/tema-energi-almedalsveckan-2023\\\/\",\"name\":\"Tema Energi - Almedalsveckan 2023 - V\u00e4tgas Sverige\",\"isPartOf\":{\"@id\":\"https:\\\/\\\/iwdev.se\\\/vatgas\\\/#website\"},\"primaryImageOfPage\":{\"@id\":\"https:\\\/\\\/iwdev.se\\\/vatgas\\\/2023\\\/06\\\/08\\\/tema-energi-almedalsveckan-2023\\\/#primaryimage\"},\"image\":{\"@id\":\"https:\\\/\\\/iwdev.se\\\/vatgas\\\/2023\\\/06\\\/08\\\/tema-energi-almedalsveckan-2023\\\/#primaryimage\"},\"thumbnailUrl\":\"https:\\\/\\\/iwdev.se\\\/vatgas\\\/wp-content\\\/uploads\\\/2023\\\/06\\\/Skarmavbild-2023-06-15-kl.-16.22.06.png\",\"datePublished\":\"2023-06-08T14:07:00+00:00\",\"dateModified\":\"2023-06-15T14:22:51+00:00\",\"breadcrumb\":{\"@id\":\"https:\\\/\\\/iwdev.se\\\/vatgas\\\/2023\\\/06\\\/08\\\/tema-energi-almedalsveckan-2023\\\/#breadcrumb\"},\"inLanguage\":\"sv-SE\",\"potentialAction\":[{\"@type\":\"ReadAction\",\"target\":[\"https:\\\/\\\/iwdev.se\\\/vatgas\\\/2023\\\/06\\\/08\\\/tema-energi-almedalsveckan-2023\\\/\"]}]},{\"@type\":\"ImageObject\",\"inLanguage\":\"sv-SE\",\"@id\":\"https:\\\/\\\/iwdev.se\\\/vatgas\\\/2023\\\/06\\\/08\\\/tema-energi-almedalsveckan-2023\\\/#primaryimage\",\"url\":\"https:\\\/\\\/iwdev.se\\\/vatgas\\\/wp-content\\\/uploads\\\/2023\\\/06\\\/Skarmavbild-2023-06-15-kl.-16.22.06.png\",\"contentUrl\":\"https:\\\/\\\/iwdev.se\\\/vatgas\\\/wp-content\\\/uploads\\\/2023\\\/06\\\/Skarmavbild-2023-06-15-kl.-16.22.06.png\",\"width\":1112,\"height\":574},{\"@type\":\"BreadcrumbList\",\"@id\":\"https:\\\/\\\/iwdev.se\\\/vatgas\\\/2023\\\/06\\\/08\\\/tema-energi-almedalsveckan-2023\\\/#breadcrumb\",\"itemListElement\":[{\"@type\":\"ListItem\",\"position\":1,\"name\":\"Home\",\"item\":\"https:\\\/\\\/iwdev.se\\\/vatgas\\\/\"},{\"@type\":\"ListItem\",\"position\":2,\"name\":\"Tema Energi &#8211; Almedalsveckan 2023\"}]},{\"@type\":\"WebSite\",\"@id\":\"https:\\\/\\\/iwdev.se\\\/vatgas\\\/#website\",\"url\":\"https:\\\/\\\/iwdev.se\\\/vatgas\\\/\",\"name\":\"V\u00e4tgas Sverige\",\"description\":\"En ledande plattform f\u00f6r omst\u00e4llningen till fossilfrihet\",\"publisher\":{\"@id\":\"https:\\\/\\\/iwdev.se\\\/vatgas\\\/#organization\"},\"potentialAction\":[{\"@type\":\"SearchAction\",\"target\":{\"@type\":\"EntryPoint\",\"urlTemplate\":\"https:\\\/\\\/iwdev.se\\\/vatgas\\\/?s={search_term_string}\"},\"query-input\":{\"@type\":\"PropertyValueSpecification\",\"valueRequired\":true,\"valueName\":\"search_term_string\"}}],\"inLanguage\":\"sv-SE\"},{\"@type\":\"Organization\",\"@id\":\"https:\\\/\\\/iwdev.se\\\/vatgas\\\/#organization\",\"name\":\"V\u00e4tgas Sverige\",\"url\":\"https:\\\/\\\/iwdev.se\\\/vatgas\\\/\",\"logo\":{\"@type\":\"ImageObject\",\"inLanguage\":\"sv-SE\",\"@id\":\"https:\\\/\\\/iwdev.se\\\/vatgas\\\/#\\\/schema\\\/logo\\\/image\\\/\",\"url\":\"https:\\\/\\\/iwdev.se\\\/vatgas\\\/wp-content\\\/uploads\\\/2022\\\/06\\\/LOGO.png\",\"contentUrl\":\"https:\\\/\\\/iwdev.se\\\/vatgas\\\/wp-content\\\/uploads\\\/2022\\\/06\\\/LOGO.png\",\"width\":240,\"height\":147,\"caption\":\"V\u00e4tgas Sverige\"},\"image\":{\"@id\":\"https:\\\/\\\/iwdev.se\\\/vatgas\\\/#\\\/schema\\\/logo\\\/image\\\/\"}},{\"@type\":\"Person\",\"@id\":\"https:\\\/\\\/iwdev.se\\\/vatgas\\\/#\\\/schema\\\/person\\\/cedb2a36a8bce522b7eb5a539ee5d398\",\"name\":\"adminuser\",\"url\":\"https:\\\/\\\/iwdev.se\\\/vatgas\\\/author\\\/adminuser\\\/\"}]}<\/script>\n<!-- \/ Yoast SEO Premium plugin. -->","yoast_head_json":{"title":"Tema Energi - Almedalsveckan 2023 - V\u00e4tgas Sverige","robots":{"index":"noindex","follow":"follow","max-snippet":"max-snippet:-1","max-image-preview":"max-image-preview:large","max-video-preview":"max-video-preview:-1"},"og_locale":"sv_SE","og_type":"article","og_title":"Tema Energi - Almedalsveckan 2023","og_description":"Let&#8217;s start the conversation. V\u00e4tgas Sverige \u00e4r p\u00e5 plats i&nbsp;Almedalen&nbsp;i \u00e5r och tillsammans med v\u00e5ra medlemmar \u00f6ppnar vi upp&nbsp;Arena V\u00e4tgas&nbsp;f\u00f6r att diskutera den enorma energiomst\u00e4llning vi st\u00e5r inf\u00f6r. F\u00f6rnybara energik\u00e4llor s\u00e5som vind- och solenergi \u00e4r v\u00e4gen fram\u00e5t. Ett nytt modernt energisystem skapar stora m\u00f6jligheter till h\u00e5llbar utveckling b\u00e5de f\u00f6r klimatet och ekonomin. Men omst\u00e4llningen inneb\u00e4r [...]","og_url":"https:\/\/iwdev.se\/vatgas\/2023\/06\/08\/tema-energi-almedalsveckan-2023\/","og_site_name":"V\u00e4tgas Sverige","article_published_time":"2023-06-08T14:07:00+00:00","article_modified_time":"2023-06-15T14:22:51+00:00","og_image":[{"width":1112,"height":574,"url":"https:\/\/iwdev.se\/vatgas\/wp-content\/uploads\/2023\/06\/Skarmavbild-2023-06-15-kl.-16.22.06.png","type":"image\/png"}],"author":"adminuser","twitter_card":"summary_large_image","twitter_misc":{"Skriven av":"adminuser","Ber\u00e4knad l\u00e4stid":"1 minut"},"schema":{"@context":"https:\/\/schema.org","@graph":[{"@type":"Article","@id":"https:\/\/iwdev.se\/vatgas\/2023\/06\/08\/tema-energi-almedalsveckan-2023\/#article","isPartOf":{"@id":"https:\/\/iwdev.se\/vatgas\/2023\/06\/08\/tema-energi-almedalsveckan-2023\/"},"author":{"name":"adminuser","@id":"https:\/\/iwdev.se\/vatgas\/#\/schema\/person\/cedb2a36a8bce522b7eb5a539ee5d398"},"headline":"Tema Energi &#8211; Almedalsveckan 2023","datePublished":"2023-06-08T14:07:00+00:00","dateModified":"2023-06-15T14:22:51+00:00","mainEntityOfPage":{"@id":"https:\/\/iwdev.se\/vatgas\/2023\/06\/08\/tema-energi-almedalsveckan-2023\/"},"wordCount":164,"publisher":{"@id":"https:\/\/iwdev.se\/vatgas\/#organization"},"image":{"@id":"https:\/\/iwdev.se\/vatgas\/2023\/06\/08\/tema-energi-almedalsveckan-2023\/#primaryimage"},"thumbnailUrl":"https:\/\/iwdev.se\/vatgas\/wp-content\/uploads\/2023\/06\/Skarmavbild-2023-06-15-kl.-16.22.06.png","articleSection":["Nyheter"],"inLanguage":"sv-SE"},{"@type":"WebPage","@id":"https:\/\/iwdev.se\/vatgas\/2023\/06\/08\/tema-energi-almedalsveckan-2023\/","url":"https:\/\/iwdev.se\/vatgas\/2023\/06\/08\/tema-energi-almedalsveckan-2023\/","name":"Tema Energi - Almedalsveckan 2023 - V\u00e4tgas Sverige","isPartOf":{"@id":"https:\/\/iwdev.se\/vatgas\/#website"},"primaryImageOfPage":{"@id":"https:\/\/iwdev.se\/vatgas\/2023\/06\/08\/tema-energi-almedalsveckan-2023\/#primaryimage"},"image":{"@id":"https:\/\/iwdev.se\/vatgas\/2023\/06\/08\/tema-energi-almedalsveckan-2023\/#primaryimage"},"thumbnailUrl":"https:\/\/iwdev.se\/vatgas\/wp-content\/uploads\/2023\/06\/Skarmavbild-2023-06-15-kl.-16.22.06.png","datePublished":"2023-06-08T14:07:00+00:00","dateModified":"2023-06-15T14:22:51+00:00","breadcrumb":{"@id":"https:\/\/iwdev.se\/vatgas\/2023\/06\/08\/tema-energi-almedalsveckan-2023\/#breadcrumb"},"inLanguage":"sv-SE","potentialAction":[{"@type":"ReadAction","target":["https:\/\/iwdev.se\/vatgas\/2023\/06\/08\/tema-energi-almedalsveckan-2023\/"]}]},{"@type":"ImageObject","inLanguage":"sv-SE","@id":"https:\/\/iwdev.se\/vatgas\/2023\/06\/08\/tema-energi-almedalsveckan-2023\/#primaryimage","url":"https:\/\/iwdev.se\/vatgas\/wp-content\/uploads\/2023\/06\/Skarmavbild-2023-06-15-kl.-16.22.06.png","contentUrl":"https:\/\/iwdev.se\/vatgas\/wp-content\/uploads\/2023\/06\/Skarmavbild-2023-06-15-kl.-16.22.06.png","width":1112,"height":574},{"@type":"BreadcrumbList","@id":"https:\/\/iwdev.se\/vatgas\/2023\/06\/08\/tema-energi-almedalsveckan-2023\/#breadcrumb","itemListElement":[{"@type":"ListItem","position":1,"name":"Home","item":"https:\/\/iwdev.se\/vatgas\/"},{"@type":"ListItem","position":2,"name":"Tema Energi &#8211; Almedalsveckan 2023"}]},{"@type":"WebSite","@id":"https:\/\/iwdev.se\/vatgas\/#website","url":"https:\/\/iwdev.se\/vatgas\/","name":"V\u00e4tgas Sverige","description":"En ledande plattform f\u00f6r omst\u00e4llningen till fossilfrihet","publisher":{"@id":"https:\/\/iwdev.se\/vatgas\/#organization"},"potentialAction":[{"@type":"SearchAction","target":{"@type":"EntryPoint","urlTemplate":"https:\/\/iwdev.se\/vatgas\/?s={search_term_string}"},"query-input":{"@type":"PropertyValueSpecification","valueRequired":true,"valueName":"search_term_string"}}],"inLanguage":"sv-SE"},{"@type":"Organization","@id":"https:\/\/iwdev.se\/vatgas\/#organization","name":"V\u00e4tgas Sverige","url":"https:\/\/iwdev.se\/vatgas\/","logo":{"@type":"ImageObject","inLanguage":"sv-SE","@id":"https:\/\/iwdev.se\/vatgas\/#\/schema\/logo\/image\/","url":"https:\/\/iwdev.se\/vatgas\/wp-content\/uploads\/2022\/06\/LOGO.png","contentUrl":"https:\/\/iwdev.se\/vatgas\/wp-content\/uploads\/2022\/06\/LOGO.png","width":240,"height":147,"caption":"V\u00e4tgas Sverige"},"image":{"@id":"https:\/\/iwdev.se\/vatgas\/#\/schema\/logo\/image\/"}},{"@type":"Person","@id":"https:\/\/iwdev.se\/vatgas\/#\/schema\/person\/cedb2a36a8bce522b7eb5a539ee5d398","name":"adminuser","url":"https:\/\/iwdev.se\/vatgas\/author\/adminuser\/"}]}},"_links":{"self":[{"href":"https:\/\/iwdev.se\/vatgas\/wp-json\/wp\/v2\/posts\/18487","targetHints":{"allow":["GET"]}}],"collection":[{"href":"https:\/\/iwdev.se\/vatgas\/wp-json\/wp\/v2\/posts"}],"about":[{"href":"https:\/\/iwdev.se\/vatgas\/wp-json\/wp\/v2\/types\/post"}],"author":[{"embeddable":true,"href":"https:\/\/iwdev.se\/vatgas\/wp-json\/wp\/v2\/users\/5"}],"replies":[{"embeddable":true,"href":"https:\/\/iwdev.se\/vatgas\/wp-json\/wp\/v2\/comments?post=18487"}],"version-history":[{"count":4,"href":"https:\/\/iwdev.se\/vatgas\/wp-json\/wp\/v2\/posts\/18487\/revisions"}],"predecessor-version":[{"id":18495,"href":"https:\/\/iwdev.se\/vatgas\/wp-json\/wp\/v2\/posts\/18487\/revisions\/18495"}],"wp:featuredmedia":[{"embeddable":true,"href":"https:\/\/iwdev.se\/vatgas\/wp-json\/wp\/v2\/media\/18493"}],"wp:attachment":[{"href":"https:\/\/iwdev.se\/vatgas\/wp-json\/wp\/v2\/media?parent=18487"}],"wp:term":[{"taxonomy":"category","embeddable":true,"href":"https:\/\/iwdev.se\/vatgas\/wp-json\/wp\/v2\/categories?post=18487"},{"taxonomy":"post_tag","embeddable":true,"href":"https:\/\/iwdev.se\/vatgas\/wp-json\/wp\/v2\/tags?post=18487"}],"curies":[{"name":"wp","href":"https:\/\/api.w.org\/{rel}","templated":true}]}}