{"id":18496,"date":"2023-06-15T14:28:49","date_gmt":"2023-06-15T14:28:49","guid":{"rendered":"https:\/\/vatgas.hemsida.eu\/?p=18496"},"modified":"2023-06-15T14:28:52","modified_gmt":"2023-06-15T14:28:52","slug":"tema-industri-almedalsveckan-2023","status":"publish","type":"post","link":"https:\/\/iwdev.se\/vatgas\/2023\/06\/15\/tema-industri-almedalsveckan-2023\/","title":{"rendered":"Tema Industri &#8211; Almedalsveckan 2023"},"content":{"rendered":"\n<p><strong>Let\u00b4s start the conversation.<\/strong><\/p>\n\n\n\n<p>Den f\u00f6rnybara\u00a0v\u00e4tgasen \u00e4r n\u00f6dv\u00e4ndig f\u00f6r att klara omst\u00e4llningen i svensk industri och f\u00f6r att n\u00e5 v\u00e5ra klimatm\u00e5l. 90% av den f\u00f6rnybara v\u00e4tgasen som ska produceras, kommer att beh\u00f6vas inom industrin. H\u00e4r finns stor potential f\u00f6r Sverige att skapa attraktionskraft. Bland annat uppskattas att 100 000 nya jobb kommer att skapas, bara f\u00f6r att t\u00e4cka norra Sveriges behov.<\/p>\n\n\n\n<p><a href=\"https:\/\/iwdev.se\/vatgas\/almedalen-2023\/\">L\u00e4s mer om v\u00e5ra seminarier i Almedalen<\/a><\/p>\n\n\n\n<p>Om du vill veta mer om v\u00e4tgas i industrin, st\u00e4lla fr\u00e5gor till v\u00e5r kunniga panel, tycker vi att du ska bes\u00f6ka v\u00e5rt t\u00e4lt p\u00e5 Hansaplatsen. Vi ser fram emot att ses!<\/p>\n\n\n\n<p>Medverkande:<br><a href=\"https:\/\/www.linkedin.com\/in\/ACoAAAvbWUsBoIn5f2vboyzHbEdo0datr0FjL-4\">Anders Lundell<\/a>, <em>styrelseordf\u00f6rande<\/em>,\u00a0<a href=\"https:\/\/www.linkedin.com\/company\/hydrogen-sweden\/\">V\u00e4tgas Sverige<\/a><br><a href=\"https:\/\/www.linkedin.com\/in\/ACoAAAegyx0BnIeZaEvBSMOcNitO23FqX_fu3Co\">Anna Wallentin<\/a>, <em>avdelningschef<\/em>, <a href=\"https:\/\/www.linkedin.com\/company\/energigas\/\">Energigas Sverige<\/a><br><a href=\"https:\/\/www.linkedin.com\/in\/ACoAAAS7qUIBXyGUUjhVNGUTuDyh0K0mNU30vvY\">Johan Sandstedt<\/a>, <em>forskning- och aff\u00e4rsutvecklare<\/em>,\u00a0<a href=\"https:\/\/www.linkedin.com\/company\/rise-research-institutes-of-sweden\/\">RISE Research Institutes of Sweden<\/a><br><a href=\"https:\/\/www.linkedin.com\/in\/ACoAAADthHQBokCdCq7q85lTxY8l9xS7Sd_OK6o\">Peter Rydebrink<\/a>, <em>CEO,<\/em>\u00a0<a href=\"https:\/\/www.linkedin.com\/company\/euromekanik-ab\/\">Euromekanik AB<\/a><br><a href=\"https:\/\/www.linkedin.com\/in\/ACoAAAAUGe4BsGI8Hnj1CyNtlvQrGqYCIlRY34g\">Peter Maksinen<\/a>, <em>Business Development Manager<\/em>,\u00a0<a href=\"https:\/\/www.linkedin.com\/company\/rejlers\/\">Rejlers<\/a><br><a href=\"https:\/\/www.linkedin.com\/in\/ACoAAABmY_EB7VmvKykxgwm9bSgNlwyS_e9E5qk\">Henric Thorsen<\/a>, <em>Business Development Director<\/em>,\u00a0<a href=\"https:\/\/www.linkedin.com\/company\/siemens-energy\/\">Siemens Energy<\/a><br><a href=\"https:\/\/www.linkedin.com\/in\/ACoAAB84YOkBdWaCVtRBhwuubNdKU_Li79WscUc\">Mattias B\u00e4ckstr\u00f6m Johansson<\/a>, <em>riksdagsledamot<\/em>,\u00a0<a href=\"https:\/\/www.linkedin.com\/company\/sverigedemokraterna\/\">Sverigedemokraterna<\/a><\/p>\n","protected":false},"excerpt":{"rendered":"<p>Let\u00b4s start the conversation. Den f\u00f6rnybara\u00a0v\u00e4tgasen \u00e4r n\u00f6dv\u00e4ndig f\u00f6r att klara omst\u00e4llningen i svensk industri och f\u00f6r att n\u00e5 v\u00e5ra klimatm\u00e5l. 90% av den f\u00f6rnybara v\u00e4tgasen som ska produceras, kommer att beh\u00f6vas inom industrin. H\u00e4r finns stor potential f\u00f6r Sverige att skapa attraktionskraft. Bland annat uppskattas att 100 000 nya jobb kommer att skapas, bara <a class=\"moretag\" href=\"https:\/\/iwdev.se\/vatgas\/2023\/06\/15\/tema-industri-almedalsveckan-2023\/\">[&#8230;]<\/a><\/p>\n","protected":false},"author":5,"featured_media":18488,"comment_status":"closed","ping_status":"closed","sticky":false,"template":"","format":"standard","meta":{"_acf_changed":false,"footnotes":""},"categories":[12],"tags":[],"class_list":["post-18496","post","type-post","status-publish","format-standard","has-post-thumbnail","hentry","category-nyheter"],"acf":[],"yoast_head":"<!-- This site is optimized with the Yoast SEO Premium plugin v26.4 (Yoast SEO v27.4) - https:\/\/yoast.com\/product\/yoast-seo-premium-wordpress\/ -->\n<title>Tema Industri - Almedalsveckan 2023 - V\u00e4tgas Sverige<\/title>\n<meta name=\"description\" content=\"Tema Industri - Almedalsveckan 2023\" \/>\n<meta name=\"robots\" content=\"noindex, follow, max-snippet:-1, max-image-preview:large, max-video-preview:-1\" \/>\n<meta property=\"og:locale\" content=\"sv_SE\" \/>\n<meta property=\"og:type\" content=\"article\" \/>\n<meta property=\"og:title\" content=\"Tema Industri - Almedalsveckan 2023\" \/>\n<meta property=\"og:description\" content=\"Tema Industri - Almedalsveckan 2023\" \/>\n<meta property=\"og:url\" content=\"https:\/\/iwdev.se\/vatgas\/2023\/06\/15\/tema-industri-almedalsveckan-2023\/\" \/>\n<meta property=\"og:site_name\" content=\"V\u00e4tgas Sverige\" \/>\n<meta property=\"article:published_time\" content=\"2023-06-15T14:28:49+00:00\" \/>\n<meta property=\"article:modified_time\" content=\"2023-06-15T14:28:52+00:00\" \/>\n<meta property=\"og:image\" content=\"https:\/\/iwdev.se\/vatgas\/wp-content\/uploads\/2023\/06\/Skarmavbild-2023-06-15-kl.-16.18.33.png\" \/>\n\t<meta property=\"og:image:width\" content=\"1110\" \/>\n\t<meta property=\"og:image:height\" content=\"626\" \/>\n\t<meta property=\"og:image:type\" content=\"image\/png\" \/>\n<meta name=\"author\" content=\"adminuser\" \/>\n<meta name=\"twitter:card\" content=\"summary_large_image\" \/>\n<meta name=\"twitter:label1\" content=\"Skriven av\" \/>\n\t<meta name=\"twitter:data1\" content=\"adminuser\" \/>\n\t<meta name=\"twitter:label2\" content=\"Ber\u00e4knad l\u00e4stid\" \/>\n\t<meta name=\"twitter:data2\" content=\"1 minut\" \/>\n<script type=\"application\/ld+json\" class=\"yoast-schema-graph\">{\"@context\":\"https:\\\/\\\/schema.org\",\"@graph\":[{\"@type\":\"Article\",\"@id\":\"https:\\\/\\\/iwdev.se\\\/vatgas\\\/2023\\\/06\\\/15\\\/tema-industri-almedalsveckan-2023\\\/#article\",\"isPartOf\":{\"@id\":\"https:\\\/\\\/iwdev.se\\\/vatgas\\\/2023\\\/06\\\/15\\\/tema-industri-almedalsveckan-2023\\\/\"},\"author\":{\"name\":\"adminuser\",\"@id\":\"https:\\\/\\\/iwdev.se\\\/vatgas\\\/#\\\/schema\\\/person\\\/cedb2a36a8bce522b7eb5a539ee5d398\"},\"headline\":\"Tema Industri &#8211; Almedalsveckan 2023\",\"datePublished\":\"2023-06-15T14:28:49+00:00\",\"dateModified\":\"2023-06-15T14:28:52+00:00\",\"mainEntityOfPage\":{\"@id\":\"https:\\\/\\\/iwdev.se\\\/vatgas\\\/2023\\\/06\\\/15\\\/tema-industri-almedalsveckan-2023\\\/\"},\"wordCount\":176,\"publisher\":{\"@id\":\"https:\\\/\\\/iwdev.se\\\/vatgas\\\/#organization\"},\"image\":{\"@id\":\"https:\\\/\\\/iwdev.se\\\/vatgas\\\/2023\\\/06\\\/15\\\/tema-industri-almedalsveckan-2023\\\/#primaryimage\"},\"thumbnailUrl\":\"https:\\\/\\\/iwdev.se\\\/vatgas\\\/wp-content\\\/uploads\\\/2023\\\/06\\\/Skarmavbild-2023-06-15-kl.-16.18.33.png\",\"articleSection\":[\"Nyheter\"],\"inLanguage\":\"sv-SE\"},{\"@type\":\"WebPage\",\"@id\":\"https:\\\/\\\/iwdev.se\\\/vatgas\\\/2023\\\/06\\\/15\\\/tema-industri-almedalsveckan-2023\\\/\",\"url\":\"https:\\\/\\\/iwdev.se\\\/vatgas\\\/2023\\\/06\\\/15\\\/tema-industri-almedalsveckan-2023\\\/\",\"name\":\"Tema Industri - Almedalsveckan 2023 - V\u00e4tgas Sverige\",\"isPartOf\":{\"@id\":\"https:\\\/\\\/iwdev.se\\\/vatgas\\\/#website\"},\"primaryImageOfPage\":{\"@id\":\"https:\\\/\\\/iwdev.se\\\/vatgas\\\/2023\\\/06\\\/15\\\/tema-industri-almedalsveckan-2023\\\/#primaryimage\"},\"image\":{\"@id\":\"https:\\\/\\\/iwdev.se\\\/vatgas\\\/2023\\\/06\\\/15\\\/tema-industri-almedalsveckan-2023\\\/#primaryimage\"},\"thumbnailUrl\":\"https:\\\/\\\/iwdev.se\\\/vatgas\\\/wp-content\\\/uploads\\\/2023\\\/06\\\/Skarmavbild-2023-06-15-kl.-16.18.33.png\",\"datePublished\":\"2023-06-15T14:28:49+00:00\",\"dateModified\":\"2023-06-15T14:28:52+00:00\",\"description\":\"Tema Industri - Almedalsveckan 2023\",\"breadcrumb\":{\"@id\":\"https:\\\/\\\/iwdev.se\\\/vatgas\\\/2023\\\/06\\\/15\\\/tema-industri-almedalsveckan-2023\\\/#breadcrumb\"},\"inLanguage\":\"sv-SE\",\"potentialAction\":[{\"@type\":\"ReadAction\",\"target\":[\"https:\\\/\\\/iwdev.se\\\/vatgas\\\/2023\\\/06\\\/15\\\/tema-industri-almedalsveckan-2023\\\/\"]}]},{\"@type\":\"ImageObject\",\"inLanguage\":\"sv-SE\",\"@id\":\"https:\\\/\\\/iwdev.se\\\/vatgas\\\/2023\\\/06\\\/15\\\/tema-industri-almedalsveckan-2023\\\/#primaryimage\",\"url\":\"https:\\\/\\\/iwdev.se\\\/vatgas\\\/wp-content\\\/uploads\\\/2023\\\/06\\\/Skarmavbild-2023-06-15-kl.-16.18.33.png\",\"contentUrl\":\"https:\\\/\\\/iwdev.se\\\/vatgas\\\/wp-content\\\/uploads\\\/2023\\\/06\\\/Skarmavbild-2023-06-15-kl.-16.18.33.png\",\"width\":1110,\"height\":626},{\"@type\":\"BreadcrumbList\",\"@id\":\"https:\\\/\\\/iwdev.se\\\/vatgas\\\/2023\\\/06\\\/15\\\/tema-industri-almedalsveckan-2023\\\/#breadcrumb\",\"itemListElement\":[{\"@type\":\"ListItem\",\"position\":1,\"name\":\"Home\",\"item\":\"https:\\\/\\\/iwdev.se\\\/vatgas\\\/\"},{\"@type\":\"ListItem\",\"position\":2,\"name\":\"Tema Industri &#8211; Almedalsveckan 2023\"}]},{\"@type\":\"WebSite\",\"@id\":\"https:\\\/\\\/iwdev.se\\\/vatgas\\\/#website\",\"url\":\"https:\\\/\\\/iwdev.se\\\/vatgas\\\/\",\"name\":\"V\u00e4tgas Sverige\",\"description\":\"En ledande plattform f\u00f6r omst\u00e4llningen till fossilfrihet\",\"publisher\":{\"@id\":\"https:\\\/\\\/iwdev.se\\\/vatgas\\\/#organization\"},\"potentialAction\":[{\"@type\":\"SearchAction\",\"target\":{\"@type\":\"EntryPoint\",\"urlTemplate\":\"https:\\\/\\\/iwdev.se\\\/vatgas\\\/?s={search_term_string}\"},\"query-input\":{\"@type\":\"PropertyValueSpecification\",\"valueRequired\":true,\"valueName\":\"search_term_string\"}}],\"inLanguage\":\"sv-SE\"},{\"@type\":\"Organization\",\"@id\":\"https:\\\/\\\/iwdev.se\\\/vatgas\\\/#organization\",\"name\":\"V\u00e4tgas Sverige\",\"url\":\"https:\\\/\\\/iwdev.se\\\/vatgas\\\/\",\"logo\":{\"@type\":\"ImageObject\",\"inLanguage\":\"sv-SE\",\"@id\":\"https:\\\/\\\/iwdev.se\\\/vatgas\\\/#\\\/schema\\\/logo\\\/image\\\/\",\"url\":\"https:\\\/\\\/iwdev.se\\\/vatgas\\\/wp-content\\\/uploads\\\/2022\\\/06\\\/LOGO.png\",\"contentUrl\":\"https:\\\/\\\/iwdev.se\\\/vatgas\\\/wp-content\\\/uploads\\\/2022\\\/06\\\/LOGO.png\",\"width\":240,\"height\":147,\"caption\":\"V\u00e4tgas Sverige\"},\"image\":{\"@id\":\"https:\\\/\\\/iwdev.se\\\/vatgas\\\/#\\\/schema\\\/logo\\\/image\\\/\"}},{\"@type\":\"Person\",\"@id\":\"https:\\\/\\\/iwdev.se\\\/vatgas\\\/#\\\/schema\\\/person\\\/cedb2a36a8bce522b7eb5a539ee5d398\",\"name\":\"adminuser\",\"url\":\"https:\\\/\\\/iwdev.se\\\/vatgas\\\/author\\\/adminuser\\\/\"}]}<\/script>\n<!-- \/ Yoast SEO Premium plugin. -->","yoast_head_json":{"title":"Tema Industri - Almedalsveckan 2023 - V\u00e4tgas Sverige","description":"Tema Industri - Almedalsveckan 2023","robots":{"index":"noindex","follow":"follow","max-snippet":"max-snippet:-1","max-image-preview":"max-image-preview:large","max-video-preview":"max-video-preview:-1"},"og_locale":"sv_SE","og_type":"article","og_title":"Tema Industri - Almedalsveckan 2023","og_description":"Tema Industri - Almedalsveckan 2023","og_url":"https:\/\/iwdev.se\/vatgas\/2023\/06\/15\/tema-industri-almedalsveckan-2023\/","og_site_name":"V\u00e4tgas Sverige","article_published_time":"2023-06-15T14:28:49+00:00","article_modified_time":"2023-06-15T14:28:52+00:00","og_image":[{"width":1110,"height":626,"url":"https:\/\/iwdev.se\/vatgas\/wp-content\/uploads\/2023\/06\/Skarmavbild-2023-06-15-kl.-16.18.33.png","type":"image\/png"}],"author":"adminuser","twitter_card":"summary_large_image","twitter_misc":{"Skriven av":"adminuser","Ber\u00e4knad l\u00e4stid":"1 minut"},"schema":{"@context":"https:\/\/schema.org","@graph":[{"@type":"Article","@id":"https:\/\/iwdev.se\/vatgas\/2023\/06\/15\/tema-industri-almedalsveckan-2023\/#article","isPartOf":{"@id":"https:\/\/iwdev.se\/vatgas\/2023\/06\/15\/tema-industri-almedalsveckan-2023\/"},"author":{"name":"adminuser","@id":"https:\/\/iwdev.se\/vatgas\/#\/schema\/person\/cedb2a36a8bce522b7eb5a539ee5d398"},"headline":"Tema Industri &#8211; Almedalsveckan 2023","datePublished":"2023-06-15T14:28:49+00:00","dateModified":"2023-06-15T14:28:52+00:00","mainEntityOfPage":{"@id":"https:\/\/iwdev.se\/vatgas\/2023\/06\/15\/tema-industri-almedalsveckan-2023\/"},"wordCount":176,"publisher":{"@id":"https:\/\/iwdev.se\/vatgas\/#organization"},"image":{"@id":"https:\/\/iwdev.se\/vatgas\/2023\/06\/15\/tema-industri-almedalsveckan-2023\/#primaryimage"},"thumbnailUrl":"https:\/\/iwdev.se\/vatgas\/wp-content\/uploads\/2023\/06\/Skarmavbild-2023-06-15-kl.-16.18.33.png","articleSection":["Nyheter"],"inLanguage":"sv-SE"},{"@type":"WebPage","@id":"https:\/\/iwdev.se\/vatgas\/2023\/06\/15\/tema-industri-almedalsveckan-2023\/","url":"https:\/\/iwdev.se\/vatgas\/2023\/06\/15\/tema-industri-almedalsveckan-2023\/","name":"Tema Industri - Almedalsveckan 2023 - V\u00e4tgas Sverige","isPartOf":{"@id":"https:\/\/iwdev.se\/vatgas\/#website"},"primaryImageOfPage":{"@id":"https:\/\/iwdev.se\/vatgas\/2023\/06\/15\/tema-industri-almedalsveckan-2023\/#primaryimage"},"image":{"@id":"https:\/\/iwdev.se\/vatgas\/2023\/06\/15\/tema-industri-almedalsveckan-2023\/#primaryimage"},"thumbnailUrl":"https:\/\/iwdev.se\/vatgas\/wp-content\/uploads\/2023\/06\/Skarmavbild-2023-06-15-kl.-16.18.33.png","datePublished":"2023-06-15T14:28:49+00:00","dateModified":"2023-06-15T14:28:52+00:00","description":"Tema Industri - Almedalsveckan 2023","breadcrumb":{"@id":"https:\/\/iwdev.se\/vatgas\/2023\/06\/15\/tema-industri-almedalsveckan-2023\/#breadcrumb"},"inLanguage":"sv-SE","potentialAction":[{"@type":"ReadAction","target":["https:\/\/iwdev.se\/vatgas\/2023\/06\/15\/tema-industri-almedalsveckan-2023\/"]}]},{"@type":"ImageObject","inLanguage":"sv-SE","@id":"https:\/\/iwdev.se\/vatgas\/2023\/06\/15\/tema-industri-almedalsveckan-2023\/#primaryimage","url":"https:\/\/iwdev.se\/vatgas\/wp-content\/uploads\/2023\/06\/Skarmavbild-2023-06-15-kl.-16.18.33.png","contentUrl":"https:\/\/iwdev.se\/vatgas\/wp-content\/uploads\/2023\/06\/Skarmavbild-2023-06-15-kl.-16.18.33.png","width":1110,"height":626},{"@type":"BreadcrumbList","@id":"https:\/\/iwdev.se\/vatgas\/2023\/06\/15\/tema-industri-almedalsveckan-2023\/#breadcrumb","itemListElement":[{"@type":"ListItem","position":1,"name":"Home","item":"https:\/\/iwdev.se\/vatgas\/"},{"@type":"ListItem","position":2,"name":"Tema Industri &#8211; Almedalsveckan 2023"}]},{"@type":"WebSite","@id":"https:\/\/iwdev.se\/vatgas\/#website","url":"https:\/\/iwdev.se\/vatgas\/","name":"V\u00e4tgas Sverige","description":"En ledande plattform f\u00f6r omst\u00e4llningen till fossilfrihet","publisher":{"@id":"https:\/\/iwdev.se\/vatgas\/#organization"},"potentialAction":[{"@type":"SearchAction","target":{"@type":"EntryPoint","urlTemplate":"https:\/\/iwdev.se\/vatgas\/?s={search_term_string}"},"query-input":{"@type":"PropertyValueSpecification","valueRequired":true,"valueName":"search_term_string"}}],"inLanguage":"sv-SE"},{"@type":"Organization","@id":"https:\/\/iwdev.se\/vatgas\/#organization","name":"V\u00e4tgas Sverige","url":"https:\/\/iwdev.se\/vatgas\/","logo":{"@type":"ImageObject","inLanguage":"sv-SE","@id":"https:\/\/iwdev.se\/vatgas\/#\/schema\/logo\/image\/","url":"https:\/\/iwdev.se\/vatgas\/wp-content\/uploads\/2022\/06\/LOGO.png","contentUrl":"https:\/\/iwdev.se\/vatgas\/wp-content\/uploads\/2022\/06\/LOGO.png","width":240,"height":147,"caption":"V\u00e4tgas Sverige"},"image":{"@id":"https:\/\/iwdev.se\/vatgas\/#\/schema\/logo\/image\/"}},{"@type":"Person","@id":"https:\/\/iwdev.se\/vatgas\/#\/schema\/person\/cedb2a36a8bce522b7eb5a539ee5d398","name":"adminuser","url":"https:\/\/iwdev.se\/vatgas\/author\/adminuser\/"}]}},"_links":{"self":[{"href":"https:\/\/iwdev.se\/vatgas\/wp-json\/wp\/v2\/posts\/18496","targetHints":{"allow":["GET"]}}],"collection":[{"href":"https:\/\/iwdev.se\/vatgas\/wp-json\/wp\/v2\/posts"}],"about":[{"href":"https:\/\/iwdev.se\/vatgas\/wp-json\/wp\/v2\/types\/post"}],"author":[{"embeddable":true,"href":"https:\/\/iwdev.se\/vatgas\/wp-json\/wp\/v2\/users\/5"}],"replies":[{"embeddable":true,"href":"https:\/\/iwdev.se\/vatgas\/wp-json\/wp\/v2\/comments?post=18496"}],"version-history":[{"count":1,"href":"https:\/\/iwdev.se\/vatgas\/wp-json\/wp\/v2\/posts\/18496\/revisions"}],"predecessor-version":[{"id":18497,"href":"https:\/\/iwdev.se\/vatgas\/wp-json\/wp\/v2\/posts\/18496\/revisions\/18497"}],"wp:featuredmedia":[{"embeddable":true,"href":"https:\/\/iwdev.se\/vatgas\/wp-json\/wp\/v2\/media\/18488"}],"wp:attachment":[{"href":"https:\/\/iwdev.se\/vatgas\/wp-json\/wp\/v2\/media?parent=18496"}],"wp:term":[{"taxonomy":"category","embeddable":true,"href":"https:\/\/iwdev.se\/vatgas\/wp-json\/wp\/v2\/categories?post=18496"},{"taxonomy":"post_tag","embeddable":true,"href":"https:\/\/iwdev.se\/vatgas\/wp-json\/wp\/v2\/tags?post=18496"}],"curies":[{"name":"wp","href":"https:\/\/api.w.org\/{rel}","templated":true}]}}