{"id":18507,"date":"2023-06-19T12:06:04","date_gmt":"2023-06-19T12:06:04","guid":{"rendered":"https:\/\/vatgas.hemsida.eu\/?p=18507"},"modified":"2023-06-21T12:33:58","modified_gmt":"2023-06-21T12:33:58","slug":"studien-bekraftar-mojligheten-till-vateelektriska-regionaljetflygplan","status":"publish","type":"post","link":"https:\/\/iwdev.se\/vatgas\/2023\/06\/19\/studien-bekraftar-mojligheten-till-vateelektriska-regionaljetflygplan\/","title":{"rendered":"Studien bekr\u00e4ftar m\u00f6jligheten till v\u00e4teelektriska regionaljetflygplan"},"content":{"rendered":"\n<p>ZeroAvia tillsammans med MHIRJ har genomf\u00f6rt en inledande teknisk studie det senaste \u00e5ret p\u00e5 v\u00e4teelektriska regionaljetflygplan.<\/p>\n\n\n\n<p><\/p>\n\n\n\n<p>Studien har identifierat maximal startvikt, tyngdpunkt och strukturella till\u00e5telser. Man visar ocks\u00e5 p\u00e5 en eftermonteringsmetod med ZeroAvias drivlina ZA2000RJ f\u00f6r flygplan i CRJ-serien som \u00e4r i drift. Det finns goda m\u00f6jligheter f\u00f6r lagring av v\u00e4tebr\u00e4nsle ombord och integrering av drivlinor f\u00f6r att s\u00e4kerst\u00e4lla bevarande av flygplanens aerodynamik. Med v\u00e4tgasbr\u00e4nsleanv\u00e4ndningen f\u00f6rv\u00e4ntar man sig en minskning i b\u00e5de drift- och underh\u00e5llskostnader.<\/p>\n\n\n\n<p><\/p>\n\n\n\n<p>Det v\u00e4teelektriska CRJ-flygplanet skulle utrustas med tv\u00e5 ZeroAvia-jetmotorer f\u00f6r att matcha den befintliga prestandan, ZeroAvia f\u00f6resl\u00e5r att det skulle kunna st\u00f6dja upp till 60 passagerare med en r\u00e4ckvidd p\u00e5 560 miles, vilket t\u00e4cker mer \u00e4n 80 % av nuvarande flygningar.<\/p>\n\n\n\n<p><\/p>\n\n\n\n<p>Val Miftakhov, VD f\u00f6r ZeroAvia, s\u00e4ger att &#8221;Det finns en viss kompromiss med nyttolast och r\u00e4ckvidd, men den h\u00e4r tekniska studien bekr\u00e4ftar en h\u00e5llbar framdrivningsarkitektur och integration som kan vara fullst\u00e4ndigt transformerande.&nbsp;F\u00f6re slutet av \u00e5rtiondet skulle flygbolag kunna flyga nollutsl\u00e4ppsjet.&#8221;<\/p>\n\n\n\n<p>Ett steg fram\u00e5t mot koldioxidutsl\u00e4ppen av regional flyg!<\/p>\n\n\n\n<p>L\u00e4s mer om artikeln <a href=\"https:\/\/www.h2-view.com\/story\/zeroavia-technical-study-confirms-feasibility-of-hydrogen-electric-regional-jets\/\">h\u00e4r!<\/a><\/p>\n","protected":false},"excerpt":{"rendered":"<p>ZeroAvia tillsammans med MHIRJ har genomf\u00f6rt en inledande teknisk studie det senaste \u00e5ret p\u00e5 v\u00e4teelektriska regionaljetflygplan. Studien har identifierat maximal startvikt, tyngdpunkt och strukturella till\u00e5telser. Man visar ocks\u00e5 p\u00e5 en eftermonteringsmetod med ZeroAvias drivlina ZA2000RJ f\u00f6r flygplan i CRJ-serien som \u00e4r i drift. Det finns goda m\u00f6jligheter f\u00f6r lagring av v\u00e4tebr\u00e4nsle ombord och integrering av <a class=\"moretag\" href=\"https:\/\/iwdev.se\/vatgas\/2023\/06\/19\/studien-bekraftar-mojligheten-till-vateelektriska-regionaljetflygplan\/\">[&#8230;]<\/a><\/p>\n","protected":false},"author":5,"featured_media":18535,"comment_status":"closed","ping_status":"closed","sticky":false,"template":"","format":"standard","meta":{"_acf_changed":false,"footnotes":""},"categories":[12],"tags":[],"class_list":["post-18507","post","type-post","status-publish","format-standard","has-post-thumbnail","hentry","category-nyheter"],"acf":[],"yoast_head":"<!-- This site is optimized with the Yoast SEO Premium plugin v26.4 (Yoast SEO v27.4) - https:\/\/yoast.com\/product\/yoast-seo-premium-wordpress\/ -->\n<title>Studien bekr\u00e4ftar m\u00f6jligheten till v\u00e4teelektriska regionaljetflygplan - V\u00e4tgas Sverige<\/title>\n<meta name=\"description\" content=\"ZeroAvia tekniska studie bekr\u00e4ftar m\u00f6jligheten till v\u00e4teelektriska regionaljetflygplan\" \/>\n<meta name=\"robots\" content=\"noindex, follow, max-snippet:-1, max-image-preview:large, max-video-preview:-1\" \/>\n<meta property=\"og:locale\" content=\"sv_SE\" \/>\n<meta property=\"og:type\" content=\"article\" \/>\n<meta property=\"og:title\" content=\"Studien bekr\u00e4ftar m\u00f6jligheten till v\u00e4teelektriska regionaljetflygplan\" \/>\n<meta property=\"og:description\" content=\"ZeroAvia tekniska studie bekr\u00e4ftar m\u00f6jligheten till v\u00e4teelektriska regionaljetflygplan\" \/>\n<meta property=\"og:url\" content=\"https:\/\/iwdev.se\/vatgas\/2023\/06\/19\/studien-bekraftar-mojligheten-till-vateelektriska-regionaljetflygplan\/\" \/>\n<meta property=\"og:site_name\" content=\"V\u00e4tgas Sverige\" \/>\n<meta property=\"article:published_time\" content=\"2023-06-19T12:06:04+00:00\" \/>\n<meta property=\"article:modified_time\" content=\"2023-06-21T12:33:58+00:00\" \/>\n<meta property=\"og:image\" content=\"https:\/\/iwdev.se\/vatgas\/wp-content\/uploads\/2023\/06\/Skarmavbild-2023-06-21-kl.-13.58.53-1024x567.png\" \/>\n\t<meta property=\"og:image:width\" content=\"1024\" \/>\n\t<meta property=\"og:image:height\" content=\"567\" \/>\n\t<meta property=\"og:image:type\" content=\"image\/png\" \/>\n<meta name=\"author\" content=\"adminuser\" \/>\n<meta name=\"twitter:card\" content=\"summary_large_image\" \/>\n<meta name=\"twitter:label1\" content=\"Skriven av\" \/>\n\t<meta name=\"twitter:data1\" content=\"adminuser\" \/>\n\t<meta name=\"twitter:label2\" content=\"Ber\u00e4knad l\u00e4stid\" \/>\n\t<meta name=\"twitter:data2\" content=\"1 minut\" \/>\n<script type=\"application\/ld+json\" class=\"yoast-schema-graph\">{\"@context\":\"https:\\\/\\\/schema.org\",\"@graph\":[{\"@type\":\"Article\",\"@id\":\"https:\\\/\\\/iwdev.se\\\/vatgas\\\/2023\\\/06\\\/19\\\/studien-bekraftar-mojligheten-till-vateelektriska-regionaljetflygplan\\\/#article\",\"isPartOf\":{\"@id\":\"https:\\\/\\\/iwdev.se\\\/vatgas\\\/2023\\\/06\\\/19\\\/studien-bekraftar-mojligheten-till-vateelektriska-regionaljetflygplan\\\/\"},\"author\":{\"name\":\"adminuser\",\"@id\":\"https:\\\/\\\/iwdev.se\\\/vatgas\\\/#\\\/schema\\\/person\\\/cedb2a36a8bce522b7eb5a539ee5d398\"},\"headline\":\"Studien bekr\u00e4ftar m\u00f6jligheten till v\u00e4teelektriska regionaljetflygplan\",\"datePublished\":\"2023-06-19T12:06:04+00:00\",\"dateModified\":\"2023-06-21T12:33:58+00:00\",\"mainEntityOfPage\":{\"@id\":\"https:\\\/\\\/iwdev.se\\\/vatgas\\\/2023\\\/06\\\/19\\\/studien-bekraftar-mojligheten-till-vateelektriska-regionaljetflygplan\\\/\"},\"wordCount\":214,\"publisher\":{\"@id\":\"https:\\\/\\\/iwdev.se\\\/vatgas\\\/#organization\"},\"image\":{\"@id\":\"https:\\\/\\\/iwdev.se\\\/vatgas\\\/2023\\\/06\\\/19\\\/studien-bekraftar-mojligheten-till-vateelektriska-regionaljetflygplan\\\/#primaryimage\"},\"thumbnailUrl\":\"https:\\\/\\\/iwdev.se\\\/vatgas\\\/wp-content\\\/uploads\\\/2023\\\/06\\\/Skarmavbild-2023-06-21-kl.-13.58.53.png\",\"articleSection\":[\"Nyheter\"],\"inLanguage\":\"sv-SE\"},{\"@type\":\"WebPage\",\"@id\":\"https:\\\/\\\/iwdev.se\\\/vatgas\\\/2023\\\/06\\\/19\\\/studien-bekraftar-mojligheten-till-vateelektriska-regionaljetflygplan\\\/\",\"url\":\"https:\\\/\\\/iwdev.se\\\/vatgas\\\/2023\\\/06\\\/19\\\/studien-bekraftar-mojligheten-till-vateelektriska-regionaljetflygplan\\\/\",\"name\":\"Studien bekr\u00e4ftar m\u00f6jligheten till v\u00e4teelektriska regionaljetflygplan - V\u00e4tgas Sverige\",\"isPartOf\":{\"@id\":\"https:\\\/\\\/iwdev.se\\\/vatgas\\\/#website\"},\"primaryImageOfPage\":{\"@id\":\"https:\\\/\\\/iwdev.se\\\/vatgas\\\/2023\\\/06\\\/19\\\/studien-bekraftar-mojligheten-till-vateelektriska-regionaljetflygplan\\\/#primaryimage\"},\"image\":{\"@id\":\"https:\\\/\\\/iwdev.se\\\/vatgas\\\/2023\\\/06\\\/19\\\/studien-bekraftar-mojligheten-till-vateelektriska-regionaljetflygplan\\\/#primaryimage\"},\"thumbnailUrl\":\"https:\\\/\\\/iwdev.se\\\/vatgas\\\/wp-content\\\/uploads\\\/2023\\\/06\\\/Skarmavbild-2023-06-21-kl.-13.58.53.png\",\"datePublished\":\"2023-06-19T12:06:04+00:00\",\"dateModified\":\"2023-06-21T12:33:58+00:00\",\"description\":\"ZeroAvia tekniska studie bekr\u00e4ftar m\u00f6jligheten till v\u00e4teelektriska regionaljetflygplan\",\"breadcrumb\":{\"@id\":\"https:\\\/\\\/iwdev.se\\\/vatgas\\\/2023\\\/06\\\/19\\\/studien-bekraftar-mojligheten-till-vateelektriska-regionaljetflygplan\\\/#breadcrumb\"},\"inLanguage\":\"sv-SE\",\"potentialAction\":[{\"@type\":\"ReadAction\",\"target\":[\"https:\\\/\\\/iwdev.se\\\/vatgas\\\/2023\\\/06\\\/19\\\/studien-bekraftar-mojligheten-till-vateelektriska-regionaljetflygplan\\\/\"]}]},{\"@type\":\"ImageObject\",\"inLanguage\":\"sv-SE\",\"@id\":\"https:\\\/\\\/iwdev.se\\\/vatgas\\\/2023\\\/06\\\/19\\\/studien-bekraftar-mojligheten-till-vateelektriska-regionaljetflygplan\\\/#primaryimage\",\"url\":\"https:\\\/\\\/iwdev.se\\\/vatgas\\\/wp-content\\\/uploads\\\/2023\\\/06\\\/Skarmavbild-2023-06-21-kl.-13.58.53.png\",\"contentUrl\":\"https:\\\/\\\/iwdev.se\\\/vatgas\\\/wp-content\\\/uploads\\\/2023\\\/06\\\/Skarmavbild-2023-06-21-kl.-13.58.53.png\",\"width\":2534,\"height\":1402},{\"@type\":\"BreadcrumbList\",\"@id\":\"https:\\\/\\\/iwdev.se\\\/vatgas\\\/2023\\\/06\\\/19\\\/studien-bekraftar-mojligheten-till-vateelektriska-regionaljetflygplan\\\/#breadcrumb\",\"itemListElement\":[{\"@type\":\"ListItem\",\"position\":1,\"name\":\"Home\",\"item\":\"https:\\\/\\\/iwdev.se\\\/vatgas\\\/\"},{\"@type\":\"ListItem\",\"position\":2,\"name\":\"Studien bekr\u00e4ftar m\u00f6jligheten till v\u00e4teelektriska regionaljetflygplan\"}]},{\"@type\":\"WebSite\",\"@id\":\"https:\\\/\\\/iwdev.se\\\/vatgas\\\/#website\",\"url\":\"https:\\\/\\\/iwdev.se\\\/vatgas\\\/\",\"name\":\"V\u00e4tgas Sverige\",\"description\":\"En ledande plattform f\u00f6r omst\u00e4llningen till fossilfrihet\",\"publisher\":{\"@id\":\"https:\\\/\\\/iwdev.se\\\/vatgas\\\/#organization\"},\"potentialAction\":[{\"@type\":\"SearchAction\",\"target\":{\"@type\":\"EntryPoint\",\"urlTemplate\":\"https:\\\/\\\/iwdev.se\\\/vatgas\\\/?s={search_term_string}\"},\"query-input\":{\"@type\":\"PropertyValueSpecification\",\"valueRequired\":true,\"valueName\":\"search_term_string\"}}],\"inLanguage\":\"sv-SE\"},{\"@type\":\"Organization\",\"@id\":\"https:\\\/\\\/iwdev.se\\\/vatgas\\\/#organization\",\"name\":\"V\u00e4tgas Sverige\",\"url\":\"https:\\\/\\\/iwdev.se\\\/vatgas\\\/\",\"logo\":{\"@type\":\"ImageObject\",\"inLanguage\":\"sv-SE\",\"@id\":\"https:\\\/\\\/iwdev.se\\\/vatgas\\\/#\\\/schema\\\/logo\\\/image\\\/\",\"url\":\"https:\\\/\\\/iwdev.se\\\/vatgas\\\/wp-content\\\/uploads\\\/2022\\\/06\\\/LOGO.png\",\"contentUrl\":\"https:\\\/\\\/iwdev.se\\\/vatgas\\\/wp-content\\\/uploads\\\/2022\\\/06\\\/LOGO.png\",\"width\":240,\"height\":147,\"caption\":\"V\u00e4tgas Sverige\"},\"image\":{\"@id\":\"https:\\\/\\\/iwdev.se\\\/vatgas\\\/#\\\/schema\\\/logo\\\/image\\\/\"}},{\"@type\":\"Person\",\"@id\":\"https:\\\/\\\/iwdev.se\\\/vatgas\\\/#\\\/schema\\\/person\\\/cedb2a36a8bce522b7eb5a539ee5d398\",\"name\":\"adminuser\",\"url\":\"https:\\\/\\\/iwdev.se\\\/vatgas\\\/author\\\/adminuser\\\/\"}]}<\/script>\n<!-- \/ Yoast SEO Premium plugin. -->","yoast_head_json":{"title":"Studien bekr\u00e4ftar m\u00f6jligheten till v\u00e4teelektriska regionaljetflygplan - V\u00e4tgas Sverige","description":"ZeroAvia tekniska studie bekr\u00e4ftar m\u00f6jligheten till v\u00e4teelektriska regionaljetflygplan","robots":{"index":"noindex","follow":"follow","max-snippet":"max-snippet:-1","max-image-preview":"max-image-preview:large","max-video-preview":"max-video-preview:-1"},"og_locale":"sv_SE","og_type":"article","og_title":"Studien bekr\u00e4ftar m\u00f6jligheten till v\u00e4teelektriska regionaljetflygplan","og_description":"ZeroAvia tekniska studie bekr\u00e4ftar m\u00f6jligheten till v\u00e4teelektriska regionaljetflygplan","og_url":"https:\/\/iwdev.se\/vatgas\/2023\/06\/19\/studien-bekraftar-mojligheten-till-vateelektriska-regionaljetflygplan\/","og_site_name":"V\u00e4tgas Sverige","article_published_time":"2023-06-19T12:06:04+00:00","article_modified_time":"2023-06-21T12:33:58+00:00","og_image":[{"width":1024,"height":567,"url":"https:\/\/iwdev.se\/vatgas\/wp-content\/uploads\/2023\/06\/Skarmavbild-2023-06-21-kl.-13.58.53-1024x567.png","type":"image\/png"}],"author":"adminuser","twitter_card":"summary_large_image","twitter_misc":{"Skriven av":"adminuser","Ber\u00e4knad l\u00e4stid":"1 minut"},"schema":{"@context":"https:\/\/schema.org","@graph":[{"@type":"Article","@id":"https:\/\/iwdev.se\/vatgas\/2023\/06\/19\/studien-bekraftar-mojligheten-till-vateelektriska-regionaljetflygplan\/#article","isPartOf":{"@id":"https:\/\/iwdev.se\/vatgas\/2023\/06\/19\/studien-bekraftar-mojligheten-till-vateelektriska-regionaljetflygplan\/"},"author":{"name":"adminuser","@id":"https:\/\/iwdev.se\/vatgas\/#\/schema\/person\/cedb2a36a8bce522b7eb5a539ee5d398"},"headline":"Studien bekr\u00e4ftar m\u00f6jligheten till v\u00e4teelektriska regionaljetflygplan","datePublished":"2023-06-19T12:06:04+00:00","dateModified":"2023-06-21T12:33:58+00:00","mainEntityOfPage":{"@id":"https:\/\/iwdev.se\/vatgas\/2023\/06\/19\/studien-bekraftar-mojligheten-till-vateelektriska-regionaljetflygplan\/"},"wordCount":214,"publisher":{"@id":"https:\/\/iwdev.se\/vatgas\/#organization"},"image":{"@id":"https:\/\/iwdev.se\/vatgas\/2023\/06\/19\/studien-bekraftar-mojligheten-till-vateelektriska-regionaljetflygplan\/#primaryimage"},"thumbnailUrl":"https:\/\/iwdev.se\/vatgas\/wp-content\/uploads\/2023\/06\/Skarmavbild-2023-06-21-kl.-13.58.53.png","articleSection":["Nyheter"],"inLanguage":"sv-SE"},{"@type":"WebPage","@id":"https:\/\/iwdev.se\/vatgas\/2023\/06\/19\/studien-bekraftar-mojligheten-till-vateelektriska-regionaljetflygplan\/","url":"https:\/\/iwdev.se\/vatgas\/2023\/06\/19\/studien-bekraftar-mojligheten-till-vateelektriska-regionaljetflygplan\/","name":"Studien bekr\u00e4ftar m\u00f6jligheten till v\u00e4teelektriska regionaljetflygplan - V\u00e4tgas Sverige","isPartOf":{"@id":"https:\/\/iwdev.se\/vatgas\/#website"},"primaryImageOfPage":{"@id":"https:\/\/iwdev.se\/vatgas\/2023\/06\/19\/studien-bekraftar-mojligheten-till-vateelektriska-regionaljetflygplan\/#primaryimage"},"image":{"@id":"https:\/\/iwdev.se\/vatgas\/2023\/06\/19\/studien-bekraftar-mojligheten-till-vateelektriska-regionaljetflygplan\/#primaryimage"},"thumbnailUrl":"https:\/\/iwdev.se\/vatgas\/wp-content\/uploads\/2023\/06\/Skarmavbild-2023-06-21-kl.-13.58.53.png","datePublished":"2023-06-19T12:06:04+00:00","dateModified":"2023-06-21T12:33:58+00:00","description":"ZeroAvia tekniska studie bekr\u00e4ftar m\u00f6jligheten till v\u00e4teelektriska regionaljetflygplan","breadcrumb":{"@id":"https:\/\/iwdev.se\/vatgas\/2023\/06\/19\/studien-bekraftar-mojligheten-till-vateelektriska-regionaljetflygplan\/#breadcrumb"},"inLanguage":"sv-SE","potentialAction":[{"@type":"ReadAction","target":["https:\/\/iwdev.se\/vatgas\/2023\/06\/19\/studien-bekraftar-mojligheten-till-vateelektriska-regionaljetflygplan\/"]}]},{"@type":"ImageObject","inLanguage":"sv-SE","@id":"https:\/\/iwdev.se\/vatgas\/2023\/06\/19\/studien-bekraftar-mojligheten-till-vateelektriska-regionaljetflygplan\/#primaryimage","url":"https:\/\/iwdev.se\/vatgas\/wp-content\/uploads\/2023\/06\/Skarmavbild-2023-06-21-kl.-13.58.53.png","contentUrl":"https:\/\/iwdev.se\/vatgas\/wp-content\/uploads\/2023\/06\/Skarmavbild-2023-06-21-kl.-13.58.53.png","width":2534,"height":1402},{"@type":"BreadcrumbList","@id":"https:\/\/iwdev.se\/vatgas\/2023\/06\/19\/studien-bekraftar-mojligheten-till-vateelektriska-regionaljetflygplan\/#breadcrumb","itemListElement":[{"@type":"ListItem","position":1,"name":"Home","item":"https:\/\/iwdev.se\/vatgas\/"},{"@type":"ListItem","position":2,"name":"Studien bekr\u00e4ftar m\u00f6jligheten till v\u00e4teelektriska regionaljetflygplan"}]},{"@type":"WebSite","@id":"https:\/\/iwdev.se\/vatgas\/#website","url":"https:\/\/iwdev.se\/vatgas\/","name":"V\u00e4tgas Sverige","description":"En ledande plattform f\u00f6r omst\u00e4llningen till fossilfrihet","publisher":{"@id":"https:\/\/iwdev.se\/vatgas\/#organization"},"potentialAction":[{"@type":"SearchAction","target":{"@type":"EntryPoint","urlTemplate":"https:\/\/iwdev.se\/vatgas\/?s={search_term_string}"},"query-input":{"@type":"PropertyValueSpecification","valueRequired":true,"valueName":"search_term_string"}}],"inLanguage":"sv-SE"},{"@type":"Organization","@id":"https:\/\/iwdev.se\/vatgas\/#organization","name":"V\u00e4tgas Sverige","url":"https:\/\/iwdev.se\/vatgas\/","logo":{"@type":"ImageObject","inLanguage":"sv-SE","@id":"https:\/\/iwdev.se\/vatgas\/#\/schema\/logo\/image\/","url":"https:\/\/iwdev.se\/vatgas\/wp-content\/uploads\/2022\/06\/LOGO.png","contentUrl":"https:\/\/iwdev.se\/vatgas\/wp-content\/uploads\/2022\/06\/LOGO.png","width":240,"height":147,"caption":"V\u00e4tgas Sverige"},"image":{"@id":"https:\/\/iwdev.se\/vatgas\/#\/schema\/logo\/image\/"}},{"@type":"Person","@id":"https:\/\/iwdev.se\/vatgas\/#\/schema\/person\/cedb2a36a8bce522b7eb5a539ee5d398","name":"adminuser","url":"https:\/\/iwdev.se\/vatgas\/author\/adminuser\/"}]}},"_links":{"self":[{"href":"https:\/\/iwdev.se\/vatgas\/wp-json\/wp\/v2\/posts\/18507","targetHints":{"allow":["GET"]}}],"collection":[{"href":"https:\/\/iwdev.se\/vatgas\/wp-json\/wp\/v2\/posts"}],"about":[{"href":"https:\/\/iwdev.se\/vatgas\/wp-json\/wp\/v2\/types\/post"}],"author":[{"embeddable":true,"href":"https:\/\/iwdev.se\/vatgas\/wp-json\/wp\/v2\/users\/5"}],"replies":[{"embeddable":true,"href":"https:\/\/iwdev.se\/vatgas\/wp-json\/wp\/v2\/comments?post=18507"}],"version-history":[{"count":4,"href":"https:\/\/iwdev.se\/vatgas\/wp-json\/wp\/v2\/posts\/18507\/revisions"}],"predecessor-version":[{"id":18543,"href":"https:\/\/iwdev.se\/vatgas\/wp-json\/wp\/v2\/posts\/18507\/revisions\/18543"}],"wp:featuredmedia":[{"embeddable":true,"href":"https:\/\/iwdev.se\/vatgas\/wp-json\/wp\/v2\/media\/18535"}],"wp:attachment":[{"href":"https:\/\/iwdev.se\/vatgas\/wp-json\/wp\/v2\/media?parent=18507"}],"wp:term":[{"taxonomy":"category","embeddable":true,"href":"https:\/\/iwdev.se\/vatgas\/wp-json\/wp\/v2\/categories?post=18507"},{"taxonomy":"post_tag","embeddable":true,"href":"https:\/\/iwdev.se\/vatgas\/wp-json\/wp\/v2\/tags?post=18507"}],"curies":[{"name":"wp","href":"https:\/\/api.w.org\/{rel}","templated":true}]}}