{"id":18529,"date":"2023-05-08T12:00:02","date_gmt":"2023-05-08T12:00:02","guid":{"rendered":"https:\/\/vatgas.hemsida.eu\/?p=18529"},"modified":"2023-06-21T12:12:30","modified_gmt":"2023-06-21T12:12:30","slug":"abb-ansluter-till-lhyfe-och-skyborns-samarbete-for-att-etablera-en-av-europas-storsta-grona-vatgasanlaggningar-i-soderhamn-south2port","status":"publish","type":"post","link":"https:\/\/iwdev.se\/vatgas\/2023\/05\/08\/abb-ansluter-till-lhyfe-och-skyborns-samarbete-for-att-etablera-en-av-europas-storsta-grona-vatgasanlaggningar-i-soderhamn-south2port\/","title":{"rendered":"ABB ansluter till Lhyfe och Skyborns samarbete f\u00f6r att etablera en av Europas st\u00f6rsta gr\u00f6na v\u00e4tgasanl\u00e4ggningar i S\u00f6derhamn \u2013 SoutH2port"},"content":{"rendered":"\n<p>Den svenska teknikj\u00e4tten ABB har tecknat ett intentionsavtal (MoU) med Lhyfe &#8211; en v\u00e4rldspionj\u00e4r inom produktion av f\u00f6rnybar v\u00e4tgas, och Skyborn Renewables (Skyborn) &#8211; en ledande global utvecklare av havsbaserad vindkraft, f\u00f6r att gemensamt realisera ett av Europas mest ambiti\u00f6sa f\u00f6rnybara v\u00e4tgasprojekt SoutH2Port.<\/p>\n\n\n\n<p>Den nya anl\u00e4ggningen planeras att f\u00f6rl\u00e4ggas i S\u00f6derhamns kommun d\u00e4r Skyborn och Lhyfe nyligen ing\u00e5tt markavtal med Stora Enso och s\u00e4krat r\u00e4ttigheterna till en industritomt om cirka 40 hektar, i n\u00e4ra anslutning till Skyborns 1 GW havsbaserade vindkraftpark Storgrundet. I full drift v\u00e4ntas SoutH2port ha en installerad kapacitet om 600 MW och producera cirka 240 ton v\u00e4tgas per dag eller motsvarande 88 000 ton \u00e5rligen.<\/p>\n\n\n\n<p>&#8221;Detta samarbete utg\u00f6r en viktig del av v\u00e5r strategi p\u00e5 marknaden f\u00f6r v\u00e4tgas s\u00e5v\u00e4l som f\u00f6r havsbaserad vindkraft&#8221;, s\u00e4ger Bruno Roche, Global Head of Energy Transition p\u00e5 ABB Energy Industries i ett pressmeddelande. &#8221;Att skapa en s\u00f6ml\u00f6s v\u00e4rdekedja genom partnerskap som dessa \u00e4r helt centralt f\u00f6r att p\u00e5skynda energiomst\u00e4llningen. V\u00e4tgas spelar en avg\u00f6rande roll f\u00f6r att hj\u00e4lpa till att uppn\u00e5 v\u00e4rldens klimatm\u00e5l n\u00e4r det g\u00e4ller att minska koldioxidutsl\u00e4ppen fr\u00e5n industrin och transportsektorn.&#8221;<\/p>\n\n\n\n<p>Syftet med projektet \u00e4r att unders\u00f6ka m\u00f6jligheten att nyttja tekniker f\u00f6r s\u00e5 kallat Power-to-X, d\u00e4r f\u00f6rnybar el omvandlas till koldioxidneutrala energib\u00e4rare s\u00e5som v\u00e4tgas eller andra h\u00e5llbara br\u00e4nslen. ABB kommer att bidra med expertis kring att optimera integrationen av v\u00e4tgas- och elproduktion \u00f6ver hela ekosystemet inklusive automation, elektrisk och digital teknik.<\/p>\n\n\n\n<p>&#8221;Vi \u00e4r mycket glada \u00f6ver att en global teknikgigant som ABB ing\u00e5r i v\u00e5rt samarbete med Lhyfe. ABB delar v\u00e5r \u00f6vertygelse om potentialen f\u00f6r Power-t-X i SoutH2port-projektet. Jag ser fram emot att ta detta projekt till n\u00e4sta niv\u00e5 med hj\u00e4lp av ABB och deras enast\u00e5ende expertis inom omr\u00e5det, s\u00e4ger Achim Berge Olsen, styrelseordf\u00f6rande f\u00f6r Skyborn Sweden.<\/p>\n\n\n\n<p>&#8221;Genom att kombinera v\u00e5ra olika kompetenser kan vi kostnadseffektivt och s\u00e4kert skapa v\u00e4rde genom att skala upp produktionen av gr\u00f6n v\u00e4tgas&#8221;, s\u00e4ger Taia Kronborg, medgrundare och Chief Business Officer p\u00e5 Lhyfe. &#8221;Skyborns starka portf\u00f6lj inom havsbaserad vindkraft och Lhyfes expertis inom f\u00f6rnybar v\u00e4tgasproduktion skapar tillsammans med ABB:s tekniska expertis nya m\u00f6jligheter f\u00f6r att realisera Power-t-X-l\u00f6sningar kopplade till gr\u00f6n storskalig v\u00e4tgasproduktion.&#8221;<\/p>\n\n\n\n<p>SoutH2port kan bidra till att minska Sveriges koldioxidutsl\u00e4pp \u2013 antingen genom direkt v\u00e4tgasf\u00f6rs\u00f6rjning eller genom vidaref\u00f6r\u00e4dling av v\u00e4tgasen till andra br\u00e4nslen som metanol, h\u00e5llbart flygbr\u00e4nsle eller ammoniak. Projektet \u00f6kar f\u00f6ruts\u00e4ttningarna f\u00f6r Sverige att n\u00e5 m\u00e5let om att bli v\u00e4rldens f\u00f6rsta fossilfria v\u00e4lf\u00e4rdsland \u00e5r 2045. South2port kommer ocks\u00e5 att bidra ytterligare till att \u00f6ka regionens och lokalsamh\u00e4llets konkurrenskraft genom att \u00f6ppna upp f\u00f6r nya arbetstillf\u00e4llen och aff\u00e4rsm\u00f6jligheter.<\/p>\n\n\n\n<p>\u201dDet \u00e4r gl\u00e4djande att S\u00f6derhamn ses som en attraktiv kommun f\u00f6r etableringar av ny gr\u00f6n industri. Det \u00e4r ocks\u00e5 v\u00e4ldigt positivt att vi redan nu kan se en s\u00e5 tydlig lokal nytta av det planerade vindkraftsprojektet Storgrundet. Min f\u00f6rhoppning \u00e4r att v\u00e4tgassatsningen ska f\u00e5 fler f\u00f6retag at komma till kommunen s\u00e5 att vi f\u00e5r en \u00f6kad inflyttning och s\u00e4krar en fortsatt stark lokal tillv\u00e4xt\u201d, s\u00e4ger John-Erik Jansson, kommunstyrelsens ordf\u00f6rande i S\u00f6derhamn.<\/p>\n\n\n\n<p><strong><em>Skyborn<\/em><\/strong><em> \u00e4r en driven utvecklare av havsbaserad vindkraft med mer \u00e4n 20 \u00e5rs erfarenhet. Verksamheten omfattar hela v\u00e4rdekedjan f\u00f6r havsbaserad vindkraft; inklusive tillst\u00e5nd, finansiering, upphandling, byggnation, drifts\u00e4ttning och f\u00f6rvaltning. F\u00f6r mer information, bes\u00f6k <\/em><a href=\"https:\/\/www.skybornrenewables.com\/\"><em>www.skybornrenewables.com<\/em><\/a><em><\/em><\/p>\n\n\n\n<p><strong><em>ABB<\/em><\/strong><em> \u00e4r ledande inom teknik f\u00f6r elektrifiering och automation och m\u00f6jligg\u00f6r en mer h\u00e5llbar och resurseffektiv framtid. F\u00f6retagets l\u00f6sningar kopplar samman ingenj\u00f6rskunnande och mjukvara f\u00f6r att optimera hur saker tillverkas, flyttas, drivs och styrs. ABB:s verksamhet bygger p\u00e5 mer \u00e4n 130 \u00e5rs spetskompetens och de cirka 105 000 medarbetarna \u00e4r engagerade i att fr\u00e4mja innovation som p\u00e5skyndar den industriella omvandlingen. <\/em><a href=\"https:\/\/www.abb.com\/\"><em>www.abb.com<\/em><\/a><em><\/em><\/p>\n\n\n\n<p><strong><em>Lhyfe<\/em><\/strong><em> \u00e4r en europeisk koncern som producerar och levererar gr\u00f6n och f\u00f6rnybar v\u00e4tgas. Dess produktionsanl\u00e4ggningar och projektportf\u00f6lj avser att ge tillg\u00e5ng till gr\u00f6n och f\u00f6rnybar v\u00e4tgas i industriella volymer, och m\u00f6jligg\u00f6ra skapandet av en god energimodell som kan minska koldioxidutsl\u00e4ppen fr\u00e5n hela industrisektorer och transporter. \u00c5r 2021 invigde Lhyfe den f\u00f6rsta industriella produktionsanl\u00e4ggningen f\u00f6r gr\u00f6n v\u00e4tgas i v\u00e4rlden som \u00e4r direkt sammankopplad med en vindkraftspark. \u00c5r 2022 invigde Lhyfe v\u00e4rldens f\u00f6rsta pilotplattform f\u00f6r produktion av gr\u00f6n v\u00e4tgas till havs. Lhyfe \u00e4r representerat i 11 europeiska l\u00e4nder och hade 149 anst\u00e4llda i slutet av 2022. F\u00f6retaget \u00e4r noterat p\u00e5 Euronext i Paris. <\/em><a href=\"https:\/\/www.lhyfe.com\/\"><em>www.lhyfe.com<\/em><\/a><em><\/em><\/p>\n","protected":false},"excerpt":{"rendered":"<p>Den svenska teknikj\u00e4tten ABB har tecknat ett intentionsavtal (MoU) med Lhyfe &#8211; en v\u00e4rldspionj\u00e4r inom produktion av f\u00f6rnybar v\u00e4tgas, och Skyborn Renewables (Skyborn) &#8211; en ledande global utvecklare av havsbaserad vindkraft, f\u00f6r att gemensamt realisera ett av Europas mest ambiti\u00f6sa f\u00f6rnybara v\u00e4tgasprojekt SoutH2Port. Den nya anl\u00e4ggningen planeras att f\u00f6rl\u00e4ggas i S\u00f6derhamns kommun d\u00e4r Skyborn och <a class=\"moretag\" href=\"https:\/\/iwdev.se\/vatgas\/2023\/05\/08\/abb-ansluter-till-lhyfe-och-skyborns-samarbete-for-att-etablera-en-av-europas-storsta-grona-vatgasanlaggningar-i-soderhamn-south2port\/\">[&#8230;]<\/a><\/p>\n","protected":false},"author":3,"featured_media":18531,"comment_status":"closed","ping_status":"closed","sticky":false,"template":"","format":"standard","meta":{"_acf_changed":false,"footnotes":""},"categories":[12],"tags":[],"class_list":["post-18529","post","type-post","status-publish","format-standard","has-post-thumbnail","hentry","category-nyheter"],"acf":[],"yoast_head":"<!-- This site is optimized with the Yoast SEO Premium plugin v26.4 (Yoast SEO v27.4) - https:\/\/yoast.com\/product\/yoast-seo-premium-wordpress\/ -->\n<title>ABB ansluter till Lhyfe och Skyborns samarbete f\u00f6r att etablera en av Europas st\u00f6rsta gr\u00f6na v\u00e4tgasanl\u00e4ggningar i S\u00f6derhamn \u2013 SoutH2port - V\u00e4tgas Sverige<\/title>\n<meta name=\"robots\" content=\"noindex, follow, max-snippet:-1, max-image-preview:large, max-video-preview:-1\" \/>\n<meta property=\"og:locale\" content=\"sv_SE\" \/>\n<meta property=\"og:type\" content=\"article\" \/>\n<meta property=\"og:title\" content=\"ABB ansluter till Lhyfe och Skyborns samarbete f\u00f6r att etablera en av Europas st\u00f6rsta gr\u00f6na v\u00e4tgasanl\u00e4ggningar i S\u00f6derhamn \u2013 SoutH2port\" \/>\n<meta property=\"og:description\" content=\"Den svenska teknikj\u00e4tten ABB har tecknat ett intentionsavtal (MoU) med Lhyfe &#8211; en v\u00e4rldspionj\u00e4r inom produktion av f\u00f6rnybar v\u00e4tgas, och Skyborn Renewables (Skyborn) &#8211; en ledande global utvecklare av havsbaserad vindkraft, f\u00f6r att gemensamt realisera ett av Europas mest ambiti\u00f6sa f\u00f6rnybara v\u00e4tgasprojekt SoutH2Port. Den nya anl\u00e4ggningen planeras att f\u00f6rl\u00e4ggas i S\u00f6derhamns kommun d\u00e4r Skyborn och [...]\" \/>\n<meta property=\"og:url\" content=\"https:\/\/iwdev.se\/vatgas\/2023\/05\/08\/abb-ansluter-till-lhyfe-och-skyborns-samarbete-for-att-etablera-en-av-europas-storsta-grona-vatgasanlaggningar-i-soderhamn-south2port\/\" \/>\n<meta property=\"og:site_name\" content=\"V\u00e4tgas Sverige\" \/>\n<meta property=\"article:published_time\" content=\"2023-05-08T12:00:02+00:00\" \/>\n<meta property=\"article:modified_time\" content=\"2023-06-21T12:12:30+00:00\" \/>\n<meta property=\"og:image\" content=\"https:\/\/iwdev.se\/vatgas\/wp-content\/uploads\/2023\/06\/AdobeStock_590372190-scaled.jpeg\" \/>\n\t<meta property=\"og:image:width\" content=\"2560\" \/>\n\t<meta property=\"og:image:height\" content=\"1435\" \/>\n\t<meta property=\"og:image:type\" content=\"image\/jpeg\" \/>\n<meta name=\"author\" content=\"Charlotte Blomberg\" \/>\n<meta name=\"twitter:card\" content=\"summary_large_image\" \/>\n<meta name=\"twitter:label1\" content=\"Skriven av\" \/>\n\t<meta name=\"twitter:data1\" content=\"Charlotte Blomberg\" \/>\n\t<meta name=\"twitter:label2\" content=\"Ber\u00e4knad l\u00e4stid\" \/>\n\t<meta name=\"twitter:data2\" content=\"4 minuter\" \/>\n<script type=\"application\/ld+json\" class=\"yoast-schema-graph\">{\"@context\":\"https:\\\/\\\/schema.org\",\"@graph\":[{\"@type\":\"Article\",\"@id\":\"https:\\\/\\\/iwdev.se\\\/vatgas\\\/2023\\\/05\\\/08\\\/abb-ansluter-till-lhyfe-och-skyborns-samarbete-for-att-etablera-en-av-europas-storsta-grona-vatgasanlaggningar-i-soderhamn-south2port\\\/#article\",\"isPartOf\":{\"@id\":\"https:\\\/\\\/iwdev.se\\\/vatgas\\\/2023\\\/05\\\/08\\\/abb-ansluter-till-lhyfe-och-skyborns-samarbete-for-att-etablera-en-av-europas-storsta-grona-vatgasanlaggningar-i-soderhamn-south2port\\\/\"},\"author\":{\"name\":\"Charlotte Blomberg\",\"@id\":\"https:\\\/\\\/iwdev.se\\\/vatgas\\\/#\\\/schema\\\/person\\\/8cc2f1473867b95de7c82567e7e9e0d0\"},\"headline\":\"ABB ansluter till Lhyfe och Skyborns samarbete f\u00f6r att etablera en av Europas st\u00f6rsta gr\u00f6na v\u00e4tgasanl\u00e4ggningar i S\u00f6derhamn \u2013 SoutH2port\",\"datePublished\":\"2023-05-08T12:00:02+00:00\",\"dateModified\":\"2023-06-21T12:12:30+00:00\",\"mainEntityOfPage\":{\"@id\":\"https:\\\/\\\/iwdev.se\\\/vatgas\\\/2023\\\/05\\\/08\\\/abb-ansluter-till-lhyfe-och-skyborns-samarbete-for-att-etablera-en-av-europas-storsta-grona-vatgasanlaggningar-i-soderhamn-south2port\\\/\"},\"wordCount\":863,\"publisher\":{\"@id\":\"https:\\\/\\\/iwdev.se\\\/vatgas\\\/#organization\"},\"image\":{\"@id\":\"https:\\\/\\\/iwdev.se\\\/vatgas\\\/2023\\\/05\\\/08\\\/abb-ansluter-till-lhyfe-och-skyborns-samarbete-for-att-etablera-en-av-europas-storsta-grona-vatgasanlaggningar-i-soderhamn-south2port\\\/#primaryimage\"},\"thumbnailUrl\":\"https:\\\/\\\/iwdev.se\\\/vatgas\\\/wp-content\\\/uploads\\\/2023\\\/06\\\/AdobeStock_590372190-scaled.jpeg\",\"articleSection\":[\"Nyheter\"],\"inLanguage\":\"sv-SE\"},{\"@type\":\"WebPage\",\"@id\":\"https:\\\/\\\/iwdev.se\\\/vatgas\\\/2023\\\/05\\\/08\\\/abb-ansluter-till-lhyfe-och-skyborns-samarbete-for-att-etablera-en-av-europas-storsta-grona-vatgasanlaggningar-i-soderhamn-south2port\\\/\",\"url\":\"https:\\\/\\\/iwdev.se\\\/vatgas\\\/2023\\\/05\\\/08\\\/abb-ansluter-till-lhyfe-och-skyborns-samarbete-for-att-etablera-en-av-europas-storsta-grona-vatgasanlaggningar-i-soderhamn-south2port\\\/\",\"name\":\"ABB ansluter till Lhyfe och Skyborns samarbete f\u00f6r att etablera en av Europas st\u00f6rsta gr\u00f6na v\u00e4tgasanl\u00e4ggningar i S\u00f6derhamn \u2013 SoutH2port - V\u00e4tgas Sverige\",\"isPartOf\":{\"@id\":\"https:\\\/\\\/iwdev.se\\\/vatgas\\\/#website\"},\"primaryImageOfPage\":{\"@id\":\"https:\\\/\\\/iwdev.se\\\/vatgas\\\/2023\\\/05\\\/08\\\/abb-ansluter-till-lhyfe-och-skyborns-samarbete-for-att-etablera-en-av-europas-storsta-grona-vatgasanlaggningar-i-soderhamn-south2port\\\/#primaryimage\"},\"image\":{\"@id\":\"https:\\\/\\\/iwdev.se\\\/vatgas\\\/2023\\\/05\\\/08\\\/abb-ansluter-till-lhyfe-och-skyborns-samarbete-for-att-etablera-en-av-europas-storsta-grona-vatgasanlaggningar-i-soderhamn-south2port\\\/#primaryimage\"},\"thumbnailUrl\":\"https:\\\/\\\/iwdev.se\\\/vatgas\\\/wp-content\\\/uploads\\\/2023\\\/06\\\/AdobeStock_590372190-scaled.jpeg\",\"datePublished\":\"2023-05-08T12:00:02+00:00\",\"dateModified\":\"2023-06-21T12:12:30+00:00\",\"breadcrumb\":{\"@id\":\"https:\\\/\\\/iwdev.se\\\/vatgas\\\/2023\\\/05\\\/08\\\/abb-ansluter-till-lhyfe-och-skyborns-samarbete-for-att-etablera-en-av-europas-storsta-grona-vatgasanlaggningar-i-soderhamn-south2port\\\/#breadcrumb\"},\"inLanguage\":\"sv-SE\",\"potentialAction\":[{\"@type\":\"ReadAction\",\"target\":[\"https:\\\/\\\/iwdev.se\\\/vatgas\\\/2023\\\/05\\\/08\\\/abb-ansluter-till-lhyfe-och-skyborns-samarbete-for-att-etablera-en-av-europas-storsta-grona-vatgasanlaggningar-i-soderhamn-south2port\\\/\"]}]},{\"@type\":\"ImageObject\",\"inLanguage\":\"sv-SE\",\"@id\":\"https:\\\/\\\/iwdev.se\\\/vatgas\\\/2023\\\/05\\\/08\\\/abb-ansluter-till-lhyfe-och-skyborns-samarbete-for-att-etablera-en-av-europas-storsta-grona-vatgasanlaggningar-i-soderhamn-south2port\\\/#primaryimage\",\"url\":\"https:\\\/\\\/iwdev.se\\\/vatgas\\\/wp-content\\\/uploads\\\/2023\\\/06\\\/AdobeStock_590372190-scaled.jpeg\",\"contentUrl\":\"https:\\\/\\\/iwdev.se\\\/vatgas\\\/wp-content\\\/uploads\\\/2023\\\/06\\\/AdobeStock_590372190-scaled.jpeg\",\"width\":2560,\"height\":1435,\"caption\":\"Offshore Windmill farm in the ocean, windmills isolated at sea on a sunny day. Generative AI.\"},{\"@type\":\"BreadcrumbList\",\"@id\":\"https:\\\/\\\/iwdev.se\\\/vatgas\\\/2023\\\/05\\\/08\\\/abb-ansluter-till-lhyfe-och-skyborns-samarbete-for-att-etablera-en-av-europas-storsta-grona-vatgasanlaggningar-i-soderhamn-south2port\\\/#breadcrumb\",\"itemListElement\":[{\"@type\":\"ListItem\",\"position\":1,\"name\":\"Home\",\"item\":\"https:\\\/\\\/iwdev.se\\\/vatgas\\\/\"},{\"@type\":\"ListItem\",\"position\":2,\"name\":\"ABB ansluter till Lhyfe och Skyborns samarbete f\u00f6r att etablera en av Europas st\u00f6rsta gr\u00f6na v\u00e4tgasanl\u00e4ggningar i S\u00f6derhamn \u2013 SoutH2port\"}]},{\"@type\":\"WebSite\",\"@id\":\"https:\\\/\\\/iwdev.se\\\/vatgas\\\/#website\",\"url\":\"https:\\\/\\\/iwdev.se\\\/vatgas\\\/\",\"name\":\"V\u00e4tgas Sverige\",\"description\":\"En ledande plattform f\u00f6r omst\u00e4llningen till fossilfrihet\",\"publisher\":{\"@id\":\"https:\\\/\\\/iwdev.se\\\/vatgas\\\/#organization\"},\"potentialAction\":[{\"@type\":\"SearchAction\",\"target\":{\"@type\":\"EntryPoint\",\"urlTemplate\":\"https:\\\/\\\/iwdev.se\\\/vatgas\\\/?s={search_term_string}\"},\"query-input\":{\"@type\":\"PropertyValueSpecification\",\"valueRequired\":true,\"valueName\":\"search_term_string\"}}],\"inLanguage\":\"sv-SE\"},{\"@type\":\"Organization\",\"@id\":\"https:\\\/\\\/iwdev.se\\\/vatgas\\\/#organization\",\"name\":\"V\u00e4tgas Sverige\",\"url\":\"https:\\\/\\\/iwdev.se\\\/vatgas\\\/\",\"logo\":{\"@type\":\"ImageObject\",\"inLanguage\":\"sv-SE\",\"@id\":\"https:\\\/\\\/iwdev.se\\\/vatgas\\\/#\\\/schema\\\/logo\\\/image\\\/\",\"url\":\"https:\\\/\\\/iwdev.se\\\/vatgas\\\/wp-content\\\/uploads\\\/2022\\\/06\\\/LOGO.png\",\"contentUrl\":\"https:\\\/\\\/iwdev.se\\\/vatgas\\\/wp-content\\\/uploads\\\/2022\\\/06\\\/LOGO.png\",\"width\":240,\"height\":147,\"caption\":\"V\u00e4tgas Sverige\"},\"image\":{\"@id\":\"https:\\\/\\\/iwdev.se\\\/vatgas\\\/#\\\/schema\\\/logo\\\/image\\\/\"}},{\"@type\":\"Person\",\"@id\":\"https:\\\/\\\/iwdev.se\\\/vatgas\\\/#\\\/schema\\\/person\\\/8cc2f1473867b95de7c82567e7e9e0d0\",\"name\":\"Charlotte Blomberg\",\"url\":\"https:\\\/\\\/iwdev.se\\\/vatgas\\\/author\\\/chablo\\\/\"}]}<\/script>\n<!-- \/ Yoast SEO Premium plugin. -->","yoast_head_json":{"title":"ABB ansluter till Lhyfe och Skyborns samarbete f\u00f6r att etablera en av Europas st\u00f6rsta gr\u00f6na v\u00e4tgasanl\u00e4ggningar i S\u00f6derhamn \u2013 SoutH2port - V\u00e4tgas Sverige","robots":{"index":"noindex","follow":"follow","max-snippet":"max-snippet:-1","max-image-preview":"max-image-preview:large","max-video-preview":"max-video-preview:-1"},"og_locale":"sv_SE","og_type":"article","og_title":"ABB ansluter till Lhyfe och Skyborns samarbete f\u00f6r att etablera en av Europas st\u00f6rsta gr\u00f6na v\u00e4tgasanl\u00e4ggningar i S\u00f6derhamn \u2013 SoutH2port","og_description":"Den svenska teknikj\u00e4tten ABB har tecknat ett intentionsavtal (MoU) med Lhyfe &#8211; en v\u00e4rldspionj\u00e4r inom produktion av f\u00f6rnybar v\u00e4tgas, och Skyborn Renewables (Skyborn) &#8211; en ledande global utvecklare av havsbaserad vindkraft, f\u00f6r att gemensamt realisera ett av Europas mest ambiti\u00f6sa f\u00f6rnybara v\u00e4tgasprojekt SoutH2Port. Den nya anl\u00e4ggningen planeras att f\u00f6rl\u00e4ggas i S\u00f6derhamns kommun d\u00e4r Skyborn och [...]","og_url":"https:\/\/iwdev.se\/vatgas\/2023\/05\/08\/abb-ansluter-till-lhyfe-och-skyborns-samarbete-for-att-etablera-en-av-europas-storsta-grona-vatgasanlaggningar-i-soderhamn-south2port\/","og_site_name":"V\u00e4tgas Sverige","article_published_time":"2023-05-08T12:00:02+00:00","article_modified_time":"2023-06-21T12:12:30+00:00","og_image":[{"width":2560,"height":1435,"url":"https:\/\/iwdev.se\/vatgas\/wp-content\/uploads\/2023\/06\/AdobeStock_590372190-scaled.jpeg","type":"image\/jpeg"}],"author":"Charlotte Blomberg","twitter_card":"summary_large_image","twitter_misc":{"Skriven av":"Charlotte Blomberg","Ber\u00e4knad l\u00e4stid":"4 minuter"},"schema":{"@context":"https:\/\/schema.org","@graph":[{"@type":"Article","@id":"https:\/\/iwdev.se\/vatgas\/2023\/05\/08\/abb-ansluter-till-lhyfe-och-skyborns-samarbete-for-att-etablera-en-av-europas-storsta-grona-vatgasanlaggningar-i-soderhamn-south2port\/#article","isPartOf":{"@id":"https:\/\/iwdev.se\/vatgas\/2023\/05\/08\/abb-ansluter-till-lhyfe-och-skyborns-samarbete-for-att-etablera-en-av-europas-storsta-grona-vatgasanlaggningar-i-soderhamn-south2port\/"},"author":{"name":"Charlotte Blomberg","@id":"https:\/\/iwdev.se\/vatgas\/#\/schema\/person\/8cc2f1473867b95de7c82567e7e9e0d0"},"headline":"ABB ansluter till Lhyfe och Skyborns samarbete f\u00f6r att etablera en av Europas st\u00f6rsta gr\u00f6na v\u00e4tgasanl\u00e4ggningar i S\u00f6derhamn \u2013 SoutH2port","datePublished":"2023-05-08T12:00:02+00:00","dateModified":"2023-06-21T12:12:30+00:00","mainEntityOfPage":{"@id":"https:\/\/iwdev.se\/vatgas\/2023\/05\/08\/abb-ansluter-till-lhyfe-och-skyborns-samarbete-for-att-etablera-en-av-europas-storsta-grona-vatgasanlaggningar-i-soderhamn-south2port\/"},"wordCount":863,"publisher":{"@id":"https:\/\/iwdev.se\/vatgas\/#organization"},"image":{"@id":"https:\/\/iwdev.se\/vatgas\/2023\/05\/08\/abb-ansluter-till-lhyfe-och-skyborns-samarbete-for-att-etablera-en-av-europas-storsta-grona-vatgasanlaggningar-i-soderhamn-south2port\/#primaryimage"},"thumbnailUrl":"https:\/\/iwdev.se\/vatgas\/wp-content\/uploads\/2023\/06\/AdobeStock_590372190-scaled.jpeg","articleSection":["Nyheter"],"inLanguage":"sv-SE"},{"@type":"WebPage","@id":"https:\/\/iwdev.se\/vatgas\/2023\/05\/08\/abb-ansluter-till-lhyfe-och-skyborns-samarbete-for-att-etablera-en-av-europas-storsta-grona-vatgasanlaggningar-i-soderhamn-south2port\/","url":"https:\/\/iwdev.se\/vatgas\/2023\/05\/08\/abb-ansluter-till-lhyfe-och-skyborns-samarbete-for-att-etablera-en-av-europas-storsta-grona-vatgasanlaggningar-i-soderhamn-south2port\/","name":"ABB ansluter till Lhyfe och Skyborns samarbete f\u00f6r att etablera en av Europas st\u00f6rsta gr\u00f6na v\u00e4tgasanl\u00e4ggningar i S\u00f6derhamn \u2013 SoutH2port - V\u00e4tgas Sverige","isPartOf":{"@id":"https:\/\/iwdev.se\/vatgas\/#website"},"primaryImageOfPage":{"@id":"https:\/\/iwdev.se\/vatgas\/2023\/05\/08\/abb-ansluter-till-lhyfe-och-skyborns-samarbete-for-att-etablera-en-av-europas-storsta-grona-vatgasanlaggningar-i-soderhamn-south2port\/#primaryimage"},"image":{"@id":"https:\/\/iwdev.se\/vatgas\/2023\/05\/08\/abb-ansluter-till-lhyfe-och-skyborns-samarbete-for-att-etablera-en-av-europas-storsta-grona-vatgasanlaggningar-i-soderhamn-south2port\/#primaryimage"},"thumbnailUrl":"https:\/\/iwdev.se\/vatgas\/wp-content\/uploads\/2023\/06\/AdobeStock_590372190-scaled.jpeg","datePublished":"2023-05-08T12:00:02+00:00","dateModified":"2023-06-21T12:12:30+00:00","breadcrumb":{"@id":"https:\/\/iwdev.se\/vatgas\/2023\/05\/08\/abb-ansluter-till-lhyfe-och-skyborns-samarbete-for-att-etablera-en-av-europas-storsta-grona-vatgasanlaggningar-i-soderhamn-south2port\/#breadcrumb"},"inLanguage":"sv-SE","potentialAction":[{"@type":"ReadAction","target":["https:\/\/iwdev.se\/vatgas\/2023\/05\/08\/abb-ansluter-till-lhyfe-och-skyborns-samarbete-for-att-etablera-en-av-europas-storsta-grona-vatgasanlaggningar-i-soderhamn-south2port\/"]}]},{"@type":"ImageObject","inLanguage":"sv-SE","@id":"https:\/\/iwdev.se\/vatgas\/2023\/05\/08\/abb-ansluter-till-lhyfe-och-skyborns-samarbete-for-att-etablera-en-av-europas-storsta-grona-vatgasanlaggningar-i-soderhamn-south2port\/#primaryimage","url":"https:\/\/iwdev.se\/vatgas\/wp-content\/uploads\/2023\/06\/AdobeStock_590372190-scaled.jpeg","contentUrl":"https:\/\/iwdev.se\/vatgas\/wp-content\/uploads\/2023\/06\/AdobeStock_590372190-scaled.jpeg","width":2560,"height":1435,"caption":"Offshore Windmill farm in the ocean, windmills isolated at sea on a sunny day. Generative AI."},{"@type":"BreadcrumbList","@id":"https:\/\/iwdev.se\/vatgas\/2023\/05\/08\/abb-ansluter-till-lhyfe-och-skyborns-samarbete-for-att-etablera-en-av-europas-storsta-grona-vatgasanlaggningar-i-soderhamn-south2port\/#breadcrumb","itemListElement":[{"@type":"ListItem","position":1,"name":"Home","item":"https:\/\/iwdev.se\/vatgas\/"},{"@type":"ListItem","position":2,"name":"ABB ansluter till Lhyfe och Skyborns samarbete f\u00f6r att etablera en av Europas st\u00f6rsta gr\u00f6na v\u00e4tgasanl\u00e4ggningar i S\u00f6derhamn \u2013 SoutH2port"}]},{"@type":"WebSite","@id":"https:\/\/iwdev.se\/vatgas\/#website","url":"https:\/\/iwdev.se\/vatgas\/","name":"V\u00e4tgas Sverige","description":"En ledande plattform f\u00f6r omst\u00e4llningen till fossilfrihet","publisher":{"@id":"https:\/\/iwdev.se\/vatgas\/#organization"},"potentialAction":[{"@type":"SearchAction","target":{"@type":"EntryPoint","urlTemplate":"https:\/\/iwdev.se\/vatgas\/?s={search_term_string}"},"query-input":{"@type":"PropertyValueSpecification","valueRequired":true,"valueName":"search_term_string"}}],"inLanguage":"sv-SE"},{"@type":"Organization","@id":"https:\/\/iwdev.se\/vatgas\/#organization","name":"V\u00e4tgas Sverige","url":"https:\/\/iwdev.se\/vatgas\/","logo":{"@type":"ImageObject","inLanguage":"sv-SE","@id":"https:\/\/iwdev.se\/vatgas\/#\/schema\/logo\/image\/","url":"https:\/\/iwdev.se\/vatgas\/wp-content\/uploads\/2022\/06\/LOGO.png","contentUrl":"https:\/\/iwdev.se\/vatgas\/wp-content\/uploads\/2022\/06\/LOGO.png","width":240,"height":147,"caption":"V\u00e4tgas Sverige"},"image":{"@id":"https:\/\/iwdev.se\/vatgas\/#\/schema\/logo\/image\/"}},{"@type":"Person","@id":"https:\/\/iwdev.se\/vatgas\/#\/schema\/person\/8cc2f1473867b95de7c82567e7e9e0d0","name":"Charlotte Blomberg","url":"https:\/\/iwdev.se\/vatgas\/author\/chablo\/"}]}},"_links":{"self":[{"href":"https:\/\/iwdev.se\/vatgas\/wp-json\/wp\/v2\/posts\/18529","targetHints":{"allow":["GET"]}}],"collection":[{"href":"https:\/\/iwdev.se\/vatgas\/wp-json\/wp\/v2\/posts"}],"about":[{"href":"https:\/\/iwdev.se\/vatgas\/wp-json\/wp\/v2\/types\/post"}],"author":[{"embeddable":true,"href":"https:\/\/iwdev.se\/vatgas\/wp-json\/wp\/v2\/users\/3"}],"replies":[{"embeddable":true,"href":"https:\/\/iwdev.se\/vatgas\/wp-json\/wp\/v2\/comments?post=18529"}],"version-history":[{"count":1,"href":"https:\/\/iwdev.se\/vatgas\/wp-json\/wp\/v2\/posts\/18529\/revisions"}],"predecessor-version":[{"id":18533,"href":"https:\/\/iwdev.se\/vatgas\/wp-json\/wp\/v2\/posts\/18529\/revisions\/18533"}],"wp:featuredmedia":[{"embeddable":true,"href":"https:\/\/iwdev.se\/vatgas\/wp-json\/wp\/v2\/media\/18531"}],"wp:attachment":[{"href":"https:\/\/iwdev.se\/vatgas\/wp-json\/wp\/v2\/media?parent=18529"}],"wp:term":[{"taxonomy":"category","embeddable":true,"href":"https:\/\/iwdev.se\/vatgas\/wp-json\/wp\/v2\/categories?post=18529"},{"taxonomy":"post_tag","embeddable":true,"href":"https:\/\/iwdev.se\/vatgas\/wp-json\/wp\/v2\/tags?post=18529"}],"curies":[{"name":"wp","href":"https:\/\/api.w.org\/{rel}","templated":true}]}}