{"id":18539,"date":"2023-06-21T12:22:41","date_gmt":"2023-06-21T12:22:41","guid":{"rendered":"https:\/\/vatgas.hemsida.eu\/?p=18539"},"modified":"2023-06-21T12:22:44","modified_gmt":"2023-06-21T12:22:44","slug":"volvo-provkor-vatgaslastbilar-pa-allman-vag","status":"publish","type":"post","link":"https:\/\/iwdev.se\/vatgas\/2023\/06\/21\/volvo-provkor-vatgaslastbilar-pa-allman-vag\/","title":{"rendered":"Volvo provk\u00f6r v\u00e4tgaslastbilar p\u00e5 allm\u00e4n v\u00e4g"},"content":{"rendered":"\n<p>Volvo Lastvagnar har n\u00e5tt en milstolpe i utvecklingen av ellastbilar som drivs med v\u00e4tgas, skriver f\u00f6retaget i ett pressmeddelande. F\u00f6r f\u00f6rsta g\u00e5ngen testas nu lastbilarna p\u00e5 allm\u00e4n v\u00e4g \u2013 under extremkyla i Kiruna.F\u00f6rsta g\u00e5ngen Volvo visade upp sina br\u00e4nslecellsdrivna ellastbilar var f\u00f6r \u00f6ver ett \u00e5r sedan. Nu har fordonen premi\u00e4rk\u00f6rts p\u00e5 allm\u00e4n v\u00e4g.<\/p>\n\n\n\n<p>\u2013 Lastbilar k\u00f6r sju dagar i veckan och i alla v\u00e4der. De tuffa f\u00f6rh\u00e5llandena p\u00e5 allm\u00e4nna v\u00e4gar i norra Sverige, med is, vind och mycket sn\u00f6, \u00e4r en idealisk testmilj\u00f6, s\u00e4ger Helena Alsi\u00f6, VP Powertrain Product Management p\u00e5 Volvo Lastvagnar, i ett pressmeddelande.<\/p>\n","protected":false},"excerpt":{"rendered":"<p>Volvo Lastvagnar har n\u00e5tt en milstolpe i utvecklingen av ellastbilar som drivs med v\u00e4tgas, skriver f\u00f6retaget i ett pressmeddelande. F\u00f6r f\u00f6rsta g\u00e5ngen testas nu lastbilarna p\u00e5 allm\u00e4n v\u00e4g \u2013 under extremkyla i Kiruna.F\u00f6rsta g\u00e5ngen Volvo visade upp sina br\u00e4nslecellsdrivna ellastbilar var f\u00f6r \u00f6ver ett \u00e5r sedan. Nu har fordonen premi\u00e4rk\u00f6rts p\u00e5 allm\u00e4n v\u00e4g. \u2013 Lastbilar <a class=\"moretag\" href=\"https:\/\/iwdev.se\/vatgas\/2023\/06\/21\/volvo-provkor-vatgaslastbilar-pa-allman-vag\/\">[&#8230;]<\/a><\/p>\n","protected":false},"author":3,"featured_media":18540,"comment_status":"closed","ping_status":"closed","sticky":false,"template":"","format":"standard","meta":{"_acf_changed":false,"footnotes":""},"categories":[12],"tags":[],"class_list":["post-18539","post","type-post","status-publish","format-standard","has-post-thumbnail","hentry","category-nyheter"],"acf":[],"yoast_head":"<!-- This site is optimized with the Yoast SEO Premium plugin v26.4 (Yoast SEO v27.4) - https:\/\/yoast.com\/product\/yoast-seo-premium-wordpress\/ -->\n<title>Volvo provk\u00f6r v\u00e4tgaslastbilar p\u00e5 allm\u00e4n v\u00e4g - V\u00e4tgas Sverige<\/title>\n<meta name=\"robots\" content=\"noindex, follow, max-snippet:-1, max-image-preview:large, max-video-preview:-1\" \/>\n<meta property=\"og:locale\" content=\"sv_SE\" \/>\n<meta property=\"og:type\" content=\"article\" \/>\n<meta property=\"og:title\" content=\"Volvo provk\u00f6r v\u00e4tgaslastbilar p\u00e5 allm\u00e4n v\u00e4g\" \/>\n<meta property=\"og:description\" content=\"Volvo Lastvagnar har n\u00e5tt en milstolpe i utvecklingen av ellastbilar som drivs med v\u00e4tgas, skriver f\u00f6retaget i ett pressmeddelande. F\u00f6r f\u00f6rsta g\u00e5ngen testas nu lastbilarna p\u00e5 allm\u00e4n v\u00e4g \u2013 under extremkyla i Kiruna.F\u00f6rsta g\u00e5ngen Volvo visade upp sina br\u00e4nslecellsdrivna ellastbilar var f\u00f6r \u00f6ver ett \u00e5r sedan. Nu har fordonen premi\u00e4rk\u00f6rts p\u00e5 allm\u00e4n v\u00e4g. \u2013 Lastbilar [...]\" \/>\n<meta property=\"og:url\" content=\"https:\/\/iwdev.se\/vatgas\/2023\/06\/21\/volvo-provkor-vatgaslastbilar-pa-allman-vag\/\" \/>\n<meta property=\"og:site_name\" content=\"V\u00e4tgas Sverige\" \/>\n<meta property=\"article:published_time\" content=\"2023-06-21T12:22:41+00:00\" \/>\n<meta property=\"article:modified_time\" content=\"2023-06-21T12:22:44+00:00\" \/>\n<meta property=\"og:image\" content=\"https:\/\/iwdev.se\/vatgas\/wp-content\/uploads\/2023\/06\/Skarmavbild-2023-06-21-kl.-14.14.19-1024x476.png\" \/>\n\t<meta property=\"og:image:width\" content=\"1024\" \/>\n\t<meta property=\"og:image:height\" content=\"476\" \/>\n\t<meta property=\"og:image:type\" content=\"image\/png\" \/>\n<meta name=\"author\" content=\"Charlotte Blomberg\" \/>\n<meta name=\"twitter:card\" content=\"summary_large_image\" \/>\n<meta name=\"twitter:label1\" content=\"Skriven av\" \/>\n\t<meta name=\"twitter:data1\" content=\"Charlotte Blomberg\" \/>\n\t<meta name=\"twitter:label2\" content=\"Ber\u00e4knad l\u00e4stid\" \/>\n\t<meta name=\"twitter:data2\" content=\"1 minut\" \/>\n<script type=\"application\/ld+json\" class=\"yoast-schema-graph\">{\"@context\":\"https:\\\/\\\/schema.org\",\"@graph\":[{\"@type\":\"Article\",\"@id\":\"https:\\\/\\\/iwdev.se\\\/vatgas\\\/2023\\\/06\\\/21\\\/volvo-provkor-vatgaslastbilar-pa-allman-vag\\\/#article\",\"isPartOf\":{\"@id\":\"https:\\\/\\\/iwdev.se\\\/vatgas\\\/2023\\\/06\\\/21\\\/volvo-provkor-vatgaslastbilar-pa-allman-vag\\\/\"},\"author\":{\"name\":\"Charlotte Blomberg\",\"@id\":\"https:\\\/\\\/iwdev.se\\\/vatgas\\\/#\\\/schema\\\/person\\\/8cc2f1473867b95de7c82567e7e9e0d0\"},\"headline\":\"Volvo provk\u00f6r v\u00e4tgaslastbilar p\u00e5 allm\u00e4n v\u00e4g\",\"datePublished\":\"2023-06-21T12:22:41+00:00\",\"dateModified\":\"2023-06-21T12:22:44+00:00\",\"mainEntityOfPage\":{\"@id\":\"https:\\\/\\\/iwdev.se\\\/vatgas\\\/2023\\\/06\\\/21\\\/volvo-provkor-vatgaslastbilar-pa-allman-vag\\\/\"},\"wordCount\":128,\"publisher\":{\"@id\":\"https:\\\/\\\/iwdev.se\\\/vatgas\\\/#organization\"},\"image\":{\"@id\":\"https:\\\/\\\/iwdev.se\\\/vatgas\\\/2023\\\/06\\\/21\\\/volvo-provkor-vatgaslastbilar-pa-allman-vag\\\/#primaryimage\"},\"thumbnailUrl\":\"https:\\\/\\\/iwdev.se\\\/vatgas\\\/wp-content\\\/uploads\\\/2023\\\/06\\\/Skarmavbild-2023-06-21-kl.-14.14.19.png\",\"articleSection\":[\"Nyheter\"],\"inLanguage\":\"sv-SE\"},{\"@type\":\"WebPage\",\"@id\":\"https:\\\/\\\/iwdev.se\\\/vatgas\\\/2023\\\/06\\\/21\\\/volvo-provkor-vatgaslastbilar-pa-allman-vag\\\/\",\"url\":\"https:\\\/\\\/iwdev.se\\\/vatgas\\\/2023\\\/06\\\/21\\\/volvo-provkor-vatgaslastbilar-pa-allman-vag\\\/\",\"name\":\"Volvo provk\u00f6r v\u00e4tgaslastbilar p\u00e5 allm\u00e4n v\u00e4g - V\u00e4tgas Sverige\",\"isPartOf\":{\"@id\":\"https:\\\/\\\/iwdev.se\\\/vatgas\\\/#website\"},\"primaryImageOfPage\":{\"@id\":\"https:\\\/\\\/iwdev.se\\\/vatgas\\\/2023\\\/06\\\/21\\\/volvo-provkor-vatgaslastbilar-pa-allman-vag\\\/#primaryimage\"},\"image\":{\"@id\":\"https:\\\/\\\/iwdev.se\\\/vatgas\\\/2023\\\/06\\\/21\\\/volvo-provkor-vatgaslastbilar-pa-allman-vag\\\/#primaryimage\"},\"thumbnailUrl\":\"https:\\\/\\\/iwdev.se\\\/vatgas\\\/wp-content\\\/uploads\\\/2023\\\/06\\\/Skarmavbild-2023-06-21-kl.-14.14.19.png\",\"datePublished\":\"2023-06-21T12:22:41+00:00\",\"dateModified\":\"2023-06-21T12:22:44+00:00\",\"breadcrumb\":{\"@id\":\"https:\\\/\\\/iwdev.se\\\/vatgas\\\/2023\\\/06\\\/21\\\/volvo-provkor-vatgaslastbilar-pa-allman-vag\\\/#breadcrumb\"},\"inLanguage\":\"sv-SE\",\"potentialAction\":[{\"@type\":\"ReadAction\",\"target\":[\"https:\\\/\\\/iwdev.se\\\/vatgas\\\/2023\\\/06\\\/21\\\/volvo-provkor-vatgaslastbilar-pa-allman-vag\\\/\"]}]},{\"@type\":\"ImageObject\",\"inLanguage\":\"sv-SE\",\"@id\":\"https:\\\/\\\/iwdev.se\\\/vatgas\\\/2023\\\/06\\\/21\\\/volvo-provkor-vatgaslastbilar-pa-allman-vag\\\/#primaryimage\",\"url\":\"https:\\\/\\\/iwdev.se\\\/vatgas\\\/wp-content\\\/uploads\\\/2023\\\/06\\\/Skarmavbild-2023-06-21-kl.-14.14.19.png\",\"contentUrl\":\"https:\\\/\\\/iwdev.se\\\/vatgas\\\/wp-content\\\/uploads\\\/2023\\\/06\\\/Skarmavbild-2023-06-21-kl.-14.14.19.png\",\"width\":2804,\"height\":1304},{\"@type\":\"BreadcrumbList\",\"@id\":\"https:\\\/\\\/iwdev.se\\\/vatgas\\\/2023\\\/06\\\/21\\\/volvo-provkor-vatgaslastbilar-pa-allman-vag\\\/#breadcrumb\",\"itemListElement\":[{\"@type\":\"ListItem\",\"position\":1,\"name\":\"Home\",\"item\":\"https:\\\/\\\/iwdev.se\\\/vatgas\\\/\"},{\"@type\":\"ListItem\",\"position\":2,\"name\":\"Volvo provk\u00f6r v\u00e4tgaslastbilar p\u00e5 allm\u00e4n v\u00e4g\"}]},{\"@type\":\"WebSite\",\"@id\":\"https:\\\/\\\/iwdev.se\\\/vatgas\\\/#website\",\"url\":\"https:\\\/\\\/iwdev.se\\\/vatgas\\\/\",\"name\":\"V\u00e4tgas Sverige\",\"description\":\"En ledande plattform f\u00f6r omst\u00e4llningen till fossilfrihet\",\"publisher\":{\"@id\":\"https:\\\/\\\/iwdev.se\\\/vatgas\\\/#organization\"},\"potentialAction\":[{\"@type\":\"SearchAction\",\"target\":{\"@type\":\"EntryPoint\",\"urlTemplate\":\"https:\\\/\\\/iwdev.se\\\/vatgas\\\/?s={search_term_string}\"},\"query-input\":{\"@type\":\"PropertyValueSpecification\",\"valueRequired\":true,\"valueName\":\"search_term_string\"}}],\"inLanguage\":\"sv-SE\"},{\"@type\":\"Organization\",\"@id\":\"https:\\\/\\\/iwdev.se\\\/vatgas\\\/#organization\",\"name\":\"V\u00e4tgas Sverige\",\"url\":\"https:\\\/\\\/iwdev.se\\\/vatgas\\\/\",\"logo\":{\"@type\":\"ImageObject\",\"inLanguage\":\"sv-SE\",\"@id\":\"https:\\\/\\\/iwdev.se\\\/vatgas\\\/#\\\/schema\\\/logo\\\/image\\\/\",\"url\":\"https:\\\/\\\/iwdev.se\\\/vatgas\\\/wp-content\\\/uploads\\\/2022\\\/06\\\/LOGO.png\",\"contentUrl\":\"https:\\\/\\\/iwdev.se\\\/vatgas\\\/wp-content\\\/uploads\\\/2022\\\/06\\\/LOGO.png\",\"width\":240,\"height\":147,\"caption\":\"V\u00e4tgas Sverige\"},\"image\":{\"@id\":\"https:\\\/\\\/iwdev.se\\\/vatgas\\\/#\\\/schema\\\/logo\\\/image\\\/\"}},{\"@type\":\"Person\",\"@id\":\"https:\\\/\\\/iwdev.se\\\/vatgas\\\/#\\\/schema\\\/person\\\/8cc2f1473867b95de7c82567e7e9e0d0\",\"name\":\"Charlotte Blomberg\",\"url\":\"https:\\\/\\\/iwdev.se\\\/vatgas\\\/author\\\/chablo\\\/\"}]}<\/script>\n<!-- \/ Yoast SEO Premium plugin. -->","yoast_head_json":{"title":"Volvo provk\u00f6r v\u00e4tgaslastbilar p\u00e5 allm\u00e4n v\u00e4g - V\u00e4tgas Sverige","robots":{"index":"noindex","follow":"follow","max-snippet":"max-snippet:-1","max-image-preview":"max-image-preview:large","max-video-preview":"max-video-preview:-1"},"og_locale":"sv_SE","og_type":"article","og_title":"Volvo provk\u00f6r v\u00e4tgaslastbilar p\u00e5 allm\u00e4n v\u00e4g","og_description":"Volvo Lastvagnar har n\u00e5tt en milstolpe i utvecklingen av ellastbilar som drivs med v\u00e4tgas, skriver f\u00f6retaget i ett pressmeddelande. F\u00f6r f\u00f6rsta g\u00e5ngen testas nu lastbilarna p\u00e5 allm\u00e4n v\u00e4g \u2013 under extremkyla i Kiruna.F\u00f6rsta g\u00e5ngen Volvo visade upp sina br\u00e4nslecellsdrivna ellastbilar var f\u00f6r \u00f6ver ett \u00e5r sedan. Nu har fordonen premi\u00e4rk\u00f6rts p\u00e5 allm\u00e4n v\u00e4g. \u2013 Lastbilar [...]","og_url":"https:\/\/iwdev.se\/vatgas\/2023\/06\/21\/volvo-provkor-vatgaslastbilar-pa-allman-vag\/","og_site_name":"V\u00e4tgas Sverige","article_published_time":"2023-06-21T12:22:41+00:00","article_modified_time":"2023-06-21T12:22:44+00:00","og_image":[{"width":1024,"height":476,"url":"https:\/\/iwdev.se\/vatgas\/wp-content\/uploads\/2023\/06\/Skarmavbild-2023-06-21-kl.-14.14.19-1024x476.png","type":"image\/png"}],"author":"Charlotte Blomberg","twitter_card":"summary_large_image","twitter_misc":{"Skriven av":"Charlotte Blomberg","Ber\u00e4knad l\u00e4stid":"1 minut"},"schema":{"@context":"https:\/\/schema.org","@graph":[{"@type":"Article","@id":"https:\/\/iwdev.se\/vatgas\/2023\/06\/21\/volvo-provkor-vatgaslastbilar-pa-allman-vag\/#article","isPartOf":{"@id":"https:\/\/iwdev.se\/vatgas\/2023\/06\/21\/volvo-provkor-vatgaslastbilar-pa-allman-vag\/"},"author":{"name":"Charlotte Blomberg","@id":"https:\/\/iwdev.se\/vatgas\/#\/schema\/person\/8cc2f1473867b95de7c82567e7e9e0d0"},"headline":"Volvo provk\u00f6r v\u00e4tgaslastbilar p\u00e5 allm\u00e4n v\u00e4g","datePublished":"2023-06-21T12:22:41+00:00","dateModified":"2023-06-21T12:22:44+00:00","mainEntityOfPage":{"@id":"https:\/\/iwdev.se\/vatgas\/2023\/06\/21\/volvo-provkor-vatgaslastbilar-pa-allman-vag\/"},"wordCount":128,"publisher":{"@id":"https:\/\/iwdev.se\/vatgas\/#organization"},"image":{"@id":"https:\/\/iwdev.se\/vatgas\/2023\/06\/21\/volvo-provkor-vatgaslastbilar-pa-allman-vag\/#primaryimage"},"thumbnailUrl":"https:\/\/iwdev.se\/vatgas\/wp-content\/uploads\/2023\/06\/Skarmavbild-2023-06-21-kl.-14.14.19.png","articleSection":["Nyheter"],"inLanguage":"sv-SE"},{"@type":"WebPage","@id":"https:\/\/iwdev.se\/vatgas\/2023\/06\/21\/volvo-provkor-vatgaslastbilar-pa-allman-vag\/","url":"https:\/\/iwdev.se\/vatgas\/2023\/06\/21\/volvo-provkor-vatgaslastbilar-pa-allman-vag\/","name":"Volvo provk\u00f6r v\u00e4tgaslastbilar p\u00e5 allm\u00e4n v\u00e4g - V\u00e4tgas Sverige","isPartOf":{"@id":"https:\/\/iwdev.se\/vatgas\/#website"},"primaryImageOfPage":{"@id":"https:\/\/iwdev.se\/vatgas\/2023\/06\/21\/volvo-provkor-vatgaslastbilar-pa-allman-vag\/#primaryimage"},"image":{"@id":"https:\/\/iwdev.se\/vatgas\/2023\/06\/21\/volvo-provkor-vatgaslastbilar-pa-allman-vag\/#primaryimage"},"thumbnailUrl":"https:\/\/iwdev.se\/vatgas\/wp-content\/uploads\/2023\/06\/Skarmavbild-2023-06-21-kl.-14.14.19.png","datePublished":"2023-06-21T12:22:41+00:00","dateModified":"2023-06-21T12:22:44+00:00","breadcrumb":{"@id":"https:\/\/iwdev.se\/vatgas\/2023\/06\/21\/volvo-provkor-vatgaslastbilar-pa-allman-vag\/#breadcrumb"},"inLanguage":"sv-SE","potentialAction":[{"@type":"ReadAction","target":["https:\/\/iwdev.se\/vatgas\/2023\/06\/21\/volvo-provkor-vatgaslastbilar-pa-allman-vag\/"]}]},{"@type":"ImageObject","inLanguage":"sv-SE","@id":"https:\/\/iwdev.se\/vatgas\/2023\/06\/21\/volvo-provkor-vatgaslastbilar-pa-allman-vag\/#primaryimage","url":"https:\/\/iwdev.se\/vatgas\/wp-content\/uploads\/2023\/06\/Skarmavbild-2023-06-21-kl.-14.14.19.png","contentUrl":"https:\/\/iwdev.se\/vatgas\/wp-content\/uploads\/2023\/06\/Skarmavbild-2023-06-21-kl.-14.14.19.png","width":2804,"height":1304},{"@type":"BreadcrumbList","@id":"https:\/\/iwdev.se\/vatgas\/2023\/06\/21\/volvo-provkor-vatgaslastbilar-pa-allman-vag\/#breadcrumb","itemListElement":[{"@type":"ListItem","position":1,"name":"Home","item":"https:\/\/iwdev.se\/vatgas\/"},{"@type":"ListItem","position":2,"name":"Volvo provk\u00f6r v\u00e4tgaslastbilar p\u00e5 allm\u00e4n v\u00e4g"}]},{"@type":"WebSite","@id":"https:\/\/iwdev.se\/vatgas\/#website","url":"https:\/\/iwdev.se\/vatgas\/","name":"V\u00e4tgas Sverige","description":"En ledande plattform f\u00f6r omst\u00e4llningen till fossilfrihet","publisher":{"@id":"https:\/\/iwdev.se\/vatgas\/#organization"},"potentialAction":[{"@type":"SearchAction","target":{"@type":"EntryPoint","urlTemplate":"https:\/\/iwdev.se\/vatgas\/?s={search_term_string}"},"query-input":{"@type":"PropertyValueSpecification","valueRequired":true,"valueName":"search_term_string"}}],"inLanguage":"sv-SE"},{"@type":"Organization","@id":"https:\/\/iwdev.se\/vatgas\/#organization","name":"V\u00e4tgas Sverige","url":"https:\/\/iwdev.se\/vatgas\/","logo":{"@type":"ImageObject","inLanguage":"sv-SE","@id":"https:\/\/iwdev.se\/vatgas\/#\/schema\/logo\/image\/","url":"https:\/\/iwdev.se\/vatgas\/wp-content\/uploads\/2022\/06\/LOGO.png","contentUrl":"https:\/\/iwdev.se\/vatgas\/wp-content\/uploads\/2022\/06\/LOGO.png","width":240,"height":147,"caption":"V\u00e4tgas Sverige"},"image":{"@id":"https:\/\/iwdev.se\/vatgas\/#\/schema\/logo\/image\/"}},{"@type":"Person","@id":"https:\/\/iwdev.se\/vatgas\/#\/schema\/person\/8cc2f1473867b95de7c82567e7e9e0d0","name":"Charlotte Blomberg","url":"https:\/\/iwdev.se\/vatgas\/author\/chablo\/"}]}},"_links":{"self":[{"href":"https:\/\/iwdev.se\/vatgas\/wp-json\/wp\/v2\/posts\/18539","targetHints":{"allow":["GET"]}}],"collection":[{"href":"https:\/\/iwdev.se\/vatgas\/wp-json\/wp\/v2\/posts"}],"about":[{"href":"https:\/\/iwdev.se\/vatgas\/wp-json\/wp\/v2\/types\/post"}],"author":[{"embeddable":true,"href":"https:\/\/iwdev.se\/vatgas\/wp-json\/wp\/v2\/users\/3"}],"replies":[{"embeddable":true,"href":"https:\/\/iwdev.se\/vatgas\/wp-json\/wp\/v2\/comments?post=18539"}],"version-history":[{"count":1,"href":"https:\/\/iwdev.se\/vatgas\/wp-json\/wp\/v2\/posts\/18539\/revisions"}],"predecessor-version":[{"id":18542,"href":"https:\/\/iwdev.se\/vatgas\/wp-json\/wp\/v2\/posts\/18539\/revisions\/18542"}],"wp:featuredmedia":[{"embeddable":true,"href":"https:\/\/iwdev.se\/vatgas\/wp-json\/wp\/v2\/media\/18540"}],"wp:attachment":[{"href":"https:\/\/iwdev.se\/vatgas\/wp-json\/wp\/v2\/media?parent=18539"}],"wp:term":[{"taxonomy":"category","embeddable":true,"href":"https:\/\/iwdev.se\/vatgas\/wp-json\/wp\/v2\/categories?post=18539"},{"taxonomy":"post_tag","embeddable":true,"href":"https:\/\/iwdev.se\/vatgas\/wp-json\/wp\/v2\/tags?post=18539"}],"curies":[{"name":"wp","href":"https:\/\/api.w.org\/{rel}","templated":true}]}}