{"id":18576,"date":"2023-06-30T13:41:32","date_gmt":"2023-06-30T13:41:32","guid":{"rendered":"https:\/\/vatgas.hemsida.eu\/?p=18576"},"modified":"2023-06-30T13:41:34","modified_gmt":"2023-06-30T13:41:34","slug":"almedalen-arena-vatgas","status":"publish","type":"post","link":"https:\/\/iwdev.se\/vatgas\/2023\/06\/30\/almedalen-arena-vatgas\/","title":{"rendered":"Almedalen &#8211; Arena V\u00e4tgas"},"content":{"rendered":"\n<p>Vilken Almedalsvecka vi haft! M\u00e5nga bes\u00f6kare kom till v\u00e5rt t\u00e4lt och lyssnade n\u00e4r vi diskuterade v\u00e4tgas i industrin, energiomr\u00e5det och transporter. H\u00e4r f\u00f6ljer n\u00e5gra av h\u00f6jdpunkterna i v\u00e5ra tre seminarier.<\/p>\n\n\n\n<p>Omst\u00e4llningen och stora satsningar inom industrin visar p\u00e5 ett stort behov av ny energiproduktion. Fr\u00e5n dagens 150 TWh till 280 TWh \u00e5r 2030- 2035. H\u00e4r \u00e4r f\u00f6rnybar v\u00e4tgas nyckeln till omst\u00e4llningen och minskade CO2-utsl\u00e4pp i m\u00e5nga industrier. Inte bara inom fossilfri st\u00e5lverkning. Men avsaknaden av planer minskar landets attraktionskraft f\u00f6r investerare, samtidigt som det begr\u00e4nsar n\u00e4ringslivets m\u00f6jligheter till tillv\u00e4xt. Ett nytt modernt energisystem \u00e4r l\u00e5ngsiktiga investeringar d\u00e4r landets politiska ledning m\u00e5ste engagera sig till en mycket h\u00f6gre grad \u00e4n tidigare. Utbildningen beh\u00f6vs hos politiker och myndigheter.<\/p>\n\n\n\n<p>Talarna lyfte att det st\u00f6rsta hindret f\u00f6r att komma ig\u00e5ng \u00e4r orimliga ledtider f\u00f6r tillst\u00e5nd. Deltagarna pekade s\u00e4rskilt p\u00e5 n\u00e5gra saker att g\u00f6ra: v\u00e5ga skapa samplanering mellan olika energisystem, politiker m\u00e5ste inse att de m\u00e5ste n\u00e5 samsyn vad de vill med \u201denergisverige\u201d. <\/p>\n\n\n\n<p>Idag st\u00e5r vi inf\u00f6r orimligheten att det tar fyra g\u00e5nger s\u00e5 l\u00e5ng tid att f\u00e5 ett beslut som det tar att bygga sj\u00e4lva parken. Mod och kunskap m\u00e5ste visas f\u00f6r att kunna bygga block\u00f6verskridande planer som \u00f6verlever mandatperioderna. Vidare m\u00e5ste de politiska besluten vara synkade fr\u00e5n nationell till lokal niv\u00e5 f\u00f6r att tillst\u00e5ndsprocesser och ledtiderna f\u00f6r byggnationen inte blir f\u00f6r l\u00e5nga. Som exempel togs Tyskland, vilka redan i h\u00f6st kommer att fatta beslut om en lagstiftning f\u00f6r detta. Tyskland har best\u00e4mt sig f\u00f6r att anv\u00e4nda v\u00e4tgas. Kortsiktigt beh\u00f6vs fler tillst\u00e5nd f\u00f6r vindkraft b\u00e5de till land och havs. <\/p>\n\n\n\n<p>I \u00d6stersj\u00f6n ska en v\u00e4tgasinvestering om 200 miljarder g\u00f6ras, som finansierad bland annat fr\u00e5n pensionsfonder. Det \u00e4r centralt att samh\u00e4llsmedborgare vet var hur investeringarna finansieras. <\/p>\n\n\n\n<p>Sverige \u00e4r ett exportland och behovet av energi s\u00f6derut \u00e4r enormt. Vi m\u00e5ste se v\u00e5r del i den marknaden. Marknaden ska inte regleras \u2013 men infrastrukturen m\u00e5ste det. Annars v\u00e5gar ingen investera. D\u00e4remot \u00e4r begreppet \u201dparti\u00f6verskridande energi\u00f6verenskommelser\u201d infekterat. Det \u00e4r b\u00e4ttre vi b\u00f6rjar att tala i termer av \u201dsamplanering\u201d.<\/p>\n\n\n\n<p>L\u00e4s mer om v\u00e5ra programpunkter och se debatterna i efterhand: <a href=\"https:\/\/iwdev.se\/vatgas\/almedalen-2023\/\">https:\/\/iwdev.se\/vatgas\/almedalen-2023\/<\/a><\/p>\n\n\n\n<p><\/p>\n\n\n\n<p><\/p>\n","protected":false},"excerpt":{"rendered":"<p>Vilken Almedalsvecka vi haft! M\u00e5nga bes\u00f6kare kom till v\u00e5rt t\u00e4lt och lyssnade n\u00e4r vi diskuterade v\u00e4tgas i industrin, energiomr\u00e5det och transporter. H\u00e4r f\u00f6ljer n\u00e5gra av h\u00f6jdpunkterna i v\u00e5ra tre seminarier. Omst\u00e4llningen och stora satsningar inom industrin visar p\u00e5 ett stort behov av ny energiproduktion. Fr\u00e5n dagens 150 TWh till 280 TWh \u00e5r 2030- 2035. H\u00e4r <a class=\"moretag\" href=\"https:\/\/iwdev.se\/vatgas\/2023\/06\/30\/almedalen-arena-vatgas\/\">[&#8230;]<\/a><\/p>\n","protected":false},"author":3,"featured_media":18579,"comment_status":"closed","ping_status":"closed","sticky":false,"template":"","format":"standard","meta":{"_acf_changed":false,"footnotes":""},"categories":[12],"tags":[],"class_list":["post-18576","post","type-post","status-publish","format-standard","has-post-thumbnail","hentry","category-nyheter"],"acf":[],"yoast_head":"<!-- This site is optimized with the Yoast SEO Premium plugin v26.4 (Yoast SEO v27.4) - https:\/\/yoast.com\/product\/yoast-seo-premium-wordpress\/ -->\n<title>Almedalen - Arena V\u00e4tgas Almedalen Arena V\u00e4tgas- V\u00e4tgas Sverige<\/title>\n<meta name=\"robots\" content=\"noindex, follow, max-snippet:-1, max-image-preview:large, max-video-preview:-1\" \/>\n<meta property=\"og:locale\" content=\"sv_SE\" \/>\n<meta property=\"og:type\" content=\"article\" \/>\n<meta property=\"og:title\" content=\"Almedalen - Arena V\u00e4tgas\" \/>\n<meta property=\"og:description\" content=\"Vilken Almedalsvecka vi haft! M\u00e5nga bes\u00f6kare kom till v\u00e5rt t\u00e4lt och lyssnade n\u00e4r vi diskuterade v\u00e4tgas i industrin, energiomr\u00e5det och transporter. H\u00e4r f\u00f6ljer n\u00e5gra av h\u00f6jdpunkterna i v\u00e5ra tre seminarier. Omst\u00e4llningen och stora satsningar inom industrin visar p\u00e5 ett stort behov av ny energiproduktion. Fr\u00e5n dagens 150 TWh till 280 TWh \u00e5r 2030- 2035. H\u00e4r [...]\" \/>\n<meta property=\"og:url\" content=\"https:\/\/iwdev.se\/vatgas\/2023\/06\/30\/almedalen-arena-vatgas\/\" \/>\n<meta property=\"og:site_name\" content=\"V\u00e4tgas Sverige\" \/>\n<meta property=\"article:published_time\" content=\"2023-06-30T13:41:32+00:00\" \/>\n<meta property=\"article:modified_time\" content=\"2023-06-30T13:41:34+00:00\" \/>\n<meta property=\"og:image\" content=\"https:\/\/iwdev.se\/vatgas\/wp-content\/uploads\/2023\/06\/IMG_4254-2-scaled.jpg\" \/>\n\t<meta property=\"og:image:width\" content=\"2560\" \/>\n\t<meta property=\"og:image:height\" content=\"1748\" \/>\n\t<meta property=\"og:image:type\" content=\"image\/jpeg\" \/>\n<meta name=\"author\" content=\"Charlotte Blomberg\" \/>\n<meta name=\"twitter:card\" content=\"summary_large_image\" \/>\n<meta name=\"twitter:label1\" content=\"Skriven av\" \/>\n\t<meta name=\"twitter:data1\" content=\"Charlotte Blomberg\" \/>\n\t<meta name=\"twitter:label2\" content=\"Ber\u00e4knad l\u00e4stid\" \/>\n\t<meta name=\"twitter:data2\" content=\"2 minuter\" \/>\n<script type=\"application\/ld+json\" class=\"yoast-schema-graph\">{\"@context\":\"https:\\\/\\\/schema.org\",\"@graph\":[{\"@type\":\"Article\",\"@id\":\"https:\\\/\\\/iwdev.se\\\/vatgas\\\/2023\\\/06\\\/30\\\/almedalen-arena-vatgas\\\/#article\",\"isPartOf\":{\"@id\":\"https:\\\/\\\/iwdev.se\\\/vatgas\\\/2023\\\/06\\\/30\\\/almedalen-arena-vatgas\\\/\"},\"author\":{\"name\":\"Charlotte Blomberg\",\"@id\":\"https:\\\/\\\/iwdev.se\\\/vatgas\\\/#\\\/schema\\\/person\\\/8cc2f1473867b95de7c82567e7e9e0d0\"},\"headline\":\"Almedalen &#8211; Arena V\u00e4tgas\",\"datePublished\":\"2023-06-30T13:41:32+00:00\",\"dateModified\":\"2023-06-30T13:41:34+00:00\",\"mainEntityOfPage\":{\"@id\":\"https:\\\/\\\/iwdev.se\\\/vatgas\\\/2023\\\/06\\\/30\\\/almedalen-arena-vatgas\\\/\"},\"wordCount\":429,\"publisher\":{\"@id\":\"https:\\\/\\\/iwdev.se\\\/vatgas\\\/#organization\"},\"image\":{\"@id\":\"https:\\\/\\\/iwdev.se\\\/vatgas\\\/2023\\\/06\\\/30\\\/almedalen-arena-vatgas\\\/#primaryimage\"},\"thumbnailUrl\":\"https:\\\/\\\/iwdev.se\\\/vatgas\\\/wp-content\\\/uploads\\\/2023\\\/06\\\/IMG_4254-2-scaled.jpg\",\"articleSection\":[\"Nyheter\"],\"inLanguage\":\"sv-SE\"},{\"@type\":\"WebPage\",\"@id\":\"https:\\\/\\\/iwdev.se\\\/vatgas\\\/2023\\\/06\\\/30\\\/almedalen-arena-vatgas\\\/\",\"url\":\"https:\\\/\\\/iwdev.se\\\/vatgas\\\/2023\\\/06\\\/30\\\/almedalen-arena-vatgas\\\/\",\"name\":\"Almedalen - Arena V\u00e4tgas Almedalen Arena V\u00e4tgas- V\u00e4tgas Sverige\",\"isPartOf\":{\"@id\":\"https:\\\/\\\/iwdev.se\\\/vatgas\\\/#website\"},\"primaryImageOfPage\":{\"@id\":\"https:\\\/\\\/iwdev.se\\\/vatgas\\\/2023\\\/06\\\/30\\\/almedalen-arena-vatgas\\\/#primaryimage\"},\"image\":{\"@id\":\"https:\\\/\\\/iwdev.se\\\/vatgas\\\/2023\\\/06\\\/30\\\/almedalen-arena-vatgas\\\/#primaryimage\"},\"thumbnailUrl\":\"https:\\\/\\\/iwdev.se\\\/vatgas\\\/wp-content\\\/uploads\\\/2023\\\/06\\\/IMG_4254-2-scaled.jpg\",\"datePublished\":\"2023-06-30T13:41:32+00:00\",\"dateModified\":\"2023-06-30T13:41:34+00:00\",\"breadcrumb\":{\"@id\":\"https:\\\/\\\/iwdev.se\\\/vatgas\\\/2023\\\/06\\\/30\\\/almedalen-arena-vatgas\\\/#breadcrumb\"},\"inLanguage\":\"sv-SE\",\"potentialAction\":[{\"@type\":\"ReadAction\",\"target\":[\"https:\\\/\\\/iwdev.se\\\/vatgas\\\/2023\\\/06\\\/30\\\/almedalen-arena-vatgas\\\/\"]}]},{\"@type\":\"ImageObject\",\"inLanguage\":\"sv-SE\",\"@id\":\"https:\\\/\\\/iwdev.se\\\/vatgas\\\/2023\\\/06\\\/30\\\/almedalen-arena-vatgas\\\/#primaryimage\",\"url\":\"https:\\\/\\\/iwdev.se\\\/vatgas\\\/wp-content\\\/uploads\\\/2023\\\/06\\\/IMG_4254-2-scaled.jpg\",\"contentUrl\":\"https:\\\/\\\/iwdev.se\\\/vatgas\\\/wp-content\\\/uploads\\\/2023\\\/06\\\/IMG_4254-2-scaled.jpg\",\"width\":2560,\"height\":1748},{\"@type\":\"BreadcrumbList\",\"@id\":\"https:\\\/\\\/iwdev.se\\\/vatgas\\\/2023\\\/06\\\/30\\\/almedalen-arena-vatgas\\\/#breadcrumb\",\"itemListElement\":[{\"@type\":\"ListItem\",\"position\":1,\"name\":\"Home\",\"item\":\"https:\\\/\\\/iwdev.se\\\/vatgas\\\/\"},{\"@type\":\"ListItem\",\"position\":2,\"name\":\"Almedalen &#8211; Arena V\u00e4tgas\"}]},{\"@type\":\"WebSite\",\"@id\":\"https:\\\/\\\/iwdev.se\\\/vatgas\\\/#website\",\"url\":\"https:\\\/\\\/iwdev.se\\\/vatgas\\\/\",\"name\":\"V\u00e4tgas Sverige\",\"description\":\"En ledande plattform f\u00f6r omst\u00e4llningen till fossilfrihet\",\"publisher\":{\"@id\":\"https:\\\/\\\/iwdev.se\\\/vatgas\\\/#organization\"},\"potentialAction\":[{\"@type\":\"SearchAction\",\"target\":{\"@type\":\"EntryPoint\",\"urlTemplate\":\"https:\\\/\\\/iwdev.se\\\/vatgas\\\/?s={search_term_string}\"},\"query-input\":{\"@type\":\"PropertyValueSpecification\",\"valueRequired\":true,\"valueName\":\"search_term_string\"}}],\"inLanguage\":\"sv-SE\"},{\"@type\":\"Organization\",\"@id\":\"https:\\\/\\\/iwdev.se\\\/vatgas\\\/#organization\",\"name\":\"V\u00e4tgas Sverige\",\"url\":\"https:\\\/\\\/iwdev.se\\\/vatgas\\\/\",\"logo\":{\"@type\":\"ImageObject\",\"inLanguage\":\"sv-SE\",\"@id\":\"https:\\\/\\\/iwdev.se\\\/vatgas\\\/#\\\/schema\\\/logo\\\/image\\\/\",\"url\":\"https:\\\/\\\/iwdev.se\\\/vatgas\\\/wp-content\\\/uploads\\\/2022\\\/06\\\/LOGO.png\",\"contentUrl\":\"https:\\\/\\\/iwdev.se\\\/vatgas\\\/wp-content\\\/uploads\\\/2022\\\/06\\\/LOGO.png\",\"width\":240,\"height\":147,\"caption\":\"V\u00e4tgas Sverige\"},\"image\":{\"@id\":\"https:\\\/\\\/iwdev.se\\\/vatgas\\\/#\\\/schema\\\/logo\\\/image\\\/\"}},{\"@type\":\"Person\",\"@id\":\"https:\\\/\\\/iwdev.se\\\/vatgas\\\/#\\\/schema\\\/person\\\/8cc2f1473867b95de7c82567e7e9e0d0\",\"name\":\"Charlotte Blomberg\",\"url\":\"https:\\\/\\\/iwdev.se\\\/vatgas\\\/author\\\/chablo\\\/\"}]}<\/script>\n<!-- \/ Yoast SEO Premium plugin. -->","yoast_head_json":{"title":"Almedalen - Arena V\u00e4tgas Almedalen Arena V\u00e4tgas- V\u00e4tgas Sverige","robots":{"index":"noindex","follow":"follow","max-snippet":"max-snippet:-1","max-image-preview":"max-image-preview:large","max-video-preview":"max-video-preview:-1"},"og_locale":"sv_SE","og_type":"article","og_title":"Almedalen - Arena V\u00e4tgas","og_description":"Vilken Almedalsvecka vi haft! M\u00e5nga bes\u00f6kare kom till v\u00e5rt t\u00e4lt och lyssnade n\u00e4r vi diskuterade v\u00e4tgas i industrin, energiomr\u00e5det och transporter. H\u00e4r f\u00f6ljer n\u00e5gra av h\u00f6jdpunkterna i v\u00e5ra tre seminarier. Omst\u00e4llningen och stora satsningar inom industrin visar p\u00e5 ett stort behov av ny energiproduktion. Fr\u00e5n dagens 150 TWh till 280 TWh \u00e5r 2030- 2035. H\u00e4r [...]","og_url":"https:\/\/iwdev.se\/vatgas\/2023\/06\/30\/almedalen-arena-vatgas\/","og_site_name":"V\u00e4tgas Sverige","article_published_time":"2023-06-30T13:41:32+00:00","article_modified_time":"2023-06-30T13:41:34+00:00","og_image":[{"width":2560,"height":1748,"url":"https:\/\/iwdev.se\/vatgas\/wp-content\/uploads\/2023\/06\/IMG_4254-2-scaled.jpg","type":"image\/jpeg"}],"author":"Charlotte Blomberg","twitter_card":"summary_large_image","twitter_misc":{"Skriven av":"Charlotte Blomberg","Ber\u00e4knad l\u00e4stid":"2 minuter"},"schema":{"@context":"https:\/\/schema.org","@graph":[{"@type":"Article","@id":"https:\/\/iwdev.se\/vatgas\/2023\/06\/30\/almedalen-arena-vatgas\/#article","isPartOf":{"@id":"https:\/\/iwdev.se\/vatgas\/2023\/06\/30\/almedalen-arena-vatgas\/"},"author":{"name":"Charlotte Blomberg","@id":"https:\/\/iwdev.se\/vatgas\/#\/schema\/person\/8cc2f1473867b95de7c82567e7e9e0d0"},"headline":"Almedalen &#8211; Arena V\u00e4tgas","datePublished":"2023-06-30T13:41:32+00:00","dateModified":"2023-06-30T13:41:34+00:00","mainEntityOfPage":{"@id":"https:\/\/iwdev.se\/vatgas\/2023\/06\/30\/almedalen-arena-vatgas\/"},"wordCount":429,"publisher":{"@id":"https:\/\/iwdev.se\/vatgas\/#organization"},"image":{"@id":"https:\/\/iwdev.se\/vatgas\/2023\/06\/30\/almedalen-arena-vatgas\/#primaryimage"},"thumbnailUrl":"https:\/\/iwdev.se\/vatgas\/wp-content\/uploads\/2023\/06\/IMG_4254-2-scaled.jpg","articleSection":["Nyheter"],"inLanguage":"sv-SE"},{"@type":"WebPage","@id":"https:\/\/iwdev.se\/vatgas\/2023\/06\/30\/almedalen-arena-vatgas\/","url":"https:\/\/iwdev.se\/vatgas\/2023\/06\/30\/almedalen-arena-vatgas\/","name":"Almedalen - Arena V\u00e4tgas Almedalen Arena V\u00e4tgas- V\u00e4tgas Sverige","isPartOf":{"@id":"https:\/\/iwdev.se\/vatgas\/#website"},"primaryImageOfPage":{"@id":"https:\/\/iwdev.se\/vatgas\/2023\/06\/30\/almedalen-arena-vatgas\/#primaryimage"},"image":{"@id":"https:\/\/iwdev.se\/vatgas\/2023\/06\/30\/almedalen-arena-vatgas\/#primaryimage"},"thumbnailUrl":"https:\/\/iwdev.se\/vatgas\/wp-content\/uploads\/2023\/06\/IMG_4254-2-scaled.jpg","datePublished":"2023-06-30T13:41:32+00:00","dateModified":"2023-06-30T13:41:34+00:00","breadcrumb":{"@id":"https:\/\/iwdev.se\/vatgas\/2023\/06\/30\/almedalen-arena-vatgas\/#breadcrumb"},"inLanguage":"sv-SE","potentialAction":[{"@type":"ReadAction","target":["https:\/\/iwdev.se\/vatgas\/2023\/06\/30\/almedalen-arena-vatgas\/"]}]},{"@type":"ImageObject","inLanguage":"sv-SE","@id":"https:\/\/iwdev.se\/vatgas\/2023\/06\/30\/almedalen-arena-vatgas\/#primaryimage","url":"https:\/\/iwdev.se\/vatgas\/wp-content\/uploads\/2023\/06\/IMG_4254-2-scaled.jpg","contentUrl":"https:\/\/iwdev.se\/vatgas\/wp-content\/uploads\/2023\/06\/IMG_4254-2-scaled.jpg","width":2560,"height":1748},{"@type":"BreadcrumbList","@id":"https:\/\/iwdev.se\/vatgas\/2023\/06\/30\/almedalen-arena-vatgas\/#breadcrumb","itemListElement":[{"@type":"ListItem","position":1,"name":"Home","item":"https:\/\/iwdev.se\/vatgas\/"},{"@type":"ListItem","position":2,"name":"Almedalen &#8211; Arena V\u00e4tgas"}]},{"@type":"WebSite","@id":"https:\/\/iwdev.se\/vatgas\/#website","url":"https:\/\/iwdev.se\/vatgas\/","name":"V\u00e4tgas Sverige","description":"En ledande plattform f\u00f6r omst\u00e4llningen till fossilfrihet","publisher":{"@id":"https:\/\/iwdev.se\/vatgas\/#organization"},"potentialAction":[{"@type":"SearchAction","target":{"@type":"EntryPoint","urlTemplate":"https:\/\/iwdev.se\/vatgas\/?s={search_term_string}"},"query-input":{"@type":"PropertyValueSpecification","valueRequired":true,"valueName":"search_term_string"}}],"inLanguage":"sv-SE"},{"@type":"Organization","@id":"https:\/\/iwdev.se\/vatgas\/#organization","name":"V\u00e4tgas Sverige","url":"https:\/\/iwdev.se\/vatgas\/","logo":{"@type":"ImageObject","inLanguage":"sv-SE","@id":"https:\/\/iwdev.se\/vatgas\/#\/schema\/logo\/image\/","url":"https:\/\/iwdev.se\/vatgas\/wp-content\/uploads\/2022\/06\/LOGO.png","contentUrl":"https:\/\/iwdev.se\/vatgas\/wp-content\/uploads\/2022\/06\/LOGO.png","width":240,"height":147,"caption":"V\u00e4tgas Sverige"},"image":{"@id":"https:\/\/iwdev.se\/vatgas\/#\/schema\/logo\/image\/"}},{"@type":"Person","@id":"https:\/\/iwdev.se\/vatgas\/#\/schema\/person\/8cc2f1473867b95de7c82567e7e9e0d0","name":"Charlotte Blomberg","url":"https:\/\/iwdev.se\/vatgas\/author\/chablo\/"}]}},"_links":{"self":[{"href":"https:\/\/iwdev.se\/vatgas\/wp-json\/wp\/v2\/posts\/18576","targetHints":{"allow":["GET"]}}],"collection":[{"href":"https:\/\/iwdev.se\/vatgas\/wp-json\/wp\/v2\/posts"}],"about":[{"href":"https:\/\/iwdev.se\/vatgas\/wp-json\/wp\/v2\/types\/post"}],"author":[{"embeddable":true,"href":"https:\/\/iwdev.se\/vatgas\/wp-json\/wp\/v2\/users\/3"}],"replies":[{"embeddable":true,"href":"https:\/\/iwdev.se\/vatgas\/wp-json\/wp\/v2\/comments?post=18576"}],"version-history":[{"count":2,"href":"https:\/\/iwdev.se\/vatgas\/wp-json\/wp\/v2\/posts\/18576\/revisions"}],"predecessor-version":[{"id":18582,"href":"https:\/\/iwdev.se\/vatgas\/wp-json\/wp\/v2\/posts\/18576\/revisions\/18582"}],"wp:featuredmedia":[{"embeddable":true,"href":"https:\/\/iwdev.se\/vatgas\/wp-json\/wp\/v2\/media\/18579"}],"wp:attachment":[{"href":"https:\/\/iwdev.se\/vatgas\/wp-json\/wp\/v2\/media?parent=18576"}],"wp:term":[{"taxonomy":"category","embeddable":true,"href":"https:\/\/iwdev.se\/vatgas\/wp-json\/wp\/v2\/categories?post=18576"},{"taxonomy":"post_tag","embeddable":true,"href":"https:\/\/iwdev.se\/vatgas\/wp-json\/wp\/v2\/tags?post=18576"}],"curies":[{"name":"wp","href":"https:\/\/api.w.org\/{rel}","templated":true}]}}