{"id":18650,"date":"2023-06-15T17:41:00","date_gmt":"2023-06-15T17:41:00","guid":{"rendered":"https:\/\/vatgas.hemsida.eu\/?p=18650"},"modified":"2023-07-17T07:48:23","modified_gmt":"2023-07-17T07:48:23","slug":"tema-transport-almedalsveckan-2023","status":"publish","type":"post","link":"https:\/\/iwdev.se\/vatgas\/2023\/06\/15\/tema-transport-almedalsveckan-2023\/","title":{"rendered":"Tema Transport &#8211; Almedalsveckan 2023"},"content":{"rendered":"\n<p>Let\u2019s start the conversation.<\/p>\n\n\n\n<p>Transporter ber\u00f6r oss alla. Utsl\u00e4pp av\u00a0v\u00e4xthusgaser\u00a0fr\u00e5n inrikes transporter svarar f\u00f6r knappt en tredjedel av Sveriges totala utsl\u00e4pp.\u00a0F\u00f6r att fasa ut fossila br\u00e4nslen inom transportsektorn, sker en utveckling av\u00a0v\u00e4tgas inom alla transportslag.<\/p>\n\n\n\n<p>En\u00a0v\u00e4tgasinfrastruktur b\u00f6rjar v\u00e4xa fram. Men var \u00e4r fordonen och politiken? Det kommer en m\u00e4ngd f\u00f6rordningar och direktiv fr\u00e5n EU, hur vill politikerna att de ska implementeras i Sverige? P\u00e5\u00a0Arena V\u00e4tgas  diskuterar vi bland annat vilken roll v\u00e4tgasen har i transportsektorn, vilka styrmedel beh\u00f6ver komma p\u00e5 plats f\u00f6r att vi ska n\u00e5 l\u00e4gre utsl\u00e4pp.<\/p>\n\n\n\n<p><a href=\"https:\/\/iwdev.se\/vatgas\/almedalen-2023\/\">L\u00e4s mer om v\u00e5ra seminarier i Almedalen<\/a><\/p>\n\n\n\n<p><\/p>\n\n\n\n<p>Om du vill veta mer om v\u00e4tgas i transporten, st\u00e4lla fr\u00e5gor till v\u00e5r kunniga panel, tycker vi att du ska bes\u00f6ka v\u00e5rt t\u00e4lt p\u00e5 Hansaplatsen. Vi ser fram emot att ses!<\/p>\n\n\n\n<p><\/p>\n\n\n\n<p>Medverkande:<br><a href=\"https:\/\/www.linkedin.com\/in\/ACoAAAJ0iSgBXQvdmPl15jL48KYq4KErYQ9xeUg\">Mattias Goldmann<\/a>, Grundare, Ansvarig Bil- och Br\u00e4nsle,&nbsp;2030-sekretariatet&nbsp;\u2013 moderator<br><a href=\"https:\/\/www.linkedin.com\/in\/ACoAAAAXCcwBoqW4mY22FblaiAkeDC21GyJsRmY\">Christer Wikner<\/a>, President &amp; CEO,&nbsp;Metacon<br><a href=\"https:\/\/www.linkedin.com\/in\/ACoAAAB-x1sBbVpTCx4NMPM7PUC2wUtLExKPzl4\">Jonas \u00c5kermark<\/a>, Country Manager,&nbsp;Norwegian Hydrogen<br><a href=\"https:\/\/www.linkedin.com\/in\/ACoAABCIK9YBPU6-FgFPrM1RpmlM-_d13PNJzI0\">Christer Bruzelius<\/a>, Senior Partner &amp; Project Owner,&nbsp;Gotlandsbolaget<br><a href=\"https:\/\/www.linkedin.com\/in\/ACoAAALde28BbfIyjV28BKAs7Ma8gWxM0xnGhwc\">Mikael Antonsson<\/a>, Sales &amp; Business Development Manager,&nbsp;Everfuel<br><a href=\"https:\/\/www.linkedin.com\/in\/ACoAAASN_gcB9D8e-n8KtkvjDbESjylildHY634\">Rickard Nordin<\/a>, Riksdagsledamot,&nbsp;Centerpartiet<\/p>\n","protected":false},"excerpt":{"rendered":"<p>Let\u2019s start the conversation. Transporter ber\u00f6r oss alla. Utsl\u00e4pp av\u00a0v\u00e4xthusgaser\u00a0fr\u00e5n inrikes transporter svarar f\u00f6r knappt en tredjedel av Sveriges totala utsl\u00e4pp.\u00a0F\u00f6r att fasa ut fossila br\u00e4nslen inom transportsektorn, sker en utveckling av\u00a0v\u00e4tgas inom alla transportslag. En\u00a0v\u00e4tgasinfrastruktur b\u00f6rjar v\u00e4xa fram. Men var \u00e4r fordonen och politiken? Det kommer en m\u00e4ngd f\u00f6rordningar och direktiv fr\u00e5n EU, hur <a class=\"moretag\" href=\"https:\/\/iwdev.se\/vatgas\/2023\/06\/15\/tema-transport-almedalsveckan-2023\/\">[&#8230;]<\/a><\/p>\n","protected":false},"author":5,"featured_media":18651,"comment_status":"closed","ping_status":"closed","sticky":false,"template":"","format":"standard","meta":{"_acf_changed":false,"footnotes":""},"categories":[12],"tags":[],"class_list":["post-18650","post","type-post","status-publish","format-standard","has-post-thumbnail","hentry","category-nyheter"],"acf":[],"yoast_head":"<!-- This site is optimized with the Yoast SEO Premium plugin v26.4 (Yoast SEO v27.4) - https:\/\/yoast.com\/product\/yoast-seo-premium-wordpress\/ -->\n<title>Tema Transport - Almedalsveckan 2023 - V\u00e4tgas Sverige<\/title>\n<meta name=\"robots\" content=\"noindex, follow, max-snippet:-1, max-image-preview:large, max-video-preview:-1\" \/>\n<meta property=\"og:locale\" content=\"sv_SE\" \/>\n<meta property=\"og:type\" content=\"article\" \/>\n<meta property=\"og:title\" content=\"Tema Transport - Almedalsveckan 2023\" \/>\n<meta property=\"og:description\" content=\"Let\u2019s start the conversation. Transporter ber\u00f6r oss alla. Utsl\u00e4pp av\u00a0v\u00e4xthusgaser\u00a0fr\u00e5n inrikes transporter svarar f\u00f6r knappt en tredjedel av Sveriges totala utsl\u00e4pp.\u00a0F\u00f6r att fasa ut fossila br\u00e4nslen inom transportsektorn, sker en utveckling av\u00a0v\u00e4tgas inom alla transportslag. En\u00a0v\u00e4tgasinfrastruktur b\u00f6rjar v\u00e4xa fram. Men var \u00e4r fordonen och politiken? Det kommer en m\u00e4ngd f\u00f6rordningar och direktiv fr\u00e5n EU, hur [...]\" \/>\n<meta property=\"og:url\" content=\"https:\/\/iwdev.se\/vatgas\/2023\/06\/15\/tema-transport-almedalsveckan-2023\/\" \/>\n<meta property=\"og:site_name\" content=\"V\u00e4tgas Sverige\" \/>\n<meta property=\"article:published_time\" content=\"2023-06-15T17:41:00+00:00\" \/>\n<meta property=\"article:modified_time\" content=\"2023-07-17T07:48:23+00:00\" \/>\n<meta property=\"og:image\" content=\"https:\/\/iwdev.se\/vatgas\/wp-content\/uploads\/2023\/07\/1687254331515.jpeg\" \/>\n\t<meta property=\"og:image:width\" content=\"800\" \/>\n\t<meta property=\"og:image:height\" content=\"452\" \/>\n\t<meta property=\"og:image:type\" content=\"image\/jpeg\" \/>\n<meta name=\"author\" content=\"adminuser\" \/>\n<meta name=\"twitter:card\" content=\"summary_large_image\" \/>\n<meta name=\"twitter:label1\" content=\"Skriven av\" \/>\n\t<meta name=\"twitter:data1\" content=\"adminuser\" \/>\n\t<meta name=\"twitter:label2\" content=\"Ber\u00e4knad l\u00e4stid\" \/>\n\t<meta name=\"twitter:data2\" content=\"1 minut\" \/>\n<script type=\"application\/ld+json\" class=\"yoast-schema-graph\">{\"@context\":\"https:\\\/\\\/schema.org\",\"@graph\":[{\"@type\":\"Article\",\"@id\":\"https:\\\/\\\/iwdev.se\\\/vatgas\\\/2023\\\/06\\\/15\\\/tema-transport-almedalsveckan-2023\\\/#article\",\"isPartOf\":{\"@id\":\"https:\\\/\\\/iwdev.se\\\/vatgas\\\/2023\\\/06\\\/15\\\/tema-transport-almedalsveckan-2023\\\/\"},\"author\":{\"name\":\"adminuser\",\"@id\":\"https:\\\/\\\/iwdev.se\\\/vatgas\\\/#\\\/schema\\\/person\\\/cedb2a36a8bce522b7eb5a539ee5d398\"},\"headline\":\"Tema Transport &#8211; Almedalsveckan 2023\",\"datePublished\":\"2023-06-15T17:41:00+00:00\",\"dateModified\":\"2023-07-17T07:48:23+00:00\",\"mainEntityOfPage\":{\"@id\":\"https:\\\/\\\/iwdev.se\\\/vatgas\\\/2023\\\/06\\\/15\\\/tema-transport-almedalsveckan-2023\\\/\"},\"wordCount\":217,\"publisher\":{\"@id\":\"https:\\\/\\\/iwdev.se\\\/vatgas\\\/#organization\"},\"image\":{\"@id\":\"https:\\\/\\\/iwdev.se\\\/vatgas\\\/2023\\\/06\\\/15\\\/tema-transport-almedalsveckan-2023\\\/#primaryimage\"},\"thumbnailUrl\":\"https:\\\/\\\/iwdev.se\\\/vatgas\\\/wp-content\\\/uploads\\\/2023\\\/07\\\/1687254331515.jpeg\",\"articleSection\":[\"Nyheter\"],\"inLanguage\":\"sv-SE\"},{\"@type\":\"WebPage\",\"@id\":\"https:\\\/\\\/iwdev.se\\\/vatgas\\\/2023\\\/06\\\/15\\\/tema-transport-almedalsveckan-2023\\\/\",\"url\":\"https:\\\/\\\/iwdev.se\\\/vatgas\\\/2023\\\/06\\\/15\\\/tema-transport-almedalsveckan-2023\\\/\",\"name\":\"Tema Transport - Almedalsveckan 2023 - V\u00e4tgas Sverige\",\"isPartOf\":{\"@id\":\"https:\\\/\\\/iwdev.se\\\/vatgas\\\/#website\"},\"primaryImageOfPage\":{\"@id\":\"https:\\\/\\\/iwdev.se\\\/vatgas\\\/2023\\\/06\\\/15\\\/tema-transport-almedalsveckan-2023\\\/#primaryimage\"},\"image\":{\"@id\":\"https:\\\/\\\/iwdev.se\\\/vatgas\\\/2023\\\/06\\\/15\\\/tema-transport-almedalsveckan-2023\\\/#primaryimage\"},\"thumbnailUrl\":\"https:\\\/\\\/iwdev.se\\\/vatgas\\\/wp-content\\\/uploads\\\/2023\\\/07\\\/1687254331515.jpeg\",\"datePublished\":\"2023-06-15T17:41:00+00:00\",\"dateModified\":\"2023-07-17T07:48:23+00:00\",\"breadcrumb\":{\"@id\":\"https:\\\/\\\/iwdev.se\\\/vatgas\\\/2023\\\/06\\\/15\\\/tema-transport-almedalsveckan-2023\\\/#breadcrumb\"},\"inLanguage\":\"sv-SE\",\"potentialAction\":[{\"@type\":\"ReadAction\",\"target\":[\"https:\\\/\\\/iwdev.se\\\/vatgas\\\/2023\\\/06\\\/15\\\/tema-transport-almedalsveckan-2023\\\/\"]}]},{\"@type\":\"ImageObject\",\"inLanguage\":\"sv-SE\",\"@id\":\"https:\\\/\\\/iwdev.se\\\/vatgas\\\/2023\\\/06\\\/15\\\/tema-transport-almedalsveckan-2023\\\/#primaryimage\",\"url\":\"https:\\\/\\\/iwdev.se\\\/vatgas\\\/wp-content\\\/uploads\\\/2023\\\/07\\\/1687254331515.jpeg\",\"contentUrl\":\"https:\\\/\\\/iwdev.se\\\/vatgas\\\/wp-content\\\/uploads\\\/2023\\\/07\\\/1687254331515.jpeg\",\"width\":800,\"height\":452},{\"@type\":\"BreadcrumbList\",\"@id\":\"https:\\\/\\\/iwdev.se\\\/vatgas\\\/2023\\\/06\\\/15\\\/tema-transport-almedalsveckan-2023\\\/#breadcrumb\",\"itemListElement\":[{\"@type\":\"ListItem\",\"position\":1,\"name\":\"Home\",\"item\":\"https:\\\/\\\/iwdev.se\\\/vatgas\\\/\"},{\"@type\":\"ListItem\",\"position\":2,\"name\":\"Tema Transport &#8211; Almedalsveckan 2023\"}]},{\"@type\":\"WebSite\",\"@id\":\"https:\\\/\\\/iwdev.se\\\/vatgas\\\/#website\",\"url\":\"https:\\\/\\\/iwdev.se\\\/vatgas\\\/\",\"name\":\"V\u00e4tgas Sverige\",\"description\":\"En ledande plattform f\u00f6r omst\u00e4llningen till fossilfrihet\",\"publisher\":{\"@id\":\"https:\\\/\\\/iwdev.se\\\/vatgas\\\/#organization\"},\"potentialAction\":[{\"@type\":\"SearchAction\",\"target\":{\"@type\":\"EntryPoint\",\"urlTemplate\":\"https:\\\/\\\/iwdev.se\\\/vatgas\\\/?s={search_term_string}\"},\"query-input\":{\"@type\":\"PropertyValueSpecification\",\"valueRequired\":true,\"valueName\":\"search_term_string\"}}],\"inLanguage\":\"sv-SE\"},{\"@type\":\"Organization\",\"@id\":\"https:\\\/\\\/iwdev.se\\\/vatgas\\\/#organization\",\"name\":\"V\u00e4tgas Sverige\",\"url\":\"https:\\\/\\\/iwdev.se\\\/vatgas\\\/\",\"logo\":{\"@type\":\"ImageObject\",\"inLanguage\":\"sv-SE\",\"@id\":\"https:\\\/\\\/iwdev.se\\\/vatgas\\\/#\\\/schema\\\/logo\\\/image\\\/\",\"url\":\"https:\\\/\\\/iwdev.se\\\/vatgas\\\/wp-content\\\/uploads\\\/2022\\\/06\\\/LOGO.png\",\"contentUrl\":\"https:\\\/\\\/iwdev.se\\\/vatgas\\\/wp-content\\\/uploads\\\/2022\\\/06\\\/LOGO.png\",\"width\":240,\"height\":147,\"caption\":\"V\u00e4tgas Sverige\"},\"image\":{\"@id\":\"https:\\\/\\\/iwdev.se\\\/vatgas\\\/#\\\/schema\\\/logo\\\/image\\\/\"}},{\"@type\":\"Person\",\"@id\":\"https:\\\/\\\/iwdev.se\\\/vatgas\\\/#\\\/schema\\\/person\\\/cedb2a36a8bce522b7eb5a539ee5d398\",\"name\":\"adminuser\",\"url\":\"https:\\\/\\\/iwdev.se\\\/vatgas\\\/author\\\/adminuser\\\/\"}]}<\/script>\n<!-- \/ Yoast SEO Premium plugin. -->","yoast_head_json":{"title":"Tema Transport - Almedalsveckan 2023 - V\u00e4tgas Sverige","robots":{"index":"noindex","follow":"follow","max-snippet":"max-snippet:-1","max-image-preview":"max-image-preview:large","max-video-preview":"max-video-preview:-1"},"og_locale":"sv_SE","og_type":"article","og_title":"Tema Transport - Almedalsveckan 2023","og_description":"Let\u2019s start the conversation. Transporter ber\u00f6r oss alla. Utsl\u00e4pp av\u00a0v\u00e4xthusgaser\u00a0fr\u00e5n inrikes transporter svarar f\u00f6r knappt en tredjedel av Sveriges totala utsl\u00e4pp.\u00a0F\u00f6r att fasa ut fossila br\u00e4nslen inom transportsektorn, sker en utveckling av\u00a0v\u00e4tgas inom alla transportslag. En\u00a0v\u00e4tgasinfrastruktur b\u00f6rjar v\u00e4xa fram. Men var \u00e4r fordonen och politiken? Det kommer en m\u00e4ngd f\u00f6rordningar och direktiv fr\u00e5n EU, hur [...]","og_url":"https:\/\/iwdev.se\/vatgas\/2023\/06\/15\/tema-transport-almedalsveckan-2023\/","og_site_name":"V\u00e4tgas Sverige","article_published_time":"2023-06-15T17:41:00+00:00","article_modified_time":"2023-07-17T07:48:23+00:00","og_image":[{"width":800,"height":452,"url":"https:\/\/iwdev.se\/vatgas\/wp-content\/uploads\/2023\/07\/1687254331515.jpeg","type":"image\/jpeg"}],"author":"adminuser","twitter_card":"summary_large_image","twitter_misc":{"Skriven av":"adminuser","Ber\u00e4knad l\u00e4stid":"1 minut"},"schema":{"@context":"https:\/\/schema.org","@graph":[{"@type":"Article","@id":"https:\/\/iwdev.se\/vatgas\/2023\/06\/15\/tema-transport-almedalsveckan-2023\/#article","isPartOf":{"@id":"https:\/\/iwdev.se\/vatgas\/2023\/06\/15\/tema-transport-almedalsveckan-2023\/"},"author":{"name":"adminuser","@id":"https:\/\/iwdev.se\/vatgas\/#\/schema\/person\/cedb2a36a8bce522b7eb5a539ee5d398"},"headline":"Tema Transport &#8211; Almedalsveckan 2023","datePublished":"2023-06-15T17:41:00+00:00","dateModified":"2023-07-17T07:48:23+00:00","mainEntityOfPage":{"@id":"https:\/\/iwdev.se\/vatgas\/2023\/06\/15\/tema-transport-almedalsveckan-2023\/"},"wordCount":217,"publisher":{"@id":"https:\/\/iwdev.se\/vatgas\/#organization"},"image":{"@id":"https:\/\/iwdev.se\/vatgas\/2023\/06\/15\/tema-transport-almedalsveckan-2023\/#primaryimage"},"thumbnailUrl":"https:\/\/iwdev.se\/vatgas\/wp-content\/uploads\/2023\/07\/1687254331515.jpeg","articleSection":["Nyheter"],"inLanguage":"sv-SE"},{"@type":"WebPage","@id":"https:\/\/iwdev.se\/vatgas\/2023\/06\/15\/tema-transport-almedalsveckan-2023\/","url":"https:\/\/iwdev.se\/vatgas\/2023\/06\/15\/tema-transport-almedalsveckan-2023\/","name":"Tema Transport - Almedalsveckan 2023 - V\u00e4tgas Sverige","isPartOf":{"@id":"https:\/\/iwdev.se\/vatgas\/#website"},"primaryImageOfPage":{"@id":"https:\/\/iwdev.se\/vatgas\/2023\/06\/15\/tema-transport-almedalsveckan-2023\/#primaryimage"},"image":{"@id":"https:\/\/iwdev.se\/vatgas\/2023\/06\/15\/tema-transport-almedalsveckan-2023\/#primaryimage"},"thumbnailUrl":"https:\/\/iwdev.se\/vatgas\/wp-content\/uploads\/2023\/07\/1687254331515.jpeg","datePublished":"2023-06-15T17:41:00+00:00","dateModified":"2023-07-17T07:48:23+00:00","breadcrumb":{"@id":"https:\/\/iwdev.se\/vatgas\/2023\/06\/15\/tema-transport-almedalsveckan-2023\/#breadcrumb"},"inLanguage":"sv-SE","potentialAction":[{"@type":"ReadAction","target":["https:\/\/iwdev.se\/vatgas\/2023\/06\/15\/tema-transport-almedalsveckan-2023\/"]}]},{"@type":"ImageObject","inLanguage":"sv-SE","@id":"https:\/\/iwdev.se\/vatgas\/2023\/06\/15\/tema-transport-almedalsveckan-2023\/#primaryimage","url":"https:\/\/iwdev.se\/vatgas\/wp-content\/uploads\/2023\/07\/1687254331515.jpeg","contentUrl":"https:\/\/iwdev.se\/vatgas\/wp-content\/uploads\/2023\/07\/1687254331515.jpeg","width":800,"height":452},{"@type":"BreadcrumbList","@id":"https:\/\/iwdev.se\/vatgas\/2023\/06\/15\/tema-transport-almedalsveckan-2023\/#breadcrumb","itemListElement":[{"@type":"ListItem","position":1,"name":"Home","item":"https:\/\/iwdev.se\/vatgas\/"},{"@type":"ListItem","position":2,"name":"Tema Transport &#8211; Almedalsveckan 2023"}]},{"@type":"WebSite","@id":"https:\/\/iwdev.se\/vatgas\/#website","url":"https:\/\/iwdev.se\/vatgas\/","name":"V\u00e4tgas Sverige","description":"En ledande plattform f\u00f6r omst\u00e4llningen till fossilfrihet","publisher":{"@id":"https:\/\/iwdev.se\/vatgas\/#organization"},"potentialAction":[{"@type":"SearchAction","target":{"@type":"EntryPoint","urlTemplate":"https:\/\/iwdev.se\/vatgas\/?s={search_term_string}"},"query-input":{"@type":"PropertyValueSpecification","valueRequired":true,"valueName":"search_term_string"}}],"inLanguage":"sv-SE"},{"@type":"Organization","@id":"https:\/\/iwdev.se\/vatgas\/#organization","name":"V\u00e4tgas Sverige","url":"https:\/\/iwdev.se\/vatgas\/","logo":{"@type":"ImageObject","inLanguage":"sv-SE","@id":"https:\/\/iwdev.se\/vatgas\/#\/schema\/logo\/image\/","url":"https:\/\/iwdev.se\/vatgas\/wp-content\/uploads\/2022\/06\/LOGO.png","contentUrl":"https:\/\/iwdev.se\/vatgas\/wp-content\/uploads\/2022\/06\/LOGO.png","width":240,"height":147,"caption":"V\u00e4tgas Sverige"},"image":{"@id":"https:\/\/iwdev.se\/vatgas\/#\/schema\/logo\/image\/"}},{"@type":"Person","@id":"https:\/\/iwdev.se\/vatgas\/#\/schema\/person\/cedb2a36a8bce522b7eb5a539ee5d398","name":"adminuser","url":"https:\/\/iwdev.se\/vatgas\/author\/adminuser\/"}]}},"_links":{"self":[{"href":"https:\/\/iwdev.se\/vatgas\/wp-json\/wp\/v2\/posts\/18650","targetHints":{"allow":["GET"]}}],"collection":[{"href":"https:\/\/iwdev.se\/vatgas\/wp-json\/wp\/v2\/posts"}],"about":[{"href":"https:\/\/iwdev.se\/vatgas\/wp-json\/wp\/v2\/types\/post"}],"author":[{"embeddable":true,"href":"https:\/\/iwdev.se\/vatgas\/wp-json\/wp\/v2\/users\/5"}],"replies":[{"embeddable":true,"href":"https:\/\/iwdev.se\/vatgas\/wp-json\/wp\/v2\/comments?post=18650"}],"version-history":[{"count":1,"href":"https:\/\/iwdev.se\/vatgas\/wp-json\/wp\/v2\/posts\/18650\/revisions"}],"predecessor-version":[{"id":18653,"href":"https:\/\/iwdev.se\/vatgas\/wp-json\/wp\/v2\/posts\/18650\/revisions\/18653"}],"wp:featuredmedia":[{"embeddable":true,"href":"https:\/\/iwdev.se\/vatgas\/wp-json\/wp\/v2\/media\/18651"}],"wp:attachment":[{"href":"https:\/\/iwdev.se\/vatgas\/wp-json\/wp\/v2\/media?parent=18650"}],"wp:term":[{"taxonomy":"category","embeddable":true,"href":"https:\/\/iwdev.se\/vatgas\/wp-json\/wp\/v2\/categories?post=18650"},{"taxonomy":"post_tag","embeddable":true,"href":"https:\/\/iwdev.se\/vatgas\/wp-json\/wp\/v2\/tags?post=18650"}],"curies":[{"name":"wp","href":"https:\/\/api.w.org\/{rel}","templated":true}]}}