{"id":18665,"date":"2023-07-21T08:01:52","date_gmt":"2023-07-21T08:01:52","guid":{"rendered":"https:\/\/vatgas.hemsida.eu\/?p=18665"},"modified":"2023-07-21T08:02:49","modified_gmt":"2023-07-21T08:02:49","slug":"powercell-har-tecknat-avtal-med-bosch-for-leverans-av-branslecellsstacken-s3","status":"publish","type":"post","link":"https:\/\/iwdev.se\/vatgas\/2023\/07\/21\/powercell-har-tecknat-avtal-med-bosch-for-leverans-av-branslecellsstacken-s3\/","title":{"rendered":"PowerCell har tecknat avtal med Bosch f\u00f6r leverans av br\u00e4nslecellsstacken S3"},"content":{"rendered":"\n<p>Ett avtal har tecknats mellan Robert Bosch GmbH och PowerCell om att tillverka br\u00e4nslecellsstacken S3 \u00e5t PowerCell. Detta inneb\u00e4r att PowerCell \u00f6kar sin produktionskapacitet i stort och fokuserar samtidigt p\u00e5 att \u00f6ka produktionsvolymerna, leveranserna av br\u00e4nslecellssystem och utveckling av n\u00e4sta generation br\u00e4nsleceller.<\/p>\n\n\n\n<p><\/p>\n\n\n\n<p>Bolagen har ett l\u00e5ngvarigt samarbete. Bosch \u00e4r en av v\u00e4rldens st\u00f6rsta underleverant\u00f6rer till fordonsindustrin och redan i april 2019 inleddes dialogen avseende ett samarbete inom industrialisering, produktion och f\u00f6rs\u00e4ljning av PowerCell S3. Det inneb\u00e4r att Bosch f\u00e5r r\u00e4ttighet att s\u00e4lja Powercell S3 f\u00f6r anv\u00e4ndning inom fordonsindustrin. PowerCell har fullst\u00e4ndiga r\u00e4ttigheter f\u00f6r alla andra applikationer och segment. <\/p>\n\n\n\n<p><\/p>\n\n\n\n<p>Med det nya avtalet adderas PowerCells volymer av S3 till Boschs befintliga produktion. \u201dAvtalet med Bosch \u00f6kar v\u00e5r produktionskapacitet v\u00e4sentligt och ger oss m\u00f6jlighet att effektivt m\u00f6ta den snabbt \u00f6kande efterfr\u00e5gan p\u00e5 v\u00e5ra ledande v\u00e4tgaselektriska l\u00f6sningar\u201d, s\u00e4ger Richard Berkling, VD f\u00f6r PowerCell.<\/p>\n\n\n\n<p><\/p>\n\n\n\n<p><a href=\"https:\/\/powercellgroup.com\/press-releases\/avtal-tecknat-med-bosch-for-leverans-av-branslecellsstacken-s3-till-powercell\/\">L\u00e4s mer.<\/a><\/p>\n","protected":false},"excerpt":{"rendered":"<p>Ett avtal har tecknats mellan Robert Bosch GmbH och PowerCell om att tillverka br\u00e4nslecellsstacken S3 \u00e5t PowerCell. Detta inneb\u00e4r att PowerCell \u00f6kar sin produktionskapacitet i stort och fokuserar samtidigt p\u00e5 att \u00f6ka produktionsvolymerna, leveranserna av br\u00e4nslecellssystem och utveckling av n\u00e4sta generation br\u00e4nsleceller. Bolagen har ett l\u00e5ngvarigt samarbete. Bosch \u00e4r en av v\u00e4rldens st\u00f6rsta underleverant\u00f6rer till <a class=\"moretag\" href=\"https:\/\/iwdev.se\/vatgas\/2023\/07\/21\/powercell-har-tecknat-avtal-med-bosch-for-leverans-av-branslecellsstacken-s3\/\">[&#8230;]<\/a><\/p>\n","protected":false},"author":5,"featured_media":0,"comment_status":"closed","ping_status":"closed","sticky":false,"template":"","format":"standard","meta":{"_acf_changed":false,"footnotes":""},"categories":[10],"tags":[],"class_list":["post-18665","post","type-post","status-publish","format-standard","hentry","category-medlemsnytt"],"acf":[],"yoast_head":"<!-- This site is optimized with the Yoast SEO Premium plugin v26.4 (Yoast SEO v27.4) - https:\/\/yoast.com\/product\/yoast-seo-premium-wordpress\/ -->\n<title>PowerCell har tecknat avtal med Bosch f\u00f6r leverans av br\u00e4nslecellsstacken S3 - V\u00e4tgas Sverige<\/title>\n<meta name=\"description\" content=\"PowerCell har tecknat avtal med Bosch f\u00f6r leverans av br\u00e4nslecellsstacken S3\" \/>\n<meta name=\"robots\" content=\"noindex, follow, max-snippet:-1, max-image-preview:large, max-video-preview:-1\" \/>\n<meta property=\"og:locale\" content=\"sv_SE\" \/>\n<meta property=\"og:type\" content=\"article\" \/>\n<meta property=\"og:title\" content=\"PowerCell har tecknat avtal med Bosch f\u00f6r leverans av br\u00e4nslecellsstacken S3\" \/>\n<meta property=\"og:description\" content=\"PowerCell har tecknat avtal med Bosch f\u00f6r leverans av br\u00e4nslecellsstacken S3\" \/>\n<meta property=\"og:url\" content=\"https:\/\/iwdev.se\/vatgas\/2023\/07\/21\/powercell-har-tecknat-avtal-med-bosch-for-leverans-av-branslecellsstacken-s3\/\" \/>\n<meta property=\"og:site_name\" content=\"V\u00e4tgas Sverige\" \/>\n<meta property=\"article:published_time\" content=\"2023-07-21T08:01:52+00:00\" \/>\n<meta property=\"article:modified_time\" content=\"2023-07-21T08:02:49+00:00\" \/>\n<meta name=\"author\" content=\"adminuser\" \/>\n<meta name=\"twitter:card\" content=\"summary_large_image\" \/>\n<meta name=\"twitter:label1\" content=\"Skriven av\" \/>\n\t<meta name=\"twitter:data1\" content=\"adminuser\" \/>\n\t<meta name=\"twitter:label2\" content=\"Ber\u00e4knad l\u00e4stid\" \/>\n\t<meta name=\"twitter:data2\" content=\"1 minut\" \/>\n<script type=\"application\/ld+json\" class=\"yoast-schema-graph\">{\"@context\":\"https:\\\/\\\/schema.org\",\"@graph\":[{\"@type\":\"Article\",\"@id\":\"https:\\\/\\\/iwdev.se\\\/vatgas\\\/2023\\\/07\\\/21\\\/powercell-har-tecknat-avtal-med-bosch-for-leverans-av-branslecellsstacken-s3\\\/#article\",\"isPartOf\":{\"@id\":\"https:\\\/\\\/iwdev.se\\\/vatgas\\\/2023\\\/07\\\/21\\\/powercell-har-tecknat-avtal-med-bosch-for-leverans-av-branslecellsstacken-s3\\\/\"},\"author\":{\"name\":\"adminuser\",\"@id\":\"https:\\\/\\\/iwdev.se\\\/vatgas\\\/#\\\/schema\\\/person\\\/cedb2a36a8bce522b7eb5a539ee5d398\"},\"headline\":\"PowerCell har tecknat avtal med Bosch f\u00f6r leverans av br\u00e4nslecellsstacken S3\",\"datePublished\":\"2023-07-21T08:01:52+00:00\",\"dateModified\":\"2023-07-21T08:02:49+00:00\",\"mainEntityOfPage\":{\"@id\":\"https:\\\/\\\/iwdev.se\\\/vatgas\\\/2023\\\/07\\\/21\\\/powercell-har-tecknat-avtal-med-bosch-for-leverans-av-branslecellsstacken-s3\\\/\"},\"wordCount\":185,\"publisher\":{\"@id\":\"https:\\\/\\\/iwdev.se\\\/vatgas\\\/#organization\"},\"articleSection\":[\"Medlemsnytt\"],\"inLanguage\":\"sv-SE\"},{\"@type\":\"WebPage\",\"@id\":\"https:\\\/\\\/iwdev.se\\\/vatgas\\\/2023\\\/07\\\/21\\\/powercell-har-tecknat-avtal-med-bosch-for-leverans-av-branslecellsstacken-s3\\\/\",\"url\":\"https:\\\/\\\/iwdev.se\\\/vatgas\\\/2023\\\/07\\\/21\\\/powercell-har-tecknat-avtal-med-bosch-for-leverans-av-branslecellsstacken-s3\\\/\",\"name\":\"PowerCell har tecknat avtal med Bosch f\u00f6r leverans av br\u00e4nslecellsstacken S3 - V\u00e4tgas Sverige\",\"isPartOf\":{\"@id\":\"https:\\\/\\\/iwdev.se\\\/vatgas\\\/#website\"},\"datePublished\":\"2023-07-21T08:01:52+00:00\",\"dateModified\":\"2023-07-21T08:02:49+00:00\",\"description\":\"PowerCell har tecknat avtal med Bosch f\u00f6r leverans av br\u00e4nslecellsstacken S3\",\"breadcrumb\":{\"@id\":\"https:\\\/\\\/iwdev.se\\\/vatgas\\\/2023\\\/07\\\/21\\\/powercell-har-tecknat-avtal-med-bosch-for-leverans-av-branslecellsstacken-s3\\\/#breadcrumb\"},\"inLanguage\":\"sv-SE\",\"potentialAction\":[{\"@type\":\"ReadAction\",\"target\":[\"https:\\\/\\\/iwdev.se\\\/vatgas\\\/2023\\\/07\\\/21\\\/powercell-har-tecknat-avtal-med-bosch-for-leverans-av-branslecellsstacken-s3\\\/\"]}]},{\"@type\":\"BreadcrumbList\",\"@id\":\"https:\\\/\\\/iwdev.se\\\/vatgas\\\/2023\\\/07\\\/21\\\/powercell-har-tecknat-avtal-med-bosch-for-leverans-av-branslecellsstacken-s3\\\/#breadcrumb\",\"itemListElement\":[{\"@type\":\"ListItem\",\"position\":1,\"name\":\"Home\",\"item\":\"https:\\\/\\\/iwdev.se\\\/vatgas\\\/\"},{\"@type\":\"ListItem\",\"position\":2,\"name\":\"PowerCell har tecknat avtal med Bosch f\u00f6r leverans av br\u00e4nslecellsstacken S3\"}]},{\"@type\":\"WebSite\",\"@id\":\"https:\\\/\\\/iwdev.se\\\/vatgas\\\/#website\",\"url\":\"https:\\\/\\\/iwdev.se\\\/vatgas\\\/\",\"name\":\"V\u00e4tgas Sverige\",\"description\":\"En ledande plattform f\u00f6r omst\u00e4llningen till fossilfrihet\",\"publisher\":{\"@id\":\"https:\\\/\\\/iwdev.se\\\/vatgas\\\/#organization\"},\"potentialAction\":[{\"@type\":\"SearchAction\",\"target\":{\"@type\":\"EntryPoint\",\"urlTemplate\":\"https:\\\/\\\/iwdev.se\\\/vatgas\\\/?s={search_term_string}\"},\"query-input\":{\"@type\":\"PropertyValueSpecification\",\"valueRequired\":true,\"valueName\":\"search_term_string\"}}],\"inLanguage\":\"sv-SE\"},{\"@type\":\"Organization\",\"@id\":\"https:\\\/\\\/iwdev.se\\\/vatgas\\\/#organization\",\"name\":\"V\u00e4tgas Sverige\",\"url\":\"https:\\\/\\\/iwdev.se\\\/vatgas\\\/\",\"logo\":{\"@type\":\"ImageObject\",\"inLanguage\":\"sv-SE\",\"@id\":\"https:\\\/\\\/iwdev.se\\\/vatgas\\\/#\\\/schema\\\/logo\\\/image\\\/\",\"url\":\"https:\\\/\\\/iwdev.se\\\/vatgas\\\/wp-content\\\/uploads\\\/2022\\\/06\\\/LOGO.png\",\"contentUrl\":\"https:\\\/\\\/iwdev.se\\\/vatgas\\\/wp-content\\\/uploads\\\/2022\\\/06\\\/LOGO.png\",\"width\":240,\"height\":147,\"caption\":\"V\u00e4tgas Sverige\"},\"image\":{\"@id\":\"https:\\\/\\\/iwdev.se\\\/vatgas\\\/#\\\/schema\\\/logo\\\/image\\\/\"}},{\"@type\":\"Person\",\"@id\":\"https:\\\/\\\/iwdev.se\\\/vatgas\\\/#\\\/schema\\\/person\\\/cedb2a36a8bce522b7eb5a539ee5d398\",\"name\":\"adminuser\",\"url\":\"https:\\\/\\\/iwdev.se\\\/vatgas\\\/author\\\/adminuser\\\/\"}]}<\/script>\n<!-- \/ Yoast SEO Premium plugin. -->","yoast_head_json":{"title":"PowerCell har tecknat avtal med Bosch f\u00f6r leverans av br\u00e4nslecellsstacken S3 - V\u00e4tgas Sverige","description":"PowerCell har tecknat avtal med Bosch f\u00f6r leverans av br\u00e4nslecellsstacken S3","robots":{"index":"noindex","follow":"follow","max-snippet":"max-snippet:-1","max-image-preview":"max-image-preview:large","max-video-preview":"max-video-preview:-1"},"og_locale":"sv_SE","og_type":"article","og_title":"PowerCell har tecknat avtal med Bosch f\u00f6r leverans av br\u00e4nslecellsstacken S3","og_description":"PowerCell har tecknat avtal med Bosch f\u00f6r leverans av br\u00e4nslecellsstacken S3","og_url":"https:\/\/iwdev.se\/vatgas\/2023\/07\/21\/powercell-har-tecknat-avtal-med-bosch-for-leverans-av-branslecellsstacken-s3\/","og_site_name":"V\u00e4tgas Sverige","article_published_time":"2023-07-21T08:01:52+00:00","article_modified_time":"2023-07-21T08:02:49+00:00","author":"adminuser","twitter_card":"summary_large_image","twitter_misc":{"Skriven av":"adminuser","Ber\u00e4knad l\u00e4stid":"1 minut"},"schema":{"@context":"https:\/\/schema.org","@graph":[{"@type":"Article","@id":"https:\/\/iwdev.se\/vatgas\/2023\/07\/21\/powercell-har-tecknat-avtal-med-bosch-for-leverans-av-branslecellsstacken-s3\/#article","isPartOf":{"@id":"https:\/\/iwdev.se\/vatgas\/2023\/07\/21\/powercell-har-tecknat-avtal-med-bosch-for-leverans-av-branslecellsstacken-s3\/"},"author":{"name":"adminuser","@id":"https:\/\/iwdev.se\/vatgas\/#\/schema\/person\/cedb2a36a8bce522b7eb5a539ee5d398"},"headline":"PowerCell har tecknat avtal med Bosch f\u00f6r leverans av br\u00e4nslecellsstacken S3","datePublished":"2023-07-21T08:01:52+00:00","dateModified":"2023-07-21T08:02:49+00:00","mainEntityOfPage":{"@id":"https:\/\/iwdev.se\/vatgas\/2023\/07\/21\/powercell-har-tecknat-avtal-med-bosch-for-leverans-av-branslecellsstacken-s3\/"},"wordCount":185,"publisher":{"@id":"https:\/\/iwdev.se\/vatgas\/#organization"},"articleSection":["Medlemsnytt"],"inLanguage":"sv-SE"},{"@type":"WebPage","@id":"https:\/\/iwdev.se\/vatgas\/2023\/07\/21\/powercell-har-tecknat-avtal-med-bosch-for-leverans-av-branslecellsstacken-s3\/","url":"https:\/\/iwdev.se\/vatgas\/2023\/07\/21\/powercell-har-tecknat-avtal-med-bosch-for-leverans-av-branslecellsstacken-s3\/","name":"PowerCell har tecknat avtal med Bosch f\u00f6r leverans av br\u00e4nslecellsstacken S3 - V\u00e4tgas Sverige","isPartOf":{"@id":"https:\/\/iwdev.se\/vatgas\/#website"},"datePublished":"2023-07-21T08:01:52+00:00","dateModified":"2023-07-21T08:02:49+00:00","description":"PowerCell har tecknat avtal med Bosch f\u00f6r leverans av br\u00e4nslecellsstacken S3","breadcrumb":{"@id":"https:\/\/iwdev.se\/vatgas\/2023\/07\/21\/powercell-har-tecknat-avtal-med-bosch-for-leverans-av-branslecellsstacken-s3\/#breadcrumb"},"inLanguage":"sv-SE","potentialAction":[{"@type":"ReadAction","target":["https:\/\/iwdev.se\/vatgas\/2023\/07\/21\/powercell-har-tecknat-avtal-med-bosch-for-leverans-av-branslecellsstacken-s3\/"]}]},{"@type":"BreadcrumbList","@id":"https:\/\/iwdev.se\/vatgas\/2023\/07\/21\/powercell-har-tecknat-avtal-med-bosch-for-leverans-av-branslecellsstacken-s3\/#breadcrumb","itemListElement":[{"@type":"ListItem","position":1,"name":"Home","item":"https:\/\/iwdev.se\/vatgas\/"},{"@type":"ListItem","position":2,"name":"PowerCell har tecknat avtal med Bosch f\u00f6r leverans av br\u00e4nslecellsstacken S3"}]},{"@type":"WebSite","@id":"https:\/\/iwdev.se\/vatgas\/#website","url":"https:\/\/iwdev.se\/vatgas\/","name":"V\u00e4tgas Sverige","description":"En ledande plattform f\u00f6r omst\u00e4llningen till fossilfrihet","publisher":{"@id":"https:\/\/iwdev.se\/vatgas\/#organization"},"potentialAction":[{"@type":"SearchAction","target":{"@type":"EntryPoint","urlTemplate":"https:\/\/iwdev.se\/vatgas\/?s={search_term_string}"},"query-input":{"@type":"PropertyValueSpecification","valueRequired":true,"valueName":"search_term_string"}}],"inLanguage":"sv-SE"},{"@type":"Organization","@id":"https:\/\/iwdev.se\/vatgas\/#organization","name":"V\u00e4tgas Sverige","url":"https:\/\/iwdev.se\/vatgas\/","logo":{"@type":"ImageObject","inLanguage":"sv-SE","@id":"https:\/\/iwdev.se\/vatgas\/#\/schema\/logo\/image\/","url":"https:\/\/iwdev.se\/vatgas\/wp-content\/uploads\/2022\/06\/LOGO.png","contentUrl":"https:\/\/iwdev.se\/vatgas\/wp-content\/uploads\/2022\/06\/LOGO.png","width":240,"height":147,"caption":"V\u00e4tgas Sverige"},"image":{"@id":"https:\/\/iwdev.se\/vatgas\/#\/schema\/logo\/image\/"}},{"@type":"Person","@id":"https:\/\/iwdev.se\/vatgas\/#\/schema\/person\/cedb2a36a8bce522b7eb5a539ee5d398","name":"adminuser","url":"https:\/\/iwdev.se\/vatgas\/author\/adminuser\/"}]}},"_links":{"self":[{"href":"https:\/\/iwdev.se\/vatgas\/wp-json\/wp\/v2\/posts\/18665","targetHints":{"allow":["GET"]}}],"collection":[{"href":"https:\/\/iwdev.se\/vatgas\/wp-json\/wp\/v2\/posts"}],"about":[{"href":"https:\/\/iwdev.se\/vatgas\/wp-json\/wp\/v2\/types\/post"}],"author":[{"embeddable":true,"href":"https:\/\/iwdev.se\/vatgas\/wp-json\/wp\/v2\/users\/5"}],"replies":[{"embeddable":true,"href":"https:\/\/iwdev.se\/vatgas\/wp-json\/wp\/v2\/comments?post=18665"}],"version-history":[{"count":1,"href":"https:\/\/iwdev.se\/vatgas\/wp-json\/wp\/v2\/posts\/18665\/revisions"}],"predecessor-version":[{"id":18666,"href":"https:\/\/iwdev.se\/vatgas\/wp-json\/wp\/v2\/posts\/18665\/revisions\/18666"}],"wp:attachment":[{"href":"https:\/\/iwdev.se\/vatgas\/wp-json\/wp\/v2\/media?parent=18665"}],"wp:term":[{"taxonomy":"category","embeddable":true,"href":"https:\/\/iwdev.se\/vatgas\/wp-json\/wp\/v2\/categories?post=18665"},{"taxonomy":"post_tag","embeddable":true,"href":"https:\/\/iwdev.se\/vatgas\/wp-json\/wp\/v2\/tags?post=18665"}],"curies":[{"name":"wp","href":"https:\/\/api.w.org\/{rel}","templated":true}]}}