{"id":18961,"date":"2023-09-06T14:27:43","date_gmt":"2023-09-06T14:27:43","guid":{"rendered":"https:\/\/vatgas.hemsida.eu\/?p=18961"},"modified":"2023-09-06T14:27:46","modified_gmt":"2023-09-06T14:27:46","slug":"invigning-av-sveriges-storsta-anlaggning-for-fossilfri-vatgas","status":"publish","type":"post","link":"https:\/\/iwdev.se\/vatgas\/2023\/09\/06\/invigning-av-sveriges-storsta-anlaggning-for-fossilfri-vatgas\/","title":{"rendered":"Invigning av Sveriges st\u00f6rsta anl\u00e4ggning f\u00f6r fossilfri v\u00e4tgas"},"content":{"rendered":"\n<p>Den 5 september invigdes Ovakos nya anl\u00e4ggning f\u00f6r fossilfri st\u00e5lproduktion i Hofors. Ambitionen \u00e4r att p\u00e5 sikt minska f\u00f6retagets koldioxidutsl\u00e4pp till noll.<\/p>\n\n\n\n<p>Uppv\u00e4rmning av produkter inom st\u00e5lindustrin har traditionellt kr\u00e4vt stora m\u00e4ngder fossila br\u00e4nslen. Med den nya v\u00e4tgasanl\u00e4ggningen tar Ovako ett viktigt steg med att v\u00e4rma st\u00e5l med fossilfri v\u00e4tgas inf\u00f6r valsning. Den fossilfria v\u00e4tgasen ska anv\u00e4ndas f\u00f6r att v\u00e4rma st\u00e5l vid intilliggande valsverk, men \u00e4ven f\u00f6r tankning av br\u00e4nslecellsdrivna lastbilar och \u00f6verskottsv\u00e4rmen kommer bli till fj\u00e4rrv\u00e4rme. Tekniken inneb\u00e4r att produktionen hamnar n\u00e4ra noll utsl\u00e4pp, d\u00e4r vatten blir restprodukten. <\/p>\n\n\n\n<p>Investeringen har gjorts med st\u00f6d fr\u00e5n Energimyndigheten genom regeringssatsningen Industriklivet, som arbetar f\u00f6r en gr\u00f6n omst\u00e4llning inom svensk industri. Ovako ska investera i en elektrolys\u00f6r, det vill s\u00e4ga en anl\u00e4ggning f\u00f6r att generera v\u00e4tgas och syrgas, som ska anv\u00e4ndas ist\u00e4llet f\u00f6r gasol vid v\u00e4rmning av st\u00e5l. Elektrolys\u00f6ren \u00e4r den f\u00f6rsta i sitt slag i Sverige, och den skapar \u00e4ven andra m\u00f6jligheter p\u00e5 sikt. M\u00e5let med projektet \u00e4r att unders\u00f6ka hur anl\u00e4ggningen kan integreras med el- och energisystemet och \u00f6vriga samh\u00e4llet. Ett exempel skulle kunna vara att etablera en v\u00e4tgastankstation f\u00f6r tung trafik vid fabriken, och p\u00e5 s\u00e5 vis bidra till en regional v\u00e4tgasinfrastruktur.<\/p>\n\n\n\n<p><br>\u2013 Idag \u00e4r ett stolt \u00f6gonblick\u00a0f\u00f6r mig och alla p\u00e5 Ovako. H\u00e4r visar vi v\u00e4gen f\u00f6r hur industriell h\u00f6ggradig v\u00e4rme kan g\u00f6ras helt fossilfri. Det \u00e4r fantastiskt att se bes\u00f6kare fr\u00e5n hela v\u00e4rlden p\u00e5 plats i Hofors. Nu ser vi fram emot att f\u00e5 dela v\u00e5ra erfarenheter och hj\u00e4lpa andra akt\u00f6rer att minska sina utsl\u00e4pp, sa Marcus Hedblom, President och CEO Ovako Group vid invigningen.<\/p>\n\n\n\n<p>P\u00e5 plats p\u00e5 invigningen var \u00e4ven bland andra Japans ambassad\u00f6r Masaki Noke och nyckelpersoner fr\u00e5n Ovako samarbetspartners.<\/p>\n\n\n\n<p>-\u2013 Tack vare samarbetspartners som Volvokoncernen, Hitachi Energy, H2 Green Steel och Nel Hydrogen kommer v\u00e4tgasanl\u00e4ggningen i Hofors att g\u00f6ra skillnad fr\u00e5n dag ett, s\u00e4ger Marcus Hedblom.<\/p>\n\n\n\n<p>\u2013&nbsp;Vi p\u00e5 Hitachi Energy \u00e4r mycket stolta \u00f6ver att ha bidragit till denna viktiga milstolpe mot en mer h\u00e5llbar st\u00e5lindustri genom att leverera en modul\u00e4r eHouse-l\u00f6sning f\u00f6r att elektrifiera elektrolys\u00f6rerna\u201d, s\u00e4ger Tobias Hansson, vd f\u00f6r Hitachi Energy i Sverige.<\/p>\n\n\n\n<p>Maria Persson Gulda, Teknikchef p\u00e5 H2 Green Steel fyller p\u00e5:<\/p>\n\n\n\n<p>\u2013\u00a0Teknisk expertis, marknadskunnande och storskalig produktionserfarenhet inom v\u00e4tgas \u00e4r redan nu starka konkurrensf\u00f6rdelar i den v\u00e4xande v\u00e4tgasekonomin som kommer att vara avg\u00f6rande i hur snabbt vi lyckas fossilbefria branscher som \u00e4r sv\u00e5ra att st\u00e4lla om. Detta samarbete \u00e4r ett bra exempel b\u00e5de p\u00e5 hur Sverige visar v\u00e4gen och hur viktigt det \u00e4r att man jobbar tillsammans, ibland i ov\u00e4ntade partnerskap.<\/p>\n\n\n\n<h2 class=\"wp-block-heading\">Ovakos v\u00e4tgasanl\u00e4ggning<\/h2>\n\n\n\n<p>Elektrolys\u00f6ren f\u00f6r produktion av fossilfri v\u00e4tgas kommer att installeras vid Ovakos verksamhet i Hofors och v\u00e4ntas vara klar i slutet av 2022, under f\u00f6ruts\u00e4ttning att tillst\u00e5ndsprocessen g\u00e5r enligt plan. Anl\u00e4ggningen om 17 MW kommer att generera 3500 kubikmeter fossilfri v\u00e4tgas i timmen. Det inneb\u00e4r att Ovako genom konverteringen reducerar sina utsl\u00e4pp av koldioxid f\u00f6r st\u00e5lproduktionen i Hofors med 50 procent fr\u00e5n redan l\u00e5ga niv\u00e5er. Investeringen p\u00e5 cirka 180 miljoner kronor st\u00f6ttas av Energimyndigheten via Industriklivet. Planen \u00e4r att lokal v\u00e4tgasproduktion ska anv\u00e4ndas inom alla Ovakos enheter d\u00e4r st\u00e5l valsas senast 2030, under f\u00f6ruts\u00e4ttning att det finns en god tillg\u00e5ng p\u00e5 fossilfri el. (K\u00e4lla Energimyndigheten)<\/p>\n\n\n\n<h2 class=\"wp-block-heading\">Om Industriklivet<\/h2>\n\n\n\n<p>Industriklivet syftar till att st\u00f6dja industrin att minska sina utsl\u00e4pp av v\u00e4xthusgaser samt till att uppn\u00e5 negativa utsl\u00e4pp f\u00f6r att n\u00e5 de klimatpolitiska m\u00e5len. Industriklivet kan \u00e4ven, genom s\u00e5 kallade strategiskt viktiga insatser, ge st\u00f6d till till\u00e4mpning av ny teknik eller andra innovativa l\u00f6sningar inom industrin som kan bidra till ett fossilfritt samh\u00e4lle. Inom Industriklivet kan st\u00f6d ges till forskning, genomf\u00f6rbarhetsstudier, pilot- och demonstrationsprojekt och investeringar. Satsningen Industriklivet startade 2018 och \u00e4r planerad att forts\u00e4tta till 2040. F\u00f6r 2021 omfattar Industriklivet cirka 750 miljoner kronor. Energimyndigheten fick i december 2017 i uppdrag att ansvara f\u00f6r genomf\u00f6randet. \u00a0<\/p>\n\n\n\n<p>Foto@Ovako Marcus Hedblom, Rickard Qvarfort, Myamoto och Ulf Kristersson<\/p>\n","protected":false},"excerpt":{"rendered":"<p>Den 5 september invigdes Ovakos nya anl\u00e4ggning f\u00f6r fossilfri st\u00e5lproduktion i Hofors. Ambitionen \u00e4r att p\u00e5 sikt minska f\u00f6retagets koldioxidutsl\u00e4pp till noll. Uppv\u00e4rmning av produkter inom st\u00e5lindustrin har traditionellt kr\u00e4vt stora m\u00e4ngder fossila br\u00e4nslen. Med den nya v\u00e4tgasanl\u00e4ggningen tar Ovako ett viktigt steg med att v\u00e4rma st\u00e5l med fossilfri v\u00e4tgas inf\u00f6r valsning. Den fossilfria v\u00e4tgasen <a class=\"moretag\" href=\"https:\/\/iwdev.se\/vatgas\/2023\/09\/06\/invigning-av-sveriges-storsta-anlaggning-for-fossilfri-vatgas\/\">[&#8230;]<\/a><\/p>\n","protected":false},"author":3,"featured_media":18962,"comment_status":"closed","ping_status":"closed","sticky":false,"template":"","format":"standard","meta":{"_acf_changed":false,"footnotes":""},"categories":[12],"tags":[],"class_list":["post-18961","post","type-post","status-publish","format-standard","has-post-thumbnail","hentry","category-nyheter"],"acf":[],"yoast_head":"<!-- This site is optimized with the Yoast SEO Premium plugin v26.4 (Yoast SEO v27.4) - https:\/\/yoast.com\/product\/yoast-seo-premium-wordpress\/ -->\n<title>Invigning av Sveriges st\u00f6rsta anl\u00e4ggning f\u00f6r fossilfri v\u00e4tgas - V\u00e4tgas Sverige<\/title>\n<meta name=\"robots\" content=\"noindex, follow, max-snippet:-1, max-image-preview:large, max-video-preview:-1\" \/>\n<meta property=\"og:locale\" content=\"sv_SE\" \/>\n<meta property=\"og:type\" content=\"article\" \/>\n<meta property=\"og:title\" content=\"Invigning av Sveriges st\u00f6rsta anl\u00e4ggning f\u00f6r fossilfri v\u00e4tgas\" \/>\n<meta property=\"og:description\" content=\"Den 5 september invigdes Ovakos nya anl\u00e4ggning f\u00f6r fossilfri st\u00e5lproduktion i Hofors. Ambitionen \u00e4r att p\u00e5 sikt minska f\u00f6retagets koldioxidutsl\u00e4pp till noll. Uppv\u00e4rmning av produkter inom st\u00e5lindustrin har traditionellt kr\u00e4vt stora m\u00e4ngder fossila br\u00e4nslen. Med den nya v\u00e4tgasanl\u00e4ggningen tar Ovako ett viktigt steg med att v\u00e4rma st\u00e5l med fossilfri v\u00e4tgas inf\u00f6r valsning. Den fossilfria v\u00e4tgasen [...]\" \/>\n<meta property=\"og:url\" content=\"https:\/\/iwdev.se\/vatgas\/2023\/09\/06\/invigning-av-sveriges-storsta-anlaggning-for-fossilfri-vatgas\/\" \/>\n<meta property=\"og:site_name\" content=\"V\u00e4tgas Sverige\" \/>\n<meta property=\"article:published_time\" content=\"2023-09-06T14:27:43+00:00\" \/>\n<meta property=\"article:modified_time\" content=\"2023-09-06T14:27:46+00:00\" \/>\n<meta property=\"og:image\" content=\"https:\/\/iwdev.se\/vatgas\/wp-content\/uploads\/2023\/09\/Skarmavbild-2023-09-06-kl.-16.25.15-1024x706.png\" \/>\n\t<meta property=\"og:image:width\" content=\"1024\" \/>\n\t<meta property=\"og:image:height\" content=\"706\" \/>\n\t<meta property=\"og:image:type\" content=\"image\/png\" \/>\n<meta name=\"author\" content=\"Charlotte Blomberg\" \/>\n<meta name=\"twitter:card\" content=\"summary_large_image\" \/>\n<meta name=\"twitter:label1\" content=\"Skriven av\" \/>\n\t<meta name=\"twitter:data1\" content=\"Charlotte Blomberg\" \/>\n\t<meta name=\"twitter:label2\" content=\"Ber\u00e4knad l\u00e4stid\" \/>\n\t<meta name=\"twitter:data2\" content=\"4 minuter\" \/>\n<script type=\"application\/ld+json\" class=\"yoast-schema-graph\">{\"@context\":\"https:\\\/\\\/schema.org\",\"@graph\":[{\"@type\":\"Article\",\"@id\":\"https:\\\/\\\/iwdev.se\\\/vatgas\\\/2023\\\/09\\\/06\\\/invigning-av-sveriges-storsta-anlaggning-for-fossilfri-vatgas\\\/#article\",\"isPartOf\":{\"@id\":\"https:\\\/\\\/iwdev.se\\\/vatgas\\\/2023\\\/09\\\/06\\\/invigning-av-sveriges-storsta-anlaggning-for-fossilfri-vatgas\\\/\"},\"author\":{\"name\":\"Charlotte Blomberg\",\"@id\":\"https:\\\/\\\/iwdev.se\\\/vatgas\\\/#\\\/schema\\\/person\\\/8cc2f1473867b95de7c82567e7e9e0d0\"},\"headline\":\"Invigning av Sveriges st\u00f6rsta anl\u00e4ggning f\u00f6r fossilfri v\u00e4tgas\",\"datePublished\":\"2023-09-06T14:27:43+00:00\",\"dateModified\":\"2023-09-06T14:27:46+00:00\",\"mainEntityOfPage\":{\"@id\":\"https:\\\/\\\/iwdev.se\\\/vatgas\\\/2023\\\/09\\\/06\\\/invigning-av-sveriges-storsta-anlaggning-for-fossilfri-vatgas\\\/\"},\"wordCount\":763,\"publisher\":{\"@id\":\"https:\\\/\\\/iwdev.se\\\/vatgas\\\/#organization\"},\"image\":{\"@id\":\"https:\\\/\\\/iwdev.se\\\/vatgas\\\/2023\\\/09\\\/06\\\/invigning-av-sveriges-storsta-anlaggning-for-fossilfri-vatgas\\\/#primaryimage\"},\"thumbnailUrl\":\"https:\\\/\\\/iwdev.se\\\/vatgas\\\/wp-content\\\/uploads\\\/2023\\\/09\\\/Skarmavbild-2023-09-06-kl.-16.25.15.png\",\"articleSection\":[\"Nyheter\"],\"inLanguage\":\"sv-SE\"},{\"@type\":\"WebPage\",\"@id\":\"https:\\\/\\\/iwdev.se\\\/vatgas\\\/2023\\\/09\\\/06\\\/invigning-av-sveriges-storsta-anlaggning-for-fossilfri-vatgas\\\/\",\"url\":\"https:\\\/\\\/iwdev.se\\\/vatgas\\\/2023\\\/09\\\/06\\\/invigning-av-sveriges-storsta-anlaggning-for-fossilfri-vatgas\\\/\",\"name\":\"Invigning av Sveriges st\u00f6rsta anl\u00e4ggning f\u00f6r fossilfri v\u00e4tgas - V\u00e4tgas Sverige\",\"isPartOf\":{\"@id\":\"https:\\\/\\\/iwdev.se\\\/vatgas\\\/#website\"},\"primaryImageOfPage\":{\"@id\":\"https:\\\/\\\/iwdev.se\\\/vatgas\\\/2023\\\/09\\\/06\\\/invigning-av-sveriges-storsta-anlaggning-for-fossilfri-vatgas\\\/#primaryimage\"},\"image\":{\"@id\":\"https:\\\/\\\/iwdev.se\\\/vatgas\\\/2023\\\/09\\\/06\\\/invigning-av-sveriges-storsta-anlaggning-for-fossilfri-vatgas\\\/#primaryimage\"},\"thumbnailUrl\":\"https:\\\/\\\/iwdev.se\\\/vatgas\\\/wp-content\\\/uploads\\\/2023\\\/09\\\/Skarmavbild-2023-09-06-kl.-16.25.15.png\",\"datePublished\":\"2023-09-06T14:27:43+00:00\",\"dateModified\":\"2023-09-06T14:27:46+00:00\",\"breadcrumb\":{\"@id\":\"https:\\\/\\\/iwdev.se\\\/vatgas\\\/2023\\\/09\\\/06\\\/invigning-av-sveriges-storsta-anlaggning-for-fossilfri-vatgas\\\/#breadcrumb\"},\"inLanguage\":\"sv-SE\",\"potentialAction\":[{\"@type\":\"ReadAction\",\"target\":[\"https:\\\/\\\/iwdev.se\\\/vatgas\\\/2023\\\/09\\\/06\\\/invigning-av-sveriges-storsta-anlaggning-for-fossilfri-vatgas\\\/\"]}]},{\"@type\":\"ImageObject\",\"inLanguage\":\"sv-SE\",\"@id\":\"https:\\\/\\\/iwdev.se\\\/vatgas\\\/2023\\\/09\\\/06\\\/invigning-av-sveriges-storsta-anlaggning-for-fossilfri-vatgas\\\/#primaryimage\",\"url\":\"https:\\\/\\\/iwdev.se\\\/vatgas\\\/wp-content\\\/uploads\\\/2023\\\/09\\\/Skarmavbild-2023-09-06-kl.-16.25.15.png\",\"contentUrl\":\"https:\\\/\\\/iwdev.se\\\/vatgas\\\/wp-content\\\/uploads\\\/2023\\\/09\\\/Skarmavbild-2023-09-06-kl.-16.25.15.png\",\"width\":1668,\"height\":1150},{\"@type\":\"BreadcrumbList\",\"@id\":\"https:\\\/\\\/iwdev.se\\\/vatgas\\\/2023\\\/09\\\/06\\\/invigning-av-sveriges-storsta-anlaggning-for-fossilfri-vatgas\\\/#breadcrumb\",\"itemListElement\":[{\"@type\":\"ListItem\",\"position\":1,\"name\":\"Home\",\"item\":\"https:\\\/\\\/iwdev.se\\\/vatgas\\\/\"},{\"@type\":\"ListItem\",\"position\":2,\"name\":\"Invigning av Sveriges st\u00f6rsta anl\u00e4ggning f\u00f6r fossilfri v\u00e4tgas\"}]},{\"@type\":\"WebSite\",\"@id\":\"https:\\\/\\\/iwdev.se\\\/vatgas\\\/#website\",\"url\":\"https:\\\/\\\/iwdev.se\\\/vatgas\\\/\",\"name\":\"V\u00e4tgas Sverige\",\"description\":\"En ledande plattform f\u00f6r omst\u00e4llningen till fossilfrihet\",\"publisher\":{\"@id\":\"https:\\\/\\\/iwdev.se\\\/vatgas\\\/#organization\"},\"potentialAction\":[{\"@type\":\"SearchAction\",\"target\":{\"@type\":\"EntryPoint\",\"urlTemplate\":\"https:\\\/\\\/iwdev.se\\\/vatgas\\\/?s={search_term_string}\"},\"query-input\":{\"@type\":\"PropertyValueSpecification\",\"valueRequired\":true,\"valueName\":\"search_term_string\"}}],\"inLanguage\":\"sv-SE\"},{\"@type\":\"Organization\",\"@id\":\"https:\\\/\\\/iwdev.se\\\/vatgas\\\/#organization\",\"name\":\"V\u00e4tgas Sverige\",\"url\":\"https:\\\/\\\/iwdev.se\\\/vatgas\\\/\",\"logo\":{\"@type\":\"ImageObject\",\"inLanguage\":\"sv-SE\",\"@id\":\"https:\\\/\\\/iwdev.se\\\/vatgas\\\/#\\\/schema\\\/logo\\\/image\\\/\",\"url\":\"https:\\\/\\\/iwdev.se\\\/vatgas\\\/wp-content\\\/uploads\\\/2022\\\/06\\\/LOGO.png\",\"contentUrl\":\"https:\\\/\\\/iwdev.se\\\/vatgas\\\/wp-content\\\/uploads\\\/2022\\\/06\\\/LOGO.png\",\"width\":240,\"height\":147,\"caption\":\"V\u00e4tgas Sverige\"},\"image\":{\"@id\":\"https:\\\/\\\/iwdev.se\\\/vatgas\\\/#\\\/schema\\\/logo\\\/image\\\/\"}},{\"@type\":\"Person\",\"@id\":\"https:\\\/\\\/iwdev.se\\\/vatgas\\\/#\\\/schema\\\/person\\\/8cc2f1473867b95de7c82567e7e9e0d0\",\"name\":\"Charlotte Blomberg\",\"url\":\"https:\\\/\\\/iwdev.se\\\/vatgas\\\/author\\\/chablo\\\/\"}]}<\/script>\n<!-- \/ Yoast SEO Premium plugin. -->","yoast_head_json":{"title":"Invigning av Sveriges st\u00f6rsta anl\u00e4ggning f\u00f6r fossilfri v\u00e4tgas - V\u00e4tgas Sverige","robots":{"index":"noindex","follow":"follow","max-snippet":"max-snippet:-1","max-image-preview":"max-image-preview:large","max-video-preview":"max-video-preview:-1"},"og_locale":"sv_SE","og_type":"article","og_title":"Invigning av Sveriges st\u00f6rsta anl\u00e4ggning f\u00f6r fossilfri v\u00e4tgas","og_description":"Den 5 september invigdes Ovakos nya anl\u00e4ggning f\u00f6r fossilfri st\u00e5lproduktion i Hofors. Ambitionen \u00e4r att p\u00e5 sikt minska f\u00f6retagets koldioxidutsl\u00e4pp till noll. Uppv\u00e4rmning av produkter inom st\u00e5lindustrin har traditionellt kr\u00e4vt stora m\u00e4ngder fossila br\u00e4nslen. Med den nya v\u00e4tgasanl\u00e4ggningen tar Ovako ett viktigt steg med att v\u00e4rma st\u00e5l med fossilfri v\u00e4tgas inf\u00f6r valsning. Den fossilfria v\u00e4tgasen [...]","og_url":"https:\/\/iwdev.se\/vatgas\/2023\/09\/06\/invigning-av-sveriges-storsta-anlaggning-for-fossilfri-vatgas\/","og_site_name":"V\u00e4tgas Sverige","article_published_time":"2023-09-06T14:27:43+00:00","article_modified_time":"2023-09-06T14:27:46+00:00","og_image":[{"width":1024,"height":706,"url":"https:\/\/iwdev.se\/vatgas\/wp-content\/uploads\/2023\/09\/Skarmavbild-2023-09-06-kl.-16.25.15-1024x706.png","type":"image\/png"}],"author":"Charlotte Blomberg","twitter_card":"summary_large_image","twitter_misc":{"Skriven av":"Charlotte Blomberg","Ber\u00e4knad l\u00e4stid":"4 minuter"},"schema":{"@context":"https:\/\/schema.org","@graph":[{"@type":"Article","@id":"https:\/\/iwdev.se\/vatgas\/2023\/09\/06\/invigning-av-sveriges-storsta-anlaggning-for-fossilfri-vatgas\/#article","isPartOf":{"@id":"https:\/\/iwdev.se\/vatgas\/2023\/09\/06\/invigning-av-sveriges-storsta-anlaggning-for-fossilfri-vatgas\/"},"author":{"name":"Charlotte Blomberg","@id":"https:\/\/iwdev.se\/vatgas\/#\/schema\/person\/8cc2f1473867b95de7c82567e7e9e0d0"},"headline":"Invigning av Sveriges st\u00f6rsta anl\u00e4ggning f\u00f6r fossilfri v\u00e4tgas","datePublished":"2023-09-06T14:27:43+00:00","dateModified":"2023-09-06T14:27:46+00:00","mainEntityOfPage":{"@id":"https:\/\/iwdev.se\/vatgas\/2023\/09\/06\/invigning-av-sveriges-storsta-anlaggning-for-fossilfri-vatgas\/"},"wordCount":763,"publisher":{"@id":"https:\/\/iwdev.se\/vatgas\/#organization"},"image":{"@id":"https:\/\/iwdev.se\/vatgas\/2023\/09\/06\/invigning-av-sveriges-storsta-anlaggning-for-fossilfri-vatgas\/#primaryimage"},"thumbnailUrl":"https:\/\/iwdev.se\/vatgas\/wp-content\/uploads\/2023\/09\/Skarmavbild-2023-09-06-kl.-16.25.15.png","articleSection":["Nyheter"],"inLanguage":"sv-SE"},{"@type":"WebPage","@id":"https:\/\/iwdev.se\/vatgas\/2023\/09\/06\/invigning-av-sveriges-storsta-anlaggning-for-fossilfri-vatgas\/","url":"https:\/\/iwdev.se\/vatgas\/2023\/09\/06\/invigning-av-sveriges-storsta-anlaggning-for-fossilfri-vatgas\/","name":"Invigning av Sveriges st\u00f6rsta anl\u00e4ggning f\u00f6r fossilfri v\u00e4tgas - V\u00e4tgas Sverige","isPartOf":{"@id":"https:\/\/iwdev.se\/vatgas\/#website"},"primaryImageOfPage":{"@id":"https:\/\/iwdev.se\/vatgas\/2023\/09\/06\/invigning-av-sveriges-storsta-anlaggning-for-fossilfri-vatgas\/#primaryimage"},"image":{"@id":"https:\/\/iwdev.se\/vatgas\/2023\/09\/06\/invigning-av-sveriges-storsta-anlaggning-for-fossilfri-vatgas\/#primaryimage"},"thumbnailUrl":"https:\/\/iwdev.se\/vatgas\/wp-content\/uploads\/2023\/09\/Skarmavbild-2023-09-06-kl.-16.25.15.png","datePublished":"2023-09-06T14:27:43+00:00","dateModified":"2023-09-06T14:27:46+00:00","breadcrumb":{"@id":"https:\/\/iwdev.se\/vatgas\/2023\/09\/06\/invigning-av-sveriges-storsta-anlaggning-for-fossilfri-vatgas\/#breadcrumb"},"inLanguage":"sv-SE","potentialAction":[{"@type":"ReadAction","target":["https:\/\/iwdev.se\/vatgas\/2023\/09\/06\/invigning-av-sveriges-storsta-anlaggning-for-fossilfri-vatgas\/"]}]},{"@type":"ImageObject","inLanguage":"sv-SE","@id":"https:\/\/iwdev.se\/vatgas\/2023\/09\/06\/invigning-av-sveriges-storsta-anlaggning-for-fossilfri-vatgas\/#primaryimage","url":"https:\/\/iwdev.se\/vatgas\/wp-content\/uploads\/2023\/09\/Skarmavbild-2023-09-06-kl.-16.25.15.png","contentUrl":"https:\/\/iwdev.se\/vatgas\/wp-content\/uploads\/2023\/09\/Skarmavbild-2023-09-06-kl.-16.25.15.png","width":1668,"height":1150},{"@type":"BreadcrumbList","@id":"https:\/\/iwdev.se\/vatgas\/2023\/09\/06\/invigning-av-sveriges-storsta-anlaggning-for-fossilfri-vatgas\/#breadcrumb","itemListElement":[{"@type":"ListItem","position":1,"name":"Home","item":"https:\/\/iwdev.se\/vatgas\/"},{"@type":"ListItem","position":2,"name":"Invigning av Sveriges st\u00f6rsta anl\u00e4ggning f\u00f6r fossilfri v\u00e4tgas"}]},{"@type":"WebSite","@id":"https:\/\/iwdev.se\/vatgas\/#website","url":"https:\/\/iwdev.se\/vatgas\/","name":"V\u00e4tgas Sverige","description":"En ledande plattform f\u00f6r omst\u00e4llningen till fossilfrihet","publisher":{"@id":"https:\/\/iwdev.se\/vatgas\/#organization"},"potentialAction":[{"@type":"SearchAction","target":{"@type":"EntryPoint","urlTemplate":"https:\/\/iwdev.se\/vatgas\/?s={search_term_string}"},"query-input":{"@type":"PropertyValueSpecification","valueRequired":true,"valueName":"search_term_string"}}],"inLanguage":"sv-SE"},{"@type":"Organization","@id":"https:\/\/iwdev.se\/vatgas\/#organization","name":"V\u00e4tgas Sverige","url":"https:\/\/iwdev.se\/vatgas\/","logo":{"@type":"ImageObject","inLanguage":"sv-SE","@id":"https:\/\/iwdev.se\/vatgas\/#\/schema\/logo\/image\/","url":"https:\/\/iwdev.se\/vatgas\/wp-content\/uploads\/2022\/06\/LOGO.png","contentUrl":"https:\/\/iwdev.se\/vatgas\/wp-content\/uploads\/2022\/06\/LOGO.png","width":240,"height":147,"caption":"V\u00e4tgas Sverige"},"image":{"@id":"https:\/\/iwdev.se\/vatgas\/#\/schema\/logo\/image\/"}},{"@type":"Person","@id":"https:\/\/iwdev.se\/vatgas\/#\/schema\/person\/8cc2f1473867b95de7c82567e7e9e0d0","name":"Charlotte Blomberg","url":"https:\/\/iwdev.se\/vatgas\/author\/chablo\/"}]}},"_links":{"self":[{"href":"https:\/\/iwdev.se\/vatgas\/wp-json\/wp\/v2\/posts\/18961","targetHints":{"allow":["GET"]}}],"collection":[{"href":"https:\/\/iwdev.se\/vatgas\/wp-json\/wp\/v2\/posts"}],"about":[{"href":"https:\/\/iwdev.se\/vatgas\/wp-json\/wp\/v2\/types\/post"}],"author":[{"embeddable":true,"href":"https:\/\/iwdev.se\/vatgas\/wp-json\/wp\/v2\/users\/3"}],"replies":[{"embeddable":true,"href":"https:\/\/iwdev.se\/vatgas\/wp-json\/wp\/v2\/comments?post=18961"}],"version-history":[{"count":1,"href":"https:\/\/iwdev.se\/vatgas\/wp-json\/wp\/v2\/posts\/18961\/revisions"}],"predecessor-version":[{"id":18964,"href":"https:\/\/iwdev.se\/vatgas\/wp-json\/wp\/v2\/posts\/18961\/revisions\/18964"}],"wp:featuredmedia":[{"embeddable":true,"href":"https:\/\/iwdev.se\/vatgas\/wp-json\/wp\/v2\/media\/18962"}],"wp:attachment":[{"href":"https:\/\/iwdev.se\/vatgas\/wp-json\/wp\/v2\/media?parent=18961"}],"wp:term":[{"taxonomy":"category","embeddable":true,"href":"https:\/\/iwdev.se\/vatgas\/wp-json\/wp\/v2\/categories?post=18961"},{"taxonomy":"post_tag","embeddable":true,"href":"https:\/\/iwdev.se\/vatgas\/wp-json\/wp\/v2\/tags?post=18961"}],"curies":[{"name":"wp","href":"https:\/\/api.w.org\/{rel}","templated":true}]}}