{"id":19216,"date":"2023-10-11T07:11:15","date_gmt":"2023-10-11T07:11:15","guid":{"rendered":"https:\/\/vatgas.hemsida.eu\/?p=19216"},"modified":"2023-10-11T07:11:17","modified_gmt":"2023-10-11T07:11:17","slug":"osterrike-forsta-ikea-varuhuset-att-anvanda-vatgaslastbilar","status":"publish","type":"post","link":"https:\/\/iwdev.se\/vatgas\/2023\/10\/11\/osterrike-forsta-ikea-varuhuset-att-anvanda-vatgaslastbilar\/","title":{"rendered":"\u00d6sterrike f\u00f6rsta IKEA-varuhuset att anv\u00e4nda v\u00e4tgaslastbilar"},"content":{"rendered":"\n<p>De senaste tv\u00e5 \u00e5ren har IKEA anv\u00e4nt elbilar f\u00f6r transporter inom stadsomr\u00e5den. Nu ut\u00f6kar IKEA \u00d6sterrike sina utsl\u00e4ppsfria transporter med v\u00e4tgasdrivna fordon, och tar ytterligare ett steg mot att g\u00f6ra alla leveranser i hela \u00d6sterrike utsl\u00e4ppsfria till 2025.<\/p>\n\n\n\n<p>Utsl\u00e4ppen av v\u00e4xthusgaser l\u00e4ngs f\u00f6rs\u00f6rjningskedjorna \u00e4r ett problem med allvarlig klimatp\u00e5verkan. D\u00e4rf\u00f6r vidtar IKEA \u00d6sterrike ytterligare \u00e5tg\u00e4rder f\u00f6r att kunna utf\u00f6ra alla leveranser utsl\u00e4ppsfria till 2025.<\/p>\n\n\n\n<p>\u201dGenom att introducera v\u00e4tgasbilarna \u2013 som det f\u00f6rsta IKEA-varuhuset i v\u00e4rlden \u2013 har vi tagit ett stort steg f\u00f6r att implementera milj\u00f6v\u00e4nliga processer i \u00d6sterrike. Som en pionj\u00e4r inom omr\u00e5det f\u00f6r h\u00e5llbar logistik, vill vi visa att en omvandling till ett utsl\u00e4ppsfritt leveranssystem \u00e4r m\u00f6jlig redan idag\u201d, s\u00e4ger Alpaslan Deliloglu, VD och Chief Sustainability Officer p\u00e5 IKEA \u00d6sterrike.<\/p>\n\n\n\n<p>Medan IKEA \u00d6sterrike har f\u00f6rsett sina kunder i stadsomr\u00e5den med EV-lastbilar (Electric Vehicle) i tv\u00e5 \u00e5r, kommer introduktionen av v\u00e4tgasbilarna, som nu finns p\u00e5 \u00d6sterrikes v\u00e4gar, att ut\u00f6ka utbudet av utsl\u00e4ppsfria leveranser.<\/p>\n\n\n\n<p>&#8221;V\u00e5ra elbilar \u00e4r perfekta att k\u00f6ra rutter med flera h\u00e5llplatser i stadsomr\u00e5den. Eftersom vi ocks\u00e5 vill f\u00f6rse kunder i mer avl\u00e4gsna omr\u00e5den i \u00d6sterrike med nollutsl\u00e4pp, var vi tvungna att hitta en l\u00f6sning med fordon som ger l\u00e4ngre r\u00e4ckvidd: Det \u00e4r precis vad v\u00e4tebr\u00e4nslecellstekniken erbjuder. Och det utan att beh\u00f6va kompromissa med lastvikten\u201d, f\u00f6rklarar Melanie Eltzner, Customer Fulfillment Manager p\u00e5 IKEA \u00d6sterrike.<\/p>\n","protected":false},"excerpt":{"rendered":"<p>De senaste tv\u00e5 \u00e5ren har IKEA anv\u00e4nt elbilar f\u00f6r transporter inom stadsomr\u00e5den. Nu ut\u00f6kar IKEA \u00d6sterrike sina utsl\u00e4ppsfria transporter med v\u00e4tgasdrivna fordon, och tar ytterligare ett steg mot att g\u00f6ra alla leveranser i hela \u00d6sterrike utsl\u00e4ppsfria till 2025. Utsl\u00e4ppen av v\u00e4xthusgaser l\u00e4ngs f\u00f6rs\u00f6rjningskedjorna \u00e4r ett problem med allvarlig klimatp\u00e5verkan. D\u00e4rf\u00f6r vidtar IKEA \u00d6sterrike ytterligare \u00e5tg\u00e4rder <a class=\"moretag\" href=\"https:\/\/iwdev.se\/vatgas\/2023\/10\/11\/osterrike-forsta-ikea-varuhuset-att-anvanda-vatgaslastbilar\/\">[&#8230;]<\/a><\/p>\n","protected":false},"author":3,"featured_media":19217,"comment_status":"closed","ping_status":"closed","sticky":false,"template":"","format":"standard","meta":{"_acf_changed":false,"footnotes":""},"categories":[12],"tags":[96],"class_list":["post-19216","post","type-post","status-publish","format-standard","has-post-thumbnail","hentry","category-nyheter","tag-transport"],"acf":[],"yoast_head":"<!-- This site is optimized with the Yoast SEO Premium plugin v26.4 (Yoast SEO v27.4) - https:\/\/yoast.com\/product\/yoast-seo-premium-wordpress\/ -->\n<title>\u00d6sterrike f\u00f6rsta IKEA-varuhuset att anv\u00e4nda v\u00e4tgaslastbilar - V\u00e4tgas Sverige<\/title>\n<meta name=\"robots\" content=\"noindex, follow, max-snippet:-1, max-image-preview:large, max-video-preview:-1\" \/>\n<meta property=\"og:locale\" content=\"sv_SE\" \/>\n<meta property=\"og:type\" content=\"article\" \/>\n<meta property=\"og:title\" content=\"\u00d6sterrike f\u00f6rsta IKEA-varuhuset att anv\u00e4nda v\u00e4tgaslastbilar\" \/>\n<meta property=\"og:description\" content=\"De senaste tv\u00e5 \u00e5ren har IKEA anv\u00e4nt elbilar f\u00f6r transporter inom stadsomr\u00e5den. Nu ut\u00f6kar IKEA \u00d6sterrike sina utsl\u00e4ppsfria transporter med v\u00e4tgasdrivna fordon, och tar ytterligare ett steg mot att g\u00f6ra alla leveranser i hela \u00d6sterrike utsl\u00e4ppsfria till 2025. Utsl\u00e4ppen av v\u00e4xthusgaser l\u00e4ngs f\u00f6rs\u00f6rjningskedjorna \u00e4r ett problem med allvarlig klimatp\u00e5verkan. D\u00e4rf\u00f6r vidtar IKEA \u00d6sterrike ytterligare \u00e5tg\u00e4rder [...]\" \/>\n<meta property=\"og:url\" content=\"https:\/\/iwdev.se\/vatgas\/2023\/10\/11\/osterrike-forsta-ikea-varuhuset-att-anvanda-vatgaslastbilar\/\" \/>\n<meta property=\"og:site_name\" content=\"V\u00e4tgas Sverige\" \/>\n<meta property=\"article:published_time\" content=\"2023-10-11T07:11:15+00:00\" \/>\n<meta property=\"article:modified_time\" content=\"2023-10-11T07:11:17+00:00\" \/>\n<meta property=\"og:image\" content=\"https:\/\/iwdev.se\/vatgas\/wp-content\/uploads\/2023\/10\/Bilder-till-hemsidan.png\" \/>\n\t<meta property=\"og:image:width\" content=\"600\" \/>\n\t<meta property=\"og:image:height\" content=\"450\" \/>\n\t<meta property=\"og:image:type\" content=\"image\/png\" \/>\n<meta name=\"author\" content=\"Charlotte Blomberg\" \/>\n<meta name=\"twitter:card\" content=\"summary_large_image\" \/>\n<meta name=\"twitter:label1\" content=\"Skriven av\" \/>\n\t<meta name=\"twitter:data1\" content=\"Charlotte Blomberg\" \/>\n\t<meta name=\"twitter:label2\" content=\"Ber\u00e4knad l\u00e4stid\" \/>\n\t<meta name=\"twitter:data2\" content=\"2 minuter\" \/>\n<script type=\"application\/ld+json\" class=\"yoast-schema-graph\">{\"@context\":\"https:\\\/\\\/schema.org\",\"@graph\":[{\"@type\":\"Article\",\"@id\":\"https:\\\/\\\/iwdev.se\\\/vatgas\\\/2023\\\/10\\\/11\\\/osterrike-forsta-ikea-varuhuset-att-anvanda-vatgaslastbilar\\\/#article\",\"isPartOf\":{\"@id\":\"https:\\\/\\\/iwdev.se\\\/vatgas\\\/2023\\\/10\\\/11\\\/osterrike-forsta-ikea-varuhuset-att-anvanda-vatgaslastbilar\\\/\"},\"author\":{\"name\":\"Charlotte Blomberg\",\"@id\":\"https:\\\/\\\/iwdev.se\\\/vatgas\\\/#\\\/schema\\\/person\\\/8cc2f1473867b95de7c82567e7e9e0d0\"},\"headline\":\"\u00d6sterrike f\u00f6rsta IKEA-varuhuset att anv\u00e4nda v\u00e4tgaslastbilar\",\"datePublished\":\"2023-10-11T07:11:15+00:00\",\"dateModified\":\"2023-10-11T07:11:17+00:00\",\"mainEntityOfPage\":{\"@id\":\"https:\\\/\\\/iwdev.se\\\/vatgas\\\/2023\\\/10\\\/11\\\/osterrike-forsta-ikea-varuhuset-att-anvanda-vatgaslastbilar\\\/\"},\"wordCount\":275,\"publisher\":{\"@id\":\"https:\\\/\\\/iwdev.se\\\/vatgas\\\/#organization\"},\"image\":{\"@id\":\"https:\\\/\\\/iwdev.se\\\/vatgas\\\/2023\\\/10\\\/11\\\/osterrike-forsta-ikea-varuhuset-att-anvanda-vatgaslastbilar\\\/#primaryimage\"},\"thumbnailUrl\":\"https:\\\/\\\/iwdev.se\\\/vatgas\\\/wp-content\\\/uploads\\\/2023\\\/10\\\/Bilder-till-hemsidan.png\",\"keywords\":[\"Transport\"],\"articleSection\":[\"Nyheter\"],\"inLanguage\":\"sv-SE\"},{\"@type\":\"WebPage\",\"@id\":\"https:\\\/\\\/iwdev.se\\\/vatgas\\\/2023\\\/10\\\/11\\\/osterrike-forsta-ikea-varuhuset-att-anvanda-vatgaslastbilar\\\/\",\"url\":\"https:\\\/\\\/iwdev.se\\\/vatgas\\\/2023\\\/10\\\/11\\\/osterrike-forsta-ikea-varuhuset-att-anvanda-vatgaslastbilar\\\/\",\"name\":\"\u00d6sterrike f\u00f6rsta IKEA-varuhuset att anv\u00e4nda v\u00e4tgaslastbilar - V\u00e4tgas Sverige\",\"isPartOf\":{\"@id\":\"https:\\\/\\\/iwdev.se\\\/vatgas\\\/#website\"},\"primaryImageOfPage\":{\"@id\":\"https:\\\/\\\/iwdev.se\\\/vatgas\\\/2023\\\/10\\\/11\\\/osterrike-forsta-ikea-varuhuset-att-anvanda-vatgaslastbilar\\\/#primaryimage\"},\"image\":{\"@id\":\"https:\\\/\\\/iwdev.se\\\/vatgas\\\/2023\\\/10\\\/11\\\/osterrike-forsta-ikea-varuhuset-att-anvanda-vatgaslastbilar\\\/#primaryimage\"},\"thumbnailUrl\":\"https:\\\/\\\/iwdev.se\\\/vatgas\\\/wp-content\\\/uploads\\\/2023\\\/10\\\/Bilder-till-hemsidan.png\",\"datePublished\":\"2023-10-11T07:11:15+00:00\",\"dateModified\":\"2023-10-11T07:11:17+00:00\",\"breadcrumb\":{\"@id\":\"https:\\\/\\\/iwdev.se\\\/vatgas\\\/2023\\\/10\\\/11\\\/osterrike-forsta-ikea-varuhuset-att-anvanda-vatgaslastbilar\\\/#breadcrumb\"},\"inLanguage\":\"sv-SE\",\"potentialAction\":[{\"@type\":\"ReadAction\",\"target\":[\"https:\\\/\\\/iwdev.se\\\/vatgas\\\/2023\\\/10\\\/11\\\/osterrike-forsta-ikea-varuhuset-att-anvanda-vatgaslastbilar\\\/\"]}]},{\"@type\":\"ImageObject\",\"inLanguage\":\"sv-SE\",\"@id\":\"https:\\\/\\\/iwdev.se\\\/vatgas\\\/2023\\\/10\\\/11\\\/osterrike-forsta-ikea-varuhuset-att-anvanda-vatgaslastbilar\\\/#primaryimage\",\"url\":\"https:\\\/\\\/iwdev.se\\\/vatgas\\\/wp-content\\\/uploads\\\/2023\\\/10\\\/Bilder-till-hemsidan.png\",\"contentUrl\":\"https:\\\/\\\/iwdev.se\\\/vatgas\\\/wp-content\\\/uploads\\\/2023\\\/10\\\/Bilder-till-hemsidan.png\",\"width\":600,\"height\":450},{\"@type\":\"BreadcrumbList\",\"@id\":\"https:\\\/\\\/iwdev.se\\\/vatgas\\\/2023\\\/10\\\/11\\\/osterrike-forsta-ikea-varuhuset-att-anvanda-vatgaslastbilar\\\/#breadcrumb\",\"itemListElement\":[{\"@type\":\"ListItem\",\"position\":1,\"name\":\"Home\",\"item\":\"https:\\\/\\\/iwdev.se\\\/vatgas\\\/\"},{\"@type\":\"ListItem\",\"position\":2,\"name\":\"\u00d6sterrike f\u00f6rsta IKEA-varuhuset att anv\u00e4nda v\u00e4tgaslastbilar\"}]},{\"@type\":\"WebSite\",\"@id\":\"https:\\\/\\\/iwdev.se\\\/vatgas\\\/#website\",\"url\":\"https:\\\/\\\/iwdev.se\\\/vatgas\\\/\",\"name\":\"V\u00e4tgas Sverige\",\"description\":\"En ledande plattform f\u00f6r omst\u00e4llningen till fossilfrihet\",\"publisher\":{\"@id\":\"https:\\\/\\\/iwdev.se\\\/vatgas\\\/#organization\"},\"potentialAction\":[{\"@type\":\"SearchAction\",\"target\":{\"@type\":\"EntryPoint\",\"urlTemplate\":\"https:\\\/\\\/iwdev.se\\\/vatgas\\\/?s={search_term_string}\"},\"query-input\":{\"@type\":\"PropertyValueSpecification\",\"valueRequired\":true,\"valueName\":\"search_term_string\"}}],\"inLanguage\":\"sv-SE\"},{\"@type\":\"Organization\",\"@id\":\"https:\\\/\\\/iwdev.se\\\/vatgas\\\/#organization\",\"name\":\"V\u00e4tgas Sverige\",\"url\":\"https:\\\/\\\/iwdev.se\\\/vatgas\\\/\",\"logo\":{\"@type\":\"ImageObject\",\"inLanguage\":\"sv-SE\",\"@id\":\"https:\\\/\\\/iwdev.se\\\/vatgas\\\/#\\\/schema\\\/logo\\\/image\\\/\",\"url\":\"https:\\\/\\\/iwdev.se\\\/vatgas\\\/wp-content\\\/uploads\\\/2022\\\/06\\\/LOGO.png\",\"contentUrl\":\"https:\\\/\\\/iwdev.se\\\/vatgas\\\/wp-content\\\/uploads\\\/2022\\\/06\\\/LOGO.png\",\"width\":240,\"height\":147,\"caption\":\"V\u00e4tgas Sverige\"},\"image\":{\"@id\":\"https:\\\/\\\/iwdev.se\\\/vatgas\\\/#\\\/schema\\\/logo\\\/image\\\/\"}},{\"@type\":\"Person\",\"@id\":\"https:\\\/\\\/iwdev.se\\\/vatgas\\\/#\\\/schema\\\/person\\\/8cc2f1473867b95de7c82567e7e9e0d0\",\"name\":\"Charlotte Blomberg\",\"url\":\"https:\\\/\\\/iwdev.se\\\/vatgas\\\/author\\\/chablo\\\/\"}]}<\/script>\n<!-- \/ Yoast SEO Premium plugin. -->","yoast_head_json":{"title":"\u00d6sterrike f\u00f6rsta IKEA-varuhuset att anv\u00e4nda v\u00e4tgaslastbilar - V\u00e4tgas Sverige","robots":{"index":"noindex","follow":"follow","max-snippet":"max-snippet:-1","max-image-preview":"max-image-preview:large","max-video-preview":"max-video-preview:-1"},"og_locale":"sv_SE","og_type":"article","og_title":"\u00d6sterrike f\u00f6rsta IKEA-varuhuset att anv\u00e4nda v\u00e4tgaslastbilar","og_description":"De senaste tv\u00e5 \u00e5ren har IKEA anv\u00e4nt elbilar f\u00f6r transporter inom stadsomr\u00e5den. Nu ut\u00f6kar IKEA \u00d6sterrike sina utsl\u00e4ppsfria transporter med v\u00e4tgasdrivna fordon, och tar ytterligare ett steg mot att g\u00f6ra alla leveranser i hela \u00d6sterrike utsl\u00e4ppsfria till 2025. Utsl\u00e4ppen av v\u00e4xthusgaser l\u00e4ngs f\u00f6rs\u00f6rjningskedjorna \u00e4r ett problem med allvarlig klimatp\u00e5verkan. D\u00e4rf\u00f6r vidtar IKEA \u00d6sterrike ytterligare \u00e5tg\u00e4rder [...]","og_url":"https:\/\/iwdev.se\/vatgas\/2023\/10\/11\/osterrike-forsta-ikea-varuhuset-att-anvanda-vatgaslastbilar\/","og_site_name":"V\u00e4tgas Sverige","article_published_time":"2023-10-11T07:11:15+00:00","article_modified_time":"2023-10-11T07:11:17+00:00","og_image":[{"width":600,"height":450,"url":"https:\/\/iwdev.se\/vatgas\/wp-content\/uploads\/2023\/10\/Bilder-till-hemsidan.png","type":"image\/png"}],"author":"Charlotte Blomberg","twitter_card":"summary_large_image","twitter_misc":{"Skriven av":"Charlotte Blomberg","Ber\u00e4knad l\u00e4stid":"2 minuter"},"schema":{"@context":"https:\/\/schema.org","@graph":[{"@type":"Article","@id":"https:\/\/iwdev.se\/vatgas\/2023\/10\/11\/osterrike-forsta-ikea-varuhuset-att-anvanda-vatgaslastbilar\/#article","isPartOf":{"@id":"https:\/\/iwdev.se\/vatgas\/2023\/10\/11\/osterrike-forsta-ikea-varuhuset-att-anvanda-vatgaslastbilar\/"},"author":{"name":"Charlotte Blomberg","@id":"https:\/\/iwdev.se\/vatgas\/#\/schema\/person\/8cc2f1473867b95de7c82567e7e9e0d0"},"headline":"\u00d6sterrike f\u00f6rsta IKEA-varuhuset att anv\u00e4nda v\u00e4tgaslastbilar","datePublished":"2023-10-11T07:11:15+00:00","dateModified":"2023-10-11T07:11:17+00:00","mainEntityOfPage":{"@id":"https:\/\/iwdev.se\/vatgas\/2023\/10\/11\/osterrike-forsta-ikea-varuhuset-att-anvanda-vatgaslastbilar\/"},"wordCount":275,"publisher":{"@id":"https:\/\/iwdev.se\/vatgas\/#organization"},"image":{"@id":"https:\/\/iwdev.se\/vatgas\/2023\/10\/11\/osterrike-forsta-ikea-varuhuset-att-anvanda-vatgaslastbilar\/#primaryimage"},"thumbnailUrl":"https:\/\/iwdev.se\/vatgas\/wp-content\/uploads\/2023\/10\/Bilder-till-hemsidan.png","keywords":["Transport"],"articleSection":["Nyheter"],"inLanguage":"sv-SE"},{"@type":"WebPage","@id":"https:\/\/iwdev.se\/vatgas\/2023\/10\/11\/osterrike-forsta-ikea-varuhuset-att-anvanda-vatgaslastbilar\/","url":"https:\/\/iwdev.se\/vatgas\/2023\/10\/11\/osterrike-forsta-ikea-varuhuset-att-anvanda-vatgaslastbilar\/","name":"\u00d6sterrike f\u00f6rsta IKEA-varuhuset att anv\u00e4nda v\u00e4tgaslastbilar - V\u00e4tgas Sverige","isPartOf":{"@id":"https:\/\/iwdev.se\/vatgas\/#website"},"primaryImageOfPage":{"@id":"https:\/\/iwdev.se\/vatgas\/2023\/10\/11\/osterrike-forsta-ikea-varuhuset-att-anvanda-vatgaslastbilar\/#primaryimage"},"image":{"@id":"https:\/\/iwdev.se\/vatgas\/2023\/10\/11\/osterrike-forsta-ikea-varuhuset-att-anvanda-vatgaslastbilar\/#primaryimage"},"thumbnailUrl":"https:\/\/iwdev.se\/vatgas\/wp-content\/uploads\/2023\/10\/Bilder-till-hemsidan.png","datePublished":"2023-10-11T07:11:15+00:00","dateModified":"2023-10-11T07:11:17+00:00","breadcrumb":{"@id":"https:\/\/iwdev.se\/vatgas\/2023\/10\/11\/osterrike-forsta-ikea-varuhuset-att-anvanda-vatgaslastbilar\/#breadcrumb"},"inLanguage":"sv-SE","potentialAction":[{"@type":"ReadAction","target":["https:\/\/iwdev.se\/vatgas\/2023\/10\/11\/osterrike-forsta-ikea-varuhuset-att-anvanda-vatgaslastbilar\/"]}]},{"@type":"ImageObject","inLanguage":"sv-SE","@id":"https:\/\/iwdev.se\/vatgas\/2023\/10\/11\/osterrike-forsta-ikea-varuhuset-att-anvanda-vatgaslastbilar\/#primaryimage","url":"https:\/\/iwdev.se\/vatgas\/wp-content\/uploads\/2023\/10\/Bilder-till-hemsidan.png","contentUrl":"https:\/\/iwdev.se\/vatgas\/wp-content\/uploads\/2023\/10\/Bilder-till-hemsidan.png","width":600,"height":450},{"@type":"BreadcrumbList","@id":"https:\/\/iwdev.se\/vatgas\/2023\/10\/11\/osterrike-forsta-ikea-varuhuset-att-anvanda-vatgaslastbilar\/#breadcrumb","itemListElement":[{"@type":"ListItem","position":1,"name":"Home","item":"https:\/\/iwdev.se\/vatgas\/"},{"@type":"ListItem","position":2,"name":"\u00d6sterrike f\u00f6rsta IKEA-varuhuset att anv\u00e4nda v\u00e4tgaslastbilar"}]},{"@type":"WebSite","@id":"https:\/\/iwdev.se\/vatgas\/#website","url":"https:\/\/iwdev.se\/vatgas\/","name":"V\u00e4tgas Sverige","description":"En ledande plattform f\u00f6r omst\u00e4llningen till fossilfrihet","publisher":{"@id":"https:\/\/iwdev.se\/vatgas\/#organization"},"potentialAction":[{"@type":"SearchAction","target":{"@type":"EntryPoint","urlTemplate":"https:\/\/iwdev.se\/vatgas\/?s={search_term_string}"},"query-input":{"@type":"PropertyValueSpecification","valueRequired":true,"valueName":"search_term_string"}}],"inLanguage":"sv-SE"},{"@type":"Organization","@id":"https:\/\/iwdev.se\/vatgas\/#organization","name":"V\u00e4tgas Sverige","url":"https:\/\/iwdev.se\/vatgas\/","logo":{"@type":"ImageObject","inLanguage":"sv-SE","@id":"https:\/\/iwdev.se\/vatgas\/#\/schema\/logo\/image\/","url":"https:\/\/iwdev.se\/vatgas\/wp-content\/uploads\/2022\/06\/LOGO.png","contentUrl":"https:\/\/iwdev.se\/vatgas\/wp-content\/uploads\/2022\/06\/LOGO.png","width":240,"height":147,"caption":"V\u00e4tgas Sverige"},"image":{"@id":"https:\/\/iwdev.se\/vatgas\/#\/schema\/logo\/image\/"}},{"@type":"Person","@id":"https:\/\/iwdev.se\/vatgas\/#\/schema\/person\/8cc2f1473867b95de7c82567e7e9e0d0","name":"Charlotte Blomberg","url":"https:\/\/iwdev.se\/vatgas\/author\/chablo\/"}]}},"_links":{"self":[{"href":"https:\/\/iwdev.se\/vatgas\/wp-json\/wp\/v2\/posts\/19216","targetHints":{"allow":["GET"]}}],"collection":[{"href":"https:\/\/iwdev.se\/vatgas\/wp-json\/wp\/v2\/posts"}],"about":[{"href":"https:\/\/iwdev.se\/vatgas\/wp-json\/wp\/v2\/types\/post"}],"author":[{"embeddable":true,"href":"https:\/\/iwdev.se\/vatgas\/wp-json\/wp\/v2\/users\/3"}],"replies":[{"embeddable":true,"href":"https:\/\/iwdev.se\/vatgas\/wp-json\/wp\/v2\/comments?post=19216"}],"version-history":[{"count":1,"href":"https:\/\/iwdev.se\/vatgas\/wp-json\/wp\/v2\/posts\/19216\/revisions"}],"predecessor-version":[{"id":19219,"href":"https:\/\/iwdev.se\/vatgas\/wp-json\/wp\/v2\/posts\/19216\/revisions\/19219"}],"wp:featuredmedia":[{"embeddable":true,"href":"https:\/\/iwdev.se\/vatgas\/wp-json\/wp\/v2\/media\/19217"}],"wp:attachment":[{"href":"https:\/\/iwdev.se\/vatgas\/wp-json\/wp\/v2\/media?parent=19216"}],"wp:term":[{"taxonomy":"category","embeddable":true,"href":"https:\/\/iwdev.se\/vatgas\/wp-json\/wp\/v2\/categories?post=19216"},{"taxonomy":"post_tag","embeddable":true,"href":"https:\/\/iwdev.se\/vatgas\/wp-json\/wp\/v2\/tags?post=19216"}],"curies":[{"name":"wp","href":"https:\/\/api.w.org\/{rel}","templated":true}]}}