{"id":19224,"date":"2023-10-11T09:23:51","date_gmt":"2023-10-11T09:23:51","guid":{"rendered":"https:\/\/vatgas.hemsida.eu\/?p=19224"},"modified":"2023-10-11T09:23:53","modified_gmt":"2023-10-11T09:23:53","slug":"trenden-pekar-mot-vatgasdrivna-branslecellsbussar","status":"publish","type":"post","link":"https:\/\/iwdev.se\/vatgas\/2023\/10\/11\/trenden-pekar-mot-vatgasdrivna-branslecellsbussar\/","title":{"rendered":"Trenden pekar mot v\u00e4tgasdrivna br\u00e4nslecellsbussar"},"content":{"rendered":"\n<p>Bussbranschen genomg\u00e5r en f\u00f6r\u00e4ndring och det m\u00e4rks inte minst p\u00e5 v\u00e4rldens st\u00f6rsta bussm\u00e4ssa\u2013 Bussworld i Bryssel. En rad busstillverkare visar sina v\u00e4tgasdrivna br\u00e4nslecellsbussar, b\u00e5de f\u00f6r kollektivtrafik och l\u00e5ngv\u00e4ga resor.<\/p>\n\n\n\n<p>Bland de europeiska busstillverkarna \u00e4r Solaris st\u00f6rst n\u00e4r det g\u00e4ller br\u00e4nslecellsbussar. P\u00e5 f\u00f6retagets presskonferens p\u00e5 fredagen avsl\u00f6jade Solaris\u00b4 vd Javier Iriarte att Solaris nu har levererat eller har order p\u00e5 n\u00e4rmare 600 br\u00e4nslecellsbussar. P\u00e5 m\u00e4ssan visar Solaris bland annat sin ledbuss Urbino 18 Hydrogen. \u00c4ven hos kinesiska tillverkare tar br\u00e4nslecellsbussarna plats.<\/p>\n","protected":false},"excerpt":{"rendered":"<p>Bussbranschen genomg\u00e5r en f\u00f6r\u00e4ndring och det m\u00e4rks inte minst p\u00e5 v\u00e4rldens st\u00f6rsta bussm\u00e4ssa\u2013 Bussworld i Bryssel. En rad busstillverkare visar sina v\u00e4tgasdrivna br\u00e4nslecellsbussar, b\u00e5de f\u00f6r kollektivtrafik och l\u00e5ngv\u00e4ga resor. Bland de europeiska busstillverkarna \u00e4r Solaris st\u00f6rst n\u00e4r det g\u00e4ller br\u00e4nslecellsbussar. P\u00e5 f\u00f6retagets presskonferens p\u00e5 fredagen avsl\u00f6jade Solaris\u00b4 vd Javier Iriarte att Solaris nu har levererat <a class=\"moretag\" href=\"https:\/\/iwdev.se\/vatgas\/2023\/10\/11\/trenden-pekar-mot-vatgasdrivna-branslecellsbussar\/\">[&#8230;]<\/a><\/p>\n","protected":false},"author":3,"featured_media":19225,"comment_status":"closed","ping_status":"closed","sticky":false,"template":"","format":"standard","meta":{"_acf_changed":false,"footnotes":""},"categories":[12],"tags":[],"class_list":["post-19224","post","type-post","status-publish","format-standard","has-post-thumbnail","hentry","category-nyheter"],"acf":[],"yoast_head":"<!-- This site is optimized with the Yoast SEO Premium plugin v26.4 (Yoast SEO v27.4) - https:\/\/yoast.com\/product\/yoast-seo-premium-wordpress\/ -->\n<title>Trenden pekar mot v\u00e4tgasdrivna br\u00e4nslecellsbussar - V\u00e4tgas Sverige<\/title>\n<meta name=\"robots\" content=\"noindex, follow, max-snippet:-1, max-image-preview:large, max-video-preview:-1\" \/>\n<meta property=\"og:locale\" content=\"sv_SE\" \/>\n<meta property=\"og:type\" content=\"article\" \/>\n<meta property=\"og:title\" content=\"Trenden pekar mot v\u00e4tgasdrivna br\u00e4nslecellsbussar\" \/>\n<meta property=\"og:description\" content=\"Bussbranschen genomg\u00e5r en f\u00f6r\u00e4ndring och det m\u00e4rks inte minst p\u00e5 v\u00e4rldens st\u00f6rsta bussm\u00e4ssa\u2013 Bussworld i Bryssel. En rad busstillverkare visar sina v\u00e4tgasdrivna br\u00e4nslecellsbussar, b\u00e5de f\u00f6r kollektivtrafik och l\u00e5ngv\u00e4ga resor. Bland de europeiska busstillverkarna \u00e4r Solaris st\u00f6rst n\u00e4r det g\u00e4ller br\u00e4nslecellsbussar. P\u00e5 f\u00f6retagets presskonferens p\u00e5 fredagen avsl\u00f6jade Solaris\u00b4 vd Javier Iriarte att Solaris nu har levererat [...]\" \/>\n<meta property=\"og:url\" content=\"https:\/\/iwdev.se\/vatgas\/2023\/10\/11\/trenden-pekar-mot-vatgasdrivna-branslecellsbussar\/\" \/>\n<meta property=\"og:site_name\" content=\"V\u00e4tgas Sverige\" \/>\n<meta property=\"article:published_time\" content=\"2023-10-11T09:23:51+00:00\" \/>\n<meta property=\"article:modified_time\" content=\"2023-10-11T09:23:53+00:00\" \/>\n<meta property=\"og:image\" content=\"https:\/\/iwdev.se\/vatgas\/wp-content\/uploads\/2023\/10\/Vatgasbuss.png\" \/>\n\t<meta property=\"og:image:width\" content=\"500\" \/>\n\t<meta property=\"og:image:height\" content=\"375\" \/>\n\t<meta property=\"og:image:type\" content=\"image\/png\" \/>\n<meta name=\"author\" content=\"Charlotte Blomberg\" \/>\n<meta name=\"twitter:card\" content=\"summary_large_image\" \/>\n<meta name=\"twitter:label1\" content=\"Skriven av\" \/>\n\t<meta name=\"twitter:data1\" content=\"Charlotte Blomberg\" \/>\n\t<meta name=\"twitter:label2\" content=\"Ber\u00e4knad l\u00e4stid\" \/>\n\t<meta name=\"twitter:data2\" content=\"1 minut\" \/>\n<script type=\"application\/ld+json\" class=\"yoast-schema-graph\">{\"@context\":\"https:\\\/\\\/schema.org\",\"@graph\":[{\"@type\":\"Article\",\"@id\":\"https:\\\/\\\/iwdev.se\\\/vatgas\\\/2023\\\/10\\\/11\\\/trenden-pekar-mot-vatgasdrivna-branslecellsbussar\\\/#article\",\"isPartOf\":{\"@id\":\"https:\\\/\\\/iwdev.se\\\/vatgas\\\/2023\\\/10\\\/11\\\/trenden-pekar-mot-vatgasdrivna-branslecellsbussar\\\/\"},\"author\":{\"name\":\"Charlotte Blomberg\",\"@id\":\"https:\\\/\\\/iwdev.se\\\/vatgas\\\/#\\\/schema\\\/person\\\/8cc2f1473867b95de7c82567e7e9e0d0\"},\"headline\":\"Trenden pekar mot v\u00e4tgasdrivna br\u00e4nslecellsbussar\",\"datePublished\":\"2023-10-11T09:23:51+00:00\",\"dateModified\":\"2023-10-11T09:23:53+00:00\",\"mainEntityOfPage\":{\"@id\":\"https:\\\/\\\/iwdev.se\\\/vatgas\\\/2023\\\/10\\\/11\\\/trenden-pekar-mot-vatgasdrivna-branslecellsbussar\\\/\"},\"wordCount\":108,\"publisher\":{\"@id\":\"https:\\\/\\\/iwdev.se\\\/vatgas\\\/#organization\"},\"image\":{\"@id\":\"https:\\\/\\\/iwdev.se\\\/vatgas\\\/2023\\\/10\\\/11\\\/trenden-pekar-mot-vatgasdrivna-branslecellsbussar\\\/#primaryimage\"},\"thumbnailUrl\":\"https:\\\/\\\/iwdev.se\\\/vatgas\\\/wp-content\\\/uploads\\\/2023\\\/10\\\/Vatgasbuss.png\",\"articleSection\":[\"Nyheter\"],\"inLanguage\":\"sv-SE\"},{\"@type\":\"WebPage\",\"@id\":\"https:\\\/\\\/iwdev.se\\\/vatgas\\\/2023\\\/10\\\/11\\\/trenden-pekar-mot-vatgasdrivna-branslecellsbussar\\\/\",\"url\":\"https:\\\/\\\/iwdev.se\\\/vatgas\\\/2023\\\/10\\\/11\\\/trenden-pekar-mot-vatgasdrivna-branslecellsbussar\\\/\",\"name\":\"Trenden pekar mot v\u00e4tgasdrivna br\u00e4nslecellsbussar - V\u00e4tgas Sverige\",\"isPartOf\":{\"@id\":\"https:\\\/\\\/iwdev.se\\\/vatgas\\\/#website\"},\"primaryImageOfPage\":{\"@id\":\"https:\\\/\\\/iwdev.se\\\/vatgas\\\/2023\\\/10\\\/11\\\/trenden-pekar-mot-vatgasdrivna-branslecellsbussar\\\/#primaryimage\"},\"image\":{\"@id\":\"https:\\\/\\\/iwdev.se\\\/vatgas\\\/2023\\\/10\\\/11\\\/trenden-pekar-mot-vatgasdrivna-branslecellsbussar\\\/#primaryimage\"},\"thumbnailUrl\":\"https:\\\/\\\/iwdev.se\\\/vatgas\\\/wp-content\\\/uploads\\\/2023\\\/10\\\/Vatgasbuss.png\",\"datePublished\":\"2023-10-11T09:23:51+00:00\",\"dateModified\":\"2023-10-11T09:23:53+00:00\",\"breadcrumb\":{\"@id\":\"https:\\\/\\\/iwdev.se\\\/vatgas\\\/2023\\\/10\\\/11\\\/trenden-pekar-mot-vatgasdrivna-branslecellsbussar\\\/#breadcrumb\"},\"inLanguage\":\"sv-SE\",\"potentialAction\":[{\"@type\":\"ReadAction\",\"target\":[\"https:\\\/\\\/iwdev.se\\\/vatgas\\\/2023\\\/10\\\/11\\\/trenden-pekar-mot-vatgasdrivna-branslecellsbussar\\\/\"]}]},{\"@type\":\"ImageObject\",\"inLanguage\":\"sv-SE\",\"@id\":\"https:\\\/\\\/iwdev.se\\\/vatgas\\\/2023\\\/10\\\/11\\\/trenden-pekar-mot-vatgasdrivna-branslecellsbussar\\\/#primaryimage\",\"url\":\"https:\\\/\\\/iwdev.se\\\/vatgas\\\/wp-content\\\/uploads\\\/2023\\\/10\\\/Vatgasbuss.png\",\"contentUrl\":\"https:\\\/\\\/iwdev.se\\\/vatgas\\\/wp-content\\\/uploads\\\/2023\\\/10\\\/Vatgasbuss.png\",\"width\":500,\"height\":375},{\"@type\":\"BreadcrumbList\",\"@id\":\"https:\\\/\\\/iwdev.se\\\/vatgas\\\/2023\\\/10\\\/11\\\/trenden-pekar-mot-vatgasdrivna-branslecellsbussar\\\/#breadcrumb\",\"itemListElement\":[{\"@type\":\"ListItem\",\"position\":1,\"name\":\"Home\",\"item\":\"https:\\\/\\\/iwdev.se\\\/vatgas\\\/\"},{\"@type\":\"ListItem\",\"position\":2,\"name\":\"Trenden pekar mot v\u00e4tgasdrivna br\u00e4nslecellsbussar\"}]},{\"@type\":\"WebSite\",\"@id\":\"https:\\\/\\\/iwdev.se\\\/vatgas\\\/#website\",\"url\":\"https:\\\/\\\/iwdev.se\\\/vatgas\\\/\",\"name\":\"V\u00e4tgas Sverige\",\"description\":\"En ledande plattform f\u00f6r omst\u00e4llningen till fossilfrihet\",\"publisher\":{\"@id\":\"https:\\\/\\\/iwdev.se\\\/vatgas\\\/#organization\"},\"potentialAction\":[{\"@type\":\"SearchAction\",\"target\":{\"@type\":\"EntryPoint\",\"urlTemplate\":\"https:\\\/\\\/iwdev.se\\\/vatgas\\\/?s={search_term_string}\"},\"query-input\":{\"@type\":\"PropertyValueSpecification\",\"valueRequired\":true,\"valueName\":\"search_term_string\"}}],\"inLanguage\":\"sv-SE\"},{\"@type\":\"Organization\",\"@id\":\"https:\\\/\\\/iwdev.se\\\/vatgas\\\/#organization\",\"name\":\"V\u00e4tgas Sverige\",\"url\":\"https:\\\/\\\/iwdev.se\\\/vatgas\\\/\",\"logo\":{\"@type\":\"ImageObject\",\"inLanguage\":\"sv-SE\",\"@id\":\"https:\\\/\\\/iwdev.se\\\/vatgas\\\/#\\\/schema\\\/logo\\\/image\\\/\",\"url\":\"https:\\\/\\\/iwdev.se\\\/vatgas\\\/wp-content\\\/uploads\\\/2022\\\/06\\\/LOGO.png\",\"contentUrl\":\"https:\\\/\\\/iwdev.se\\\/vatgas\\\/wp-content\\\/uploads\\\/2022\\\/06\\\/LOGO.png\",\"width\":240,\"height\":147,\"caption\":\"V\u00e4tgas Sverige\"},\"image\":{\"@id\":\"https:\\\/\\\/iwdev.se\\\/vatgas\\\/#\\\/schema\\\/logo\\\/image\\\/\"}},{\"@type\":\"Person\",\"@id\":\"https:\\\/\\\/iwdev.se\\\/vatgas\\\/#\\\/schema\\\/person\\\/8cc2f1473867b95de7c82567e7e9e0d0\",\"name\":\"Charlotte Blomberg\",\"url\":\"https:\\\/\\\/iwdev.se\\\/vatgas\\\/author\\\/chablo\\\/\"}]}<\/script>\n<!-- \/ Yoast SEO Premium plugin. -->","yoast_head_json":{"title":"Trenden pekar mot v\u00e4tgasdrivna br\u00e4nslecellsbussar - V\u00e4tgas Sverige","robots":{"index":"noindex","follow":"follow","max-snippet":"max-snippet:-1","max-image-preview":"max-image-preview:large","max-video-preview":"max-video-preview:-1"},"og_locale":"sv_SE","og_type":"article","og_title":"Trenden pekar mot v\u00e4tgasdrivna br\u00e4nslecellsbussar","og_description":"Bussbranschen genomg\u00e5r en f\u00f6r\u00e4ndring och det m\u00e4rks inte minst p\u00e5 v\u00e4rldens st\u00f6rsta bussm\u00e4ssa\u2013 Bussworld i Bryssel. En rad busstillverkare visar sina v\u00e4tgasdrivna br\u00e4nslecellsbussar, b\u00e5de f\u00f6r kollektivtrafik och l\u00e5ngv\u00e4ga resor. Bland de europeiska busstillverkarna \u00e4r Solaris st\u00f6rst n\u00e4r det g\u00e4ller br\u00e4nslecellsbussar. P\u00e5 f\u00f6retagets presskonferens p\u00e5 fredagen avsl\u00f6jade Solaris\u00b4 vd Javier Iriarte att Solaris nu har levererat [...]","og_url":"https:\/\/iwdev.se\/vatgas\/2023\/10\/11\/trenden-pekar-mot-vatgasdrivna-branslecellsbussar\/","og_site_name":"V\u00e4tgas Sverige","article_published_time":"2023-10-11T09:23:51+00:00","article_modified_time":"2023-10-11T09:23:53+00:00","og_image":[{"width":500,"height":375,"url":"https:\/\/iwdev.se\/vatgas\/wp-content\/uploads\/2023\/10\/Vatgasbuss.png","type":"image\/png"}],"author":"Charlotte Blomberg","twitter_card":"summary_large_image","twitter_misc":{"Skriven av":"Charlotte Blomberg","Ber\u00e4knad l\u00e4stid":"1 minut"},"schema":{"@context":"https:\/\/schema.org","@graph":[{"@type":"Article","@id":"https:\/\/iwdev.se\/vatgas\/2023\/10\/11\/trenden-pekar-mot-vatgasdrivna-branslecellsbussar\/#article","isPartOf":{"@id":"https:\/\/iwdev.se\/vatgas\/2023\/10\/11\/trenden-pekar-mot-vatgasdrivna-branslecellsbussar\/"},"author":{"name":"Charlotte Blomberg","@id":"https:\/\/iwdev.se\/vatgas\/#\/schema\/person\/8cc2f1473867b95de7c82567e7e9e0d0"},"headline":"Trenden pekar mot v\u00e4tgasdrivna br\u00e4nslecellsbussar","datePublished":"2023-10-11T09:23:51+00:00","dateModified":"2023-10-11T09:23:53+00:00","mainEntityOfPage":{"@id":"https:\/\/iwdev.se\/vatgas\/2023\/10\/11\/trenden-pekar-mot-vatgasdrivna-branslecellsbussar\/"},"wordCount":108,"publisher":{"@id":"https:\/\/iwdev.se\/vatgas\/#organization"},"image":{"@id":"https:\/\/iwdev.se\/vatgas\/2023\/10\/11\/trenden-pekar-mot-vatgasdrivna-branslecellsbussar\/#primaryimage"},"thumbnailUrl":"https:\/\/iwdev.se\/vatgas\/wp-content\/uploads\/2023\/10\/Vatgasbuss.png","articleSection":["Nyheter"],"inLanguage":"sv-SE"},{"@type":"WebPage","@id":"https:\/\/iwdev.se\/vatgas\/2023\/10\/11\/trenden-pekar-mot-vatgasdrivna-branslecellsbussar\/","url":"https:\/\/iwdev.se\/vatgas\/2023\/10\/11\/trenden-pekar-mot-vatgasdrivna-branslecellsbussar\/","name":"Trenden pekar mot v\u00e4tgasdrivna br\u00e4nslecellsbussar - V\u00e4tgas Sverige","isPartOf":{"@id":"https:\/\/iwdev.se\/vatgas\/#website"},"primaryImageOfPage":{"@id":"https:\/\/iwdev.se\/vatgas\/2023\/10\/11\/trenden-pekar-mot-vatgasdrivna-branslecellsbussar\/#primaryimage"},"image":{"@id":"https:\/\/iwdev.se\/vatgas\/2023\/10\/11\/trenden-pekar-mot-vatgasdrivna-branslecellsbussar\/#primaryimage"},"thumbnailUrl":"https:\/\/iwdev.se\/vatgas\/wp-content\/uploads\/2023\/10\/Vatgasbuss.png","datePublished":"2023-10-11T09:23:51+00:00","dateModified":"2023-10-11T09:23:53+00:00","breadcrumb":{"@id":"https:\/\/iwdev.se\/vatgas\/2023\/10\/11\/trenden-pekar-mot-vatgasdrivna-branslecellsbussar\/#breadcrumb"},"inLanguage":"sv-SE","potentialAction":[{"@type":"ReadAction","target":["https:\/\/iwdev.se\/vatgas\/2023\/10\/11\/trenden-pekar-mot-vatgasdrivna-branslecellsbussar\/"]}]},{"@type":"ImageObject","inLanguage":"sv-SE","@id":"https:\/\/iwdev.se\/vatgas\/2023\/10\/11\/trenden-pekar-mot-vatgasdrivna-branslecellsbussar\/#primaryimage","url":"https:\/\/iwdev.se\/vatgas\/wp-content\/uploads\/2023\/10\/Vatgasbuss.png","contentUrl":"https:\/\/iwdev.se\/vatgas\/wp-content\/uploads\/2023\/10\/Vatgasbuss.png","width":500,"height":375},{"@type":"BreadcrumbList","@id":"https:\/\/iwdev.se\/vatgas\/2023\/10\/11\/trenden-pekar-mot-vatgasdrivna-branslecellsbussar\/#breadcrumb","itemListElement":[{"@type":"ListItem","position":1,"name":"Home","item":"https:\/\/iwdev.se\/vatgas\/"},{"@type":"ListItem","position":2,"name":"Trenden pekar mot v\u00e4tgasdrivna br\u00e4nslecellsbussar"}]},{"@type":"WebSite","@id":"https:\/\/iwdev.se\/vatgas\/#website","url":"https:\/\/iwdev.se\/vatgas\/","name":"V\u00e4tgas Sverige","description":"En ledande plattform f\u00f6r omst\u00e4llningen till fossilfrihet","publisher":{"@id":"https:\/\/iwdev.se\/vatgas\/#organization"},"potentialAction":[{"@type":"SearchAction","target":{"@type":"EntryPoint","urlTemplate":"https:\/\/iwdev.se\/vatgas\/?s={search_term_string}"},"query-input":{"@type":"PropertyValueSpecification","valueRequired":true,"valueName":"search_term_string"}}],"inLanguage":"sv-SE"},{"@type":"Organization","@id":"https:\/\/iwdev.se\/vatgas\/#organization","name":"V\u00e4tgas Sverige","url":"https:\/\/iwdev.se\/vatgas\/","logo":{"@type":"ImageObject","inLanguage":"sv-SE","@id":"https:\/\/iwdev.se\/vatgas\/#\/schema\/logo\/image\/","url":"https:\/\/iwdev.se\/vatgas\/wp-content\/uploads\/2022\/06\/LOGO.png","contentUrl":"https:\/\/iwdev.se\/vatgas\/wp-content\/uploads\/2022\/06\/LOGO.png","width":240,"height":147,"caption":"V\u00e4tgas Sverige"},"image":{"@id":"https:\/\/iwdev.se\/vatgas\/#\/schema\/logo\/image\/"}},{"@type":"Person","@id":"https:\/\/iwdev.se\/vatgas\/#\/schema\/person\/8cc2f1473867b95de7c82567e7e9e0d0","name":"Charlotte Blomberg","url":"https:\/\/iwdev.se\/vatgas\/author\/chablo\/"}]}},"_links":{"self":[{"href":"https:\/\/iwdev.se\/vatgas\/wp-json\/wp\/v2\/posts\/19224","targetHints":{"allow":["GET"]}}],"collection":[{"href":"https:\/\/iwdev.se\/vatgas\/wp-json\/wp\/v2\/posts"}],"about":[{"href":"https:\/\/iwdev.se\/vatgas\/wp-json\/wp\/v2\/types\/post"}],"author":[{"embeddable":true,"href":"https:\/\/iwdev.se\/vatgas\/wp-json\/wp\/v2\/users\/3"}],"replies":[{"embeddable":true,"href":"https:\/\/iwdev.se\/vatgas\/wp-json\/wp\/v2\/comments?post=19224"}],"version-history":[{"count":1,"href":"https:\/\/iwdev.se\/vatgas\/wp-json\/wp\/v2\/posts\/19224\/revisions"}],"predecessor-version":[{"id":19227,"href":"https:\/\/iwdev.se\/vatgas\/wp-json\/wp\/v2\/posts\/19224\/revisions\/19227"}],"wp:featuredmedia":[{"embeddable":true,"href":"https:\/\/iwdev.se\/vatgas\/wp-json\/wp\/v2\/media\/19225"}],"wp:attachment":[{"href":"https:\/\/iwdev.se\/vatgas\/wp-json\/wp\/v2\/media?parent=19224"}],"wp:term":[{"taxonomy":"category","embeddable":true,"href":"https:\/\/iwdev.se\/vatgas\/wp-json\/wp\/v2\/categories?post=19224"},{"taxonomy":"post_tag","embeddable":true,"href":"https:\/\/iwdev.se\/vatgas\/wp-json\/wp\/v2\/tags?post=19224"}],"curies":[{"name":"wp","href":"https:\/\/api.w.org\/{rel}","templated":true}]}}