{"id":19749,"date":"2024-01-29T08:15:00","date_gmt":"2024-01-29T08:15:00","guid":{"rendered":"https:\/\/vatgas.hemsida.eu\/?p=19749"},"modified":"2024-02-13T15:45:53","modified_gmt":"2024-02-13T15:45:53","slug":"volvos-nya-lastbil-som-ska-vanda-viktiga-marknaden","status":"publish","type":"post","link":"https:\/\/iwdev.se\/vatgas\/2024\/01\/29\/volvos-nya-lastbil-som-ska-vanda-viktiga-marknaden\/","title":{"rendered":"Volvos nya lastbil som ska v\u00e4nda viktiga marknaden"},"content":{"rendered":"\n<p>AB Volvo har investerat mer \u00e4n 4 miljarder kronor och byggt en ny hyttfabrik i USA. Nu har fordonsj\u00e4tten presenterat resultatet: en ny str\u00f6mlinjeformad lastbil som ska ge 10 procent b\u00e4ttre br\u00e4nsleekonomi och ers\u00e4tta en snart sju \u00e5r gammal modell. Modellen blir plattform f\u00f6r all framtida teknik med batterielektriska, br\u00e4nslecells- och f\u00f6rbr\u00e4nningsmotorer inklusive v\u00e4tgas.<\/p>\n\n\n\n<p>Det nya fordonet, som \u00e4r av modellen VNL, \u00e4r fr\u00e4mst avsett f\u00f6r fj\u00e4rrtrafik och har inneburit investeringar p\u00e5 mer \u00e4n 400 miljoner dollar, skrev lastbilstidningen&nbsp;<a href=\"https:\/\/www.tidningenproffs.se\/nyhet\/2024\/01\/ny-volvo-lastbilsmodell-i-usa\/\">Proffs<\/a>&nbsp;dagen efter lanseringen. \u2022&nbsp;VNL st\u00e5r f\u00f6r \u201dVolvo Normal Long\u201d, d\u00e4r normal betyder bil med huv framf\u00f6r hytten, p\u00e5 amerikanska \u201dconventional\u201d. \u201dL\u201d kan \u00e4ven betyda longhaul, som betyder fj\u00e4rrbil.<\/p>\n\n\n\n<p>\u201dVi \u00e4r \u00f6vertygade om att den h\u00e4r nya plattformen \u00e4r en s\u00e5 kallad gamechanger med klassledande br\u00e4nsleeffektivitet f\u00f6r h\u00f6gre produktivitet och minskade koldioxidutsl\u00e4pp\u201d, skriver vd Martin Lundstedt i AB Volvos senaste bokslutsrapport.<\/p>\n\n\n\n<p><strong>Modellen ers\u00e4tter<\/strong>&nbsp;en fr\u00e5n 2017, och har tagit sex \u00e5r att utveckla. Bland satsningarna finns en ny hyttfabrik i staden Dublin, Virginia.<\/p>\n\n\n\n<p><a href=\"https:\/\/www.volvotrucks.us\/our-difference\/fuel-efficiency\/\">L\u00e4s mer om Volvos modell VNL.<\/a><\/p>\n\n\n\n<p>Foto@Volvo Trucks USA<\/p>\n","protected":false},"excerpt":{"rendered":"<p>AB Volvo har investerat mer \u00e4n 4 miljarder kronor och byggt en ny hyttfabrik i USA. Nu har fordonsj\u00e4tten presenterat resultatet: en ny str\u00f6mlinjeformad lastbil som ska ge 10 procent b\u00e4ttre br\u00e4nsleekonomi och ers\u00e4tta en snart sju \u00e5r gammal modell. Modellen blir plattform f\u00f6r all framtida teknik med batterielektriska, br\u00e4nslecells- och f\u00f6rbr\u00e4nningsmotorer inklusive v\u00e4tgas. Det <a class=\"moretag\" href=\"https:\/\/iwdev.se\/vatgas\/2024\/01\/29\/volvos-nya-lastbil-som-ska-vanda-viktiga-marknaden\/\">[&#8230;]<\/a><\/p>\n","protected":false},"author":3,"featured_media":19752,"comment_status":"closed","ping_status":"closed","sticky":false,"template":"","format":"standard","meta":{"_acf_changed":false,"footnotes":""},"categories":[12],"tags":[],"class_list":["post-19749","post","type-post","status-publish","format-standard","has-post-thumbnail","hentry","category-nyheter"],"acf":[],"yoast_head":"<!-- This site is optimized with the Yoast SEO Premium plugin v26.4 (Yoast SEO v27.4) - https:\/\/yoast.com\/product\/yoast-seo-premium-wordpress\/ -->\n<title>Volvos nya lastbil som ska v\u00e4nda viktiga marknaden - V\u00e4tgas Sverige<\/title>\n<meta name=\"robots\" content=\"noindex, follow, max-snippet:-1, max-image-preview:large, max-video-preview:-1\" \/>\n<meta property=\"og:locale\" content=\"sv_SE\" \/>\n<meta property=\"og:type\" content=\"article\" \/>\n<meta property=\"og:title\" content=\"Volvos nya lastbil som ska v\u00e4nda viktiga marknaden\" \/>\n<meta property=\"og:description\" content=\"AB Volvo har investerat mer \u00e4n 4 miljarder kronor och byggt en ny hyttfabrik i USA. Nu har fordonsj\u00e4tten presenterat resultatet: en ny str\u00f6mlinjeformad lastbil som ska ge 10 procent b\u00e4ttre br\u00e4nsleekonomi och ers\u00e4tta en snart sju \u00e5r gammal modell. Modellen blir plattform f\u00f6r all framtida teknik med batterielektriska, br\u00e4nslecells- och f\u00f6rbr\u00e4nningsmotorer inklusive v\u00e4tgas. Det [...]\" \/>\n<meta property=\"og:url\" content=\"https:\/\/iwdev.se\/vatgas\/2024\/01\/29\/volvos-nya-lastbil-som-ska-vanda-viktiga-marknaden\/\" \/>\n<meta property=\"og:site_name\" content=\"V\u00e4tgas Sverige\" \/>\n<meta property=\"article:published_time\" content=\"2024-01-29T08:15:00+00:00\" \/>\n<meta property=\"article:modified_time\" content=\"2024-02-13T15:45:53+00:00\" \/>\n<meta property=\"og:image\" content=\"https:\/\/iwdev.se\/vatgas\/wp-content\/uploads\/2024\/02\/volvo.png\" \/>\n\t<meta property=\"og:image:width\" content=\"600\" \/>\n\t<meta property=\"og:image:height\" content=\"450\" \/>\n\t<meta property=\"og:image:type\" content=\"image\/png\" \/>\n<meta name=\"author\" content=\"Charlotte Blomberg\" \/>\n<meta name=\"twitter:card\" content=\"summary_large_image\" \/>\n<meta name=\"twitter:label1\" content=\"Skriven av\" \/>\n\t<meta name=\"twitter:data1\" content=\"Charlotte Blomberg\" \/>\n\t<meta name=\"twitter:label2\" content=\"Ber\u00e4knad l\u00e4stid\" \/>\n\t<meta name=\"twitter:data2\" content=\"2 minuter\" \/>\n<script type=\"application\/ld+json\" class=\"yoast-schema-graph\">{\"@context\":\"https:\\\/\\\/schema.org\",\"@graph\":[{\"@type\":\"Article\",\"@id\":\"https:\\\/\\\/iwdev.se\\\/vatgas\\\/2024\\\/01\\\/29\\\/volvos-nya-lastbil-som-ska-vanda-viktiga-marknaden\\\/#article\",\"isPartOf\":{\"@id\":\"https:\\\/\\\/iwdev.se\\\/vatgas\\\/2024\\\/01\\\/29\\\/volvos-nya-lastbil-som-ska-vanda-viktiga-marknaden\\\/\"},\"author\":{\"name\":\"Charlotte Blomberg\",\"@id\":\"https:\\\/\\\/iwdev.se\\\/vatgas\\\/#\\\/schema\\\/person\\\/8cc2f1473867b95de7c82567e7e9e0d0\"},\"headline\":\"Volvos nya lastbil som ska v\u00e4nda viktiga marknaden\",\"datePublished\":\"2024-01-29T08:15:00+00:00\",\"dateModified\":\"2024-02-13T15:45:53+00:00\",\"mainEntityOfPage\":{\"@id\":\"https:\\\/\\\/iwdev.se\\\/vatgas\\\/2024\\\/01\\\/29\\\/volvos-nya-lastbil-som-ska-vanda-viktiga-marknaden\\\/\"},\"wordCount\":207,\"publisher\":{\"@id\":\"https:\\\/\\\/iwdev.se\\\/vatgas\\\/#organization\"},\"image\":{\"@id\":\"https:\\\/\\\/iwdev.se\\\/vatgas\\\/2024\\\/01\\\/29\\\/volvos-nya-lastbil-som-ska-vanda-viktiga-marknaden\\\/#primaryimage\"},\"thumbnailUrl\":\"https:\\\/\\\/iwdev.se\\\/vatgas\\\/wp-content\\\/uploads\\\/2024\\\/02\\\/volvo.png\",\"articleSection\":[\"Nyheter\"],\"inLanguage\":\"sv-SE\"},{\"@type\":\"WebPage\",\"@id\":\"https:\\\/\\\/iwdev.se\\\/vatgas\\\/2024\\\/01\\\/29\\\/volvos-nya-lastbil-som-ska-vanda-viktiga-marknaden\\\/\",\"url\":\"https:\\\/\\\/iwdev.se\\\/vatgas\\\/2024\\\/01\\\/29\\\/volvos-nya-lastbil-som-ska-vanda-viktiga-marknaden\\\/\",\"name\":\"Volvos nya lastbil som ska v\u00e4nda viktiga marknaden - V\u00e4tgas Sverige\",\"isPartOf\":{\"@id\":\"https:\\\/\\\/iwdev.se\\\/vatgas\\\/#website\"},\"primaryImageOfPage\":{\"@id\":\"https:\\\/\\\/iwdev.se\\\/vatgas\\\/2024\\\/01\\\/29\\\/volvos-nya-lastbil-som-ska-vanda-viktiga-marknaden\\\/#primaryimage\"},\"image\":{\"@id\":\"https:\\\/\\\/iwdev.se\\\/vatgas\\\/2024\\\/01\\\/29\\\/volvos-nya-lastbil-som-ska-vanda-viktiga-marknaden\\\/#primaryimage\"},\"thumbnailUrl\":\"https:\\\/\\\/iwdev.se\\\/vatgas\\\/wp-content\\\/uploads\\\/2024\\\/02\\\/volvo.png\",\"datePublished\":\"2024-01-29T08:15:00+00:00\",\"dateModified\":\"2024-02-13T15:45:53+00:00\",\"breadcrumb\":{\"@id\":\"https:\\\/\\\/iwdev.se\\\/vatgas\\\/2024\\\/01\\\/29\\\/volvos-nya-lastbil-som-ska-vanda-viktiga-marknaden\\\/#breadcrumb\"},\"inLanguage\":\"sv-SE\",\"potentialAction\":[{\"@type\":\"ReadAction\",\"target\":[\"https:\\\/\\\/iwdev.se\\\/vatgas\\\/2024\\\/01\\\/29\\\/volvos-nya-lastbil-som-ska-vanda-viktiga-marknaden\\\/\"]}]},{\"@type\":\"ImageObject\",\"inLanguage\":\"sv-SE\",\"@id\":\"https:\\\/\\\/iwdev.se\\\/vatgas\\\/2024\\\/01\\\/29\\\/volvos-nya-lastbil-som-ska-vanda-viktiga-marknaden\\\/#primaryimage\",\"url\":\"https:\\\/\\\/iwdev.se\\\/vatgas\\\/wp-content\\\/uploads\\\/2024\\\/02\\\/volvo.png\",\"contentUrl\":\"https:\\\/\\\/iwdev.se\\\/vatgas\\\/wp-content\\\/uploads\\\/2024\\\/02\\\/volvo.png\",\"width\":600,\"height\":450},{\"@type\":\"BreadcrumbList\",\"@id\":\"https:\\\/\\\/iwdev.se\\\/vatgas\\\/2024\\\/01\\\/29\\\/volvos-nya-lastbil-som-ska-vanda-viktiga-marknaden\\\/#breadcrumb\",\"itemListElement\":[{\"@type\":\"ListItem\",\"position\":1,\"name\":\"Home\",\"item\":\"https:\\\/\\\/iwdev.se\\\/vatgas\\\/\"},{\"@type\":\"ListItem\",\"position\":2,\"name\":\"Volvos nya lastbil som ska v\u00e4nda viktiga marknaden\"}]},{\"@type\":\"WebSite\",\"@id\":\"https:\\\/\\\/iwdev.se\\\/vatgas\\\/#website\",\"url\":\"https:\\\/\\\/iwdev.se\\\/vatgas\\\/\",\"name\":\"V\u00e4tgas Sverige\",\"description\":\"En ledande plattform f\u00f6r omst\u00e4llningen till fossilfrihet\",\"publisher\":{\"@id\":\"https:\\\/\\\/iwdev.se\\\/vatgas\\\/#organization\"},\"potentialAction\":[{\"@type\":\"SearchAction\",\"target\":{\"@type\":\"EntryPoint\",\"urlTemplate\":\"https:\\\/\\\/iwdev.se\\\/vatgas\\\/?s={search_term_string}\"},\"query-input\":{\"@type\":\"PropertyValueSpecification\",\"valueRequired\":true,\"valueName\":\"search_term_string\"}}],\"inLanguage\":\"sv-SE\"},{\"@type\":\"Organization\",\"@id\":\"https:\\\/\\\/iwdev.se\\\/vatgas\\\/#organization\",\"name\":\"V\u00e4tgas Sverige\",\"url\":\"https:\\\/\\\/iwdev.se\\\/vatgas\\\/\",\"logo\":{\"@type\":\"ImageObject\",\"inLanguage\":\"sv-SE\",\"@id\":\"https:\\\/\\\/iwdev.se\\\/vatgas\\\/#\\\/schema\\\/logo\\\/image\\\/\",\"url\":\"https:\\\/\\\/iwdev.se\\\/vatgas\\\/wp-content\\\/uploads\\\/2022\\\/06\\\/LOGO.png\",\"contentUrl\":\"https:\\\/\\\/iwdev.se\\\/vatgas\\\/wp-content\\\/uploads\\\/2022\\\/06\\\/LOGO.png\",\"width\":240,\"height\":147,\"caption\":\"V\u00e4tgas Sverige\"},\"image\":{\"@id\":\"https:\\\/\\\/iwdev.se\\\/vatgas\\\/#\\\/schema\\\/logo\\\/image\\\/\"}},{\"@type\":\"Person\",\"@id\":\"https:\\\/\\\/iwdev.se\\\/vatgas\\\/#\\\/schema\\\/person\\\/8cc2f1473867b95de7c82567e7e9e0d0\",\"name\":\"Charlotte Blomberg\",\"url\":\"https:\\\/\\\/iwdev.se\\\/vatgas\\\/author\\\/chablo\\\/\"}]}<\/script>\n<!-- \/ Yoast SEO Premium plugin. -->","yoast_head_json":{"title":"Volvos nya lastbil som ska v\u00e4nda viktiga marknaden - V\u00e4tgas Sverige","robots":{"index":"noindex","follow":"follow","max-snippet":"max-snippet:-1","max-image-preview":"max-image-preview:large","max-video-preview":"max-video-preview:-1"},"og_locale":"sv_SE","og_type":"article","og_title":"Volvos nya lastbil som ska v\u00e4nda viktiga marknaden","og_description":"AB Volvo har investerat mer \u00e4n 4 miljarder kronor och byggt en ny hyttfabrik i USA. Nu har fordonsj\u00e4tten presenterat resultatet: en ny str\u00f6mlinjeformad lastbil som ska ge 10 procent b\u00e4ttre br\u00e4nsleekonomi och ers\u00e4tta en snart sju \u00e5r gammal modell. Modellen blir plattform f\u00f6r all framtida teknik med batterielektriska, br\u00e4nslecells- och f\u00f6rbr\u00e4nningsmotorer inklusive v\u00e4tgas. Det [...]","og_url":"https:\/\/iwdev.se\/vatgas\/2024\/01\/29\/volvos-nya-lastbil-som-ska-vanda-viktiga-marknaden\/","og_site_name":"V\u00e4tgas Sverige","article_published_time":"2024-01-29T08:15:00+00:00","article_modified_time":"2024-02-13T15:45:53+00:00","og_image":[{"width":600,"height":450,"url":"https:\/\/iwdev.se\/vatgas\/wp-content\/uploads\/2024\/02\/volvo.png","type":"image\/png"}],"author":"Charlotte Blomberg","twitter_card":"summary_large_image","twitter_misc":{"Skriven av":"Charlotte Blomberg","Ber\u00e4knad l\u00e4stid":"2 minuter"},"schema":{"@context":"https:\/\/schema.org","@graph":[{"@type":"Article","@id":"https:\/\/iwdev.se\/vatgas\/2024\/01\/29\/volvos-nya-lastbil-som-ska-vanda-viktiga-marknaden\/#article","isPartOf":{"@id":"https:\/\/iwdev.se\/vatgas\/2024\/01\/29\/volvos-nya-lastbil-som-ska-vanda-viktiga-marknaden\/"},"author":{"name":"Charlotte Blomberg","@id":"https:\/\/iwdev.se\/vatgas\/#\/schema\/person\/8cc2f1473867b95de7c82567e7e9e0d0"},"headline":"Volvos nya lastbil som ska v\u00e4nda viktiga marknaden","datePublished":"2024-01-29T08:15:00+00:00","dateModified":"2024-02-13T15:45:53+00:00","mainEntityOfPage":{"@id":"https:\/\/iwdev.se\/vatgas\/2024\/01\/29\/volvos-nya-lastbil-som-ska-vanda-viktiga-marknaden\/"},"wordCount":207,"publisher":{"@id":"https:\/\/iwdev.se\/vatgas\/#organization"},"image":{"@id":"https:\/\/iwdev.se\/vatgas\/2024\/01\/29\/volvos-nya-lastbil-som-ska-vanda-viktiga-marknaden\/#primaryimage"},"thumbnailUrl":"https:\/\/iwdev.se\/vatgas\/wp-content\/uploads\/2024\/02\/volvo.png","articleSection":["Nyheter"],"inLanguage":"sv-SE"},{"@type":"WebPage","@id":"https:\/\/iwdev.se\/vatgas\/2024\/01\/29\/volvos-nya-lastbil-som-ska-vanda-viktiga-marknaden\/","url":"https:\/\/iwdev.se\/vatgas\/2024\/01\/29\/volvos-nya-lastbil-som-ska-vanda-viktiga-marknaden\/","name":"Volvos nya lastbil som ska v\u00e4nda viktiga marknaden - V\u00e4tgas Sverige","isPartOf":{"@id":"https:\/\/iwdev.se\/vatgas\/#website"},"primaryImageOfPage":{"@id":"https:\/\/iwdev.se\/vatgas\/2024\/01\/29\/volvos-nya-lastbil-som-ska-vanda-viktiga-marknaden\/#primaryimage"},"image":{"@id":"https:\/\/iwdev.se\/vatgas\/2024\/01\/29\/volvos-nya-lastbil-som-ska-vanda-viktiga-marknaden\/#primaryimage"},"thumbnailUrl":"https:\/\/iwdev.se\/vatgas\/wp-content\/uploads\/2024\/02\/volvo.png","datePublished":"2024-01-29T08:15:00+00:00","dateModified":"2024-02-13T15:45:53+00:00","breadcrumb":{"@id":"https:\/\/iwdev.se\/vatgas\/2024\/01\/29\/volvos-nya-lastbil-som-ska-vanda-viktiga-marknaden\/#breadcrumb"},"inLanguage":"sv-SE","potentialAction":[{"@type":"ReadAction","target":["https:\/\/iwdev.se\/vatgas\/2024\/01\/29\/volvos-nya-lastbil-som-ska-vanda-viktiga-marknaden\/"]}]},{"@type":"ImageObject","inLanguage":"sv-SE","@id":"https:\/\/iwdev.se\/vatgas\/2024\/01\/29\/volvos-nya-lastbil-som-ska-vanda-viktiga-marknaden\/#primaryimage","url":"https:\/\/iwdev.se\/vatgas\/wp-content\/uploads\/2024\/02\/volvo.png","contentUrl":"https:\/\/iwdev.se\/vatgas\/wp-content\/uploads\/2024\/02\/volvo.png","width":600,"height":450},{"@type":"BreadcrumbList","@id":"https:\/\/iwdev.se\/vatgas\/2024\/01\/29\/volvos-nya-lastbil-som-ska-vanda-viktiga-marknaden\/#breadcrumb","itemListElement":[{"@type":"ListItem","position":1,"name":"Home","item":"https:\/\/iwdev.se\/vatgas\/"},{"@type":"ListItem","position":2,"name":"Volvos nya lastbil som ska v\u00e4nda viktiga marknaden"}]},{"@type":"WebSite","@id":"https:\/\/iwdev.se\/vatgas\/#website","url":"https:\/\/iwdev.se\/vatgas\/","name":"V\u00e4tgas Sverige","description":"En ledande plattform f\u00f6r omst\u00e4llningen till fossilfrihet","publisher":{"@id":"https:\/\/iwdev.se\/vatgas\/#organization"},"potentialAction":[{"@type":"SearchAction","target":{"@type":"EntryPoint","urlTemplate":"https:\/\/iwdev.se\/vatgas\/?s={search_term_string}"},"query-input":{"@type":"PropertyValueSpecification","valueRequired":true,"valueName":"search_term_string"}}],"inLanguage":"sv-SE"},{"@type":"Organization","@id":"https:\/\/iwdev.se\/vatgas\/#organization","name":"V\u00e4tgas Sverige","url":"https:\/\/iwdev.se\/vatgas\/","logo":{"@type":"ImageObject","inLanguage":"sv-SE","@id":"https:\/\/iwdev.se\/vatgas\/#\/schema\/logo\/image\/","url":"https:\/\/iwdev.se\/vatgas\/wp-content\/uploads\/2022\/06\/LOGO.png","contentUrl":"https:\/\/iwdev.se\/vatgas\/wp-content\/uploads\/2022\/06\/LOGO.png","width":240,"height":147,"caption":"V\u00e4tgas Sverige"},"image":{"@id":"https:\/\/iwdev.se\/vatgas\/#\/schema\/logo\/image\/"}},{"@type":"Person","@id":"https:\/\/iwdev.se\/vatgas\/#\/schema\/person\/8cc2f1473867b95de7c82567e7e9e0d0","name":"Charlotte Blomberg","url":"https:\/\/iwdev.se\/vatgas\/author\/chablo\/"}]}},"_links":{"self":[{"href":"https:\/\/iwdev.se\/vatgas\/wp-json\/wp\/v2\/posts\/19749","targetHints":{"allow":["GET"]}}],"collection":[{"href":"https:\/\/iwdev.se\/vatgas\/wp-json\/wp\/v2\/posts"}],"about":[{"href":"https:\/\/iwdev.se\/vatgas\/wp-json\/wp\/v2\/types\/post"}],"author":[{"embeddable":true,"href":"https:\/\/iwdev.se\/vatgas\/wp-json\/wp\/v2\/users\/3"}],"replies":[{"embeddable":true,"href":"https:\/\/iwdev.se\/vatgas\/wp-json\/wp\/v2\/comments?post=19749"}],"version-history":[{"count":2,"href":"https:\/\/iwdev.se\/vatgas\/wp-json\/wp\/v2\/posts\/19749\/revisions"}],"predecessor-version":[{"id":19809,"href":"https:\/\/iwdev.se\/vatgas\/wp-json\/wp\/v2\/posts\/19749\/revisions\/19809"}],"wp:featuredmedia":[{"embeddable":true,"href":"https:\/\/iwdev.se\/vatgas\/wp-json\/wp\/v2\/media\/19752"}],"wp:attachment":[{"href":"https:\/\/iwdev.se\/vatgas\/wp-json\/wp\/v2\/media?parent=19749"}],"wp:term":[{"taxonomy":"category","embeddable":true,"href":"https:\/\/iwdev.se\/vatgas\/wp-json\/wp\/v2\/categories?post=19749"},{"taxonomy":"post_tag","embeddable":true,"href":"https:\/\/iwdev.se\/vatgas\/wp-json\/wp\/v2\/tags?post=19749"}],"curies":[{"name":"wp","href":"https:\/\/api.w.org\/{rel}","templated":true}]}}