{"id":19913,"date":"2024-03-07T11:35:15","date_gmt":"2024-03-07T11:35:15","guid":{"rendered":"https:\/\/vatgas.hemsida.eu\/?p=19913"},"modified":"2024-03-07T11:35:18","modified_gmt":"2024-03-07T11:35:18","slug":"vi-vill-hora-dina-tankar-om-en-jamstalld-energibransch","status":"publish","type":"post","link":"https:\/\/iwdev.se\/vatgas\/2024\/03\/07\/vi-vill-hora-dina-tankar-om-en-jamstalld-energibransch\/","title":{"rendered":"Vi vill h\u00f6ra dina tankar om en j\u00e4mst\u00e4lld energibransch"},"content":{"rendered":"\n<p>Vi p\u00e5 V\u00e4tgas Sverige, str\u00e4var st\u00e4ndigt efter att fr\u00e4mja j\u00e4mst\u00e4lldheten inom v\u00e5r framv\u00e4xande v\u00e4tgasbransch. Detta \u00e4mne lyftes \u00e4ven vid den senaste <a href=\"https:\/\/women-in-green-hydrogen.net\/\">Women in Green Hydrogen \u2013 Sweden (WiGH)<\/a>-tr\u00e4ffen i Stockholm i januari i \u00e5r.<\/p>\n\n\n\n<p>Vi \u00e4r nu angel\u00e4gna om att samla tankar och id\u00e9er f\u00f6r att b\u00e4ttre f\u00f6rst\u00e5 b\u00e5de de utmaningar och m\u00f6jligheter som finns inom j\u00e4mst\u00e4lldhetsfr\u00e5gan i v\u00e5r bransch. Genom att delta i denna dialog har ni m\u00f6jlighet att vara en nyckelspelare i utvecklingen av en projektans\u00f6kan till J\u00e4mst\u00e4lldhetsmyndighetens kommande utlysning.<\/p>\n\n\n\n<p>D\u00e4r avser vi att adressera viktiga delm\u00e5l s\u00e5som makt och inflytande samt ekonomisk j\u00e4mst\u00e4lldhet. Vi hoppas att ni vill vara en del av denna ans\u00f6kan och framtida projekt.<br>V\u00e5r nya kollega,\u00a0<a href=\"https:\/\/www.linkedin.com\/in\/ACoAAAAw-XEBpa0H8TZXNoPRbwtiSsZlSpKUJTk\">Anna Grzelec PhD<\/a>, som bl.a. har omfattande forskningserfarenhet inom \u00e4mnet &#8221;Gender and Technology&#8221;, kommer att spela en central roll i att forma och driva detta projekt fram\u00e5t.<\/p>\n\n\n\n<p>Vi ser fram emot att h\u00f6ra era tankar och perspektiv f\u00f6r att tillsammans skapa en stark grund f\u00f6r v\u00e5rt arbete mot en mer j\u00e4mst\u00e4lld och inkluderande energibransch. Er input kommer att vara avg\u00f6rande f\u00f6r att forma v\u00e5rt gemensamma projekt och adressera de centrala fr\u00e5gorna i v\u00e5r ans\u00f6kan.<br>Ans\u00f6kningsperioden \u00f6ppnar om en vecka och vill ni vara en del av detta kan ni kontakta Louise Weinreder,&nbsp;<a href=\"mailto:louise@vatgas.se\">louise@vatgas.se<\/a>, s\u00e5 snart det g\u00e5r f\u00f6r vidare samtal.<\/p>\n\n\n\n<p>Vi hoppas p\u00e5 er medverkan och engagemang!<\/p>\n","protected":false},"excerpt":{"rendered":"<p>Vi p\u00e5 V\u00e4tgas Sverige, str\u00e4var st\u00e4ndigt efter att fr\u00e4mja j\u00e4mst\u00e4lldheten inom v\u00e5r framv\u00e4xande v\u00e4tgasbransch. Detta \u00e4mne lyftes \u00e4ven vid den senaste Women in Green Hydrogen \u2013 Sweden (WiGH)-tr\u00e4ffen i Stockholm i januari i \u00e5r. Vi \u00e4r nu angel\u00e4gna om att samla tankar och id\u00e9er f\u00f6r att b\u00e4ttre f\u00f6rst\u00e5 b\u00e5de de utmaningar och m\u00f6jligheter som finns <a class=\"moretag\" href=\"https:\/\/iwdev.se\/vatgas\/2024\/03\/07\/vi-vill-hora-dina-tankar-om-en-jamstalld-energibransch\/\">[&#8230;]<\/a><\/p>\n","protected":false},"author":3,"featured_media":19911,"comment_status":"closed","ping_status":"closed","sticky":false,"template":"","format":"standard","meta":{"_acf_changed":false,"footnotes":""},"categories":[12],"tags":[],"class_list":["post-19913","post","type-post","status-publish","format-standard","has-post-thumbnail","hentry","category-nyheter"],"acf":[],"yoast_head":"<!-- This site is optimized with the Yoast SEO Premium plugin v26.4 (Yoast SEO v27.4) - https:\/\/yoast.com\/product\/yoast-seo-premium-wordpress\/ -->\n<title>Vi vill h\u00f6ra dina tankar om en j\u00e4mst\u00e4lld energibransch - V\u00e4tgas Sverige<\/title>\n<meta name=\"robots\" content=\"noindex, follow, max-snippet:-1, max-image-preview:large, max-video-preview:-1\" \/>\n<meta property=\"og:locale\" content=\"sv_SE\" \/>\n<meta property=\"og:type\" content=\"article\" \/>\n<meta property=\"og:title\" content=\"Vi vill h\u00f6ra dina tankar om en j\u00e4mst\u00e4lld energibransch\" \/>\n<meta property=\"og:description\" content=\"Vi p\u00e5 V\u00e4tgas Sverige, str\u00e4var st\u00e4ndigt efter att fr\u00e4mja j\u00e4mst\u00e4lldheten inom v\u00e5r framv\u00e4xande v\u00e4tgasbransch. Detta \u00e4mne lyftes \u00e4ven vid den senaste Women in Green Hydrogen \u2013 Sweden (WiGH)-tr\u00e4ffen i Stockholm i januari i \u00e5r. Vi \u00e4r nu angel\u00e4gna om att samla tankar och id\u00e9er f\u00f6r att b\u00e4ttre f\u00f6rst\u00e5 b\u00e5de de utmaningar och m\u00f6jligheter som finns [...]\" \/>\n<meta property=\"og:url\" content=\"https:\/\/iwdev.se\/vatgas\/2024\/03\/07\/vi-vill-hora-dina-tankar-om-en-jamstalld-energibransch\/\" \/>\n<meta property=\"og:site_name\" content=\"V\u00e4tgas Sverige\" \/>\n<meta property=\"article:published_time\" content=\"2024-03-07T11:35:15+00:00\" \/>\n<meta property=\"article:modified_time\" content=\"2024-03-07T11:35:18+00:00\" \/>\n<meta property=\"og:image\" content=\"https:\/\/iwdev.se\/vatgas\/wp-content\/uploads\/2024\/03\/female-mgr.png\" \/>\n\t<meta property=\"og:image:width\" content=\"1193\" \/>\n\t<meta property=\"og:image:height\" content=\"780\" \/>\n\t<meta property=\"og:image:type\" content=\"image\/png\" \/>\n<meta name=\"author\" content=\"Charlotte Blomberg\" \/>\n<meta name=\"twitter:card\" content=\"summary_large_image\" \/>\n<meta name=\"twitter:label1\" content=\"Skriven av\" \/>\n\t<meta name=\"twitter:data1\" content=\"Charlotte Blomberg\" \/>\n\t<meta name=\"twitter:label2\" content=\"Ber\u00e4knad l\u00e4stid\" \/>\n\t<meta name=\"twitter:data2\" content=\"2 minuter\" \/>\n<script type=\"application\/ld+json\" class=\"yoast-schema-graph\">{\"@context\":\"https:\\\/\\\/schema.org\",\"@graph\":[{\"@type\":\"Article\",\"@id\":\"https:\\\/\\\/iwdev.se\\\/vatgas\\\/2024\\\/03\\\/07\\\/vi-vill-hora-dina-tankar-om-en-jamstalld-energibransch\\\/#article\",\"isPartOf\":{\"@id\":\"https:\\\/\\\/iwdev.se\\\/vatgas\\\/2024\\\/03\\\/07\\\/vi-vill-hora-dina-tankar-om-en-jamstalld-energibransch\\\/\"},\"author\":{\"name\":\"Charlotte Blomberg\",\"@id\":\"https:\\\/\\\/iwdev.se\\\/vatgas\\\/#\\\/schema\\\/person\\\/8cc2f1473867b95de7c82567e7e9e0d0\"},\"headline\":\"Vi vill h\u00f6ra dina tankar om en j\u00e4mst\u00e4lld energibransch\",\"datePublished\":\"2024-03-07T11:35:15+00:00\",\"dateModified\":\"2024-03-07T11:35:18+00:00\",\"mainEntityOfPage\":{\"@id\":\"https:\\\/\\\/iwdev.se\\\/vatgas\\\/2024\\\/03\\\/07\\\/vi-vill-hora-dina-tankar-om-en-jamstalld-energibransch\\\/\"},\"wordCount\":284,\"publisher\":{\"@id\":\"https:\\\/\\\/iwdev.se\\\/vatgas\\\/#organization\"},\"image\":{\"@id\":\"https:\\\/\\\/iwdev.se\\\/vatgas\\\/2024\\\/03\\\/07\\\/vi-vill-hora-dina-tankar-om-en-jamstalld-energibransch\\\/#primaryimage\"},\"thumbnailUrl\":\"https:\\\/\\\/iwdev.se\\\/vatgas\\\/wp-content\\\/uploads\\\/2024\\\/03\\\/female-mgr.png\",\"articleSection\":[\"Nyheter\"],\"inLanguage\":\"sv-SE\"},{\"@type\":\"WebPage\",\"@id\":\"https:\\\/\\\/iwdev.se\\\/vatgas\\\/2024\\\/03\\\/07\\\/vi-vill-hora-dina-tankar-om-en-jamstalld-energibransch\\\/\",\"url\":\"https:\\\/\\\/iwdev.se\\\/vatgas\\\/2024\\\/03\\\/07\\\/vi-vill-hora-dina-tankar-om-en-jamstalld-energibransch\\\/\",\"name\":\"Vi vill h\u00f6ra dina tankar om en j\u00e4mst\u00e4lld energibransch - V\u00e4tgas Sverige\",\"isPartOf\":{\"@id\":\"https:\\\/\\\/iwdev.se\\\/vatgas\\\/#website\"},\"primaryImageOfPage\":{\"@id\":\"https:\\\/\\\/iwdev.se\\\/vatgas\\\/2024\\\/03\\\/07\\\/vi-vill-hora-dina-tankar-om-en-jamstalld-energibransch\\\/#primaryimage\"},\"image\":{\"@id\":\"https:\\\/\\\/iwdev.se\\\/vatgas\\\/2024\\\/03\\\/07\\\/vi-vill-hora-dina-tankar-om-en-jamstalld-energibransch\\\/#primaryimage\"},\"thumbnailUrl\":\"https:\\\/\\\/iwdev.se\\\/vatgas\\\/wp-content\\\/uploads\\\/2024\\\/03\\\/female-mgr.png\",\"datePublished\":\"2024-03-07T11:35:15+00:00\",\"dateModified\":\"2024-03-07T11:35:18+00:00\",\"breadcrumb\":{\"@id\":\"https:\\\/\\\/iwdev.se\\\/vatgas\\\/2024\\\/03\\\/07\\\/vi-vill-hora-dina-tankar-om-en-jamstalld-energibransch\\\/#breadcrumb\"},\"inLanguage\":\"sv-SE\",\"potentialAction\":[{\"@type\":\"ReadAction\",\"target\":[\"https:\\\/\\\/iwdev.se\\\/vatgas\\\/2024\\\/03\\\/07\\\/vi-vill-hora-dina-tankar-om-en-jamstalld-energibransch\\\/\"]}]},{\"@type\":\"ImageObject\",\"inLanguage\":\"sv-SE\",\"@id\":\"https:\\\/\\\/iwdev.se\\\/vatgas\\\/2024\\\/03\\\/07\\\/vi-vill-hora-dina-tankar-om-en-jamstalld-energibransch\\\/#primaryimage\",\"url\":\"https:\\\/\\\/iwdev.se\\\/vatgas\\\/wp-content\\\/uploads\\\/2024\\\/03\\\/female-mgr.png\",\"contentUrl\":\"https:\\\/\\\/iwdev.se\\\/vatgas\\\/wp-content\\\/uploads\\\/2024\\\/03\\\/female-mgr.png\",\"width\":1193,\"height\":780},{\"@type\":\"BreadcrumbList\",\"@id\":\"https:\\\/\\\/iwdev.se\\\/vatgas\\\/2024\\\/03\\\/07\\\/vi-vill-hora-dina-tankar-om-en-jamstalld-energibransch\\\/#breadcrumb\",\"itemListElement\":[{\"@type\":\"ListItem\",\"position\":1,\"name\":\"Home\",\"item\":\"https:\\\/\\\/iwdev.se\\\/vatgas\\\/\"},{\"@type\":\"ListItem\",\"position\":2,\"name\":\"Vi vill h\u00f6ra dina tankar om en j\u00e4mst\u00e4lld energibransch\"}]},{\"@type\":\"WebSite\",\"@id\":\"https:\\\/\\\/iwdev.se\\\/vatgas\\\/#website\",\"url\":\"https:\\\/\\\/iwdev.se\\\/vatgas\\\/\",\"name\":\"V\u00e4tgas Sverige\",\"description\":\"En ledande plattform f\u00f6r omst\u00e4llningen till fossilfrihet\",\"publisher\":{\"@id\":\"https:\\\/\\\/iwdev.se\\\/vatgas\\\/#organization\"},\"potentialAction\":[{\"@type\":\"SearchAction\",\"target\":{\"@type\":\"EntryPoint\",\"urlTemplate\":\"https:\\\/\\\/iwdev.se\\\/vatgas\\\/?s={search_term_string}\"},\"query-input\":{\"@type\":\"PropertyValueSpecification\",\"valueRequired\":true,\"valueName\":\"search_term_string\"}}],\"inLanguage\":\"sv-SE\"},{\"@type\":\"Organization\",\"@id\":\"https:\\\/\\\/iwdev.se\\\/vatgas\\\/#organization\",\"name\":\"V\u00e4tgas Sverige\",\"url\":\"https:\\\/\\\/iwdev.se\\\/vatgas\\\/\",\"logo\":{\"@type\":\"ImageObject\",\"inLanguage\":\"sv-SE\",\"@id\":\"https:\\\/\\\/iwdev.se\\\/vatgas\\\/#\\\/schema\\\/logo\\\/image\\\/\",\"url\":\"https:\\\/\\\/iwdev.se\\\/vatgas\\\/wp-content\\\/uploads\\\/2022\\\/06\\\/LOGO.png\",\"contentUrl\":\"https:\\\/\\\/iwdev.se\\\/vatgas\\\/wp-content\\\/uploads\\\/2022\\\/06\\\/LOGO.png\",\"width\":240,\"height\":147,\"caption\":\"V\u00e4tgas Sverige\"},\"image\":{\"@id\":\"https:\\\/\\\/iwdev.se\\\/vatgas\\\/#\\\/schema\\\/logo\\\/image\\\/\"}},{\"@type\":\"Person\",\"@id\":\"https:\\\/\\\/iwdev.se\\\/vatgas\\\/#\\\/schema\\\/person\\\/8cc2f1473867b95de7c82567e7e9e0d0\",\"name\":\"Charlotte Blomberg\",\"url\":\"https:\\\/\\\/iwdev.se\\\/vatgas\\\/author\\\/chablo\\\/\"}]}<\/script>\n<!-- \/ Yoast SEO Premium plugin. -->","yoast_head_json":{"title":"Vi vill h\u00f6ra dina tankar om en j\u00e4mst\u00e4lld energibransch - V\u00e4tgas Sverige","robots":{"index":"noindex","follow":"follow","max-snippet":"max-snippet:-1","max-image-preview":"max-image-preview:large","max-video-preview":"max-video-preview:-1"},"og_locale":"sv_SE","og_type":"article","og_title":"Vi vill h\u00f6ra dina tankar om en j\u00e4mst\u00e4lld energibransch","og_description":"Vi p\u00e5 V\u00e4tgas Sverige, str\u00e4var st\u00e4ndigt efter att fr\u00e4mja j\u00e4mst\u00e4lldheten inom v\u00e5r framv\u00e4xande v\u00e4tgasbransch. Detta \u00e4mne lyftes \u00e4ven vid den senaste Women in Green Hydrogen \u2013 Sweden (WiGH)-tr\u00e4ffen i Stockholm i januari i \u00e5r. Vi \u00e4r nu angel\u00e4gna om att samla tankar och id\u00e9er f\u00f6r att b\u00e4ttre f\u00f6rst\u00e5 b\u00e5de de utmaningar och m\u00f6jligheter som finns [...]","og_url":"https:\/\/iwdev.se\/vatgas\/2024\/03\/07\/vi-vill-hora-dina-tankar-om-en-jamstalld-energibransch\/","og_site_name":"V\u00e4tgas Sverige","article_published_time":"2024-03-07T11:35:15+00:00","article_modified_time":"2024-03-07T11:35:18+00:00","og_image":[{"width":1193,"height":780,"url":"https:\/\/iwdev.se\/vatgas\/wp-content\/uploads\/2024\/03\/female-mgr.png","type":"image\/png"}],"author":"Charlotte Blomberg","twitter_card":"summary_large_image","twitter_misc":{"Skriven av":"Charlotte Blomberg","Ber\u00e4knad l\u00e4stid":"2 minuter"},"schema":{"@context":"https:\/\/schema.org","@graph":[{"@type":"Article","@id":"https:\/\/iwdev.se\/vatgas\/2024\/03\/07\/vi-vill-hora-dina-tankar-om-en-jamstalld-energibransch\/#article","isPartOf":{"@id":"https:\/\/iwdev.se\/vatgas\/2024\/03\/07\/vi-vill-hora-dina-tankar-om-en-jamstalld-energibransch\/"},"author":{"name":"Charlotte Blomberg","@id":"https:\/\/iwdev.se\/vatgas\/#\/schema\/person\/8cc2f1473867b95de7c82567e7e9e0d0"},"headline":"Vi vill h\u00f6ra dina tankar om en j\u00e4mst\u00e4lld energibransch","datePublished":"2024-03-07T11:35:15+00:00","dateModified":"2024-03-07T11:35:18+00:00","mainEntityOfPage":{"@id":"https:\/\/iwdev.se\/vatgas\/2024\/03\/07\/vi-vill-hora-dina-tankar-om-en-jamstalld-energibransch\/"},"wordCount":284,"publisher":{"@id":"https:\/\/iwdev.se\/vatgas\/#organization"},"image":{"@id":"https:\/\/iwdev.se\/vatgas\/2024\/03\/07\/vi-vill-hora-dina-tankar-om-en-jamstalld-energibransch\/#primaryimage"},"thumbnailUrl":"https:\/\/iwdev.se\/vatgas\/wp-content\/uploads\/2024\/03\/female-mgr.png","articleSection":["Nyheter"],"inLanguage":"sv-SE"},{"@type":"WebPage","@id":"https:\/\/iwdev.se\/vatgas\/2024\/03\/07\/vi-vill-hora-dina-tankar-om-en-jamstalld-energibransch\/","url":"https:\/\/iwdev.se\/vatgas\/2024\/03\/07\/vi-vill-hora-dina-tankar-om-en-jamstalld-energibransch\/","name":"Vi vill h\u00f6ra dina tankar om en j\u00e4mst\u00e4lld energibransch - V\u00e4tgas Sverige","isPartOf":{"@id":"https:\/\/iwdev.se\/vatgas\/#website"},"primaryImageOfPage":{"@id":"https:\/\/iwdev.se\/vatgas\/2024\/03\/07\/vi-vill-hora-dina-tankar-om-en-jamstalld-energibransch\/#primaryimage"},"image":{"@id":"https:\/\/iwdev.se\/vatgas\/2024\/03\/07\/vi-vill-hora-dina-tankar-om-en-jamstalld-energibransch\/#primaryimage"},"thumbnailUrl":"https:\/\/iwdev.se\/vatgas\/wp-content\/uploads\/2024\/03\/female-mgr.png","datePublished":"2024-03-07T11:35:15+00:00","dateModified":"2024-03-07T11:35:18+00:00","breadcrumb":{"@id":"https:\/\/iwdev.se\/vatgas\/2024\/03\/07\/vi-vill-hora-dina-tankar-om-en-jamstalld-energibransch\/#breadcrumb"},"inLanguage":"sv-SE","potentialAction":[{"@type":"ReadAction","target":["https:\/\/iwdev.se\/vatgas\/2024\/03\/07\/vi-vill-hora-dina-tankar-om-en-jamstalld-energibransch\/"]}]},{"@type":"ImageObject","inLanguage":"sv-SE","@id":"https:\/\/iwdev.se\/vatgas\/2024\/03\/07\/vi-vill-hora-dina-tankar-om-en-jamstalld-energibransch\/#primaryimage","url":"https:\/\/iwdev.se\/vatgas\/wp-content\/uploads\/2024\/03\/female-mgr.png","contentUrl":"https:\/\/iwdev.se\/vatgas\/wp-content\/uploads\/2024\/03\/female-mgr.png","width":1193,"height":780},{"@type":"BreadcrumbList","@id":"https:\/\/iwdev.se\/vatgas\/2024\/03\/07\/vi-vill-hora-dina-tankar-om-en-jamstalld-energibransch\/#breadcrumb","itemListElement":[{"@type":"ListItem","position":1,"name":"Home","item":"https:\/\/iwdev.se\/vatgas\/"},{"@type":"ListItem","position":2,"name":"Vi vill h\u00f6ra dina tankar om en j\u00e4mst\u00e4lld energibransch"}]},{"@type":"WebSite","@id":"https:\/\/iwdev.se\/vatgas\/#website","url":"https:\/\/iwdev.se\/vatgas\/","name":"V\u00e4tgas Sverige","description":"En ledande plattform f\u00f6r omst\u00e4llningen till fossilfrihet","publisher":{"@id":"https:\/\/iwdev.se\/vatgas\/#organization"},"potentialAction":[{"@type":"SearchAction","target":{"@type":"EntryPoint","urlTemplate":"https:\/\/iwdev.se\/vatgas\/?s={search_term_string}"},"query-input":{"@type":"PropertyValueSpecification","valueRequired":true,"valueName":"search_term_string"}}],"inLanguage":"sv-SE"},{"@type":"Organization","@id":"https:\/\/iwdev.se\/vatgas\/#organization","name":"V\u00e4tgas Sverige","url":"https:\/\/iwdev.se\/vatgas\/","logo":{"@type":"ImageObject","inLanguage":"sv-SE","@id":"https:\/\/iwdev.se\/vatgas\/#\/schema\/logo\/image\/","url":"https:\/\/iwdev.se\/vatgas\/wp-content\/uploads\/2022\/06\/LOGO.png","contentUrl":"https:\/\/iwdev.se\/vatgas\/wp-content\/uploads\/2022\/06\/LOGO.png","width":240,"height":147,"caption":"V\u00e4tgas Sverige"},"image":{"@id":"https:\/\/iwdev.se\/vatgas\/#\/schema\/logo\/image\/"}},{"@type":"Person","@id":"https:\/\/iwdev.se\/vatgas\/#\/schema\/person\/8cc2f1473867b95de7c82567e7e9e0d0","name":"Charlotte Blomberg","url":"https:\/\/iwdev.se\/vatgas\/author\/chablo\/"}]}},"_links":{"self":[{"href":"https:\/\/iwdev.se\/vatgas\/wp-json\/wp\/v2\/posts\/19913","targetHints":{"allow":["GET"]}}],"collection":[{"href":"https:\/\/iwdev.se\/vatgas\/wp-json\/wp\/v2\/posts"}],"about":[{"href":"https:\/\/iwdev.se\/vatgas\/wp-json\/wp\/v2\/types\/post"}],"author":[{"embeddable":true,"href":"https:\/\/iwdev.se\/vatgas\/wp-json\/wp\/v2\/users\/3"}],"replies":[{"embeddable":true,"href":"https:\/\/iwdev.se\/vatgas\/wp-json\/wp\/v2\/comments?post=19913"}],"version-history":[{"count":1,"href":"https:\/\/iwdev.se\/vatgas\/wp-json\/wp\/v2\/posts\/19913\/revisions"}],"predecessor-version":[{"id":19914,"href":"https:\/\/iwdev.se\/vatgas\/wp-json\/wp\/v2\/posts\/19913\/revisions\/19914"}],"wp:featuredmedia":[{"embeddable":true,"href":"https:\/\/iwdev.se\/vatgas\/wp-json\/wp\/v2\/media\/19911"}],"wp:attachment":[{"href":"https:\/\/iwdev.se\/vatgas\/wp-json\/wp\/v2\/media?parent=19913"}],"wp:term":[{"taxonomy":"category","embeddable":true,"href":"https:\/\/iwdev.se\/vatgas\/wp-json\/wp\/v2\/categories?post=19913"},{"taxonomy":"post_tag","embeddable":true,"href":"https:\/\/iwdev.se\/vatgas\/wp-json\/wp\/v2\/tags?post=19913"}],"curies":[{"name":"wp","href":"https:\/\/api.w.org\/{rel}","templated":true}]}}