{"id":20645,"date":"2024-05-23T15:40:38","date_gmt":"2024-05-23T15:40:38","guid":{"rendered":"https:\/\/vatgas.hemsida.eu\/?p=20645"},"modified":"2024-05-30T10:08:09","modified_gmt":"2024-05-30T10:08:09","slug":"volvo-lastvagnar-ska-tillverka-lastbilar-som-drivs-av-vatgas","status":"publish","type":"post","link":"https:\/\/iwdev.se\/vatgas\/2024\/05\/23\/volvo-lastvagnar-ska-tillverka-lastbilar-som-drivs-av-vatgas\/","title":{"rendered":"Volvo Lastvagnar ska tillverka lastbilar som drivs av v\u00e4tgas"},"content":{"rendered":"\n<p>AB Volvo satsar nu p\u00e5 en ny form av motorer f\u00f6r att n\u00e5 sina klimatm\u00e5l. F\u00f6rutom att tillverka batterilastbilar och elektriska fordon som drivs av br\u00e4nsleceller, satsar man \u00e4ven p\u00e5 lastbilar med f\u00f6rbr\u00e4nningsmotorer som drivs av  fossilfri v\u00e4tgas. Detta \u00e4r en miljardsatsning d\u00e4r man dessutom bildar ett nytt bolag. En utmaning med satsningen \u00e4r att det kr\u00e4vs en utbyggnad av v\u00e4tgasmackar.<\/p>\n\n\n\n<p>\u2013 F\u00f6ruts\u00e4ttningarna varierar kraftigt i olika delar av v\u00e4rlden, s\u00e4ger <strong>Jan Hjelmgren, global produktchef p\u00e5 Volvo Lastvagnar.<\/strong><\/p>\n\n\n\n<p>L\u00e4s mer i pressmeddelandet <a href=\"https:\/\/www.volvotrucks.com\/en-en\/news-stories\/press-releases\/2024\/may\/Volvo-to-launch-hydrogen-powered-trucks.html\">h\u00e4r.<\/a><\/p>\n\n\n\n<p>Bild: Volvo Lastvagnar<\/p>\n\n\n\n<p><\/p>\n","protected":false},"excerpt":{"rendered":"<p>AB Volvo satsar nu p\u00e5 en ny form av motorer f\u00f6r att n\u00e5 sina klimatm\u00e5l. F\u00f6rutom att tillverka batterilastbilar och elektriska fordon som drivs av br\u00e4nsleceller, satsar man \u00e4ven p\u00e5 lastbilar med f\u00f6rbr\u00e4nningsmotorer som drivs av fossilfri v\u00e4tgas. Detta \u00e4r en miljardsatsning d\u00e4r man dessutom bildar ett nytt bolag. En utmaning med satsningen \u00e4r att <a class=\"moretag\" href=\"https:\/\/iwdev.se\/vatgas\/2024\/05\/23\/volvo-lastvagnar-ska-tillverka-lastbilar-som-drivs-av-vatgas\/\">[&#8230;]<\/a><\/p>\n","protected":false},"author":3,"featured_media":20646,"comment_status":"closed","ping_status":"closed","sticky":false,"template":"","format":"standard","meta":{"_acf_changed":false,"footnotes":""},"categories":[12],"tags":[],"class_list":["post-20645","post","type-post","status-publish","format-standard","has-post-thumbnail","hentry","category-nyheter"],"acf":[],"yoast_head":"<!-- This site is optimized with the Yoast SEO Premium plugin v26.4 (Yoast SEO v27.4) - https:\/\/yoast.com\/product\/yoast-seo-premium-wordpress\/ -->\n<title>Volvo Lastvagnar ska tillverka lastbilar som drivs av v\u00e4tgas - V\u00e4tgas Sverige<\/title>\n<meta name=\"robots\" content=\"noindex, follow, max-snippet:-1, max-image-preview:large, max-video-preview:-1\" \/>\n<meta property=\"og:locale\" content=\"sv_SE\" \/>\n<meta property=\"og:type\" content=\"article\" \/>\n<meta property=\"og:title\" content=\"Volvo Lastvagnar ska tillverka lastbilar som drivs av v\u00e4tgas\" \/>\n<meta property=\"og:description\" content=\"AB Volvo satsar nu p\u00e5 en ny form av motorer f\u00f6r att n\u00e5 sina klimatm\u00e5l. F\u00f6rutom att tillverka batterilastbilar och elektriska fordon som drivs av br\u00e4nsleceller, satsar man \u00e4ven p\u00e5 lastbilar med f\u00f6rbr\u00e4nningsmotorer som drivs av fossilfri v\u00e4tgas. Detta \u00e4r en miljardsatsning d\u00e4r man dessutom bildar ett nytt bolag. En utmaning med satsningen \u00e4r att [...]\" \/>\n<meta property=\"og:url\" content=\"https:\/\/iwdev.se\/vatgas\/2024\/05\/23\/volvo-lastvagnar-ska-tillverka-lastbilar-som-drivs-av-vatgas\/\" \/>\n<meta property=\"og:site_name\" content=\"V\u00e4tgas Sverige\" \/>\n<meta property=\"article:published_time\" content=\"2024-05-23T15:40:38+00:00\" \/>\n<meta property=\"article:modified_time\" content=\"2024-05-30T10:08:09+00:00\" \/>\n<meta property=\"og:image\" content=\"https:\/\/iwdev.se\/vatgas\/wp-content\/uploads\/2024\/05\/Skarmavbild-2024-05-23-kl.-17.00.12.png\" \/>\n\t<meta property=\"og:image:width\" content=\"1384\" \/>\n\t<meta property=\"og:image:height\" content=\"782\" \/>\n\t<meta property=\"og:image:type\" content=\"image\/png\" \/>\n<meta name=\"author\" content=\"Charlotte Blomberg\" \/>\n<meta name=\"twitter:card\" content=\"summary_large_image\" \/>\n<meta name=\"twitter:label1\" content=\"Skriven av\" \/>\n\t<meta name=\"twitter:data1\" content=\"Charlotte Blomberg\" \/>\n\t<meta name=\"twitter:label2\" content=\"Ber\u00e4knad l\u00e4stid\" \/>\n\t<meta name=\"twitter:data2\" content=\"1 minut\" \/>\n<script type=\"application\/ld+json\" class=\"yoast-schema-graph\">{\"@context\":\"https:\\\/\\\/schema.org\",\"@graph\":[{\"@type\":\"Article\",\"@id\":\"https:\\\/\\\/iwdev.se\\\/vatgas\\\/2024\\\/05\\\/23\\\/volvo-lastvagnar-ska-tillverka-lastbilar-som-drivs-av-vatgas\\\/#article\",\"isPartOf\":{\"@id\":\"https:\\\/\\\/iwdev.se\\\/vatgas\\\/2024\\\/05\\\/23\\\/volvo-lastvagnar-ska-tillverka-lastbilar-som-drivs-av-vatgas\\\/\"},\"author\":{\"name\":\"Charlotte Blomberg\",\"@id\":\"https:\\\/\\\/iwdev.se\\\/vatgas\\\/#\\\/schema\\\/person\\\/8cc2f1473867b95de7c82567e7e9e0d0\"},\"headline\":\"Volvo Lastvagnar ska tillverka lastbilar som drivs av v\u00e4tgas\",\"datePublished\":\"2024-05-23T15:40:38+00:00\",\"dateModified\":\"2024-05-30T10:08:09+00:00\",\"mainEntityOfPage\":{\"@id\":\"https:\\\/\\\/iwdev.se\\\/vatgas\\\/2024\\\/05\\\/23\\\/volvo-lastvagnar-ska-tillverka-lastbilar-som-drivs-av-vatgas\\\/\"},\"wordCount\":111,\"publisher\":{\"@id\":\"https:\\\/\\\/iwdev.se\\\/vatgas\\\/#organization\"},\"image\":{\"@id\":\"https:\\\/\\\/iwdev.se\\\/vatgas\\\/2024\\\/05\\\/23\\\/volvo-lastvagnar-ska-tillverka-lastbilar-som-drivs-av-vatgas\\\/#primaryimage\"},\"thumbnailUrl\":\"https:\\\/\\\/iwdev.se\\\/vatgas\\\/wp-content\\\/uploads\\\/2024\\\/05\\\/Skarmavbild-2024-05-23-kl.-17.00.12.png\",\"articleSection\":[\"Nyheter\"],\"inLanguage\":\"sv-SE\"},{\"@type\":\"WebPage\",\"@id\":\"https:\\\/\\\/iwdev.se\\\/vatgas\\\/2024\\\/05\\\/23\\\/volvo-lastvagnar-ska-tillverka-lastbilar-som-drivs-av-vatgas\\\/\",\"url\":\"https:\\\/\\\/iwdev.se\\\/vatgas\\\/2024\\\/05\\\/23\\\/volvo-lastvagnar-ska-tillverka-lastbilar-som-drivs-av-vatgas\\\/\",\"name\":\"Volvo Lastvagnar ska tillverka lastbilar som drivs av v\u00e4tgas - V\u00e4tgas Sverige\",\"isPartOf\":{\"@id\":\"https:\\\/\\\/iwdev.se\\\/vatgas\\\/#website\"},\"primaryImageOfPage\":{\"@id\":\"https:\\\/\\\/iwdev.se\\\/vatgas\\\/2024\\\/05\\\/23\\\/volvo-lastvagnar-ska-tillverka-lastbilar-som-drivs-av-vatgas\\\/#primaryimage\"},\"image\":{\"@id\":\"https:\\\/\\\/iwdev.se\\\/vatgas\\\/2024\\\/05\\\/23\\\/volvo-lastvagnar-ska-tillverka-lastbilar-som-drivs-av-vatgas\\\/#primaryimage\"},\"thumbnailUrl\":\"https:\\\/\\\/iwdev.se\\\/vatgas\\\/wp-content\\\/uploads\\\/2024\\\/05\\\/Skarmavbild-2024-05-23-kl.-17.00.12.png\",\"datePublished\":\"2024-05-23T15:40:38+00:00\",\"dateModified\":\"2024-05-30T10:08:09+00:00\",\"breadcrumb\":{\"@id\":\"https:\\\/\\\/iwdev.se\\\/vatgas\\\/2024\\\/05\\\/23\\\/volvo-lastvagnar-ska-tillverka-lastbilar-som-drivs-av-vatgas\\\/#breadcrumb\"},\"inLanguage\":\"sv-SE\",\"potentialAction\":[{\"@type\":\"ReadAction\",\"target\":[\"https:\\\/\\\/iwdev.se\\\/vatgas\\\/2024\\\/05\\\/23\\\/volvo-lastvagnar-ska-tillverka-lastbilar-som-drivs-av-vatgas\\\/\"]}]},{\"@type\":\"ImageObject\",\"inLanguage\":\"sv-SE\",\"@id\":\"https:\\\/\\\/iwdev.se\\\/vatgas\\\/2024\\\/05\\\/23\\\/volvo-lastvagnar-ska-tillverka-lastbilar-som-drivs-av-vatgas\\\/#primaryimage\",\"url\":\"https:\\\/\\\/iwdev.se\\\/vatgas\\\/wp-content\\\/uploads\\\/2024\\\/05\\\/Skarmavbild-2024-05-23-kl.-17.00.12.png\",\"contentUrl\":\"https:\\\/\\\/iwdev.se\\\/vatgas\\\/wp-content\\\/uploads\\\/2024\\\/05\\\/Skarmavbild-2024-05-23-kl.-17.00.12.png\",\"width\":1384,\"height\":782},{\"@type\":\"BreadcrumbList\",\"@id\":\"https:\\\/\\\/iwdev.se\\\/vatgas\\\/2024\\\/05\\\/23\\\/volvo-lastvagnar-ska-tillverka-lastbilar-som-drivs-av-vatgas\\\/#breadcrumb\",\"itemListElement\":[{\"@type\":\"ListItem\",\"position\":1,\"name\":\"Home\",\"item\":\"https:\\\/\\\/iwdev.se\\\/vatgas\\\/\"},{\"@type\":\"ListItem\",\"position\":2,\"name\":\"Volvo Lastvagnar ska tillverka lastbilar som drivs av v\u00e4tgas\"}]},{\"@type\":\"WebSite\",\"@id\":\"https:\\\/\\\/iwdev.se\\\/vatgas\\\/#website\",\"url\":\"https:\\\/\\\/iwdev.se\\\/vatgas\\\/\",\"name\":\"V\u00e4tgas Sverige\",\"description\":\"En ledande plattform f\u00f6r omst\u00e4llningen till fossilfrihet\",\"publisher\":{\"@id\":\"https:\\\/\\\/iwdev.se\\\/vatgas\\\/#organization\"},\"potentialAction\":[{\"@type\":\"SearchAction\",\"target\":{\"@type\":\"EntryPoint\",\"urlTemplate\":\"https:\\\/\\\/iwdev.se\\\/vatgas\\\/?s={search_term_string}\"},\"query-input\":{\"@type\":\"PropertyValueSpecification\",\"valueRequired\":true,\"valueName\":\"search_term_string\"}}],\"inLanguage\":\"sv-SE\"},{\"@type\":\"Organization\",\"@id\":\"https:\\\/\\\/iwdev.se\\\/vatgas\\\/#organization\",\"name\":\"V\u00e4tgas Sverige\",\"url\":\"https:\\\/\\\/iwdev.se\\\/vatgas\\\/\",\"logo\":{\"@type\":\"ImageObject\",\"inLanguage\":\"sv-SE\",\"@id\":\"https:\\\/\\\/iwdev.se\\\/vatgas\\\/#\\\/schema\\\/logo\\\/image\\\/\",\"url\":\"https:\\\/\\\/iwdev.se\\\/vatgas\\\/wp-content\\\/uploads\\\/2022\\\/06\\\/LOGO.png\",\"contentUrl\":\"https:\\\/\\\/iwdev.se\\\/vatgas\\\/wp-content\\\/uploads\\\/2022\\\/06\\\/LOGO.png\",\"width\":240,\"height\":147,\"caption\":\"V\u00e4tgas Sverige\"},\"image\":{\"@id\":\"https:\\\/\\\/iwdev.se\\\/vatgas\\\/#\\\/schema\\\/logo\\\/image\\\/\"}},{\"@type\":\"Person\",\"@id\":\"https:\\\/\\\/iwdev.se\\\/vatgas\\\/#\\\/schema\\\/person\\\/8cc2f1473867b95de7c82567e7e9e0d0\",\"name\":\"Charlotte Blomberg\",\"url\":\"https:\\\/\\\/iwdev.se\\\/vatgas\\\/author\\\/chablo\\\/\"}]}<\/script>\n<!-- \/ Yoast SEO Premium plugin. -->","yoast_head_json":{"title":"Volvo Lastvagnar ska tillverka lastbilar som drivs av v\u00e4tgas - V\u00e4tgas Sverige","robots":{"index":"noindex","follow":"follow","max-snippet":"max-snippet:-1","max-image-preview":"max-image-preview:large","max-video-preview":"max-video-preview:-1"},"og_locale":"sv_SE","og_type":"article","og_title":"Volvo Lastvagnar ska tillverka lastbilar som drivs av v\u00e4tgas","og_description":"AB Volvo satsar nu p\u00e5 en ny form av motorer f\u00f6r att n\u00e5 sina klimatm\u00e5l. F\u00f6rutom att tillverka batterilastbilar och elektriska fordon som drivs av br\u00e4nsleceller, satsar man \u00e4ven p\u00e5 lastbilar med f\u00f6rbr\u00e4nningsmotorer som drivs av fossilfri v\u00e4tgas. Detta \u00e4r en miljardsatsning d\u00e4r man dessutom bildar ett nytt bolag. En utmaning med satsningen \u00e4r att [...]","og_url":"https:\/\/iwdev.se\/vatgas\/2024\/05\/23\/volvo-lastvagnar-ska-tillverka-lastbilar-som-drivs-av-vatgas\/","og_site_name":"V\u00e4tgas Sverige","article_published_time":"2024-05-23T15:40:38+00:00","article_modified_time":"2024-05-30T10:08:09+00:00","og_image":[{"width":1384,"height":782,"url":"https:\/\/iwdev.se\/vatgas\/wp-content\/uploads\/2024\/05\/Skarmavbild-2024-05-23-kl.-17.00.12.png","type":"image\/png"}],"author":"Charlotte Blomberg","twitter_card":"summary_large_image","twitter_misc":{"Skriven av":"Charlotte Blomberg","Ber\u00e4knad l\u00e4stid":"1 minut"},"schema":{"@context":"https:\/\/schema.org","@graph":[{"@type":"Article","@id":"https:\/\/iwdev.se\/vatgas\/2024\/05\/23\/volvo-lastvagnar-ska-tillverka-lastbilar-som-drivs-av-vatgas\/#article","isPartOf":{"@id":"https:\/\/iwdev.se\/vatgas\/2024\/05\/23\/volvo-lastvagnar-ska-tillverka-lastbilar-som-drivs-av-vatgas\/"},"author":{"name":"Charlotte Blomberg","@id":"https:\/\/iwdev.se\/vatgas\/#\/schema\/person\/8cc2f1473867b95de7c82567e7e9e0d0"},"headline":"Volvo Lastvagnar ska tillverka lastbilar som drivs av v\u00e4tgas","datePublished":"2024-05-23T15:40:38+00:00","dateModified":"2024-05-30T10:08:09+00:00","mainEntityOfPage":{"@id":"https:\/\/iwdev.se\/vatgas\/2024\/05\/23\/volvo-lastvagnar-ska-tillverka-lastbilar-som-drivs-av-vatgas\/"},"wordCount":111,"publisher":{"@id":"https:\/\/iwdev.se\/vatgas\/#organization"},"image":{"@id":"https:\/\/iwdev.se\/vatgas\/2024\/05\/23\/volvo-lastvagnar-ska-tillverka-lastbilar-som-drivs-av-vatgas\/#primaryimage"},"thumbnailUrl":"https:\/\/iwdev.se\/vatgas\/wp-content\/uploads\/2024\/05\/Skarmavbild-2024-05-23-kl.-17.00.12.png","articleSection":["Nyheter"],"inLanguage":"sv-SE"},{"@type":"WebPage","@id":"https:\/\/iwdev.se\/vatgas\/2024\/05\/23\/volvo-lastvagnar-ska-tillverka-lastbilar-som-drivs-av-vatgas\/","url":"https:\/\/iwdev.se\/vatgas\/2024\/05\/23\/volvo-lastvagnar-ska-tillverka-lastbilar-som-drivs-av-vatgas\/","name":"Volvo Lastvagnar ska tillverka lastbilar som drivs av v\u00e4tgas - V\u00e4tgas Sverige","isPartOf":{"@id":"https:\/\/iwdev.se\/vatgas\/#website"},"primaryImageOfPage":{"@id":"https:\/\/iwdev.se\/vatgas\/2024\/05\/23\/volvo-lastvagnar-ska-tillverka-lastbilar-som-drivs-av-vatgas\/#primaryimage"},"image":{"@id":"https:\/\/iwdev.se\/vatgas\/2024\/05\/23\/volvo-lastvagnar-ska-tillverka-lastbilar-som-drivs-av-vatgas\/#primaryimage"},"thumbnailUrl":"https:\/\/iwdev.se\/vatgas\/wp-content\/uploads\/2024\/05\/Skarmavbild-2024-05-23-kl.-17.00.12.png","datePublished":"2024-05-23T15:40:38+00:00","dateModified":"2024-05-30T10:08:09+00:00","breadcrumb":{"@id":"https:\/\/iwdev.se\/vatgas\/2024\/05\/23\/volvo-lastvagnar-ska-tillverka-lastbilar-som-drivs-av-vatgas\/#breadcrumb"},"inLanguage":"sv-SE","potentialAction":[{"@type":"ReadAction","target":["https:\/\/iwdev.se\/vatgas\/2024\/05\/23\/volvo-lastvagnar-ska-tillverka-lastbilar-som-drivs-av-vatgas\/"]}]},{"@type":"ImageObject","inLanguage":"sv-SE","@id":"https:\/\/iwdev.se\/vatgas\/2024\/05\/23\/volvo-lastvagnar-ska-tillverka-lastbilar-som-drivs-av-vatgas\/#primaryimage","url":"https:\/\/iwdev.se\/vatgas\/wp-content\/uploads\/2024\/05\/Skarmavbild-2024-05-23-kl.-17.00.12.png","contentUrl":"https:\/\/iwdev.se\/vatgas\/wp-content\/uploads\/2024\/05\/Skarmavbild-2024-05-23-kl.-17.00.12.png","width":1384,"height":782},{"@type":"BreadcrumbList","@id":"https:\/\/iwdev.se\/vatgas\/2024\/05\/23\/volvo-lastvagnar-ska-tillverka-lastbilar-som-drivs-av-vatgas\/#breadcrumb","itemListElement":[{"@type":"ListItem","position":1,"name":"Home","item":"https:\/\/iwdev.se\/vatgas\/"},{"@type":"ListItem","position":2,"name":"Volvo Lastvagnar ska tillverka lastbilar som drivs av v\u00e4tgas"}]},{"@type":"WebSite","@id":"https:\/\/iwdev.se\/vatgas\/#website","url":"https:\/\/iwdev.se\/vatgas\/","name":"V\u00e4tgas Sverige","description":"En ledande plattform f\u00f6r omst\u00e4llningen till fossilfrihet","publisher":{"@id":"https:\/\/iwdev.se\/vatgas\/#organization"},"potentialAction":[{"@type":"SearchAction","target":{"@type":"EntryPoint","urlTemplate":"https:\/\/iwdev.se\/vatgas\/?s={search_term_string}"},"query-input":{"@type":"PropertyValueSpecification","valueRequired":true,"valueName":"search_term_string"}}],"inLanguage":"sv-SE"},{"@type":"Organization","@id":"https:\/\/iwdev.se\/vatgas\/#organization","name":"V\u00e4tgas Sverige","url":"https:\/\/iwdev.se\/vatgas\/","logo":{"@type":"ImageObject","inLanguage":"sv-SE","@id":"https:\/\/iwdev.se\/vatgas\/#\/schema\/logo\/image\/","url":"https:\/\/iwdev.se\/vatgas\/wp-content\/uploads\/2022\/06\/LOGO.png","contentUrl":"https:\/\/iwdev.se\/vatgas\/wp-content\/uploads\/2022\/06\/LOGO.png","width":240,"height":147,"caption":"V\u00e4tgas Sverige"},"image":{"@id":"https:\/\/iwdev.se\/vatgas\/#\/schema\/logo\/image\/"}},{"@type":"Person","@id":"https:\/\/iwdev.se\/vatgas\/#\/schema\/person\/8cc2f1473867b95de7c82567e7e9e0d0","name":"Charlotte Blomberg","url":"https:\/\/iwdev.se\/vatgas\/author\/chablo\/"}]}},"_links":{"self":[{"href":"https:\/\/iwdev.se\/vatgas\/wp-json\/wp\/v2\/posts\/20645","targetHints":{"allow":["GET"]}}],"collection":[{"href":"https:\/\/iwdev.se\/vatgas\/wp-json\/wp\/v2\/posts"}],"about":[{"href":"https:\/\/iwdev.se\/vatgas\/wp-json\/wp\/v2\/types\/post"}],"author":[{"embeddable":true,"href":"https:\/\/iwdev.se\/vatgas\/wp-json\/wp\/v2\/users\/3"}],"replies":[{"embeddable":true,"href":"https:\/\/iwdev.se\/vatgas\/wp-json\/wp\/v2\/comments?post=20645"}],"version-history":[{"count":2,"href":"https:\/\/iwdev.se\/vatgas\/wp-json\/wp\/v2\/posts\/20645\/revisions"}],"predecessor-version":[{"id":20730,"href":"https:\/\/iwdev.se\/vatgas\/wp-json\/wp\/v2\/posts\/20645\/revisions\/20730"}],"wp:featuredmedia":[{"embeddable":true,"href":"https:\/\/iwdev.se\/vatgas\/wp-json\/wp\/v2\/media\/20646"}],"wp:attachment":[{"href":"https:\/\/iwdev.se\/vatgas\/wp-json\/wp\/v2\/media?parent=20645"}],"wp:term":[{"taxonomy":"category","embeddable":true,"href":"https:\/\/iwdev.se\/vatgas\/wp-json\/wp\/v2\/categories?post=20645"},{"taxonomy":"post_tag","embeddable":true,"href":"https:\/\/iwdev.se\/vatgas\/wp-json\/wp\/v2\/tags?post=20645"}],"curies":[{"name":"wp","href":"https:\/\/api.w.org\/{rel}","templated":true}]}}