{"id":20698,"date":"2024-05-22T12:42:35","date_gmt":"2024-05-22T12:42:35","guid":{"rendered":"https:\/\/vatgas.hemsida.eu\/?p=20698"},"modified":"2024-05-30T13:49:33","modified_gmt":"2024-05-30T13:49:33","slug":"produktion-av-gron-vatgas-istallet-for-kolkraftverk","status":"publish","type":"post","link":"https:\/\/iwdev.se\/vatgas\/2024\/05\/22\/produktion-av-gron-vatgas-istallet-for-kolkraftverk\/","title":{"rendered":"Produktion av gr\u00f6n v\u00e4tgas ist\u00e4llet f\u00f6r kolkraftverk"},"content":{"rendered":"\n<hr class=\"wp-block-separator has-alpha-channel-opacity\"\/>\n\n\n\n<p>Afry har f\u00e5tt i uppdrag av Lausitz Energie Kraftwerke (LEAG) att st\u00f6dja utvecklingen av en andra s\u00e5 kallad Power-to-X-anl\u00e4ggning i Tyskland. LEAG, en av Tysklands st\u00f6rsta kraftproducenter, har f\u00f6r avsikt att etablera landets st\u00f6rsta centrum f\u00f6r produktion och anv\u00e4ndning av v\u00e4tgas, tillsammans med storskalig lagring av gr\u00f6n el. Hela initiativet kallas <a href=\"https:\/\/www.h2ub.com\/about\/#team\">H2UB-projektet<\/a>. Anl\u00e4ggningen planeras att byggas vid ett nedlagt kolkraftverk i Boxberg, Sachsen.<\/p>\n\n\n\n<p>Enligt pressmeddelandet kommer v\u00e4tgaskraftverket att inneh\u00e5lla en 110 megawatt elektrolys\u00f6r med kapacitet att producera upp till 2 100 kilo v\u00e4tgas per timme. Dessutom planeras en lagringsanl\u00e4ggning som ska kunna lagra minst en dags produktion av gr\u00f6n v\u00e4tgas.<\/p>\n\n\n\n<p class=\"has-cyan-bluish-gray-background-color has-background\"><strong>FAKTA<\/strong>: Power-to-X \u00e4r ben\u00e4mningen p\u00e5&nbsp;<strong>metoder f\u00f6r att omvandla elkraft fr\u00e5n f\u00f6rnybara energik\u00e4llor till andra former av energi<\/strong>. Den idag fr\u00e4msta produkten som g\u00e5r under ben\u00e4mningen Power-to-X \u00e4r v\u00e4tgas tillverkad med f\u00f6rnybar el.<\/p>\n\n\n\n<p><\/p>\n\n\n\n<div class=\"wp-block-buttons is-layout-flex wp-block-buttons-is-layout-flex\">\n<div class=\"wp-block-button\"><a class=\"wp-block-button__link wp-element-button\" href=\"https:\/\/afry.com\/sv\/nyhetsrum\/pressmeddelanden\/leag-anlitar-afry-ytterligare-ett-storskaligt-power-x-projekt-i-tyskland\" target=\"_blank\" rel=\"noreferrer noopener\">L\u00e4s mer p\u00e5 Afrys hemsida<\/a><\/div>\n<\/div>\n","protected":false},"excerpt":{"rendered":"<p>Afry som \u00e4r en av V\u00e4tgas Sveriges medlemmar, har f\u00e5tt i uppdrag av Lausitz Energie Kraftwerke (LEAG) att st\u00f6dja utvecklingen av en andra Power-to-X-anl\u00e4ggning i Tyskland. <\/p>\n","protected":false},"author":344,"featured_media":20710,"comment_status":"closed","ping_status":"closed","sticky":false,"template":"","format":"standard","meta":{"_acf_changed":false,"footnotes":""},"categories":[12],"tags":[],"class_list":["post-20698","post","type-post","status-publish","format-standard","has-post-thumbnail","hentry","category-nyheter"],"acf":[],"yoast_head":"<!-- This site is optimized with the Yoast SEO Premium plugin v26.4 (Yoast SEO v27.4) - https:\/\/yoast.com\/product\/yoast-seo-premium-wordpress\/ -->\n<title>Produktion av gr\u00f6n v\u00e4tgas ist\u00e4llet f\u00f6r kolkraftverk - V\u00e4tgas Sverige<\/title>\n<meta name=\"description\" content=\"Afry som \u00e4r en av V\u00e4tgas Sveriges medlemmar, har f\u00e5tt i uppdrag av Lausitz Energie Kraftwerke (LEAG) att st\u00f6dja utvecklingen av en andra Power-to-X-anl\u00e4ggning i Tyskland.\" \/>\n<meta name=\"robots\" content=\"noindex, follow, max-snippet:-1, max-image-preview:large, max-video-preview:-1\" \/>\n<meta property=\"og:locale\" content=\"sv_SE\" \/>\n<meta property=\"og:type\" content=\"article\" \/>\n<meta property=\"og:title\" content=\"Produktion av gr\u00f6n v\u00e4tgas ist\u00e4llet f\u00f6r kolkraftverk\" \/>\n<meta property=\"og:description\" content=\"Afry som \u00e4r en av V\u00e4tgas Sveriges medlemmar, har f\u00e5tt i uppdrag av Lausitz Energie Kraftwerke (LEAG) att st\u00f6dja utvecklingen av en andra Power-to-X-anl\u00e4ggning i Tyskland.\" \/>\n<meta property=\"og:url\" content=\"https:\/\/iwdev.se\/vatgas\/2024\/05\/22\/produktion-av-gron-vatgas-istallet-for-kolkraftverk\/\" \/>\n<meta property=\"og:site_name\" content=\"V\u00e4tgas Sverige\" \/>\n<meta property=\"article:published_time\" content=\"2024-05-22T12:42:35+00:00\" \/>\n<meta property=\"article:modified_time\" content=\"2024-05-30T13:49:33+00:00\" \/>\n<meta property=\"og:image\" content=\"https:\/\/iwdev.se\/vatgas\/wp-content\/uploads\/2024\/05\/Vatgas.webp\" \/>\n\t<meta property=\"og:image:width\" content=\"600\" \/>\n\t<meta property=\"og:image:height\" content=\"450\" \/>\n\t<meta property=\"og:image:type\" content=\"image\/webp\" \/>\n<meta name=\"author\" content=\"eva.corell@vatgas.se\" \/>\n<meta name=\"twitter:card\" content=\"summary_large_image\" \/>\n<meta name=\"twitter:label1\" content=\"Skriven av\" \/>\n\t<meta name=\"twitter:data1\" content=\"eva.corell@vatgas.se\" \/>\n\t<meta name=\"twitter:label2\" content=\"Ber\u00e4knad l\u00e4stid\" \/>\n\t<meta name=\"twitter:data2\" content=\"1 minut\" \/>\n<script type=\"application\/ld+json\" class=\"yoast-schema-graph\">{\"@context\":\"https:\\\/\\\/schema.org\",\"@graph\":[{\"@type\":\"Article\",\"@id\":\"https:\\\/\\\/iwdev.se\\\/vatgas\\\/2024\\\/05\\\/22\\\/produktion-av-gron-vatgas-istallet-for-kolkraftverk\\\/#article\",\"isPartOf\":{\"@id\":\"https:\\\/\\\/iwdev.se\\\/vatgas\\\/2024\\\/05\\\/22\\\/produktion-av-gron-vatgas-istallet-for-kolkraftverk\\\/\"},\"author\":{\"name\":\"eva.corell@vatgas.se\",\"@id\":\"https:\\\/\\\/iwdev.se\\\/vatgas\\\/#\\\/schema\\\/person\\\/2a6f045268bb28372e6b22c7ba581a47\"},\"headline\":\"Produktion av gr\u00f6n v\u00e4tgas ist\u00e4llet f\u00f6r kolkraftverk\",\"datePublished\":\"2024-05-22T12:42:35+00:00\",\"dateModified\":\"2024-05-30T13:49:33+00:00\",\"mainEntityOfPage\":{\"@id\":\"https:\\\/\\\/iwdev.se\\\/vatgas\\\/2024\\\/05\\\/22\\\/produktion-av-gron-vatgas-istallet-for-kolkraftverk\\\/\"},\"wordCount\":177,\"publisher\":{\"@id\":\"https:\\\/\\\/iwdev.se\\\/vatgas\\\/#organization\"},\"image\":{\"@id\":\"https:\\\/\\\/iwdev.se\\\/vatgas\\\/2024\\\/05\\\/22\\\/produktion-av-gron-vatgas-istallet-for-kolkraftverk\\\/#primaryimage\"},\"thumbnailUrl\":\"https:\\\/\\\/iwdev.se\\\/vatgas\\\/wp-content\\\/uploads\\\/2024\\\/05\\\/Vatgas.webp\",\"articleSection\":[\"Nyheter\"],\"inLanguage\":\"sv-SE\"},{\"@type\":\"WebPage\",\"@id\":\"https:\\\/\\\/iwdev.se\\\/vatgas\\\/2024\\\/05\\\/22\\\/produktion-av-gron-vatgas-istallet-for-kolkraftverk\\\/\",\"url\":\"https:\\\/\\\/iwdev.se\\\/vatgas\\\/2024\\\/05\\\/22\\\/produktion-av-gron-vatgas-istallet-for-kolkraftverk\\\/\",\"name\":\"Produktion av gr\u00f6n v\u00e4tgas ist\u00e4llet f\u00f6r kolkraftverk - V\u00e4tgas Sverige\",\"isPartOf\":{\"@id\":\"https:\\\/\\\/iwdev.se\\\/vatgas\\\/#website\"},\"primaryImageOfPage\":{\"@id\":\"https:\\\/\\\/iwdev.se\\\/vatgas\\\/2024\\\/05\\\/22\\\/produktion-av-gron-vatgas-istallet-for-kolkraftverk\\\/#primaryimage\"},\"image\":{\"@id\":\"https:\\\/\\\/iwdev.se\\\/vatgas\\\/2024\\\/05\\\/22\\\/produktion-av-gron-vatgas-istallet-for-kolkraftverk\\\/#primaryimage\"},\"thumbnailUrl\":\"https:\\\/\\\/iwdev.se\\\/vatgas\\\/wp-content\\\/uploads\\\/2024\\\/05\\\/Vatgas.webp\",\"datePublished\":\"2024-05-22T12:42:35+00:00\",\"dateModified\":\"2024-05-30T13:49:33+00:00\",\"description\":\"Afry som \u00e4r en av V\u00e4tgas Sveriges medlemmar, har f\u00e5tt i uppdrag av Lausitz Energie Kraftwerke (LEAG) att st\u00f6dja utvecklingen av en andra Power-to-X-anl\u00e4ggning i Tyskland.\",\"breadcrumb\":{\"@id\":\"https:\\\/\\\/iwdev.se\\\/vatgas\\\/2024\\\/05\\\/22\\\/produktion-av-gron-vatgas-istallet-for-kolkraftverk\\\/#breadcrumb\"},\"inLanguage\":\"sv-SE\",\"potentialAction\":[{\"@type\":\"ReadAction\",\"target\":[\"https:\\\/\\\/iwdev.se\\\/vatgas\\\/2024\\\/05\\\/22\\\/produktion-av-gron-vatgas-istallet-for-kolkraftverk\\\/\"]}]},{\"@type\":\"ImageObject\",\"inLanguage\":\"sv-SE\",\"@id\":\"https:\\\/\\\/iwdev.se\\\/vatgas\\\/2024\\\/05\\\/22\\\/produktion-av-gron-vatgas-istallet-for-kolkraftverk\\\/#primaryimage\",\"url\":\"https:\\\/\\\/iwdev.se\\\/vatgas\\\/wp-content\\\/uploads\\\/2024\\\/05\\\/Vatgas.webp\",\"contentUrl\":\"https:\\\/\\\/iwdev.se\\\/vatgas\\\/wp-content\\\/uploads\\\/2024\\\/05\\\/Vatgas.webp\",\"width\":600,\"height\":450},{\"@type\":\"BreadcrumbList\",\"@id\":\"https:\\\/\\\/iwdev.se\\\/vatgas\\\/2024\\\/05\\\/22\\\/produktion-av-gron-vatgas-istallet-for-kolkraftverk\\\/#breadcrumb\",\"itemListElement\":[{\"@type\":\"ListItem\",\"position\":1,\"name\":\"Home\",\"item\":\"https:\\\/\\\/iwdev.se\\\/vatgas\\\/\"},{\"@type\":\"ListItem\",\"position\":2,\"name\":\"Produktion av gr\u00f6n v\u00e4tgas ist\u00e4llet f\u00f6r kolkraftverk\"}]},{\"@type\":\"WebSite\",\"@id\":\"https:\\\/\\\/iwdev.se\\\/vatgas\\\/#website\",\"url\":\"https:\\\/\\\/iwdev.se\\\/vatgas\\\/\",\"name\":\"V\u00e4tgas Sverige\",\"description\":\"En ledande plattform f\u00f6r omst\u00e4llningen till fossilfrihet\",\"publisher\":{\"@id\":\"https:\\\/\\\/iwdev.se\\\/vatgas\\\/#organization\"},\"potentialAction\":[{\"@type\":\"SearchAction\",\"target\":{\"@type\":\"EntryPoint\",\"urlTemplate\":\"https:\\\/\\\/iwdev.se\\\/vatgas\\\/?s={search_term_string}\"},\"query-input\":{\"@type\":\"PropertyValueSpecification\",\"valueRequired\":true,\"valueName\":\"search_term_string\"}}],\"inLanguage\":\"sv-SE\"},{\"@type\":\"Organization\",\"@id\":\"https:\\\/\\\/iwdev.se\\\/vatgas\\\/#organization\",\"name\":\"V\u00e4tgas Sverige\",\"url\":\"https:\\\/\\\/iwdev.se\\\/vatgas\\\/\",\"logo\":{\"@type\":\"ImageObject\",\"inLanguage\":\"sv-SE\",\"@id\":\"https:\\\/\\\/iwdev.se\\\/vatgas\\\/#\\\/schema\\\/logo\\\/image\\\/\",\"url\":\"https:\\\/\\\/iwdev.se\\\/vatgas\\\/wp-content\\\/uploads\\\/2022\\\/06\\\/LOGO.png\",\"contentUrl\":\"https:\\\/\\\/iwdev.se\\\/vatgas\\\/wp-content\\\/uploads\\\/2022\\\/06\\\/LOGO.png\",\"width\":240,\"height\":147,\"caption\":\"V\u00e4tgas Sverige\"},\"image\":{\"@id\":\"https:\\\/\\\/iwdev.se\\\/vatgas\\\/#\\\/schema\\\/logo\\\/image\\\/\"}},{\"@type\":\"Person\",\"@id\":\"https:\\\/\\\/iwdev.se\\\/vatgas\\\/#\\\/schema\\\/person\\\/2a6f045268bb28372e6b22c7ba581a47\",\"name\":\"eva.corell@vatgas.se\",\"url\":\"https:\\\/\\\/iwdev.se\\\/vatgas\\\/author\\\/eva-corellvatgas-se\\\/\"}]}<\/script>\n<!-- \/ Yoast SEO Premium plugin. -->","yoast_head_json":{"title":"Produktion av gr\u00f6n v\u00e4tgas ist\u00e4llet f\u00f6r kolkraftverk - V\u00e4tgas Sverige","description":"Afry som \u00e4r en av V\u00e4tgas Sveriges medlemmar, har f\u00e5tt i uppdrag av Lausitz Energie Kraftwerke (LEAG) att st\u00f6dja utvecklingen av en andra Power-to-X-anl\u00e4ggning i Tyskland.","robots":{"index":"noindex","follow":"follow","max-snippet":"max-snippet:-1","max-image-preview":"max-image-preview:large","max-video-preview":"max-video-preview:-1"},"og_locale":"sv_SE","og_type":"article","og_title":"Produktion av gr\u00f6n v\u00e4tgas ist\u00e4llet f\u00f6r kolkraftverk","og_description":"Afry som \u00e4r en av V\u00e4tgas Sveriges medlemmar, har f\u00e5tt i uppdrag av Lausitz Energie Kraftwerke (LEAG) att st\u00f6dja utvecklingen av en andra Power-to-X-anl\u00e4ggning i Tyskland.","og_url":"https:\/\/iwdev.se\/vatgas\/2024\/05\/22\/produktion-av-gron-vatgas-istallet-for-kolkraftverk\/","og_site_name":"V\u00e4tgas Sverige","article_published_time":"2024-05-22T12:42:35+00:00","article_modified_time":"2024-05-30T13:49:33+00:00","og_image":[{"width":600,"height":450,"url":"https:\/\/iwdev.se\/vatgas\/wp-content\/uploads\/2024\/05\/Vatgas.webp","type":"image\/webp"}],"author":"eva.corell@vatgas.se","twitter_card":"summary_large_image","twitter_misc":{"Skriven av":"eva.corell@vatgas.se","Ber\u00e4knad l\u00e4stid":"1 minut"},"schema":{"@context":"https:\/\/schema.org","@graph":[{"@type":"Article","@id":"https:\/\/iwdev.se\/vatgas\/2024\/05\/22\/produktion-av-gron-vatgas-istallet-for-kolkraftverk\/#article","isPartOf":{"@id":"https:\/\/iwdev.se\/vatgas\/2024\/05\/22\/produktion-av-gron-vatgas-istallet-for-kolkraftverk\/"},"author":{"name":"eva.corell@vatgas.se","@id":"https:\/\/iwdev.se\/vatgas\/#\/schema\/person\/2a6f045268bb28372e6b22c7ba581a47"},"headline":"Produktion av gr\u00f6n v\u00e4tgas ist\u00e4llet f\u00f6r kolkraftverk","datePublished":"2024-05-22T12:42:35+00:00","dateModified":"2024-05-30T13:49:33+00:00","mainEntityOfPage":{"@id":"https:\/\/iwdev.se\/vatgas\/2024\/05\/22\/produktion-av-gron-vatgas-istallet-for-kolkraftverk\/"},"wordCount":177,"publisher":{"@id":"https:\/\/iwdev.se\/vatgas\/#organization"},"image":{"@id":"https:\/\/iwdev.se\/vatgas\/2024\/05\/22\/produktion-av-gron-vatgas-istallet-for-kolkraftverk\/#primaryimage"},"thumbnailUrl":"https:\/\/iwdev.se\/vatgas\/wp-content\/uploads\/2024\/05\/Vatgas.webp","articleSection":["Nyheter"],"inLanguage":"sv-SE"},{"@type":"WebPage","@id":"https:\/\/iwdev.se\/vatgas\/2024\/05\/22\/produktion-av-gron-vatgas-istallet-for-kolkraftverk\/","url":"https:\/\/iwdev.se\/vatgas\/2024\/05\/22\/produktion-av-gron-vatgas-istallet-for-kolkraftverk\/","name":"Produktion av gr\u00f6n v\u00e4tgas ist\u00e4llet f\u00f6r kolkraftverk - V\u00e4tgas Sverige","isPartOf":{"@id":"https:\/\/iwdev.se\/vatgas\/#website"},"primaryImageOfPage":{"@id":"https:\/\/iwdev.se\/vatgas\/2024\/05\/22\/produktion-av-gron-vatgas-istallet-for-kolkraftverk\/#primaryimage"},"image":{"@id":"https:\/\/iwdev.se\/vatgas\/2024\/05\/22\/produktion-av-gron-vatgas-istallet-for-kolkraftverk\/#primaryimage"},"thumbnailUrl":"https:\/\/iwdev.se\/vatgas\/wp-content\/uploads\/2024\/05\/Vatgas.webp","datePublished":"2024-05-22T12:42:35+00:00","dateModified":"2024-05-30T13:49:33+00:00","description":"Afry som \u00e4r en av V\u00e4tgas Sveriges medlemmar, har f\u00e5tt i uppdrag av Lausitz Energie Kraftwerke (LEAG) att st\u00f6dja utvecklingen av en andra Power-to-X-anl\u00e4ggning i Tyskland.","breadcrumb":{"@id":"https:\/\/iwdev.se\/vatgas\/2024\/05\/22\/produktion-av-gron-vatgas-istallet-for-kolkraftverk\/#breadcrumb"},"inLanguage":"sv-SE","potentialAction":[{"@type":"ReadAction","target":["https:\/\/iwdev.se\/vatgas\/2024\/05\/22\/produktion-av-gron-vatgas-istallet-for-kolkraftverk\/"]}]},{"@type":"ImageObject","inLanguage":"sv-SE","@id":"https:\/\/iwdev.se\/vatgas\/2024\/05\/22\/produktion-av-gron-vatgas-istallet-for-kolkraftverk\/#primaryimage","url":"https:\/\/iwdev.se\/vatgas\/wp-content\/uploads\/2024\/05\/Vatgas.webp","contentUrl":"https:\/\/iwdev.se\/vatgas\/wp-content\/uploads\/2024\/05\/Vatgas.webp","width":600,"height":450},{"@type":"BreadcrumbList","@id":"https:\/\/iwdev.se\/vatgas\/2024\/05\/22\/produktion-av-gron-vatgas-istallet-for-kolkraftverk\/#breadcrumb","itemListElement":[{"@type":"ListItem","position":1,"name":"Home","item":"https:\/\/iwdev.se\/vatgas\/"},{"@type":"ListItem","position":2,"name":"Produktion av gr\u00f6n v\u00e4tgas ist\u00e4llet f\u00f6r kolkraftverk"}]},{"@type":"WebSite","@id":"https:\/\/iwdev.se\/vatgas\/#website","url":"https:\/\/iwdev.se\/vatgas\/","name":"V\u00e4tgas Sverige","description":"En ledande plattform f\u00f6r omst\u00e4llningen till fossilfrihet","publisher":{"@id":"https:\/\/iwdev.se\/vatgas\/#organization"},"potentialAction":[{"@type":"SearchAction","target":{"@type":"EntryPoint","urlTemplate":"https:\/\/iwdev.se\/vatgas\/?s={search_term_string}"},"query-input":{"@type":"PropertyValueSpecification","valueRequired":true,"valueName":"search_term_string"}}],"inLanguage":"sv-SE"},{"@type":"Organization","@id":"https:\/\/iwdev.se\/vatgas\/#organization","name":"V\u00e4tgas Sverige","url":"https:\/\/iwdev.se\/vatgas\/","logo":{"@type":"ImageObject","inLanguage":"sv-SE","@id":"https:\/\/iwdev.se\/vatgas\/#\/schema\/logo\/image\/","url":"https:\/\/iwdev.se\/vatgas\/wp-content\/uploads\/2022\/06\/LOGO.png","contentUrl":"https:\/\/iwdev.se\/vatgas\/wp-content\/uploads\/2022\/06\/LOGO.png","width":240,"height":147,"caption":"V\u00e4tgas Sverige"},"image":{"@id":"https:\/\/iwdev.se\/vatgas\/#\/schema\/logo\/image\/"}},{"@type":"Person","@id":"https:\/\/iwdev.se\/vatgas\/#\/schema\/person\/2a6f045268bb28372e6b22c7ba581a47","name":"eva.corell@vatgas.se","url":"https:\/\/iwdev.se\/vatgas\/author\/eva-corellvatgas-se\/"}]}},"_links":{"self":[{"href":"https:\/\/iwdev.se\/vatgas\/wp-json\/wp\/v2\/posts\/20698","targetHints":{"allow":["GET"]}}],"collection":[{"href":"https:\/\/iwdev.se\/vatgas\/wp-json\/wp\/v2\/posts"}],"about":[{"href":"https:\/\/iwdev.se\/vatgas\/wp-json\/wp\/v2\/types\/post"}],"author":[{"embeddable":true,"href":"https:\/\/iwdev.se\/vatgas\/wp-json\/wp\/v2\/users\/344"}],"replies":[{"embeddable":true,"href":"https:\/\/iwdev.se\/vatgas\/wp-json\/wp\/v2\/comments?post=20698"}],"version-history":[{"count":4,"href":"https:\/\/iwdev.se\/vatgas\/wp-json\/wp\/v2\/posts\/20698\/revisions"}],"predecessor-version":[{"id":20742,"href":"https:\/\/iwdev.se\/vatgas\/wp-json\/wp\/v2\/posts\/20698\/revisions\/20742"}],"wp:featuredmedia":[{"embeddable":true,"href":"https:\/\/iwdev.se\/vatgas\/wp-json\/wp\/v2\/media\/20710"}],"wp:attachment":[{"href":"https:\/\/iwdev.se\/vatgas\/wp-json\/wp\/v2\/media?parent=20698"}],"wp:term":[{"taxonomy":"category","embeddable":true,"href":"https:\/\/iwdev.se\/vatgas\/wp-json\/wp\/v2\/categories?post=20698"},{"taxonomy":"post_tag","embeddable":true,"href":"https:\/\/iwdev.se\/vatgas\/wp-json\/wp\/v2\/tags?post=20698"}],"curies":[{"name":"wp","href":"https:\/\/api.w.org\/{rel}","templated":true}]}}