{"id":20701,"date":"2024-05-23T12:56:04","date_gmt":"2024-05-23T12:56:04","guid":{"rendered":"https:\/\/vatgas.hemsida.eu\/?p=20701"},"modified":"2024-05-30T06:15:40","modified_gmt":"2024-05-30T06:15:40","slug":"hyundai-planerar-tillverkning-av-vatgasdriven-sportbil","status":"publish","type":"post","link":"https:\/\/iwdev.se\/vatgas\/2024\/05\/23\/hyundai-planerar-tillverkning-av-vatgasdriven-sportbil\/","title":{"rendered":"Hyundai planerar tillverkning av v\u00e4tgasdriven sportbil"},"content":{"rendered":"\n<hr class=\"wp-block-separator has-alpha-channel-opacity\"\/>\n\n\n\n<p><\/p>\n\n\n\n<p>I Koreanska medier kan vi l\u00e4sa att Hyundai planerar att fr\u00e5n mitten av 2026 b\u00f6rja med tillverkning av en supersportbil med en elmotor som drivs av b\u00e5de batteri och en v\u00e4tgasdriven br\u00e4nslecell.<\/p>\n\n\n\n<p>Hyundai som lanserade den v\u00e4tgasdrivna br\u00e4nslecellsbilen Nexo redan 2018, tror p\u00e5 en framtid med v\u00e4tgas som drivmedel trots att dessa fordon inte \u00e4r en vanlig syn p\u00e5 v\u00e5ra v\u00e4gar idag.<br><br>Hyundai presenterade konceptbilen N Vision 74 f\u00f6r ett par \u00e5r sedan, och nu st\u00e5r det att l\u00e4sa i koreanska medier att Hyundai t\u00e4nker g\u00f6ra verklighet av tekniken i form av en supersportbil i stil med N Vision 74. <\/p>\n\n\n\n<p>Inget officiellt uttalande har gjorts men en underleverant\u00f6r till Hyundai ska ha sagt att de har f\u00e5tt information om att produktion ska inledas i juni 2026. Det r\u00f6r sig om hundra bilar \u00e5rligen i tv\u00e5 \u00e5rs tid.<\/p>\n\n\n\n<p>Bild@Hyundai<\/p>\n\n\n\n<div class=\"wp-block-buttons is-layout-flex wp-block-buttons-is-layout-flex\">\n<div class=\"wp-block-button\"><a class=\"wp-block-button__link wp-element-button\" href=\"https:\/\/teknikensvarld.expressen.se\/nyheter\/bil-och-trafik\/elbil-laddhybrid\/hyundai-sags-slappa-batteri--och-vatgasdriven-supersportbil\/?gaa_at=eafs&amp;gaa_n=ARTJ-U_R-Jt7_fTa5wmvDi4F4iWsFETF2fL__z_9Eya8fHvp2va5qSrJMmOB&amp;gaa_ts=66572680&amp;gaa_sig=m2EKMdQozhdjXmpbuBnkQD6eRBiyXmTIkcUz0d_oQK0oYpdzdTszTJexqetr5zxWwTpWgwbvMlfk2r5T3H0afw%3D%3D\" target=\"_blank\" rel=\"noreferrer noopener\">L\u00e4s artikeln i Teknikens V\u00e4rld<\/a><\/div>\n<\/div>\n","protected":false},"excerpt":{"rendered":"<p>I Koreanska medier kan vi l\u00e4sa att Hyundai planerar att fr\u00e5n mitten av 2026 b\u00f6rja med tillverkning av en supersportbil med en elmotor som drivs av b\u00e5de batteri och en v\u00e4tgasdriven br\u00e4nslecell.<\/p>\n","protected":false},"author":344,"featured_media":20706,"comment_status":"closed","ping_status":"closed","sticky":false,"template":"","format":"standard","meta":{"_acf_changed":false,"footnotes":""},"categories":[12],"tags":[],"class_list":["post-20701","post","type-post","status-publish","format-standard","has-post-thumbnail","hentry","category-nyheter"],"acf":[],"yoast_head":"<!-- This site is optimized with the Yoast SEO Premium plugin v26.4 (Yoast SEO v27.4) - https:\/\/yoast.com\/product\/yoast-seo-premium-wordpress\/ -->\n<title>Hyundai planerar tillverkning av v\u00e4tgasdriven sportbil - V\u00e4tgas Sverige<\/title>\n<meta name=\"description\" content=\"I Koreanska medier kan vi l\u00e4sa att Hyundai planerar att fr\u00e5n mitten av 2026 b\u00f6rja med tillverkning av en supersportbil med en elmotor som drivs av b\u00e5de batteri och en v\u00e4tgasdriven br\u00e4nslecell.\" \/>\n<meta name=\"robots\" content=\"noindex, follow, max-snippet:-1, max-image-preview:large, max-video-preview:-1\" \/>\n<meta property=\"og:locale\" content=\"sv_SE\" \/>\n<meta property=\"og:type\" content=\"article\" \/>\n<meta property=\"og:title\" content=\"Hyundai planerar tillverkning av v\u00e4tgasdriven sportbil\" \/>\n<meta property=\"og:description\" content=\"I Koreanska medier kan vi l\u00e4sa att Hyundai planerar att fr\u00e5n mitten av 2026 b\u00f6rja med tillverkning av en supersportbil med en elmotor som drivs av b\u00e5de batteri och en v\u00e4tgasdriven br\u00e4nslecell.\" \/>\n<meta property=\"og:url\" content=\"https:\/\/iwdev.se\/vatgas\/2024\/05\/23\/hyundai-planerar-tillverkning-av-vatgasdriven-sportbil\/\" \/>\n<meta property=\"og:site_name\" content=\"V\u00e4tgas Sverige\" \/>\n<meta property=\"article:published_time\" content=\"2024-05-23T12:56:04+00:00\" \/>\n<meta property=\"article:modified_time\" content=\"2024-05-30T06:15:40+00:00\" \/>\n<meta property=\"og:image\" content=\"https:\/\/iwdev.se\/vatgas\/wp-content\/uploads\/2024\/05\/Hyundai.webp\" \/>\n\t<meta property=\"og:image:width\" content=\"600\" \/>\n\t<meta property=\"og:image:height\" content=\"450\" \/>\n\t<meta property=\"og:image:type\" content=\"image\/webp\" \/>\n<meta name=\"author\" content=\"eva.corell@vatgas.se\" \/>\n<meta name=\"twitter:card\" content=\"summary_large_image\" \/>\n<meta name=\"twitter:label1\" content=\"Skriven av\" \/>\n\t<meta name=\"twitter:data1\" content=\"eva.corell@vatgas.se\" \/>\n\t<meta name=\"twitter:label2\" content=\"Ber\u00e4knad l\u00e4stid\" \/>\n\t<meta name=\"twitter:data2\" content=\"1 minut\" \/>\n<script type=\"application\/ld+json\" class=\"yoast-schema-graph\">{\"@context\":\"https:\\\/\\\/schema.org\",\"@graph\":[{\"@type\":\"Article\",\"@id\":\"https:\\\/\\\/iwdev.se\\\/vatgas\\\/2024\\\/05\\\/23\\\/hyundai-planerar-tillverkning-av-vatgasdriven-sportbil\\\/#article\",\"isPartOf\":{\"@id\":\"https:\\\/\\\/iwdev.se\\\/vatgas\\\/2024\\\/05\\\/23\\\/hyundai-planerar-tillverkning-av-vatgasdriven-sportbil\\\/\"},\"author\":{\"name\":\"eva.corell@vatgas.se\",\"@id\":\"https:\\\/\\\/iwdev.se\\\/vatgas\\\/#\\\/schema\\\/person\\\/2a6f045268bb28372e6b22c7ba581a47\"},\"headline\":\"Hyundai planerar tillverkning av v\u00e4tgasdriven sportbil\",\"datePublished\":\"2024-05-23T12:56:04+00:00\",\"dateModified\":\"2024-05-30T06:15:40+00:00\",\"mainEntityOfPage\":{\"@id\":\"https:\\\/\\\/iwdev.se\\\/vatgas\\\/2024\\\/05\\\/23\\\/hyundai-planerar-tillverkning-av-vatgasdriven-sportbil\\\/\"},\"wordCount\":167,\"publisher\":{\"@id\":\"https:\\\/\\\/iwdev.se\\\/vatgas\\\/#organization\"},\"image\":{\"@id\":\"https:\\\/\\\/iwdev.se\\\/vatgas\\\/2024\\\/05\\\/23\\\/hyundai-planerar-tillverkning-av-vatgasdriven-sportbil\\\/#primaryimage\"},\"thumbnailUrl\":\"https:\\\/\\\/iwdev.se\\\/vatgas\\\/wp-content\\\/uploads\\\/2024\\\/05\\\/Hyundai.webp\",\"articleSection\":[\"Nyheter\"],\"inLanguage\":\"sv-SE\"},{\"@type\":\"WebPage\",\"@id\":\"https:\\\/\\\/iwdev.se\\\/vatgas\\\/2024\\\/05\\\/23\\\/hyundai-planerar-tillverkning-av-vatgasdriven-sportbil\\\/\",\"url\":\"https:\\\/\\\/iwdev.se\\\/vatgas\\\/2024\\\/05\\\/23\\\/hyundai-planerar-tillverkning-av-vatgasdriven-sportbil\\\/\",\"name\":\"Hyundai planerar tillverkning av v\u00e4tgasdriven sportbil - V\u00e4tgas Sverige\",\"isPartOf\":{\"@id\":\"https:\\\/\\\/iwdev.se\\\/vatgas\\\/#website\"},\"primaryImageOfPage\":{\"@id\":\"https:\\\/\\\/iwdev.se\\\/vatgas\\\/2024\\\/05\\\/23\\\/hyundai-planerar-tillverkning-av-vatgasdriven-sportbil\\\/#primaryimage\"},\"image\":{\"@id\":\"https:\\\/\\\/iwdev.se\\\/vatgas\\\/2024\\\/05\\\/23\\\/hyundai-planerar-tillverkning-av-vatgasdriven-sportbil\\\/#primaryimage\"},\"thumbnailUrl\":\"https:\\\/\\\/iwdev.se\\\/vatgas\\\/wp-content\\\/uploads\\\/2024\\\/05\\\/Hyundai.webp\",\"datePublished\":\"2024-05-23T12:56:04+00:00\",\"dateModified\":\"2024-05-30T06:15:40+00:00\",\"description\":\"I Koreanska medier kan vi l\u00e4sa att Hyundai planerar att fr\u00e5n mitten av 2026 b\u00f6rja med tillverkning av en supersportbil med en elmotor som drivs av b\u00e5de batteri och en v\u00e4tgasdriven br\u00e4nslecell.\",\"breadcrumb\":{\"@id\":\"https:\\\/\\\/iwdev.se\\\/vatgas\\\/2024\\\/05\\\/23\\\/hyundai-planerar-tillverkning-av-vatgasdriven-sportbil\\\/#breadcrumb\"},\"inLanguage\":\"sv-SE\",\"potentialAction\":[{\"@type\":\"ReadAction\",\"target\":[\"https:\\\/\\\/iwdev.se\\\/vatgas\\\/2024\\\/05\\\/23\\\/hyundai-planerar-tillverkning-av-vatgasdriven-sportbil\\\/\"]}]},{\"@type\":\"ImageObject\",\"inLanguage\":\"sv-SE\",\"@id\":\"https:\\\/\\\/iwdev.se\\\/vatgas\\\/2024\\\/05\\\/23\\\/hyundai-planerar-tillverkning-av-vatgasdriven-sportbil\\\/#primaryimage\",\"url\":\"https:\\\/\\\/iwdev.se\\\/vatgas\\\/wp-content\\\/uploads\\\/2024\\\/05\\\/Hyundai.webp\",\"contentUrl\":\"https:\\\/\\\/iwdev.se\\\/vatgas\\\/wp-content\\\/uploads\\\/2024\\\/05\\\/Hyundai.webp\",\"width\":600,\"height\":450},{\"@type\":\"BreadcrumbList\",\"@id\":\"https:\\\/\\\/iwdev.se\\\/vatgas\\\/2024\\\/05\\\/23\\\/hyundai-planerar-tillverkning-av-vatgasdriven-sportbil\\\/#breadcrumb\",\"itemListElement\":[{\"@type\":\"ListItem\",\"position\":1,\"name\":\"Home\",\"item\":\"https:\\\/\\\/iwdev.se\\\/vatgas\\\/\"},{\"@type\":\"ListItem\",\"position\":2,\"name\":\"Hyundai planerar tillverkning av v\u00e4tgasdriven sportbil\"}]},{\"@type\":\"WebSite\",\"@id\":\"https:\\\/\\\/iwdev.se\\\/vatgas\\\/#website\",\"url\":\"https:\\\/\\\/iwdev.se\\\/vatgas\\\/\",\"name\":\"V\u00e4tgas Sverige\",\"description\":\"En ledande plattform f\u00f6r omst\u00e4llningen till fossilfrihet\",\"publisher\":{\"@id\":\"https:\\\/\\\/iwdev.se\\\/vatgas\\\/#organization\"},\"potentialAction\":[{\"@type\":\"SearchAction\",\"target\":{\"@type\":\"EntryPoint\",\"urlTemplate\":\"https:\\\/\\\/iwdev.se\\\/vatgas\\\/?s={search_term_string}\"},\"query-input\":{\"@type\":\"PropertyValueSpecification\",\"valueRequired\":true,\"valueName\":\"search_term_string\"}}],\"inLanguage\":\"sv-SE\"},{\"@type\":\"Organization\",\"@id\":\"https:\\\/\\\/iwdev.se\\\/vatgas\\\/#organization\",\"name\":\"V\u00e4tgas Sverige\",\"url\":\"https:\\\/\\\/iwdev.se\\\/vatgas\\\/\",\"logo\":{\"@type\":\"ImageObject\",\"inLanguage\":\"sv-SE\",\"@id\":\"https:\\\/\\\/iwdev.se\\\/vatgas\\\/#\\\/schema\\\/logo\\\/image\\\/\",\"url\":\"https:\\\/\\\/iwdev.se\\\/vatgas\\\/wp-content\\\/uploads\\\/2022\\\/06\\\/LOGO.png\",\"contentUrl\":\"https:\\\/\\\/iwdev.se\\\/vatgas\\\/wp-content\\\/uploads\\\/2022\\\/06\\\/LOGO.png\",\"width\":240,\"height\":147,\"caption\":\"V\u00e4tgas Sverige\"},\"image\":{\"@id\":\"https:\\\/\\\/iwdev.se\\\/vatgas\\\/#\\\/schema\\\/logo\\\/image\\\/\"}},{\"@type\":\"Person\",\"@id\":\"https:\\\/\\\/iwdev.se\\\/vatgas\\\/#\\\/schema\\\/person\\\/2a6f045268bb28372e6b22c7ba581a47\",\"name\":\"eva.corell@vatgas.se\",\"url\":\"https:\\\/\\\/iwdev.se\\\/vatgas\\\/author\\\/eva-corellvatgas-se\\\/\"}]}<\/script>\n<!-- \/ Yoast SEO Premium plugin. -->","yoast_head_json":{"title":"Hyundai planerar tillverkning av v\u00e4tgasdriven sportbil - V\u00e4tgas Sverige","description":"I Koreanska medier kan vi l\u00e4sa att Hyundai planerar att fr\u00e5n mitten av 2026 b\u00f6rja med tillverkning av en supersportbil med en elmotor som drivs av b\u00e5de batteri och en v\u00e4tgasdriven br\u00e4nslecell.","robots":{"index":"noindex","follow":"follow","max-snippet":"max-snippet:-1","max-image-preview":"max-image-preview:large","max-video-preview":"max-video-preview:-1"},"og_locale":"sv_SE","og_type":"article","og_title":"Hyundai planerar tillverkning av v\u00e4tgasdriven sportbil","og_description":"I Koreanska medier kan vi l\u00e4sa att Hyundai planerar att fr\u00e5n mitten av 2026 b\u00f6rja med tillverkning av en supersportbil med en elmotor som drivs av b\u00e5de batteri och en v\u00e4tgasdriven br\u00e4nslecell.","og_url":"https:\/\/iwdev.se\/vatgas\/2024\/05\/23\/hyundai-planerar-tillverkning-av-vatgasdriven-sportbil\/","og_site_name":"V\u00e4tgas Sverige","article_published_time":"2024-05-23T12:56:04+00:00","article_modified_time":"2024-05-30T06:15:40+00:00","og_image":[{"width":600,"height":450,"url":"https:\/\/iwdev.se\/vatgas\/wp-content\/uploads\/2024\/05\/Hyundai.webp","type":"image\/webp"}],"author":"eva.corell@vatgas.se","twitter_card":"summary_large_image","twitter_misc":{"Skriven av":"eva.corell@vatgas.se","Ber\u00e4knad l\u00e4stid":"1 minut"},"schema":{"@context":"https:\/\/schema.org","@graph":[{"@type":"Article","@id":"https:\/\/iwdev.se\/vatgas\/2024\/05\/23\/hyundai-planerar-tillverkning-av-vatgasdriven-sportbil\/#article","isPartOf":{"@id":"https:\/\/iwdev.se\/vatgas\/2024\/05\/23\/hyundai-planerar-tillverkning-av-vatgasdriven-sportbil\/"},"author":{"name":"eva.corell@vatgas.se","@id":"https:\/\/iwdev.se\/vatgas\/#\/schema\/person\/2a6f045268bb28372e6b22c7ba581a47"},"headline":"Hyundai planerar tillverkning av v\u00e4tgasdriven sportbil","datePublished":"2024-05-23T12:56:04+00:00","dateModified":"2024-05-30T06:15:40+00:00","mainEntityOfPage":{"@id":"https:\/\/iwdev.se\/vatgas\/2024\/05\/23\/hyundai-planerar-tillverkning-av-vatgasdriven-sportbil\/"},"wordCount":167,"publisher":{"@id":"https:\/\/iwdev.se\/vatgas\/#organization"},"image":{"@id":"https:\/\/iwdev.se\/vatgas\/2024\/05\/23\/hyundai-planerar-tillverkning-av-vatgasdriven-sportbil\/#primaryimage"},"thumbnailUrl":"https:\/\/iwdev.se\/vatgas\/wp-content\/uploads\/2024\/05\/Hyundai.webp","articleSection":["Nyheter"],"inLanguage":"sv-SE"},{"@type":"WebPage","@id":"https:\/\/iwdev.se\/vatgas\/2024\/05\/23\/hyundai-planerar-tillverkning-av-vatgasdriven-sportbil\/","url":"https:\/\/iwdev.se\/vatgas\/2024\/05\/23\/hyundai-planerar-tillverkning-av-vatgasdriven-sportbil\/","name":"Hyundai planerar tillverkning av v\u00e4tgasdriven sportbil - V\u00e4tgas Sverige","isPartOf":{"@id":"https:\/\/iwdev.se\/vatgas\/#website"},"primaryImageOfPage":{"@id":"https:\/\/iwdev.se\/vatgas\/2024\/05\/23\/hyundai-planerar-tillverkning-av-vatgasdriven-sportbil\/#primaryimage"},"image":{"@id":"https:\/\/iwdev.se\/vatgas\/2024\/05\/23\/hyundai-planerar-tillverkning-av-vatgasdriven-sportbil\/#primaryimage"},"thumbnailUrl":"https:\/\/iwdev.se\/vatgas\/wp-content\/uploads\/2024\/05\/Hyundai.webp","datePublished":"2024-05-23T12:56:04+00:00","dateModified":"2024-05-30T06:15:40+00:00","description":"I Koreanska medier kan vi l\u00e4sa att Hyundai planerar att fr\u00e5n mitten av 2026 b\u00f6rja med tillverkning av en supersportbil med en elmotor som drivs av b\u00e5de batteri och en v\u00e4tgasdriven br\u00e4nslecell.","breadcrumb":{"@id":"https:\/\/iwdev.se\/vatgas\/2024\/05\/23\/hyundai-planerar-tillverkning-av-vatgasdriven-sportbil\/#breadcrumb"},"inLanguage":"sv-SE","potentialAction":[{"@type":"ReadAction","target":["https:\/\/iwdev.se\/vatgas\/2024\/05\/23\/hyundai-planerar-tillverkning-av-vatgasdriven-sportbil\/"]}]},{"@type":"ImageObject","inLanguage":"sv-SE","@id":"https:\/\/iwdev.se\/vatgas\/2024\/05\/23\/hyundai-planerar-tillverkning-av-vatgasdriven-sportbil\/#primaryimage","url":"https:\/\/iwdev.se\/vatgas\/wp-content\/uploads\/2024\/05\/Hyundai.webp","contentUrl":"https:\/\/iwdev.se\/vatgas\/wp-content\/uploads\/2024\/05\/Hyundai.webp","width":600,"height":450},{"@type":"BreadcrumbList","@id":"https:\/\/iwdev.se\/vatgas\/2024\/05\/23\/hyundai-planerar-tillverkning-av-vatgasdriven-sportbil\/#breadcrumb","itemListElement":[{"@type":"ListItem","position":1,"name":"Home","item":"https:\/\/iwdev.se\/vatgas\/"},{"@type":"ListItem","position":2,"name":"Hyundai planerar tillverkning av v\u00e4tgasdriven sportbil"}]},{"@type":"WebSite","@id":"https:\/\/iwdev.se\/vatgas\/#website","url":"https:\/\/iwdev.se\/vatgas\/","name":"V\u00e4tgas Sverige","description":"En ledande plattform f\u00f6r omst\u00e4llningen till fossilfrihet","publisher":{"@id":"https:\/\/iwdev.se\/vatgas\/#organization"},"potentialAction":[{"@type":"SearchAction","target":{"@type":"EntryPoint","urlTemplate":"https:\/\/iwdev.se\/vatgas\/?s={search_term_string}"},"query-input":{"@type":"PropertyValueSpecification","valueRequired":true,"valueName":"search_term_string"}}],"inLanguage":"sv-SE"},{"@type":"Organization","@id":"https:\/\/iwdev.se\/vatgas\/#organization","name":"V\u00e4tgas Sverige","url":"https:\/\/iwdev.se\/vatgas\/","logo":{"@type":"ImageObject","inLanguage":"sv-SE","@id":"https:\/\/iwdev.se\/vatgas\/#\/schema\/logo\/image\/","url":"https:\/\/iwdev.se\/vatgas\/wp-content\/uploads\/2022\/06\/LOGO.png","contentUrl":"https:\/\/iwdev.se\/vatgas\/wp-content\/uploads\/2022\/06\/LOGO.png","width":240,"height":147,"caption":"V\u00e4tgas Sverige"},"image":{"@id":"https:\/\/iwdev.se\/vatgas\/#\/schema\/logo\/image\/"}},{"@type":"Person","@id":"https:\/\/iwdev.se\/vatgas\/#\/schema\/person\/2a6f045268bb28372e6b22c7ba581a47","name":"eva.corell@vatgas.se","url":"https:\/\/iwdev.se\/vatgas\/author\/eva-corellvatgas-se\/"}]}},"_links":{"self":[{"href":"https:\/\/iwdev.se\/vatgas\/wp-json\/wp\/v2\/posts\/20701","targetHints":{"allow":["GET"]}}],"collection":[{"href":"https:\/\/iwdev.se\/vatgas\/wp-json\/wp\/v2\/posts"}],"about":[{"href":"https:\/\/iwdev.se\/vatgas\/wp-json\/wp\/v2\/types\/post"}],"author":[{"embeddable":true,"href":"https:\/\/iwdev.se\/vatgas\/wp-json\/wp\/v2\/users\/344"}],"replies":[{"embeddable":true,"href":"https:\/\/iwdev.se\/vatgas\/wp-json\/wp\/v2\/comments?post=20701"}],"version-history":[{"count":5,"href":"https:\/\/iwdev.se\/vatgas\/wp-json\/wp\/v2\/posts\/20701\/revisions"}],"predecessor-version":[{"id":20708,"href":"https:\/\/iwdev.se\/vatgas\/wp-json\/wp\/v2\/posts\/20701\/revisions\/20708"}],"wp:featuredmedia":[{"embeddable":true,"href":"https:\/\/iwdev.se\/vatgas\/wp-json\/wp\/v2\/media\/20706"}],"wp:attachment":[{"href":"https:\/\/iwdev.se\/vatgas\/wp-json\/wp\/v2\/media?parent=20701"}],"wp:term":[{"taxonomy":"category","embeddable":true,"href":"https:\/\/iwdev.se\/vatgas\/wp-json\/wp\/v2\/categories?post=20701"},{"taxonomy":"post_tag","embeddable":true,"href":"https:\/\/iwdev.se\/vatgas\/wp-json\/wp\/v2\/tags?post=20701"}],"curies":[{"name":"wp","href":"https:\/\/api.w.org\/{rel}","templated":true}]}}