{"id":20733,"date":"2024-05-30T10:23:27","date_gmt":"2024-05-30T10:23:27","guid":{"rendered":"https:\/\/vatgas.hemsida.eu\/?p=20733"},"modified":"2024-05-30T10:23:30","modified_gmt":"2024-05-30T10:23:30","slug":"vatgas-sverige-i-almedalen-2024","status":"publish","type":"post","link":"https:\/\/iwdev.se\/vatgas\/2024\/05\/30\/vatgas-sverige-i-almedalen-2024\/","title":{"rendered":"V\u00e4tgas Sverige i Almedalen 2024"},"content":{"rendered":"\n<p>Under Almedalsveckan 2024 p\u00e5 onsdagen 26 juni anordnar vi tre seminarier om h\u00f6gaktuella \u00e4mnen med v\u00e4tgas i fokus. P\u00e5 f\u00f6rmiddagen arrangerar vi V\u00e4tgasArenan hos Arena Energi tillsammans med&nbsp;<a href=\"https:\/\/www.energiforetagen.se\/\">Energif\u00f6retagen&nbsp;<\/a>och&nbsp;<a href=\"https:\/\/www.energigas.se\/\">Energigas Sverige.<\/a>&nbsp;H\u00e4r lyfter vi v\u00e4tgas i energiomst\u00e4llningen i tre seminarier genom hela v\u00e4rdekedjan \u2013 fr\u00e5n produktion, distribution till anv\u00e4ndning. V\u00e4tgas Sverige ansvarar f\u00f6r det tredje seminariet med ett panelsamtal om v\u00e4tgasens framtid.<\/p>\n\n\n\n<p>P\u00e5 eftermiddagen inleder vi p\u00e5&nbsp;<a href=\"https:\/\/www.2030sekretariatet.se\/almedalen-program-2024\/\">2030-arenan<\/a>&nbsp;med en debatt kring sj\u00f6fartens omst\u00e4llning och att hamnarna m\u00e5ste bli energihubar. Hoppas vi ses!<\/p>\n\n\n\n<p>Stort tack till v\u00e5ra samarbetspartners <a href=\"https:\/\/metacon.se\/\">Metacon<\/a>, <a href=\"https:\/\/trelleborgsenergi.se\/\">Trelleborgs Energi, <\/a><a href=\"https:\/\/www.rejlers.se\/\">Rejlers,<\/a> <a href=\"https:\/\/www.ox2.com\/\">OX2<\/a>, <a href=\"https:\/\/www.euromekanik.se\/\">Euromekanik<\/a>, <a href=\"https:\/\/www.siemens-energy.com\/global\/en.html\">Siemens Energy<\/a>, <a href=\"https:\/\/www.res-group.com\/sv\/\">RES Nordics<\/a>, <a href=\"https:\/\/h2hive.se\/\">H2Hive<\/a>, <a href=\"https:\/\/www.hydri.co\/\">Hydri<\/a>, <a href=\"https:\/\/www.portofgothenburg.com\/\">G\u00f6teborgs Hamn,<\/a> <a href=\"https:\/\/www.boden.se\/\">Bodens Kommun<\/a>, <a href=\"https:\/\/www.ange.se\/\">\u00c5nge kommun<\/a> och <a href=\"https:\/\/www.uniper.energy\/sv\/sverige\">Uniper<\/a> som g\u00f6r V\u00e4tgas Sveriges n\u00e4rvaro i Almedalen m\u00f6jlig!<\/p>\n\n\n\n<p><a href=\"https:\/\/iwdev.se\/vatgas\/almedalen-2024\/\">L\u00e4s mer om v\u00e5ra seminarier och talare.<\/a><\/p>\n","protected":false},"excerpt":{"rendered":"<p>Under Almedalsveckan 2024 p\u00e5 onsdagen 26 juni anordnar vi tre seminarier om h\u00f6gaktuella \u00e4mnen med v\u00e4tgas i fokus. P\u00e5 f\u00f6rmiddagen arrangerar vi V\u00e4tgasArenan hos Arena Energi tillsammans med&nbsp;Energif\u00f6retagen&nbsp;och&nbsp;Energigas Sverige.&nbsp;H\u00e4r lyfter vi v\u00e4tgas i energiomst\u00e4llningen i tre seminarier genom hela v\u00e4rdekedjan \u2013 fr\u00e5n produktion, distribution till anv\u00e4ndning. V\u00e4tgas Sverige ansvarar f\u00f6r det tredje seminariet med ett <a class=\"moretag\" href=\"https:\/\/iwdev.se\/vatgas\/2024\/05\/30\/vatgas-sverige-i-almedalen-2024\/\">[&#8230;]<\/a><\/p>\n","protected":false},"author":3,"featured_media":20359,"comment_status":"closed","ping_status":"closed","sticky":false,"template":"","format":"standard","meta":{"_acf_changed":false,"footnotes":""},"categories":[12],"tags":[],"class_list":["post-20733","post","type-post","status-publish","format-standard","has-post-thumbnail","hentry","category-nyheter"],"acf":[],"yoast_head":"<!-- This site is optimized with the Yoast SEO Premium plugin v26.4 (Yoast SEO v27.4) - https:\/\/yoast.com\/product\/yoast-seo-premium-wordpress\/ -->\n<title>V\u00e4tgas Sverige i Almedalen 2024 - V\u00e4tgas Sverige<\/title>\n<meta name=\"robots\" content=\"noindex, follow, max-snippet:-1, max-image-preview:large, max-video-preview:-1\" \/>\n<meta property=\"og:locale\" content=\"sv_SE\" \/>\n<meta property=\"og:type\" content=\"article\" \/>\n<meta property=\"og:title\" content=\"V\u00e4tgas Sverige i Almedalen 2024\" \/>\n<meta property=\"og:description\" content=\"Under Almedalsveckan 2024 p\u00e5 onsdagen 26 juni anordnar vi tre seminarier om h\u00f6gaktuella \u00e4mnen med v\u00e4tgas i fokus. P\u00e5 f\u00f6rmiddagen arrangerar vi V\u00e4tgasArenan hos Arena Energi tillsammans med&nbsp;Energif\u00f6retagen&nbsp;och&nbsp;Energigas Sverige.&nbsp;H\u00e4r lyfter vi v\u00e4tgas i energiomst\u00e4llningen i tre seminarier genom hela v\u00e4rdekedjan \u2013 fr\u00e5n produktion, distribution till anv\u00e4ndning. V\u00e4tgas Sverige ansvarar f\u00f6r det tredje seminariet med ett [...]\" \/>\n<meta property=\"og:url\" content=\"https:\/\/iwdev.se\/vatgas\/2024\/05\/30\/vatgas-sverige-i-almedalen-2024\/\" \/>\n<meta property=\"og:site_name\" content=\"V\u00e4tgas Sverige\" \/>\n<meta property=\"article:published_time\" content=\"2024-05-30T10:23:27+00:00\" \/>\n<meta property=\"article:modified_time\" content=\"2024-05-30T10:23:30+00:00\" \/>\n<meta property=\"og:image\" content=\"https:\/\/iwdev.se\/vatgas\/wp-content\/uploads\/2024\/05\/Almedalen-banner1.png\" \/>\n\t<meta property=\"og:image:width\" content=\"2985\" \/>\n\t<meta property=\"og:image:height\" content=\"1331\" \/>\n\t<meta property=\"og:image:type\" content=\"image\/png\" \/>\n<meta name=\"author\" content=\"Charlotte Blomberg\" \/>\n<meta name=\"twitter:card\" content=\"summary_large_image\" \/>\n<meta name=\"twitter:label1\" content=\"Skriven av\" \/>\n\t<meta name=\"twitter:data1\" content=\"Charlotte Blomberg\" \/>\n\t<meta name=\"twitter:label2\" content=\"Ber\u00e4knad l\u00e4stid\" \/>\n\t<meta name=\"twitter:data2\" content=\"1 minut\" \/>\n<script type=\"application\/ld+json\" class=\"yoast-schema-graph\">{\"@context\":\"https:\\\/\\\/schema.org\",\"@graph\":[{\"@type\":\"Article\",\"@id\":\"https:\\\/\\\/iwdev.se\\\/vatgas\\\/2024\\\/05\\\/30\\\/vatgas-sverige-i-almedalen-2024\\\/#article\",\"isPartOf\":{\"@id\":\"https:\\\/\\\/iwdev.se\\\/vatgas\\\/2024\\\/05\\\/30\\\/vatgas-sverige-i-almedalen-2024\\\/\"},\"author\":{\"name\":\"Charlotte Blomberg\",\"@id\":\"https:\\\/\\\/iwdev.se\\\/vatgas\\\/#\\\/schema\\\/person\\\/8cc2f1473867b95de7c82567e7e9e0d0\"},\"headline\":\"V\u00e4tgas Sverige i Almedalen 2024\",\"datePublished\":\"2024-05-30T10:23:27+00:00\",\"dateModified\":\"2024-05-30T10:23:30+00:00\",\"mainEntityOfPage\":{\"@id\":\"https:\\\/\\\/iwdev.se\\\/vatgas\\\/2024\\\/05\\\/30\\\/vatgas-sverige-i-almedalen-2024\\\/\"},\"wordCount\":158,\"publisher\":{\"@id\":\"https:\\\/\\\/iwdev.se\\\/vatgas\\\/#organization\"},\"image\":{\"@id\":\"https:\\\/\\\/iwdev.se\\\/vatgas\\\/2024\\\/05\\\/30\\\/vatgas-sverige-i-almedalen-2024\\\/#primaryimage\"},\"thumbnailUrl\":\"https:\\\/\\\/iwdev.se\\\/vatgas\\\/wp-content\\\/uploads\\\/2024\\\/05\\\/Almedalen-banner1.png\",\"articleSection\":[\"Nyheter\"],\"inLanguage\":\"sv-SE\"},{\"@type\":\"WebPage\",\"@id\":\"https:\\\/\\\/iwdev.se\\\/vatgas\\\/2024\\\/05\\\/30\\\/vatgas-sverige-i-almedalen-2024\\\/\",\"url\":\"https:\\\/\\\/iwdev.se\\\/vatgas\\\/2024\\\/05\\\/30\\\/vatgas-sverige-i-almedalen-2024\\\/\",\"name\":\"V\u00e4tgas Sverige i Almedalen 2024 - V\u00e4tgas Sverige\",\"isPartOf\":{\"@id\":\"https:\\\/\\\/iwdev.se\\\/vatgas\\\/#website\"},\"primaryImageOfPage\":{\"@id\":\"https:\\\/\\\/iwdev.se\\\/vatgas\\\/2024\\\/05\\\/30\\\/vatgas-sverige-i-almedalen-2024\\\/#primaryimage\"},\"image\":{\"@id\":\"https:\\\/\\\/iwdev.se\\\/vatgas\\\/2024\\\/05\\\/30\\\/vatgas-sverige-i-almedalen-2024\\\/#primaryimage\"},\"thumbnailUrl\":\"https:\\\/\\\/iwdev.se\\\/vatgas\\\/wp-content\\\/uploads\\\/2024\\\/05\\\/Almedalen-banner1.png\",\"datePublished\":\"2024-05-30T10:23:27+00:00\",\"dateModified\":\"2024-05-30T10:23:30+00:00\",\"breadcrumb\":{\"@id\":\"https:\\\/\\\/iwdev.se\\\/vatgas\\\/2024\\\/05\\\/30\\\/vatgas-sverige-i-almedalen-2024\\\/#breadcrumb\"},\"inLanguage\":\"sv-SE\",\"potentialAction\":[{\"@type\":\"ReadAction\",\"target\":[\"https:\\\/\\\/iwdev.se\\\/vatgas\\\/2024\\\/05\\\/30\\\/vatgas-sverige-i-almedalen-2024\\\/\"]}]},{\"@type\":\"ImageObject\",\"inLanguage\":\"sv-SE\",\"@id\":\"https:\\\/\\\/iwdev.se\\\/vatgas\\\/2024\\\/05\\\/30\\\/vatgas-sverige-i-almedalen-2024\\\/#primaryimage\",\"url\":\"https:\\\/\\\/iwdev.se\\\/vatgas\\\/wp-content\\\/uploads\\\/2024\\\/05\\\/Almedalen-banner1.png\",\"contentUrl\":\"https:\\\/\\\/iwdev.se\\\/vatgas\\\/wp-content\\\/uploads\\\/2024\\\/05\\\/Almedalen-banner1.png\",\"width\":2985,\"height\":1331},{\"@type\":\"BreadcrumbList\",\"@id\":\"https:\\\/\\\/iwdev.se\\\/vatgas\\\/2024\\\/05\\\/30\\\/vatgas-sverige-i-almedalen-2024\\\/#breadcrumb\",\"itemListElement\":[{\"@type\":\"ListItem\",\"position\":1,\"name\":\"Home\",\"item\":\"https:\\\/\\\/iwdev.se\\\/vatgas\\\/\"},{\"@type\":\"ListItem\",\"position\":2,\"name\":\"V\u00e4tgas Sverige i Almedalen 2024\"}]},{\"@type\":\"WebSite\",\"@id\":\"https:\\\/\\\/iwdev.se\\\/vatgas\\\/#website\",\"url\":\"https:\\\/\\\/iwdev.se\\\/vatgas\\\/\",\"name\":\"V\u00e4tgas Sverige\",\"description\":\"En ledande plattform f\u00f6r omst\u00e4llningen till fossilfrihet\",\"publisher\":{\"@id\":\"https:\\\/\\\/iwdev.se\\\/vatgas\\\/#organization\"},\"potentialAction\":[{\"@type\":\"SearchAction\",\"target\":{\"@type\":\"EntryPoint\",\"urlTemplate\":\"https:\\\/\\\/iwdev.se\\\/vatgas\\\/?s={search_term_string}\"},\"query-input\":{\"@type\":\"PropertyValueSpecification\",\"valueRequired\":true,\"valueName\":\"search_term_string\"}}],\"inLanguage\":\"sv-SE\"},{\"@type\":\"Organization\",\"@id\":\"https:\\\/\\\/iwdev.se\\\/vatgas\\\/#organization\",\"name\":\"V\u00e4tgas Sverige\",\"url\":\"https:\\\/\\\/iwdev.se\\\/vatgas\\\/\",\"logo\":{\"@type\":\"ImageObject\",\"inLanguage\":\"sv-SE\",\"@id\":\"https:\\\/\\\/iwdev.se\\\/vatgas\\\/#\\\/schema\\\/logo\\\/image\\\/\",\"url\":\"https:\\\/\\\/iwdev.se\\\/vatgas\\\/wp-content\\\/uploads\\\/2022\\\/06\\\/LOGO.png\",\"contentUrl\":\"https:\\\/\\\/iwdev.se\\\/vatgas\\\/wp-content\\\/uploads\\\/2022\\\/06\\\/LOGO.png\",\"width\":240,\"height\":147,\"caption\":\"V\u00e4tgas Sverige\"},\"image\":{\"@id\":\"https:\\\/\\\/iwdev.se\\\/vatgas\\\/#\\\/schema\\\/logo\\\/image\\\/\"}},{\"@type\":\"Person\",\"@id\":\"https:\\\/\\\/iwdev.se\\\/vatgas\\\/#\\\/schema\\\/person\\\/8cc2f1473867b95de7c82567e7e9e0d0\",\"name\":\"Charlotte Blomberg\",\"url\":\"https:\\\/\\\/iwdev.se\\\/vatgas\\\/author\\\/chablo\\\/\"}]}<\/script>\n<!-- \/ Yoast SEO Premium plugin. -->","yoast_head_json":{"title":"V\u00e4tgas Sverige i Almedalen 2024 - V\u00e4tgas Sverige","robots":{"index":"noindex","follow":"follow","max-snippet":"max-snippet:-1","max-image-preview":"max-image-preview:large","max-video-preview":"max-video-preview:-1"},"og_locale":"sv_SE","og_type":"article","og_title":"V\u00e4tgas Sverige i Almedalen 2024","og_description":"Under Almedalsveckan 2024 p\u00e5 onsdagen 26 juni anordnar vi tre seminarier om h\u00f6gaktuella \u00e4mnen med v\u00e4tgas i fokus. P\u00e5 f\u00f6rmiddagen arrangerar vi V\u00e4tgasArenan hos Arena Energi tillsammans med&nbsp;Energif\u00f6retagen&nbsp;och&nbsp;Energigas Sverige.&nbsp;H\u00e4r lyfter vi v\u00e4tgas i energiomst\u00e4llningen i tre seminarier genom hela v\u00e4rdekedjan \u2013 fr\u00e5n produktion, distribution till anv\u00e4ndning. V\u00e4tgas Sverige ansvarar f\u00f6r det tredje seminariet med ett [...]","og_url":"https:\/\/iwdev.se\/vatgas\/2024\/05\/30\/vatgas-sverige-i-almedalen-2024\/","og_site_name":"V\u00e4tgas Sverige","article_published_time":"2024-05-30T10:23:27+00:00","article_modified_time":"2024-05-30T10:23:30+00:00","og_image":[{"width":2985,"height":1331,"url":"https:\/\/iwdev.se\/vatgas\/wp-content\/uploads\/2024\/05\/Almedalen-banner1.png","type":"image\/png"}],"author":"Charlotte Blomberg","twitter_card":"summary_large_image","twitter_misc":{"Skriven av":"Charlotte Blomberg","Ber\u00e4knad l\u00e4stid":"1 minut"},"schema":{"@context":"https:\/\/schema.org","@graph":[{"@type":"Article","@id":"https:\/\/iwdev.se\/vatgas\/2024\/05\/30\/vatgas-sverige-i-almedalen-2024\/#article","isPartOf":{"@id":"https:\/\/iwdev.se\/vatgas\/2024\/05\/30\/vatgas-sverige-i-almedalen-2024\/"},"author":{"name":"Charlotte Blomberg","@id":"https:\/\/iwdev.se\/vatgas\/#\/schema\/person\/8cc2f1473867b95de7c82567e7e9e0d0"},"headline":"V\u00e4tgas Sverige i Almedalen 2024","datePublished":"2024-05-30T10:23:27+00:00","dateModified":"2024-05-30T10:23:30+00:00","mainEntityOfPage":{"@id":"https:\/\/iwdev.se\/vatgas\/2024\/05\/30\/vatgas-sverige-i-almedalen-2024\/"},"wordCount":158,"publisher":{"@id":"https:\/\/iwdev.se\/vatgas\/#organization"},"image":{"@id":"https:\/\/iwdev.se\/vatgas\/2024\/05\/30\/vatgas-sverige-i-almedalen-2024\/#primaryimage"},"thumbnailUrl":"https:\/\/iwdev.se\/vatgas\/wp-content\/uploads\/2024\/05\/Almedalen-banner1.png","articleSection":["Nyheter"],"inLanguage":"sv-SE"},{"@type":"WebPage","@id":"https:\/\/iwdev.se\/vatgas\/2024\/05\/30\/vatgas-sverige-i-almedalen-2024\/","url":"https:\/\/iwdev.se\/vatgas\/2024\/05\/30\/vatgas-sverige-i-almedalen-2024\/","name":"V\u00e4tgas Sverige i Almedalen 2024 - V\u00e4tgas Sverige","isPartOf":{"@id":"https:\/\/iwdev.se\/vatgas\/#website"},"primaryImageOfPage":{"@id":"https:\/\/iwdev.se\/vatgas\/2024\/05\/30\/vatgas-sverige-i-almedalen-2024\/#primaryimage"},"image":{"@id":"https:\/\/iwdev.se\/vatgas\/2024\/05\/30\/vatgas-sverige-i-almedalen-2024\/#primaryimage"},"thumbnailUrl":"https:\/\/iwdev.se\/vatgas\/wp-content\/uploads\/2024\/05\/Almedalen-banner1.png","datePublished":"2024-05-30T10:23:27+00:00","dateModified":"2024-05-30T10:23:30+00:00","breadcrumb":{"@id":"https:\/\/iwdev.se\/vatgas\/2024\/05\/30\/vatgas-sverige-i-almedalen-2024\/#breadcrumb"},"inLanguage":"sv-SE","potentialAction":[{"@type":"ReadAction","target":["https:\/\/iwdev.se\/vatgas\/2024\/05\/30\/vatgas-sverige-i-almedalen-2024\/"]}]},{"@type":"ImageObject","inLanguage":"sv-SE","@id":"https:\/\/iwdev.se\/vatgas\/2024\/05\/30\/vatgas-sverige-i-almedalen-2024\/#primaryimage","url":"https:\/\/iwdev.se\/vatgas\/wp-content\/uploads\/2024\/05\/Almedalen-banner1.png","contentUrl":"https:\/\/iwdev.se\/vatgas\/wp-content\/uploads\/2024\/05\/Almedalen-banner1.png","width":2985,"height":1331},{"@type":"BreadcrumbList","@id":"https:\/\/iwdev.se\/vatgas\/2024\/05\/30\/vatgas-sverige-i-almedalen-2024\/#breadcrumb","itemListElement":[{"@type":"ListItem","position":1,"name":"Home","item":"https:\/\/iwdev.se\/vatgas\/"},{"@type":"ListItem","position":2,"name":"V\u00e4tgas Sverige i Almedalen 2024"}]},{"@type":"WebSite","@id":"https:\/\/iwdev.se\/vatgas\/#website","url":"https:\/\/iwdev.se\/vatgas\/","name":"V\u00e4tgas Sverige","description":"En ledande plattform f\u00f6r omst\u00e4llningen till fossilfrihet","publisher":{"@id":"https:\/\/iwdev.se\/vatgas\/#organization"},"potentialAction":[{"@type":"SearchAction","target":{"@type":"EntryPoint","urlTemplate":"https:\/\/iwdev.se\/vatgas\/?s={search_term_string}"},"query-input":{"@type":"PropertyValueSpecification","valueRequired":true,"valueName":"search_term_string"}}],"inLanguage":"sv-SE"},{"@type":"Organization","@id":"https:\/\/iwdev.se\/vatgas\/#organization","name":"V\u00e4tgas Sverige","url":"https:\/\/iwdev.se\/vatgas\/","logo":{"@type":"ImageObject","inLanguage":"sv-SE","@id":"https:\/\/iwdev.se\/vatgas\/#\/schema\/logo\/image\/","url":"https:\/\/iwdev.se\/vatgas\/wp-content\/uploads\/2022\/06\/LOGO.png","contentUrl":"https:\/\/iwdev.se\/vatgas\/wp-content\/uploads\/2022\/06\/LOGO.png","width":240,"height":147,"caption":"V\u00e4tgas Sverige"},"image":{"@id":"https:\/\/iwdev.se\/vatgas\/#\/schema\/logo\/image\/"}},{"@type":"Person","@id":"https:\/\/iwdev.se\/vatgas\/#\/schema\/person\/8cc2f1473867b95de7c82567e7e9e0d0","name":"Charlotte Blomberg","url":"https:\/\/iwdev.se\/vatgas\/author\/chablo\/"}]}},"_links":{"self":[{"href":"https:\/\/iwdev.se\/vatgas\/wp-json\/wp\/v2\/posts\/20733","targetHints":{"allow":["GET"]}}],"collection":[{"href":"https:\/\/iwdev.se\/vatgas\/wp-json\/wp\/v2\/posts"}],"about":[{"href":"https:\/\/iwdev.se\/vatgas\/wp-json\/wp\/v2\/types\/post"}],"author":[{"embeddable":true,"href":"https:\/\/iwdev.se\/vatgas\/wp-json\/wp\/v2\/users\/3"}],"replies":[{"embeddable":true,"href":"https:\/\/iwdev.se\/vatgas\/wp-json\/wp\/v2\/comments?post=20733"}],"version-history":[{"count":1,"href":"https:\/\/iwdev.se\/vatgas\/wp-json\/wp\/v2\/posts\/20733\/revisions"}],"predecessor-version":[{"id":20736,"href":"https:\/\/iwdev.se\/vatgas\/wp-json\/wp\/v2\/posts\/20733\/revisions\/20736"}],"wp:featuredmedia":[{"embeddable":true,"href":"https:\/\/iwdev.se\/vatgas\/wp-json\/wp\/v2\/media\/20359"}],"wp:attachment":[{"href":"https:\/\/iwdev.se\/vatgas\/wp-json\/wp\/v2\/media?parent=20733"}],"wp:term":[{"taxonomy":"category","embeddable":true,"href":"https:\/\/iwdev.se\/vatgas\/wp-json\/wp\/v2\/categories?post=20733"},{"taxonomy":"post_tag","embeddable":true,"href":"https:\/\/iwdev.se\/vatgas\/wp-json\/wp\/v2\/tags?post=20733"}],"curies":[{"name":"wp","href":"https:\/\/api.w.org\/{rel}","templated":true}]}}