{"id":21155,"date":"2024-09-16T14:41:40","date_gmt":"2024-09-16T14:41:40","guid":{"rendered":"https:\/\/vatgas.hemsida.eu\/?p=21155"},"modified":"2024-09-16T14:41:42","modified_gmt":"2024-09-16T14:41:42","slug":"klimatklivet-ger-stod-till-tolv-nya-vatgastankstationer-fran-trelleborg-till-kiruna","status":"publish","type":"post","link":"https:\/\/iwdev.se\/vatgas\/2024\/09\/16\/klimatklivet-ger-stod-till-tolv-nya-vatgastankstationer-fran-trelleborg-till-kiruna\/","title":{"rendered":"Klimatklivet ger st\u00f6d till tolv nya v\u00e4tgastankstationer fr\u00e5n Trelleborg till Kiruna"},"content":{"rendered":"\n<p>Naturv\u00e5rdsverket beviljar klimatinvesteringsst\u00f6d p\u00e5 224 miljoner kronor till tolv nya v\u00e4tgastankstationer f\u00f6r tunga fordon. Tankstationerna \u00e4r en del av EU:s satsning p\u00e5 ett v\u00e4gn\u00e4t f\u00f6r h\u00e5llbara transporter i Europa.<\/p>\n\n\n\n<p>Med tolv nya v\u00e4tgastankstationer fr\u00e5n Trelleborg i s\u00f6der till Kiruna i norr blir det m\u00f6jligt att k\u00f6ra v\u00e4tgasdrivna transporter genom Sverige.&nbsp;<\/p>\n\n\n\n<p>\u2013 De nya v\u00e4tgastankstationerna kan bli ett viktigt steg fram\u00e5t mot fossilfria transporter p\u00e5 svenska v\u00e4gar. V\u00e4tgasen har en viktig roll f\u00f6r omst\u00e4llningen, inte minst f\u00f6r tyngre fordon som ofta k\u00f6r l\u00e5nga str\u00e4ckor, s\u00e4ger&nbsp;<strong>Angela Arokianathan<\/strong>, handl\u00e4ggare p\u00e5 Klimatklivet.&nbsp;<\/p>\n\n\n\n<p>V\u00e4tgastankstationer ska installeras minst var tjugonde mil l\u00e4ngs EU:s v\u00e4gn\u00e4t f\u00f6r h\u00e5llbara transporter enligt EU-regleringen AFIR, Alternative Fuels Infrastructure Regulation. En del av genomf\u00f6randet i Sverige sker genom Klimatklivet som i \u00e5r har \u00f6ppnat en f\u00f6rsta utlysning specifikt f\u00f6r v\u00e4tgastankstationer f\u00f6r tunga fordon.<\/p>\n\n\n\n<p>\u00c4ven produktion av f\u00f6rnybar v\u00e4tgas \u00e4r viktigt f\u00f6r att v\u00e4tgastankstationerna ska kunna tas i drift. Klimatklivet har s\u00e5 h\u00e4r l\u00e5ngt beviljat medel till 10 produktionsanl\u00e4ggningar och fler ans\u00f6kningar bereds f\u00f6r n\u00e4rvarande.&nbsp;<\/p>\n\n\n\n<p>\u2013 Just nu h\u00e4nder mycket parallellt, b\u00e5de inom produktion och distribution av f\u00f6rnybar v\u00e4tgas. Det \u00e4r avg\u00f6rande f\u00f6r att v\u00e4tgasens potential ska kunna nyttjas f\u00f6r omst\u00e4llningen av de tunga transporterna. Investeringsst\u00f6d som Klimatklivet kan ge en kostnadseffektiv skjuts \u00e5t utvecklingen i detta tidiga skede p\u00e5 v\u00e4tgasmarknaden, s\u00e4ger&nbsp;<strong>Anna-Karin Nystr\u00f6m<\/strong>, enhetschef f\u00f6r Klimatklivet industri p\u00e5 Naturv\u00e5rdsverket.<\/p>\n\n\n\n<p>Beviljat investeringsst\u00f6d fr\u00e5n Klimatklivet till v\u00e4tgastankstationer i den f\u00f6rsta utlysningen f\u00f6r anbud<\/p>\n\n\n\n<ul class=\"wp-block-list\">\n<li>Kiruna, Hydri AB 18 199 999 kr\u00a0<\/li>\n\n\n\n<li>\u00d6verkalix, Hydri AB 18 199 999 kr\u00a0<\/li>\n\n\n\n<li>Lule\u00e5, Hydri AB 18 199 999 kr\u00a0<\/li>\n\n\n\n<li>Ume\u00e5, Hydri AB 18 199 999 kr\u00a0<\/li>\n\n\n\n<li>\u00d6rnsk\u00f6ldvik, Hynion Sverige AB 18 210 000 kr\u00a0<\/li>\n\n\n\n<li>Sundsvall, Hydri AB 18 199 999 kr\u00a0<\/li>\n\n\n\n<li>Sigtuna, Hydri AB 18 199 999 kr\u00a0<\/li>\n\n\n\n<li>Eskilstuna, NB Oljor AB 20 230 000 kr<\/li>\n\n\n\n<li>Mj\u00f6lby, Fundins Olja AB 20 230 000 kr\u00a0<\/li>\n\n\n\n<li>Halmstad, PS Energi AB 20 230 000 kr\u00a0<\/li>\n\n\n\n<li>Helsingborg, Hydri AB 18 199 999 kr\u00a0<\/li>\n\n\n\n<li>Trelleborg, Hydri AB 18 199 999 kr\u00a0<\/li>\n<\/ul>\n\n\n\n<h2 class=\"wp-block-heading\" id=\"h-fakta-om-klimatklivet\">Fakta om klimatklivet<\/h2>\n\n\n\n<p>Klimatklivet \u00e4r ett st\u00f6d till fysiska investeringar som minskar utsl\u00e4ppen av koldioxid och andra v\u00e4xthusgaser. Alla utom privatpersoner kan ans\u00f6ka om st\u00f6det. Medlen kommer delvis fr\u00e5n EUs \u00e5terh\u00e4mtningsfond, NextGenerationEU.<\/p>\n\n\n\n<p>Investeringar inom m\u00e5nga olika omr\u00e5den kan f\u00e5 st\u00f6d. \u00c5tg\u00e4rderna ska bidra till minskade utsl\u00e4pp av v\u00e4xthusgaser och inte kunna genomf\u00f6ras utan finansiellt st\u00f6d.<\/p>\n\n\n\n<p>Sedan starten 2015 har Klimatklivet f\u00f6rdelat 16,8 miljarder kronor till f\u00f6retag, organisationer och kommuner. Tillsammans med \u00f6vrig finansiering har totalt 40,3 miljarder kronor investerats f\u00f6r att minska utsl\u00e4ppen. St\u00f6d ges till b\u00e5de stora och sm\u00e5 \u00e5tg\u00e4rder i hela landet.<\/p>\n\n\n\n<p>Omkring 957 miljoner kronor har beviljats i st\u00f6d till v\u00e4tgasinvesteringar. Sedan 2020 har antal ans\u00f6kningar om investeringsst\u00f6d f\u00f6r v\u00e4tgas \u00f6kat i Klimatklivet.<\/p>\n\n\n\n<p>Vanliga v\u00e4tgasinvesteringar inom Klimatklivet \u00e4r till exempel produktion av f\u00f6rnybar v\u00e4tgas, lagerh\u00e5llning och distribution, inklusive tankstationer f\u00f6r v\u00e4tgas, tankstationer l\u00e4ngs prioriterade v\u00e4gar i Europa (utlysningar f\u00f6r anbud p\u00e5 utvalda str\u00e4ckor), konvertering till f\u00f6rnybar v\u00e4tgas inom industriprocesser, v\u00e4tgas som en del i processen f\u00f6r elektrobr\u00e4nslen.<\/p>\n\n\n\n<p>L\u00e4s hela pressreleasen <a href=\"https:\/\/www.naturvardsverket.se\/om-oss\/aktuellt\/nyheter-och-pressmeddelanden\/2024\/september\/klimatklivet-ger-stod-till-tolv-nya-vatgastankstationer-fran-trelleborg-till-kiruna\/\">h\u00e4r.<\/a><\/p>\n\n\n\n<p>L\u00e4s mer om v\u00e4tgas i transporter p\u00e5 v\u00e5ra <a href=\"https:\/\/iwdev.se\/vatgas\/fakta\/vatgas-i-transporter\/\">faktasidor.<\/a><\/p>\n\n\n\n<p>K\u00e4lla: Naturv\u00e5rdsverket<\/p>\n","protected":false},"excerpt":{"rendered":"<p>Naturv\u00e5rdsverket beviljar klimatinvesteringsst\u00f6d p\u00e5 224 miljoner kronor till tolv nya v\u00e4tgastankstationer f\u00f6r tunga fordon. Tankstationerna \u00e4r en del av EU:s satsning p\u00e5 ett v\u00e4gn\u00e4t f\u00f6r h\u00e5llbara transporter i Europa. Med tolv nya v\u00e4tgastankstationer fr\u00e5n Trelleborg i s\u00f6der till Kiruna i norr blir det m\u00f6jligt att k\u00f6ra v\u00e4tgasdrivna transporter genom Sverige.&nbsp; \u2013 De nya v\u00e4tgastankstationerna kan <a class=\"moretag\" href=\"https:\/\/iwdev.se\/vatgas\/2024\/09\/16\/klimatklivet-ger-stod-till-tolv-nya-vatgastankstationer-fran-trelleborg-till-kiruna\/\">[&#8230;]<\/a><\/p>\n","protected":false},"author":3,"featured_media":21156,"comment_status":"closed","ping_status":"closed","sticky":false,"template":"","format":"standard","meta":{"_acf_changed":false,"footnotes":""},"categories":[12],"tags":[],"class_list":["post-21155","post","type-post","status-publish","format-standard","has-post-thumbnail","hentry","category-nyheter"],"acf":[],"yoast_head":"<!-- This site is optimized with the Yoast SEO Premium plugin v26.4 (Yoast SEO v27.4) - https:\/\/yoast.com\/product\/yoast-seo-premium-wordpress\/ -->\n<title>Klimatklivet ger st\u00f6d till tolv nya v\u00e4tgastankstationer fr\u00e5n Trelleborg till Kiruna - V\u00e4tgas Sverige<\/title>\n<meta name=\"description\" content=\"Klimatklivet ger st\u00f6d till tolv nya v\u00e4tgastankstationer\" \/>\n<meta name=\"robots\" content=\"noindex, follow, max-snippet:-1, max-image-preview:large, max-video-preview:-1\" \/>\n<meta property=\"og:locale\" content=\"sv_SE\" \/>\n<meta property=\"og:type\" content=\"article\" \/>\n<meta property=\"og:title\" content=\"Klimatklivet ger st\u00f6d till tolv nya v\u00e4tgastankstationer fr\u00e5n Trelleborg till Kiruna\" \/>\n<meta property=\"og:description\" content=\"Klimatklivet ger st\u00f6d till tolv nya v\u00e4tgastankstationer\" \/>\n<meta property=\"og:url\" content=\"https:\/\/iwdev.se\/vatgas\/2024\/09\/16\/klimatklivet-ger-stod-till-tolv-nya-vatgastankstationer-fran-trelleborg-till-kiruna\/\" \/>\n<meta property=\"og:site_name\" content=\"V\u00e4tgas Sverige\" \/>\n<meta property=\"article:published_time\" content=\"2024-09-16T14:41:40+00:00\" \/>\n<meta property=\"article:modified_time\" content=\"2024-09-16T14:41:42+00:00\" \/>\n<meta property=\"og:image\" content=\"https:\/\/iwdev.se\/vatgas\/wp-content\/uploads\/2024\/09\/tankstation.png\" \/>\n\t<meta property=\"og:image:width\" content=\"500\" \/>\n\t<meta property=\"og:image:height\" content=\"375\" \/>\n\t<meta property=\"og:image:type\" content=\"image\/png\" \/>\n<meta name=\"author\" content=\"Charlotte Blomberg\" \/>\n<meta name=\"twitter:card\" content=\"summary_large_image\" \/>\n<meta name=\"twitter:label1\" content=\"Skriven av\" \/>\n\t<meta name=\"twitter:data1\" content=\"Charlotte Blomberg\" \/>\n\t<meta name=\"twitter:label2\" content=\"Ber\u00e4knad l\u00e4stid\" \/>\n\t<meta name=\"twitter:data2\" content=\"3 minuter\" \/>\n<script type=\"application\/ld+json\" class=\"yoast-schema-graph\">{\"@context\":\"https:\\\/\\\/schema.org\",\"@graph\":[{\"@type\":\"Article\",\"@id\":\"https:\\\/\\\/iwdev.se\\\/vatgas\\\/2024\\\/09\\\/16\\\/klimatklivet-ger-stod-till-tolv-nya-vatgastankstationer-fran-trelleborg-till-kiruna\\\/#article\",\"isPartOf\":{\"@id\":\"https:\\\/\\\/iwdev.se\\\/vatgas\\\/2024\\\/09\\\/16\\\/klimatklivet-ger-stod-till-tolv-nya-vatgastankstationer-fran-trelleborg-till-kiruna\\\/\"},\"author\":{\"name\":\"Charlotte Blomberg\",\"@id\":\"https:\\\/\\\/iwdev.se\\\/vatgas\\\/#\\\/schema\\\/person\\\/8cc2f1473867b95de7c82567e7e9e0d0\"},\"headline\":\"Klimatklivet ger st\u00f6d till tolv nya v\u00e4tgastankstationer fr\u00e5n Trelleborg till Kiruna\",\"datePublished\":\"2024-09-16T14:41:40+00:00\",\"dateModified\":\"2024-09-16T14:41:42+00:00\",\"mainEntityOfPage\":{\"@id\":\"https:\\\/\\\/iwdev.se\\\/vatgas\\\/2024\\\/09\\\/16\\\/klimatklivet-ger-stod-till-tolv-nya-vatgastankstationer-fran-trelleborg-till-kiruna\\\/\"},\"wordCount\":588,\"publisher\":{\"@id\":\"https:\\\/\\\/iwdev.se\\\/vatgas\\\/#organization\"},\"image\":{\"@id\":\"https:\\\/\\\/iwdev.se\\\/vatgas\\\/2024\\\/09\\\/16\\\/klimatklivet-ger-stod-till-tolv-nya-vatgastankstationer-fran-trelleborg-till-kiruna\\\/#primaryimage\"},\"thumbnailUrl\":\"https:\\\/\\\/iwdev.se\\\/vatgas\\\/wp-content\\\/uploads\\\/2024\\\/09\\\/tankstation.png\",\"articleSection\":[\"Nyheter\"],\"inLanguage\":\"sv-SE\"},{\"@type\":\"WebPage\",\"@id\":\"https:\\\/\\\/iwdev.se\\\/vatgas\\\/2024\\\/09\\\/16\\\/klimatklivet-ger-stod-till-tolv-nya-vatgastankstationer-fran-trelleborg-till-kiruna\\\/\",\"url\":\"https:\\\/\\\/iwdev.se\\\/vatgas\\\/2024\\\/09\\\/16\\\/klimatklivet-ger-stod-till-tolv-nya-vatgastankstationer-fran-trelleborg-till-kiruna\\\/\",\"name\":\"Klimatklivet ger st\u00f6d till tolv nya v\u00e4tgastankstationer fr\u00e5n Trelleborg till Kiruna - V\u00e4tgas Sverige\",\"isPartOf\":{\"@id\":\"https:\\\/\\\/iwdev.se\\\/vatgas\\\/#website\"},\"primaryImageOfPage\":{\"@id\":\"https:\\\/\\\/iwdev.se\\\/vatgas\\\/2024\\\/09\\\/16\\\/klimatklivet-ger-stod-till-tolv-nya-vatgastankstationer-fran-trelleborg-till-kiruna\\\/#primaryimage\"},\"image\":{\"@id\":\"https:\\\/\\\/iwdev.se\\\/vatgas\\\/2024\\\/09\\\/16\\\/klimatklivet-ger-stod-till-tolv-nya-vatgastankstationer-fran-trelleborg-till-kiruna\\\/#primaryimage\"},\"thumbnailUrl\":\"https:\\\/\\\/iwdev.se\\\/vatgas\\\/wp-content\\\/uploads\\\/2024\\\/09\\\/tankstation.png\",\"datePublished\":\"2024-09-16T14:41:40+00:00\",\"dateModified\":\"2024-09-16T14:41:42+00:00\",\"description\":\"Klimatklivet ger st\u00f6d till tolv nya v\u00e4tgastankstationer\",\"breadcrumb\":{\"@id\":\"https:\\\/\\\/iwdev.se\\\/vatgas\\\/2024\\\/09\\\/16\\\/klimatklivet-ger-stod-till-tolv-nya-vatgastankstationer-fran-trelleborg-till-kiruna\\\/#breadcrumb\"},\"inLanguage\":\"sv-SE\",\"potentialAction\":[{\"@type\":\"ReadAction\",\"target\":[\"https:\\\/\\\/iwdev.se\\\/vatgas\\\/2024\\\/09\\\/16\\\/klimatklivet-ger-stod-till-tolv-nya-vatgastankstationer-fran-trelleborg-till-kiruna\\\/\"]}]},{\"@type\":\"ImageObject\",\"inLanguage\":\"sv-SE\",\"@id\":\"https:\\\/\\\/iwdev.se\\\/vatgas\\\/2024\\\/09\\\/16\\\/klimatklivet-ger-stod-till-tolv-nya-vatgastankstationer-fran-trelleborg-till-kiruna\\\/#primaryimage\",\"url\":\"https:\\\/\\\/iwdev.se\\\/vatgas\\\/wp-content\\\/uploads\\\/2024\\\/09\\\/tankstation.png\",\"contentUrl\":\"https:\\\/\\\/iwdev.se\\\/vatgas\\\/wp-content\\\/uploads\\\/2024\\\/09\\\/tankstation.png\",\"width\":500,\"height\":375},{\"@type\":\"BreadcrumbList\",\"@id\":\"https:\\\/\\\/iwdev.se\\\/vatgas\\\/2024\\\/09\\\/16\\\/klimatklivet-ger-stod-till-tolv-nya-vatgastankstationer-fran-trelleborg-till-kiruna\\\/#breadcrumb\",\"itemListElement\":[{\"@type\":\"ListItem\",\"position\":1,\"name\":\"Home\",\"item\":\"https:\\\/\\\/iwdev.se\\\/vatgas\\\/\"},{\"@type\":\"ListItem\",\"position\":2,\"name\":\"Klimatklivet ger st\u00f6d till tolv nya v\u00e4tgastankstationer fr\u00e5n Trelleborg till Kiruna\"}]},{\"@type\":\"WebSite\",\"@id\":\"https:\\\/\\\/iwdev.se\\\/vatgas\\\/#website\",\"url\":\"https:\\\/\\\/iwdev.se\\\/vatgas\\\/\",\"name\":\"V\u00e4tgas Sverige\",\"description\":\"En ledande plattform f\u00f6r omst\u00e4llningen till fossilfrihet\",\"publisher\":{\"@id\":\"https:\\\/\\\/iwdev.se\\\/vatgas\\\/#organization\"},\"potentialAction\":[{\"@type\":\"SearchAction\",\"target\":{\"@type\":\"EntryPoint\",\"urlTemplate\":\"https:\\\/\\\/iwdev.se\\\/vatgas\\\/?s={search_term_string}\"},\"query-input\":{\"@type\":\"PropertyValueSpecification\",\"valueRequired\":true,\"valueName\":\"search_term_string\"}}],\"inLanguage\":\"sv-SE\"},{\"@type\":\"Organization\",\"@id\":\"https:\\\/\\\/iwdev.se\\\/vatgas\\\/#organization\",\"name\":\"V\u00e4tgas Sverige\",\"url\":\"https:\\\/\\\/iwdev.se\\\/vatgas\\\/\",\"logo\":{\"@type\":\"ImageObject\",\"inLanguage\":\"sv-SE\",\"@id\":\"https:\\\/\\\/iwdev.se\\\/vatgas\\\/#\\\/schema\\\/logo\\\/image\\\/\",\"url\":\"https:\\\/\\\/iwdev.se\\\/vatgas\\\/wp-content\\\/uploads\\\/2022\\\/06\\\/LOGO.png\",\"contentUrl\":\"https:\\\/\\\/iwdev.se\\\/vatgas\\\/wp-content\\\/uploads\\\/2022\\\/06\\\/LOGO.png\",\"width\":240,\"height\":147,\"caption\":\"V\u00e4tgas Sverige\"},\"image\":{\"@id\":\"https:\\\/\\\/iwdev.se\\\/vatgas\\\/#\\\/schema\\\/logo\\\/image\\\/\"}},{\"@type\":\"Person\",\"@id\":\"https:\\\/\\\/iwdev.se\\\/vatgas\\\/#\\\/schema\\\/person\\\/8cc2f1473867b95de7c82567e7e9e0d0\",\"name\":\"Charlotte Blomberg\",\"url\":\"https:\\\/\\\/iwdev.se\\\/vatgas\\\/author\\\/chablo\\\/\"}]}<\/script>\n<!-- \/ Yoast SEO Premium plugin. -->","yoast_head_json":{"title":"Klimatklivet ger st\u00f6d till tolv nya v\u00e4tgastankstationer fr\u00e5n Trelleborg till Kiruna - V\u00e4tgas Sverige","description":"Klimatklivet ger st\u00f6d till tolv nya v\u00e4tgastankstationer","robots":{"index":"noindex","follow":"follow","max-snippet":"max-snippet:-1","max-image-preview":"max-image-preview:large","max-video-preview":"max-video-preview:-1"},"og_locale":"sv_SE","og_type":"article","og_title":"Klimatklivet ger st\u00f6d till tolv nya v\u00e4tgastankstationer fr\u00e5n Trelleborg till Kiruna","og_description":"Klimatklivet ger st\u00f6d till tolv nya v\u00e4tgastankstationer","og_url":"https:\/\/iwdev.se\/vatgas\/2024\/09\/16\/klimatklivet-ger-stod-till-tolv-nya-vatgastankstationer-fran-trelleborg-till-kiruna\/","og_site_name":"V\u00e4tgas Sverige","article_published_time":"2024-09-16T14:41:40+00:00","article_modified_time":"2024-09-16T14:41:42+00:00","og_image":[{"width":500,"height":375,"url":"https:\/\/iwdev.se\/vatgas\/wp-content\/uploads\/2024\/09\/tankstation.png","type":"image\/png"}],"author":"Charlotte Blomberg","twitter_card":"summary_large_image","twitter_misc":{"Skriven av":"Charlotte Blomberg","Ber\u00e4knad l\u00e4stid":"3 minuter"},"schema":{"@context":"https:\/\/schema.org","@graph":[{"@type":"Article","@id":"https:\/\/iwdev.se\/vatgas\/2024\/09\/16\/klimatklivet-ger-stod-till-tolv-nya-vatgastankstationer-fran-trelleborg-till-kiruna\/#article","isPartOf":{"@id":"https:\/\/iwdev.se\/vatgas\/2024\/09\/16\/klimatklivet-ger-stod-till-tolv-nya-vatgastankstationer-fran-trelleborg-till-kiruna\/"},"author":{"name":"Charlotte Blomberg","@id":"https:\/\/iwdev.se\/vatgas\/#\/schema\/person\/8cc2f1473867b95de7c82567e7e9e0d0"},"headline":"Klimatklivet ger st\u00f6d till tolv nya v\u00e4tgastankstationer fr\u00e5n Trelleborg till Kiruna","datePublished":"2024-09-16T14:41:40+00:00","dateModified":"2024-09-16T14:41:42+00:00","mainEntityOfPage":{"@id":"https:\/\/iwdev.se\/vatgas\/2024\/09\/16\/klimatklivet-ger-stod-till-tolv-nya-vatgastankstationer-fran-trelleborg-till-kiruna\/"},"wordCount":588,"publisher":{"@id":"https:\/\/iwdev.se\/vatgas\/#organization"},"image":{"@id":"https:\/\/iwdev.se\/vatgas\/2024\/09\/16\/klimatklivet-ger-stod-till-tolv-nya-vatgastankstationer-fran-trelleborg-till-kiruna\/#primaryimage"},"thumbnailUrl":"https:\/\/iwdev.se\/vatgas\/wp-content\/uploads\/2024\/09\/tankstation.png","articleSection":["Nyheter"],"inLanguage":"sv-SE"},{"@type":"WebPage","@id":"https:\/\/iwdev.se\/vatgas\/2024\/09\/16\/klimatklivet-ger-stod-till-tolv-nya-vatgastankstationer-fran-trelleborg-till-kiruna\/","url":"https:\/\/iwdev.se\/vatgas\/2024\/09\/16\/klimatklivet-ger-stod-till-tolv-nya-vatgastankstationer-fran-trelleborg-till-kiruna\/","name":"Klimatklivet ger st\u00f6d till tolv nya v\u00e4tgastankstationer fr\u00e5n Trelleborg till Kiruna - V\u00e4tgas Sverige","isPartOf":{"@id":"https:\/\/iwdev.se\/vatgas\/#website"},"primaryImageOfPage":{"@id":"https:\/\/iwdev.se\/vatgas\/2024\/09\/16\/klimatklivet-ger-stod-till-tolv-nya-vatgastankstationer-fran-trelleborg-till-kiruna\/#primaryimage"},"image":{"@id":"https:\/\/iwdev.se\/vatgas\/2024\/09\/16\/klimatklivet-ger-stod-till-tolv-nya-vatgastankstationer-fran-trelleborg-till-kiruna\/#primaryimage"},"thumbnailUrl":"https:\/\/iwdev.se\/vatgas\/wp-content\/uploads\/2024\/09\/tankstation.png","datePublished":"2024-09-16T14:41:40+00:00","dateModified":"2024-09-16T14:41:42+00:00","description":"Klimatklivet ger st\u00f6d till tolv nya v\u00e4tgastankstationer","breadcrumb":{"@id":"https:\/\/iwdev.se\/vatgas\/2024\/09\/16\/klimatklivet-ger-stod-till-tolv-nya-vatgastankstationer-fran-trelleborg-till-kiruna\/#breadcrumb"},"inLanguage":"sv-SE","potentialAction":[{"@type":"ReadAction","target":["https:\/\/iwdev.se\/vatgas\/2024\/09\/16\/klimatklivet-ger-stod-till-tolv-nya-vatgastankstationer-fran-trelleborg-till-kiruna\/"]}]},{"@type":"ImageObject","inLanguage":"sv-SE","@id":"https:\/\/iwdev.se\/vatgas\/2024\/09\/16\/klimatklivet-ger-stod-till-tolv-nya-vatgastankstationer-fran-trelleborg-till-kiruna\/#primaryimage","url":"https:\/\/iwdev.se\/vatgas\/wp-content\/uploads\/2024\/09\/tankstation.png","contentUrl":"https:\/\/iwdev.se\/vatgas\/wp-content\/uploads\/2024\/09\/tankstation.png","width":500,"height":375},{"@type":"BreadcrumbList","@id":"https:\/\/iwdev.se\/vatgas\/2024\/09\/16\/klimatklivet-ger-stod-till-tolv-nya-vatgastankstationer-fran-trelleborg-till-kiruna\/#breadcrumb","itemListElement":[{"@type":"ListItem","position":1,"name":"Home","item":"https:\/\/iwdev.se\/vatgas\/"},{"@type":"ListItem","position":2,"name":"Klimatklivet ger st\u00f6d till tolv nya v\u00e4tgastankstationer fr\u00e5n Trelleborg till Kiruna"}]},{"@type":"WebSite","@id":"https:\/\/iwdev.se\/vatgas\/#website","url":"https:\/\/iwdev.se\/vatgas\/","name":"V\u00e4tgas Sverige","description":"En ledande plattform f\u00f6r omst\u00e4llningen till fossilfrihet","publisher":{"@id":"https:\/\/iwdev.se\/vatgas\/#organization"},"potentialAction":[{"@type":"SearchAction","target":{"@type":"EntryPoint","urlTemplate":"https:\/\/iwdev.se\/vatgas\/?s={search_term_string}"},"query-input":{"@type":"PropertyValueSpecification","valueRequired":true,"valueName":"search_term_string"}}],"inLanguage":"sv-SE"},{"@type":"Organization","@id":"https:\/\/iwdev.se\/vatgas\/#organization","name":"V\u00e4tgas Sverige","url":"https:\/\/iwdev.se\/vatgas\/","logo":{"@type":"ImageObject","inLanguage":"sv-SE","@id":"https:\/\/iwdev.se\/vatgas\/#\/schema\/logo\/image\/","url":"https:\/\/iwdev.se\/vatgas\/wp-content\/uploads\/2022\/06\/LOGO.png","contentUrl":"https:\/\/iwdev.se\/vatgas\/wp-content\/uploads\/2022\/06\/LOGO.png","width":240,"height":147,"caption":"V\u00e4tgas Sverige"},"image":{"@id":"https:\/\/iwdev.se\/vatgas\/#\/schema\/logo\/image\/"}},{"@type":"Person","@id":"https:\/\/iwdev.se\/vatgas\/#\/schema\/person\/8cc2f1473867b95de7c82567e7e9e0d0","name":"Charlotte Blomberg","url":"https:\/\/iwdev.se\/vatgas\/author\/chablo\/"}]}},"_links":{"self":[{"href":"https:\/\/iwdev.se\/vatgas\/wp-json\/wp\/v2\/posts\/21155","targetHints":{"allow":["GET"]}}],"collection":[{"href":"https:\/\/iwdev.se\/vatgas\/wp-json\/wp\/v2\/posts"}],"about":[{"href":"https:\/\/iwdev.se\/vatgas\/wp-json\/wp\/v2\/types\/post"}],"author":[{"embeddable":true,"href":"https:\/\/iwdev.se\/vatgas\/wp-json\/wp\/v2\/users\/3"}],"replies":[{"embeddable":true,"href":"https:\/\/iwdev.se\/vatgas\/wp-json\/wp\/v2\/comments?post=21155"}],"version-history":[{"count":1,"href":"https:\/\/iwdev.se\/vatgas\/wp-json\/wp\/v2\/posts\/21155\/revisions"}],"predecessor-version":[{"id":21158,"href":"https:\/\/iwdev.se\/vatgas\/wp-json\/wp\/v2\/posts\/21155\/revisions\/21158"}],"wp:featuredmedia":[{"embeddable":true,"href":"https:\/\/iwdev.se\/vatgas\/wp-json\/wp\/v2\/media\/21156"}],"wp:attachment":[{"href":"https:\/\/iwdev.se\/vatgas\/wp-json\/wp\/v2\/media?parent=21155"}],"wp:term":[{"taxonomy":"category","embeddable":true,"href":"https:\/\/iwdev.se\/vatgas\/wp-json\/wp\/v2\/categories?post=21155"},{"taxonomy":"post_tag","embeddable":true,"href":"https:\/\/iwdev.se\/vatgas\/wp-json\/wp\/v2\/tags?post=21155"}],"curies":[{"name":"wp","href":"https:\/\/api.w.org\/{rel}","templated":true}]}}