{"id":21379,"date":"2024-10-02T15:18:47","date_gmt":"2024-10-02T15:18:47","guid":{"rendered":"https:\/\/vatgas.hemsida.eu\/?p=21379"},"modified":"2024-10-02T15:28:26","modified_gmt":"2024-10-02T15:28:26","slug":"vatgasindustrin-kraver-atgarder-forsta-etappen-av-vatgasledningen-maste-byggas-nu","status":"publish","type":"post","link":"https:\/\/iwdev.se\/vatgas\/2024\/10\/02\/vatgasindustrin-kraver-atgarder-forsta-etappen-av-vatgasledningen-maste-byggas-nu\/","title":{"rendered":"V\u00e4tgasindustrin kr\u00e4ver \u00e5tg\u00e4rder: F\u00f6rsta etappen av v\u00e4tgasledningen m\u00e5ste byggas nu"},"content":{"rendered":"\n<p><\/p>\n\n\n\n<h2 class=\"wp-block-heading\" id=\"h-thyssenkrupps-satsning-pa-gront-stal\"><strong>Thyssenkrupps satsning p\u00e5 gr\u00f6nt st\u00e5l<\/strong><\/h2>\n\n\n\n<p>Thyssenkrupp, Tysklands st\u00f6rsta st\u00e5lproducent, har l\u00e5ngt framskridna planer p\u00e5 att ers\u00e4tta fossilt kol med gr\u00f6n v\u00e4tgas i sin produktion. Vid deras fabrik i Duisburg planerar f\u00f6retaget att fr\u00e5n 2029 producera 2,5 miljoner ton st\u00e5l \u00e5rligen, d\u00e4r v\u00e4tgasen ska vara den avg\u00f6rande energik\u00e4llan. Problemet \u00e4r att det idag inte finns n\u00e5gra pipelines f\u00f6r att transportera v\u00e4tgas i de m\u00e4ngder som kr\u00e4vs.<\/p>\n\n\n\n<h2 class=\"wp-block-heading\" id=\"h-porsche-och-stegra-sakerstaller-leveranse-r\"><strong>Porsche och Stegra s\u00e4kerst\u00e4ller leveranse<\/strong>r<\/h2>\n\n\n\n<p>Porsche har redan tagit ett steg mot att s\u00e4kra sina leveranser av st\u00e5l genom ett avtal med svenska st\u00e5lproducenten Stegra. Samtidigt tvingas Thyssenkrupp att planera f\u00f6r att anv\u00e4nda v\u00e4tgas i flytande form, levererad via tankfartyg eller bunden i ammoniak. Dessa l\u00f6sningar \u00e4r dock varken kostnads- eller tidseffektiva, s\u00e4rskilt n\u00e4r transporterna sker med lastbilar. Ist\u00e4llet vill den danska v\u00e4tgasindustrin se att v\u00e4tgasen transporteras genom en ny pipeline som planeras l\u00f6pa under jord genom Jylland.<\/p>\n\n\n\n<h2 class=\"wp-block-heading\" id=\"h-danska-myndigheter-forvantas-ge-besked-2025\"><strong>Danska myndigheter f\u00f6rv\u00e4ntas ge besked 2025<\/strong><\/h2>\n\n\n\n<p>Infrastrukturen f\u00f6r detta \u00e4r redan delvis planerad. Ingenj\u00f6rsarbetet \u00e4r klart, och danska v\u00e4tgasproducenter har investeringsplanerna redo. Det som saknas \u00e4r ett klarg\u00f6rande fr\u00e5n de danska myndigheterna om n\u00e4r och var v\u00e4tgasn\u00e4tverket kan byggas. Ett beslut f\u00f6rv\u00e4ntas senast under f\u00f6rsta kvartalet 2025, men akt\u00f6rerna \u00e4r ot\u00e5liga. De menar att det \u00e4r avg\u00f6rande att infrastrukturen byggs i tid f\u00f6r att m\u00f6ta den \u00f6kande efterfr\u00e5gan fr\u00e5n tysk industri.<\/p>\n\n\n\n<h2 class=\"wp-block-heading\" id=\"h-forsta-etappen-kan-paborjas-tidigare\"><strong>F\u00f6rsta etappen kan p\u00e5b\u00f6rjas tidigare<\/strong><\/h2>\n\n\n\n<p>F\u00f6r att skynda p\u00e5 processen har det f\u00f6reslagits att ledningen byggs i etapper. Den f\u00f6rsta etappen, en str\u00e4cka p\u00e5 cirka 186 kilometer, ber\u00e4knas kosta mellan 4 och 5 miljarder danska kronor. Det fullst\u00e4ndiga n\u00e4tverket skulle kosta omkring 15 miljarder, men en gradvis utbyggnad skulle m\u00f6jligg\u00f6ra tidigare leveranser och s\u00e4kra att projekten kommer ig\u00e5ng.<\/p>\n\n\n\n<h2 class=\"wp-block-heading\" id=\"h-h2-energy-esbjerg-och-host-ptx-esbjerg-pressar-pa-for-beslut\"><strong>H2 Energy Esbjerg och H\u00f8st PTX Esbjerg pressar p\u00e5 f\u00f6r beslut<\/strong><\/h2>\n\n\n\n<p>H2 Energy Esbjerg \u00e4r en av de stora akt\u00f6rerna inom den danska v\u00e4tgasindustrin. De \u00e4r redo att investera 14 miljarder kronor i projektet Njordkraft f\u00f6r att producera 90 000 ton v\u00e4tgas \u00e5rligen med start 2028. Men f\u00f6r att g\u00f6ra det m\u00f6jligt kr\u00e4vs en fungerande pipeline. Rasmus Bach Nielsen, global chef f\u00f6r dekarbonisering p\u00e5 Trafigura, betonar vikten av ett snabbt beslut om infrastrukturen. Han menar att det beh\u00f6vs ett datum f\u00f6r n\u00e4r v\u00e4tgasledningen kan vara i drift f\u00f6r att deras investeringar ska g\u00e5 vidare och f\u00f6r att s\u00e4kra leveranser till Tyskland.<\/p>\n\n\n\n<p>\u00c4ven H\u00f8st PTX Esbjerg, ett projekt som st\u00f6ds av pensionsfonder och kapital fr\u00e5n bland annat Lego- och Jysk-familjerna, \u00e4r beroende av ett beslut om v\u00e4tgasledningen. Deras planer p\u00e5 att investera 8 miljarder kronor i gr\u00f6n v\u00e4tgasproduktion har redan f\u00f6rsenats, och varje ytterligare f\u00f6rsening riskerar att f\u00f6rs\u00e4mra deras m\u00f6jligheter att sluta l\u00e5ngsiktiga avtal med kunder.<\/p>\n\n\n\n<h2 class=\"wp-block-heading\" id=\"h-sammanhangande-vatgasnatverk-kravs-for-att-mota-efterfragan\"><strong>Sammanh\u00e4ngande v\u00e4tgasn\u00e4tverk kr\u00e4vs f\u00f6r att m\u00f6ta efterfr\u00e5gan<\/strong><\/h2>\n\n\n\n<p>Tiden \u00e4r knapp. F\u00f6r att Europas industri ska kunna m\u00f6ta sitt behov av gr\u00f6n v\u00e4tgas, beh\u00f6vs ett sammanh\u00e4ngande n\u00e4tverk som kan transportera stora m\u00e4ngder v\u00e4tgas. Men utan klara besked fr\u00e5n myndigheterna och utan tillr\u00e4ckliga investeringar kan industrin hamna efter i omst\u00e4llningen \u2013 och riskera att f\u00f6rlora viktiga kunder.<\/p>\n\n\n\n<p>V\u00e4tgasbranschen i Danmark st\u00e5r enad i sin uppmaning: Bygg den f\u00f6rsta etappen nu.<\/p>\n\n\n\n<p><\/p>\n","protected":false},"excerpt":{"rendered":"<p>Thyssenkrupps satsning p\u00e5 gr\u00f6nt st\u00e5l Thyssenkrupp, Tysklands st\u00f6rsta st\u00e5lproducent, har l\u00e5ngt framskridna planer p\u00e5 att ers\u00e4tta fossilt kol med gr\u00f6n v\u00e4tgas i sin produktion. Vid deras fabrik i Duisburg planerar f\u00f6retaget att fr\u00e5n 2029 producera 2,5 miljoner ton st\u00e5l \u00e5rligen, d\u00e4r v\u00e4tgasen ska vara den avg\u00f6rande energik\u00e4llan. Problemet \u00e4r att det idag inte finns n\u00e5gra <a class=\"moretag\" href=\"https:\/\/iwdev.se\/vatgas\/2024\/10\/02\/vatgasindustrin-kraver-atgarder-forsta-etappen-av-vatgasledningen-maste-byggas-nu\/\">[&#8230;]<\/a><\/p>\n","protected":false},"author":3,"featured_media":21380,"comment_status":"closed","ping_status":"closed","sticky":false,"template":"","format":"standard","meta":{"_acf_changed":false,"footnotes":""},"categories":[12],"tags":[],"class_list":["post-21379","post","type-post","status-publish","format-standard","has-post-thumbnail","hentry","category-nyheter"],"acf":[],"yoast_head":"<!-- This site is optimized with the Yoast SEO Premium plugin v26.4 (Yoast SEO v27.4) - https:\/\/yoast.com\/product\/yoast-seo-premium-wordpress\/ -->\n<title>V\u00e4tgasindustrin kr\u00e4ver \u00e5tg\u00e4rder: F\u00f6rsta etappen av v\u00e4tgasledningen m\u00e5ste byggas nu - V\u00e4tgas Sverige<\/title>\n<meta name=\"robots\" content=\"noindex, follow, max-snippet:-1, max-image-preview:large, max-video-preview:-1\" \/>\n<meta property=\"og:locale\" content=\"sv_SE\" \/>\n<meta property=\"og:type\" content=\"article\" \/>\n<meta property=\"og:title\" content=\"V\u00e4tgasindustrin kr\u00e4ver \u00e5tg\u00e4rder: F\u00f6rsta etappen av v\u00e4tgasledningen m\u00e5ste byggas nu\" \/>\n<meta property=\"og:description\" content=\"Thyssenkrupps satsning p\u00e5 gr\u00f6nt st\u00e5l Thyssenkrupp, Tysklands st\u00f6rsta st\u00e5lproducent, har l\u00e5ngt framskridna planer p\u00e5 att ers\u00e4tta fossilt kol med gr\u00f6n v\u00e4tgas i sin produktion. Vid deras fabrik i Duisburg planerar f\u00f6retaget att fr\u00e5n 2029 producera 2,5 miljoner ton st\u00e5l \u00e5rligen, d\u00e4r v\u00e4tgasen ska vara den avg\u00f6rande energik\u00e4llan. Problemet \u00e4r att det idag inte finns n\u00e5gra [...]\" \/>\n<meta property=\"og:url\" content=\"https:\/\/iwdev.se\/vatgas\/2024\/10\/02\/vatgasindustrin-kraver-atgarder-forsta-etappen-av-vatgasledningen-maste-byggas-nu\/\" \/>\n<meta property=\"og:site_name\" content=\"V\u00e4tgas Sverige\" \/>\n<meta property=\"article:published_time\" content=\"2024-10-02T15:18:47+00:00\" \/>\n<meta property=\"article:modified_time\" content=\"2024-10-02T15:28:26+00:00\" \/>\n<meta property=\"og:image\" content=\"https:\/\/iwdev.se\/vatgas\/wp-content\/uploads\/2024\/10\/till-hemsidan-1.png\" \/>\n\t<meta property=\"og:image:width\" content=\"600\" \/>\n\t<meta property=\"og:image:height\" content=\"450\" \/>\n\t<meta property=\"og:image:type\" content=\"image\/png\" \/>\n<meta name=\"author\" content=\"Charlotte Blomberg\" \/>\n<meta name=\"twitter:card\" content=\"summary_large_image\" \/>\n<meta name=\"twitter:label1\" content=\"Skriven av\" \/>\n\t<meta name=\"twitter:data1\" content=\"Charlotte Blomberg\" \/>\n\t<meta name=\"twitter:label2\" content=\"Ber\u00e4knad l\u00e4stid\" \/>\n\t<meta name=\"twitter:data2\" content=\"3 minuter\" \/>\n<script type=\"application\/ld+json\" class=\"yoast-schema-graph\">{\"@context\":\"https:\\\/\\\/schema.org\",\"@graph\":[{\"@type\":\"Article\",\"@id\":\"https:\\\/\\\/iwdev.se\\\/vatgas\\\/2024\\\/10\\\/02\\\/vatgasindustrin-kraver-atgarder-forsta-etappen-av-vatgasledningen-maste-byggas-nu\\\/#article\",\"isPartOf\":{\"@id\":\"https:\\\/\\\/iwdev.se\\\/vatgas\\\/2024\\\/10\\\/02\\\/vatgasindustrin-kraver-atgarder-forsta-etappen-av-vatgasledningen-maste-byggas-nu\\\/\"},\"author\":{\"name\":\"Charlotte Blomberg\",\"@id\":\"https:\\\/\\\/iwdev.se\\\/vatgas\\\/#\\\/schema\\\/person\\\/8cc2f1473867b95de7c82567e7e9e0d0\"},\"headline\":\"V\u00e4tgasindustrin kr\u00e4ver \u00e5tg\u00e4rder: F\u00f6rsta etappen av v\u00e4tgasledningen m\u00e5ste byggas nu\",\"datePublished\":\"2024-10-02T15:18:47+00:00\",\"dateModified\":\"2024-10-02T15:28:26+00:00\",\"mainEntityOfPage\":{\"@id\":\"https:\\\/\\\/iwdev.se\\\/vatgas\\\/2024\\\/10\\\/02\\\/vatgasindustrin-kraver-atgarder-forsta-etappen-av-vatgasledningen-maste-byggas-nu\\\/\"},\"wordCount\":619,\"publisher\":{\"@id\":\"https:\\\/\\\/iwdev.se\\\/vatgas\\\/#organization\"},\"image\":{\"@id\":\"https:\\\/\\\/iwdev.se\\\/vatgas\\\/2024\\\/10\\\/02\\\/vatgasindustrin-kraver-atgarder-forsta-etappen-av-vatgasledningen-maste-byggas-nu\\\/#primaryimage\"},\"thumbnailUrl\":\"https:\\\/\\\/iwdev.se\\\/vatgas\\\/wp-content\\\/uploads\\\/2024\\\/10\\\/till-hemsidan-1.png\",\"articleSection\":[\"Nyheter\"],\"inLanguage\":\"sv-SE\"},{\"@type\":\"WebPage\",\"@id\":\"https:\\\/\\\/iwdev.se\\\/vatgas\\\/2024\\\/10\\\/02\\\/vatgasindustrin-kraver-atgarder-forsta-etappen-av-vatgasledningen-maste-byggas-nu\\\/\",\"url\":\"https:\\\/\\\/iwdev.se\\\/vatgas\\\/2024\\\/10\\\/02\\\/vatgasindustrin-kraver-atgarder-forsta-etappen-av-vatgasledningen-maste-byggas-nu\\\/\",\"name\":\"V\u00e4tgasindustrin kr\u00e4ver \u00e5tg\u00e4rder: F\u00f6rsta etappen av v\u00e4tgasledningen m\u00e5ste byggas nu - V\u00e4tgas Sverige\",\"isPartOf\":{\"@id\":\"https:\\\/\\\/iwdev.se\\\/vatgas\\\/#website\"},\"primaryImageOfPage\":{\"@id\":\"https:\\\/\\\/iwdev.se\\\/vatgas\\\/2024\\\/10\\\/02\\\/vatgasindustrin-kraver-atgarder-forsta-etappen-av-vatgasledningen-maste-byggas-nu\\\/#primaryimage\"},\"image\":{\"@id\":\"https:\\\/\\\/iwdev.se\\\/vatgas\\\/2024\\\/10\\\/02\\\/vatgasindustrin-kraver-atgarder-forsta-etappen-av-vatgasledningen-maste-byggas-nu\\\/#primaryimage\"},\"thumbnailUrl\":\"https:\\\/\\\/iwdev.se\\\/vatgas\\\/wp-content\\\/uploads\\\/2024\\\/10\\\/till-hemsidan-1.png\",\"datePublished\":\"2024-10-02T15:18:47+00:00\",\"dateModified\":\"2024-10-02T15:28:26+00:00\",\"breadcrumb\":{\"@id\":\"https:\\\/\\\/iwdev.se\\\/vatgas\\\/2024\\\/10\\\/02\\\/vatgasindustrin-kraver-atgarder-forsta-etappen-av-vatgasledningen-maste-byggas-nu\\\/#breadcrumb\"},\"inLanguage\":\"sv-SE\",\"potentialAction\":[{\"@type\":\"ReadAction\",\"target\":[\"https:\\\/\\\/iwdev.se\\\/vatgas\\\/2024\\\/10\\\/02\\\/vatgasindustrin-kraver-atgarder-forsta-etappen-av-vatgasledningen-maste-byggas-nu\\\/\"]}]},{\"@type\":\"ImageObject\",\"inLanguage\":\"sv-SE\",\"@id\":\"https:\\\/\\\/iwdev.se\\\/vatgas\\\/2024\\\/10\\\/02\\\/vatgasindustrin-kraver-atgarder-forsta-etappen-av-vatgasledningen-maste-byggas-nu\\\/#primaryimage\",\"url\":\"https:\\\/\\\/iwdev.se\\\/vatgas\\\/wp-content\\\/uploads\\\/2024\\\/10\\\/till-hemsidan-1.png\",\"contentUrl\":\"https:\\\/\\\/iwdev.se\\\/vatgas\\\/wp-content\\\/uploads\\\/2024\\\/10\\\/till-hemsidan-1.png\",\"width\":600,\"height\":450},{\"@type\":\"BreadcrumbList\",\"@id\":\"https:\\\/\\\/iwdev.se\\\/vatgas\\\/2024\\\/10\\\/02\\\/vatgasindustrin-kraver-atgarder-forsta-etappen-av-vatgasledningen-maste-byggas-nu\\\/#breadcrumb\",\"itemListElement\":[{\"@type\":\"ListItem\",\"position\":1,\"name\":\"Home\",\"item\":\"https:\\\/\\\/iwdev.se\\\/vatgas\\\/\"},{\"@type\":\"ListItem\",\"position\":2,\"name\":\"V\u00e4tgasindustrin kr\u00e4ver \u00e5tg\u00e4rder: F\u00f6rsta etappen av v\u00e4tgasledningen m\u00e5ste byggas nu\"}]},{\"@type\":\"WebSite\",\"@id\":\"https:\\\/\\\/iwdev.se\\\/vatgas\\\/#website\",\"url\":\"https:\\\/\\\/iwdev.se\\\/vatgas\\\/\",\"name\":\"V\u00e4tgas Sverige\",\"description\":\"En ledande plattform f\u00f6r omst\u00e4llningen till fossilfrihet\",\"publisher\":{\"@id\":\"https:\\\/\\\/iwdev.se\\\/vatgas\\\/#organization\"},\"potentialAction\":[{\"@type\":\"SearchAction\",\"target\":{\"@type\":\"EntryPoint\",\"urlTemplate\":\"https:\\\/\\\/iwdev.se\\\/vatgas\\\/?s={search_term_string}\"},\"query-input\":{\"@type\":\"PropertyValueSpecification\",\"valueRequired\":true,\"valueName\":\"search_term_string\"}}],\"inLanguage\":\"sv-SE\"},{\"@type\":\"Organization\",\"@id\":\"https:\\\/\\\/iwdev.se\\\/vatgas\\\/#organization\",\"name\":\"V\u00e4tgas Sverige\",\"url\":\"https:\\\/\\\/iwdev.se\\\/vatgas\\\/\",\"logo\":{\"@type\":\"ImageObject\",\"inLanguage\":\"sv-SE\",\"@id\":\"https:\\\/\\\/iwdev.se\\\/vatgas\\\/#\\\/schema\\\/logo\\\/image\\\/\",\"url\":\"https:\\\/\\\/iwdev.se\\\/vatgas\\\/wp-content\\\/uploads\\\/2022\\\/06\\\/LOGO.png\",\"contentUrl\":\"https:\\\/\\\/iwdev.se\\\/vatgas\\\/wp-content\\\/uploads\\\/2022\\\/06\\\/LOGO.png\",\"width\":240,\"height\":147,\"caption\":\"V\u00e4tgas Sverige\"},\"image\":{\"@id\":\"https:\\\/\\\/iwdev.se\\\/vatgas\\\/#\\\/schema\\\/logo\\\/image\\\/\"}},{\"@type\":\"Person\",\"@id\":\"https:\\\/\\\/iwdev.se\\\/vatgas\\\/#\\\/schema\\\/person\\\/8cc2f1473867b95de7c82567e7e9e0d0\",\"name\":\"Charlotte Blomberg\",\"url\":\"https:\\\/\\\/iwdev.se\\\/vatgas\\\/author\\\/chablo\\\/\"}]}<\/script>\n<!-- \/ Yoast SEO Premium plugin. -->","yoast_head_json":{"title":"V\u00e4tgasindustrin kr\u00e4ver \u00e5tg\u00e4rder: F\u00f6rsta etappen av v\u00e4tgasledningen m\u00e5ste byggas nu - V\u00e4tgas Sverige","robots":{"index":"noindex","follow":"follow","max-snippet":"max-snippet:-1","max-image-preview":"max-image-preview:large","max-video-preview":"max-video-preview:-1"},"og_locale":"sv_SE","og_type":"article","og_title":"V\u00e4tgasindustrin kr\u00e4ver \u00e5tg\u00e4rder: F\u00f6rsta etappen av v\u00e4tgasledningen m\u00e5ste byggas nu","og_description":"Thyssenkrupps satsning p\u00e5 gr\u00f6nt st\u00e5l Thyssenkrupp, Tysklands st\u00f6rsta st\u00e5lproducent, har l\u00e5ngt framskridna planer p\u00e5 att ers\u00e4tta fossilt kol med gr\u00f6n v\u00e4tgas i sin produktion. Vid deras fabrik i Duisburg planerar f\u00f6retaget att fr\u00e5n 2029 producera 2,5 miljoner ton st\u00e5l \u00e5rligen, d\u00e4r v\u00e4tgasen ska vara den avg\u00f6rande energik\u00e4llan. Problemet \u00e4r att det idag inte finns n\u00e5gra [...]","og_url":"https:\/\/iwdev.se\/vatgas\/2024\/10\/02\/vatgasindustrin-kraver-atgarder-forsta-etappen-av-vatgasledningen-maste-byggas-nu\/","og_site_name":"V\u00e4tgas Sverige","article_published_time":"2024-10-02T15:18:47+00:00","article_modified_time":"2024-10-02T15:28:26+00:00","og_image":[{"width":600,"height":450,"url":"https:\/\/iwdev.se\/vatgas\/wp-content\/uploads\/2024\/10\/till-hemsidan-1.png","type":"image\/png"}],"author":"Charlotte Blomberg","twitter_card":"summary_large_image","twitter_misc":{"Skriven av":"Charlotte Blomberg","Ber\u00e4knad l\u00e4stid":"3 minuter"},"schema":{"@context":"https:\/\/schema.org","@graph":[{"@type":"Article","@id":"https:\/\/iwdev.se\/vatgas\/2024\/10\/02\/vatgasindustrin-kraver-atgarder-forsta-etappen-av-vatgasledningen-maste-byggas-nu\/#article","isPartOf":{"@id":"https:\/\/iwdev.se\/vatgas\/2024\/10\/02\/vatgasindustrin-kraver-atgarder-forsta-etappen-av-vatgasledningen-maste-byggas-nu\/"},"author":{"name":"Charlotte Blomberg","@id":"https:\/\/iwdev.se\/vatgas\/#\/schema\/person\/8cc2f1473867b95de7c82567e7e9e0d0"},"headline":"V\u00e4tgasindustrin kr\u00e4ver \u00e5tg\u00e4rder: F\u00f6rsta etappen av v\u00e4tgasledningen m\u00e5ste byggas nu","datePublished":"2024-10-02T15:18:47+00:00","dateModified":"2024-10-02T15:28:26+00:00","mainEntityOfPage":{"@id":"https:\/\/iwdev.se\/vatgas\/2024\/10\/02\/vatgasindustrin-kraver-atgarder-forsta-etappen-av-vatgasledningen-maste-byggas-nu\/"},"wordCount":619,"publisher":{"@id":"https:\/\/iwdev.se\/vatgas\/#organization"},"image":{"@id":"https:\/\/iwdev.se\/vatgas\/2024\/10\/02\/vatgasindustrin-kraver-atgarder-forsta-etappen-av-vatgasledningen-maste-byggas-nu\/#primaryimage"},"thumbnailUrl":"https:\/\/iwdev.se\/vatgas\/wp-content\/uploads\/2024\/10\/till-hemsidan-1.png","articleSection":["Nyheter"],"inLanguage":"sv-SE"},{"@type":"WebPage","@id":"https:\/\/iwdev.se\/vatgas\/2024\/10\/02\/vatgasindustrin-kraver-atgarder-forsta-etappen-av-vatgasledningen-maste-byggas-nu\/","url":"https:\/\/iwdev.se\/vatgas\/2024\/10\/02\/vatgasindustrin-kraver-atgarder-forsta-etappen-av-vatgasledningen-maste-byggas-nu\/","name":"V\u00e4tgasindustrin kr\u00e4ver \u00e5tg\u00e4rder: F\u00f6rsta etappen av v\u00e4tgasledningen m\u00e5ste byggas nu - V\u00e4tgas Sverige","isPartOf":{"@id":"https:\/\/iwdev.se\/vatgas\/#website"},"primaryImageOfPage":{"@id":"https:\/\/iwdev.se\/vatgas\/2024\/10\/02\/vatgasindustrin-kraver-atgarder-forsta-etappen-av-vatgasledningen-maste-byggas-nu\/#primaryimage"},"image":{"@id":"https:\/\/iwdev.se\/vatgas\/2024\/10\/02\/vatgasindustrin-kraver-atgarder-forsta-etappen-av-vatgasledningen-maste-byggas-nu\/#primaryimage"},"thumbnailUrl":"https:\/\/iwdev.se\/vatgas\/wp-content\/uploads\/2024\/10\/till-hemsidan-1.png","datePublished":"2024-10-02T15:18:47+00:00","dateModified":"2024-10-02T15:28:26+00:00","breadcrumb":{"@id":"https:\/\/iwdev.se\/vatgas\/2024\/10\/02\/vatgasindustrin-kraver-atgarder-forsta-etappen-av-vatgasledningen-maste-byggas-nu\/#breadcrumb"},"inLanguage":"sv-SE","potentialAction":[{"@type":"ReadAction","target":["https:\/\/iwdev.se\/vatgas\/2024\/10\/02\/vatgasindustrin-kraver-atgarder-forsta-etappen-av-vatgasledningen-maste-byggas-nu\/"]}]},{"@type":"ImageObject","inLanguage":"sv-SE","@id":"https:\/\/iwdev.se\/vatgas\/2024\/10\/02\/vatgasindustrin-kraver-atgarder-forsta-etappen-av-vatgasledningen-maste-byggas-nu\/#primaryimage","url":"https:\/\/iwdev.se\/vatgas\/wp-content\/uploads\/2024\/10\/till-hemsidan-1.png","contentUrl":"https:\/\/iwdev.se\/vatgas\/wp-content\/uploads\/2024\/10\/till-hemsidan-1.png","width":600,"height":450},{"@type":"BreadcrumbList","@id":"https:\/\/iwdev.se\/vatgas\/2024\/10\/02\/vatgasindustrin-kraver-atgarder-forsta-etappen-av-vatgasledningen-maste-byggas-nu\/#breadcrumb","itemListElement":[{"@type":"ListItem","position":1,"name":"Home","item":"https:\/\/iwdev.se\/vatgas\/"},{"@type":"ListItem","position":2,"name":"V\u00e4tgasindustrin kr\u00e4ver \u00e5tg\u00e4rder: F\u00f6rsta etappen av v\u00e4tgasledningen m\u00e5ste byggas nu"}]},{"@type":"WebSite","@id":"https:\/\/iwdev.se\/vatgas\/#website","url":"https:\/\/iwdev.se\/vatgas\/","name":"V\u00e4tgas Sverige","description":"En ledande plattform f\u00f6r omst\u00e4llningen till fossilfrihet","publisher":{"@id":"https:\/\/iwdev.se\/vatgas\/#organization"},"potentialAction":[{"@type":"SearchAction","target":{"@type":"EntryPoint","urlTemplate":"https:\/\/iwdev.se\/vatgas\/?s={search_term_string}"},"query-input":{"@type":"PropertyValueSpecification","valueRequired":true,"valueName":"search_term_string"}}],"inLanguage":"sv-SE"},{"@type":"Organization","@id":"https:\/\/iwdev.se\/vatgas\/#organization","name":"V\u00e4tgas Sverige","url":"https:\/\/iwdev.se\/vatgas\/","logo":{"@type":"ImageObject","inLanguage":"sv-SE","@id":"https:\/\/iwdev.se\/vatgas\/#\/schema\/logo\/image\/","url":"https:\/\/iwdev.se\/vatgas\/wp-content\/uploads\/2022\/06\/LOGO.png","contentUrl":"https:\/\/iwdev.se\/vatgas\/wp-content\/uploads\/2022\/06\/LOGO.png","width":240,"height":147,"caption":"V\u00e4tgas Sverige"},"image":{"@id":"https:\/\/iwdev.se\/vatgas\/#\/schema\/logo\/image\/"}},{"@type":"Person","@id":"https:\/\/iwdev.se\/vatgas\/#\/schema\/person\/8cc2f1473867b95de7c82567e7e9e0d0","name":"Charlotte Blomberg","url":"https:\/\/iwdev.se\/vatgas\/author\/chablo\/"}]}},"_links":{"self":[{"href":"https:\/\/iwdev.se\/vatgas\/wp-json\/wp\/v2\/posts\/21379","targetHints":{"allow":["GET"]}}],"collection":[{"href":"https:\/\/iwdev.se\/vatgas\/wp-json\/wp\/v2\/posts"}],"about":[{"href":"https:\/\/iwdev.se\/vatgas\/wp-json\/wp\/v2\/types\/post"}],"author":[{"embeddable":true,"href":"https:\/\/iwdev.se\/vatgas\/wp-json\/wp\/v2\/users\/3"}],"replies":[{"embeddable":true,"href":"https:\/\/iwdev.se\/vatgas\/wp-json\/wp\/v2\/comments?post=21379"}],"version-history":[{"count":2,"href":"https:\/\/iwdev.se\/vatgas\/wp-json\/wp\/v2\/posts\/21379\/revisions"}],"predecessor-version":[{"id":21384,"href":"https:\/\/iwdev.se\/vatgas\/wp-json\/wp\/v2\/posts\/21379\/revisions\/21384"}],"wp:featuredmedia":[{"embeddable":true,"href":"https:\/\/iwdev.se\/vatgas\/wp-json\/wp\/v2\/media\/21380"}],"wp:attachment":[{"href":"https:\/\/iwdev.se\/vatgas\/wp-json\/wp\/v2\/media?parent=21379"}],"wp:term":[{"taxonomy":"category","embeddable":true,"href":"https:\/\/iwdev.se\/vatgas\/wp-json\/wp\/v2\/categories?post=21379"},{"taxonomy":"post_tag","embeddable":true,"href":"https:\/\/iwdev.se\/vatgas\/wp-json\/wp\/v2\/tags?post=21379"}],"curies":[{"name":"wp","href":"https:\/\/api.w.org\/{rel}","templated":true}]}}