{"id":21743,"date":"2024-12-05T15:18:22","date_gmt":"2024-12-05T15:18:22","guid":{"rendered":"https:\/\/vatgas.hemsida.eu\/?p=21743"},"modified":"2024-12-05T15:53:00","modified_gmt":"2024-12-05T15:53:00","slug":"hydri-inviger-vatgasstation-vid-e6-i-haby","status":"publish","type":"post","link":"https:\/\/iwdev.se\/vatgas\/2024\/12\/05\/hydri-inviger-vatgasstation-vid-e6-i-haby\/","title":{"rendered":"Hydri inviger v\u00e4tgasstation vid E6 i H\u00e5by"},"content":{"rendered":"\n<figure class=\"wp-block-image size-large\"><img loading=\"lazy\" decoding=\"async\" width=\"1024\" height=\"576\" src=\"https:\/\/iwdev.se\/vatgas\/wp-content\/uploads\/2024\/12\/Hydri_4dec_3-1024x576.jpg\" alt=\"\" class=\"wp-image-21756\" srcset=\"https:\/\/iwdev.se\/vatgas\/wp-content\/uploads\/2024\/12\/Hydri_4dec_3-1024x576.jpg 1024w, https:\/\/iwdev.se\/vatgas\/wp-content\/uploads\/2024\/12\/Hydri_4dec_3-300x169.jpg 300w, https:\/\/iwdev.se\/vatgas\/wp-content\/uploads\/2024\/12\/Hydri_4dec_3-768x432.jpg 768w, https:\/\/iwdev.se\/vatgas\/wp-content\/uploads\/2024\/12\/Hydri_4dec_3-1536x864.jpg 1536w, https:\/\/iwdev.se\/vatgas\/wp-content\/uploads\/2024\/12\/Hydri_4dec_3-530x298.jpg 530w, https:\/\/iwdev.se\/vatgas\/wp-content\/uploads\/2024\/12\/Hydri_4dec_3.jpg 1920w\" sizes=\"auto, (max-width: 1024px) 100vw, 1024px\" \/><figcaption class=\"wp-element-caption\"><em>Peter En\u00e5 vd Hydri, Michel Thomas vd Qarlbo Energy, Per-Arne Blomquist vd Qarlbo, Martin Svedberg R\u00f6din, Munkedal Kommun, Daniel Bergstrand Volvo Trucks, Mikael Backstr\u00f6m Rasta, Fredrik Landegren TRB Sverige och Mikael Antonsson Hydri.<\/em><\/figcaption><\/figure>\n\n\n\n<p>En vacker och kylig decemberdag medverkade V\u00e4tgas Sverige p\u00e5 Hydris invigning v\u00e4tgastankstation i H\u00e5by \u2013 Munkedal. Trots kylan samlades representanter fr\u00e5n b\u00e5de n\u00e4ringslivet och offentlig sektor f\u00f6r att inviga det unika Hydrikonceptet med fossilfria drivmedel, vilket nu under det kommande \u00e5ret rullas ut i Sverige p\u00e5 Rastas truckstops.<\/p>\n\n\n\n<p>Hydris rikst\u00e4ckande satsning av byggnation av tankstationer \u00e4r tillsammans med \u00f6vriga bolag som bygger  v\u00e4tgasinfrastruktur en viktig pusselbit f\u00f6r att m\u00f6jligg\u00f6ra h\u00e5llbara transportl\u00f6sningar. F\u00f6retaget har tidigare i h\u00f6st invigt sin f\u00f6rsta v\u00e4tgastankstation i G\u00f6teborgs Hamn. <\/p>\n\n\n\n<h2 class=\"wp-block-heading\" id=\"h-en-viktig-knutpunkt-for-hallbara-transporter-pa-vastkusten\"><strong>En viktig knutpunkt f\u00f6r h\u00e5llbara transporter p\u00e5 v\u00e4stkusten<\/strong><\/h2>\n\n\n\n<figure class=\"wp-block-image size-large\"><img loading=\"lazy\" decoding=\"async\" width=\"1024\" height=\"576\" src=\"https:\/\/iwdev.se\/vatgas\/wp-content\/uploads\/2024\/12\/Hydri_4dec_2-1024x576.jpg\" alt=\"\" class=\"wp-image-21764\" srcset=\"https:\/\/iwdev.se\/vatgas\/wp-content\/uploads\/2024\/12\/Hydri_4dec_2-1024x576.jpg 1024w, https:\/\/iwdev.se\/vatgas\/wp-content\/uploads\/2024\/12\/Hydri_4dec_2-300x169.jpg 300w, https:\/\/iwdev.se\/vatgas\/wp-content\/uploads\/2024\/12\/Hydri_4dec_2-768x432.jpg 768w, https:\/\/iwdev.se\/vatgas\/wp-content\/uploads\/2024\/12\/Hydri_4dec_2-1536x864.jpg 1536w, https:\/\/iwdev.se\/vatgas\/wp-content\/uploads\/2024\/12\/Hydri_4dec_2-530x298.jpg 530w, https:\/\/iwdev.se\/vatgas\/wp-content\/uploads\/2024\/12\/Hydri_4dec_2.jpg 1920w\" sizes=\"auto, (max-width: 1024px) 100vw, 1024px\" \/><\/figure>\n\n\n\n<p>H\u00e5by i Munkedal \u00e4r bel\u00e4get vid E6:an, drygt 1 h norr om G\u00f6teborg och \u00e4r en central knutpunkt f\u00f6r tunga transporter l\u00e4ngs v\u00e4stkusten. Peter En\u00e5, vd p\u00e5 Hydri ber\u00e4ttar att de valt H\u00e5by b\u00e5de f\u00f6r att placeringen \u00e4r strategiskt l\u00e4mplig d\u00e5 E6 \u00e4r en av de mest trafikerade transportstr\u00e4ckorna p\u00e5 v\u00e4stkusten samt att kommunen varit positiv och l\u00f6sningsorienterad f\u00f6r att f\u00e5 stationen p\u00e5 plats.<\/p>\n\n\n\n<p>F\u00f6r Munkedal och regionen \u00e4r detta inte bara en investering i infrastruktur, utan ocks\u00e5 ett s\u00e4tt att positionera sig som en ledande akt\u00f6r i omst\u00e4llningen till h\u00e5llbara transporter. &#8221;Detta \u00e4r bara b\u00f6rjan. Munkedal \u00e4r redo att vara f\u00f6rst ut och s\u00e4tta v\u00e5r kommun p\u00e5 kartan f\u00f6r framtidens transporter, s\u00e4ger Martin Svedberg R\u00f6din, ledamot kommunfullm\u00e4ktige Munkedal.<\/p>\n\n\n\n<h2 class=\"wp-block-heading\" id=\"h-rasta-mojliggor-fossilfri-omstallning-pa-sina-anlaggningar\"><strong>Rasta m\u00f6jligg\u00f6r fossilfri omst\u00e4llning p\u00e5 sina anl\u00e4ggningar<\/strong><\/h2>\n\n\n\n<p>Den nya stationen \u00e4r anpassad f\u00f6r tung trafik och \u00e4r en del av ett st\u00f6rre initiativ f\u00f6r att bygga ut infrastrukturen f\u00f6r v\u00e4tgasdrivna transporter i Sverige. Mikael Backstr\u00f6m fr\u00e5n Rasta betonade vikten av att g\u00f6ra h\u00e5llbara alternativ tillg\u00e4ngliga l\u00e4ngs deras Rasta stationer som ligger vid Sveriges viktigaste transportleder.<\/p>\n\n\n\n<h2 class=\"wp-block-heading\" id=\"h-transport-och-logistikbranschen-valkomnar-fossilfria-drivmedel\"><strong>Transport- och logistikbranschen v\u00e4lkomnar fossilfria drivmedel<\/strong><\/h2>\n\n\n\n<p>Fredrik Landegren fr\u00e5n TRB Sverige lyfte fram att utbyggnaden av v\u00e4tgasstationer \u00e4r en del av omst\u00e4llningen, men att det finns en viktig flaskhals: &#8221;V\u00e5ra medlemmar st\u00e4ller g\u00e4rna om till fossilfria fordon, men det som saknas \u00e4r fordonen. Ett viktigt medskick \u00e4r att fordonstillverkarna beh\u00f6ver \u00f6ka takten.&#8221; <\/p>\n\n\n\n<h2 class=\"wp-block-heading\" id=\"h-volvo-trucks-utvecklar-vatgasdrivna-fordon\"><strong>Volvo Trucks utvecklar v\u00e4tgasdrivna fordon<\/strong><\/h2>\n\n\n\n<p>Daniel Bergstrand fr\u00e5n Volvo Trucks ber\u00e4ttade att f\u00f6retaget arbetar intensivt med att introducera tunga fordon, b\u00e5de med br\u00e4nsleceller och ombyggda f\u00f6rbr\u00e4nningsmotorer som drivs p\u00e5 v\u00e4tgas, p\u00e5 marknaden inom fem \u00e5r. Samtidigt ser de m\u00f6jligheter att p\u00e5skynda omst\u00e4llningen genom att initiera pilotprojekt redan innan dessa l\u00f6sningar blir kommersiellt tillg\u00e4ngliga.<\/p>\n\n\n\n<h2 class=\"wp-block-heading\" id=\"h-samarbete-nyckeln-till-fossilfria-transporter-och-klimatmalen\"><strong>Samarbete nyckeln till fossilfria transporter och klimatm\u00e5len<\/strong><\/h2>\n\n\n\n<figure class=\"wp-block-image size-large\"><img loading=\"lazy\" decoding=\"async\" width=\"1024\" height=\"576\" src=\"https:\/\/iwdev.se\/vatgas\/wp-content\/uploads\/2024\/12\/Hydri_4dec-1024x576.jpg\" alt=\"\" class=\"wp-image-21759\" srcset=\"https:\/\/iwdev.se\/vatgas\/wp-content\/uploads\/2024\/12\/Hydri_4dec-1024x576.jpg 1024w, https:\/\/iwdev.se\/vatgas\/wp-content\/uploads\/2024\/12\/Hydri_4dec-300x169.jpg 300w, https:\/\/iwdev.se\/vatgas\/wp-content\/uploads\/2024\/12\/Hydri_4dec-768x432.jpg 768w, https:\/\/iwdev.se\/vatgas\/wp-content\/uploads\/2024\/12\/Hydri_4dec-1536x864.jpg 1536w, https:\/\/iwdev.se\/vatgas\/wp-content\/uploads\/2024\/12\/Hydri_4dec-530x298.jpg 530w, https:\/\/iwdev.se\/vatgas\/wp-content\/uploads\/2024\/12\/Hydri_4dec.jpg 1920w\" sizes=\"auto, (max-width: 1024px) 100vw, 1024px\" \/><\/figure>\n\n\n\n<p>F\u00f6r att m\u00f6jligg\u00f6ra en snabbare \u00f6verg\u00e5ng till fossilfria transporter och n\u00e5 klimatm\u00e5len kr\u00e4vs ett n\u00e4ra samarbete mellan olika sektorer. Fordonstillverkare m\u00e5ste \u00f6ka takten i utvecklingen av fossilfria fordon, producenter av gr\u00f6n v\u00e4tgas beh\u00f6ver s\u00e4kerst\u00e4lla h\u00e5llbar och tillg\u00e4nglig energif\u00f6rs\u00f6rjning, och infrastrukturen m\u00e5ste byggas ut f\u00f6r att m\u00f6ta behoven.<\/p>\n\n\n\n<p>Samtidigt spelar statliga incitament och strategiska \u00e5tg\u00e4rder fr\u00e5n regeringen och n\u00e4ringslivet en avg\u00f6rande roll i att skapa f\u00f6ruts\u00e4ttningar f\u00f6r investeringar och innovation. Endast genom att samla resurser och expertis \u00f6ver sektorsgr\u00e4nser kan vi p\u00e5skynda omst\u00e4llningen till en h\u00e5llbar transportsektor och s\u00e4kerst\u00e4lla en gr\u00f6n framtid.<\/p>\n\n\n\n<h2 class=\"wp-block-heading\" id=\"h-utveckling-av-infrastruktur-for-vatgas-mojliggor-gron-omstallning\"><strong>Utveckling av infrastruktur f\u00f6r v\u00e4tgas m\u00f6jligg\u00f6r gr\u00f6n omst\u00e4llning<\/strong><\/h2>\n\n\n\n<p>Utvecklingen av infrastrukturen f\u00f6r v\u00e4tgastankstationer i Sverige inneb\u00e4r ett stort steg fram\u00e5t i omst\u00e4llningen till fossilfria transporter. V\u00e4tgas Sverige \u00e4r glada \u00f6ver den framg\u00e5ng som nu tar form och ser med tillf\u00f6rsikt p\u00e5 hur denna utbyggnad kommer att bidra till att skapa f\u00f6ruts\u00e4ttningar f\u00f6r h\u00e5llbara transporter i hela landet.<\/p>\n\n\n\n<div class=\"wp-block-buttons is-layout-flex wp-block-buttons-is-layout-flex\">\n<div class=\"wp-block-button\"><a class=\"wp-block-button__link wp-element-button\" href=\"https:\/\/hydri.energy\/\" target=\"_blank\" rel=\"noreferrer noopener\">L\u00e4s mer om Hydri<\/a><\/div>\n<\/div>\n\n\n\n<p><\/p>\n","protected":false},"excerpt":{"rendered":"<p>En vacker och kylig decemberdag medverkade V\u00e4tgas Sverige p\u00e5 Hydris invigning v\u00e4tgastankstation i H\u00e5by \u2013 Munkedal. Trots kylan samlades representanter fr\u00e5n b\u00e5de n\u00e4ringslivet och offentlig sektor f\u00f6r att inviga det unika Hydrikonceptet med fossilfria drivmedel, vilket nu under det kommande \u00e5ret rullas ut i Sverige p\u00e5 Rastas truckstops. Hydris rikst\u00e4ckande satsning av byggnation av tankstationer <a class=\"moretag\" href=\"https:\/\/iwdev.se\/vatgas\/2024\/12\/05\/hydri-inviger-vatgasstation-vid-e6-i-haby\/\">[&#8230;]<\/a><\/p>\n","protected":false},"author":344,"featured_media":21764,"comment_status":"closed","ping_status":"closed","sticky":false,"template":"","format":"standard","meta":{"_acf_changed":false,"footnotes":""},"categories":[10],"tags":[],"class_list":["post-21743","post","type-post","status-publish","format-standard","has-post-thumbnail","hentry","category-medlemsnytt"],"acf":[],"yoast_head":"<!-- This site is optimized with the Yoast SEO Premium plugin v26.4 (Yoast SEO v27.4) - https:\/\/yoast.com\/product\/yoast-seo-premium-wordpress\/ -->\n<title>Hydri inviger v\u00e4tgasstation vid E6 i H\u00e5by - V\u00e4tgas Sverige<\/title>\n<meta name=\"description\" content=\"En vacker och kylig decemberdag medverkade V\u00e4tgas Sverige p\u00e5 Hydris invigning av v\u00e4tgastankstation i H\u00e5by \u2013 Munkedal vid E6 p\u00e5 v\u00e4stkusten.\" \/>\n<meta name=\"robots\" content=\"noindex, follow, max-snippet:-1, max-image-preview:large, max-video-preview:-1\" \/>\n<meta property=\"og:locale\" content=\"sv_SE\" \/>\n<meta property=\"og:type\" content=\"article\" \/>\n<meta property=\"og:title\" content=\"Hydri inviger v\u00e4tgasstation vid E6 i H\u00e5by\" \/>\n<meta property=\"og:description\" content=\"En vacker och kylig decemberdag medverkade V\u00e4tgas Sverige p\u00e5 Hydris invigning av v\u00e4tgastankstation i H\u00e5by \u2013 Munkedal vid E6 p\u00e5 v\u00e4stkusten.\" \/>\n<meta property=\"og:url\" content=\"https:\/\/iwdev.se\/vatgas\/2024\/12\/05\/hydri-inviger-vatgasstation-vid-e6-i-haby\/\" \/>\n<meta property=\"og:site_name\" content=\"V\u00e4tgas Sverige\" \/>\n<meta property=\"article:published_time\" content=\"2024-12-05T15:18:22+00:00\" \/>\n<meta property=\"article:modified_time\" content=\"2024-12-05T15:53:00+00:00\" \/>\n<meta property=\"og:image\" content=\"https:\/\/iwdev.se\/vatgas\/wp-content\/uploads\/2024\/12\/Hydri_4dec_2.jpg\" \/>\n\t<meta property=\"og:image:width\" content=\"1920\" \/>\n\t<meta property=\"og:image:height\" content=\"1080\" \/>\n\t<meta property=\"og:image:type\" content=\"image\/jpeg\" \/>\n<meta name=\"author\" content=\"eva.corell@vatgas.se\" \/>\n<meta name=\"twitter:card\" content=\"summary_large_image\" \/>\n<meta name=\"twitter:label1\" content=\"Skriven av\" \/>\n\t<meta name=\"twitter:data1\" content=\"eva.corell@vatgas.se\" \/>\n\t<meta name=\"twitter:label2\" content=\"Ber\u00e4knad l\u00e4stid\" \/>\n\t<meta name=\"twitter:data2\" content=\"4 minuter\" \/>\n<script type=\"application\/ld+json\" class=\"yoast-schema-graph\">{\"@context\":\"https:\\\/\\\/schema.org\",\"@graph\":[{\"@type\":\"Article\",\"@id\":\"https:\\\/\\\/iwdev.se\\\/vatgas\\\/2024\\\/12\\\/05\\\/hydri-inviger-vatgasstation-vid-e6-i-haby\\\/#article\",\"isPartOf\":{\"@id\":\"https:\\\/\\\/iwdev.se\\\/vatgas\\\/2024\\\/12\\\/05\\\/hydri-inviger-vatgasstation-vid-e6-i-haby\\\/\"},\"author\":{\"name\":\"eva.corell@vatgas.se\",\"@id\":\"https:\\\/\\\/iwdev.se\\\/vatgas\\\/#\\\/schema\\\/person\\\/2a6f045268bb28372e6b22c7ba581a47\"},\"headline\":\"Hydri inviger v\u00e4tgasstation vid E6 i H\u00e5by\",\"datePublished\":\"2024-12-05T15:18:22+00:00\",\"dateModified\":\"2024-12-05T15:53:00+00:00\",\"mainEntityOfPage\":{\"@id\":\"https:\\\/\\\/iwdev.se\\\/vatgas\\\/2024\\\/12\\\/05\\\/hydri-inviger-vatgasstation-vid-e6-i-haby\\\/\"},\"wordCount\":713,\"publisher\":{\"@id\":\"https:\\\/\\\/iwdev.se\\\/vatgas\\\/#organization\"},\"image\":{\"@id\":\"https:\\\/\\\/iwdev.se\\\/vatgas\\\/2024\\\/12\\\/05\\\/hydri-inviger-vatgasstation-vid-e6-i-haby\\\/#primaryimage\"},\"thumbnailUrl\":\"https:\\\/\\\/iwdev.se\\\/vatgas\\\/wp-content\\\/uploads\\\/2024\\\/12\\\/Hydri_4dec_2.jpg\",\"articleSection\":[\"Medlemsnytt\"],\"inLanguage\":\"sv-SE\"},{\"@type\":\"WebPage\",\"@id\":\"https:\\\/\\\/iwdev.se\\\/vatgas\\\/2024\\\/12\\\/05\\\/hydri-inviger-vatgasstation-vid-e6-i-haby\\\/\",\"url\":\"https:\\\/\\\/iwdev.se\\\/vatgas\\\/2024\\\/12\\\/05\\\/hydri-inviger-vatgasstation-vid-e6-i-haby\\\/\",\"name\":\"Hydri inviger v\u00e4tgasstation vid E6 i H\u00e5by - V\u00e4tgas Sverige\",\"isPartOf\":{\"@id\":\"https:\\\/\\\/iwdev.se\\\/vatgas\\\/#website\"},\"primaryImageOfPage\":{\"@id\":\"https:\\\/\\\/iwdev.se\\\/vatgas\\\/2024\\\/12\\\/05\\\/hydri-inviger-vatgasstation-vid-e6-i-haby\\\/#primaryimage\"},\"image\":{\"@id\":\"https:\\\/\\\/iwdev.se\\\/vatgas\\\/2024\\\/12\\\/05\\\/hydri-inviger-vatgasstation-vid-e6-i-haby\\\/#primaryimage\"},\"thumbnailUrl\":\"https:\\\/\\\/iwdev.se\\\/vatgas\\\/wp-content\\\/uploads\\\/2024\\\/12\\\/Hydri_4dec_2.jpg\",\"datePublished\":\"2024-12-05T15:18:22+00:00\",\"dateModified\":\"2024-12-05T15:53:00+00:00\",\"description\":\"En vacker och kylig decemberdag medverkade V\u00e4tgas Sverige p\u00e5 Hydris invigning av v\u00e4tgastankstation i H\u00e5by \u2013 Munkedal vid E6 p\u00e5 v\u00e4stkusten.\",\"breadcrumb\":{\"@id\":\"https:\\\/\\\/iwdev.se\\\/vatgas\\\/2024\\\/12\\\/05\\\/hydri-inviger-vatgasstation-vid-e6-i-haby\\\/#breadcrumb\"},\"inLanguage\":\"sv-SE\",\"potentialAction\":[{\"@type\":\"ReadAction\",\"target\":[\"https:\\\/\\\/iwdev.se\\\/vatgas\\\/2024\\\/12\\\/05\\\/hydri-inviger-vatgasstation-vid-e6-i-haby\\\/\"]}]},{\"@type\":\"ImageObject\",\"inLanguage\":\"sv-SE\",\"@id\":\"https:\\\/\\\/iwdev.se\\\/vatgas\\\/2024\\\/12\\\/05\\\/hydri-inviger-vatgasstation-vid-e6-i-haby\\\/#primaryimage\",\"url\":\"https:\\\/\\\/iwdev.se\\\/vatgas\\\/wp-content\\\/uploads\\\/2024\\\/12\\\/Hydri_4dec_2.jpg\",\"contentUrl\":\"https:\\\/\\\/iwdev.se\\\/vatgas\\\/wp-content\\\/uploads\\\/2024\\\/12\\\/Hydri_4dec_2.jpg\",\"width\":1920,\"height\":1080},{\"@type\":\"BreadcrumbList\",\"@id\":\"https:\\\/\\\/iwdev.se\\\/vatgas\\\/2024\\\/12\\\/05\\\/hydri-inviger-vatgasstation-vid-e6-i-haby\\\/#breadcrumb\",\"itemListElement\":[{\"@type\":\"ListItem\",\"position\":1,\"name\":\"Home\",\"item\":\"https:\\\/\\\/iwdev.se\\\/vatgas\\\/\"},{\"@type\":\"ListItem\",\"position\":2,\"name\":\"Hydri inviger v\u00e4tgasstation vid E6 i H\u00e5by\"}]},{\"@type\":\"WebSite\",\"@id\":\"https:\\\/\\\/iwdev.se\\\/vatgas\\\/#website\",\"url\":\"https:\\\/\\\/iwdev.se\\\/vatgas\\\/\",\"name\":\"V\u00e4tgas Sverige\",\"description\":\"En ledande plattform f\u00f6r omst\u00e4llningen till fossilfrihet\",\"publisher\":{\"@id\":\"https:\\\/\\\/iwdev.se\\\/vatgas\\\/#organization\"},\"potentialAction\":[{\"@type\":\"SearchAction\",\"target\":{\"@type\":\"EntryPoint\",\"urlTemplate\":\"https:\\\/\\\/iwdev.se\\\/vatgas\\\/?s={search_term_string}\"},\"query-input\":{\"@type\":\"PropertyValueSpecification\",\"valueRequired\":true,\"valueName\":\"search_term_string\"}}],\"inLanguage\":\"sv-SE\"},{\"@type\":\"Organization\",\"@id\":\"https:\\\/\\\/iwdev.se\\\/vatgas\\\/#organization\",\"name\":\"V\u00e4tgas Sverige\",\"url\":\"https:\\\/\\\/iwdev.se\\\/vatgas\\\/\",\"logo\":{\"@type\":\"ImageObject\",\"inLanguage\":\"sv-SE\",\"@id\":\"https:\\\/\\\/iwdev.se\\\/vatgas\\\/#\\\/schema\\\/logo\\\/image\\\/\",\"url\":\"https:\\\/\\\/iwdev.se\\\/vatgas\\\/wp-content\\\/uploads\\\/2022\\\/06\\\/LOGO.png\",\"contentUrl\":\"https:\\\/\\\/iwdev.se\\\/vatgas\\\/wp-content\\\/uploads\\\/2022\\\/06\\\/LOGO.png\",\"width\":240,\"height\":147,\"caption\":\"V\u00e4tgas Sverige\"},\"image\":{\"@id\":\"https:\\\/\\\/iwdev.se\\\/vatgas\\\/#\\\/schema\\\/logo\\\/image\\\/\"}},{\"@type\":\"Person\",\"@id\":\"https:\\\/\\\/iwdev.se\\\/vatgas\\\/#\\\/schema\\\/person\\\/2a6f045268bb28372e6b22c7ba581a47\",\"name\":\"eva.corell@vatgas.se\",\"url\":\"https:\\\/\\\/iwdev.se\\\/vatgas\\\/author\\\/eva-corellvatgas-se\\\/\"}]}<\/script>\n<!-- \/ Yoast SEO Premium plugin. -->","yoast_head_json":{"title":"Hydri inviger v\u00e4tgasstation vid E6 i H\u00e5by - V\u00e4tgas Sverige","description":"En vacker och kylig decemberdag medverkade V\u00e4tgas Sverige p\u00e5 Hydris invigning av v\u00e4tgastankstation i H\u00e5by \u2013 Munkedal vid E6 p\u00e5 v\u00e4stkusten.","robots":{"index":"noindex","follow":"follow","max-snippet":"max-snippet:-1","max-image-preview":"max-image-preview:large","max-video-preview":"max-video-preview:-1"},"og_locale":"sv_SE","og_type":"article","og_title":"Hydri inviger v\u00e4tgasstation vid E6 i H\u00e5by","og_description":"En vacker och kylig decemberdag medverkade V\u00e4tgas Sverige p\u00e5 Hydris invigning av v\u00e4tgastankstation i H\u00e5by \u2013 Munkedal vid E6 p\u00e5 v\u00e4stkusten.","og_url":"https:\/\/iwdev.se\/vatgas\/2024\/12\/05\/hydri-inviger-vatgasstation-vid-e6-i-haby\/","og_site_name":"V\u00e4tgas Sverige","article_published_time":"2024-12-05T15:18:22+00:00","article_modified_time":"2024-12-05T15:53:00+00:00","og_image":[{"width":1920,"height":1080,"url":"https:\/\/iwdev.se\/vatgas\/wp-content\/uploads\/2024\/12\/Hydri_4dec_2.jpg","type":"image\/jpeg"}],"author":"eva.corell@vatgas.se","twitter_card":"summary_large_image","twitter_misc":{"Skriven av":"eva.corell@vatgas.se","Ber\u00e4knad l\u00e4stid":"4 minuter"},"schema":{"@context":"https:\/\/schema.org","@graph":[{"@type":"Article","@id":"https:\/\/iwdev.se\/vatgas\/2024\/12\/05\/hydri-inviger-vatgasstation-vid-e6-i-haby\/#article","isPartOf":{"@id":"https:\/\/iwdev.se\/vatgas\/2024\/12\/05\/hydri-inviger-vatgasstation-vid-e6-i-haby\/"},"author":{"name":"eva.corell@vatgas.se","@id":"https:\/\/iwdev.se\/vatgas\/#\/schema\/person\/2a6f045268bb28372e6b22c7ba581a47"},"headline":"Hydri inviger v\u00e4tgasstation vid E6 i H\u00e5by","datePublished":"2024-12-05T15:18:22+00:00","dateModified":"2024-12-05T15:53:00+00:00","mainEntityOfPage":{"@id":"https:\/\/iwdev.se\/vatgas\/2024\/12\/05\/hydri-inviger-vatgasstation-vid-e6-i-haby\/"},"wordCount":713,"publisher":{"@id":"https:\/\/iwdev.se\/vatgas\/#organization"},"image":{"@id":"https:\/\/iwdev.se\/vatgas\/2024\/12\/05\/hydri-inviger-vatgasstation-vid-e6-i-haby\/#primaryimage"},"thumbnailUrl":"https:\/\/iwdev.se\/vatgas\/wp-content\/uploads\/2024\/12\/Hydri_4dec_2.jpg","articleSection":["Medlemsnytt"],"inLanguage":"sv-SE"},{"@type":"WebPage","@id":"https:\/\/iwdev.se\/vatgas\/2024\/12\/05\/hydri-inviger-vatgasstation-vid-e6-i-haby\/","url":"https:\/\/iwdev.se\/vatgas\/2024\/12\/05\/hydri-inviger-vatgasstation-vid-e6-i-haby\/","name":"Hydri inviger v\u00e4tgasstation vid E6 i H\u00e5by - V\u00e4tgas Sverige","isPartOf":{"@id":"https:\/\/iwdev.se\/vatgas\/#website"},"primaryImageOfPage":{"@id":"https:\/\/iwdev.se\/vatgas\/2024\/12\/05\/hydri-inviger-vatgasstation-vid-e6-i-haby\/#primaryimage"},"image":{"@id":"https:\/\/iwdev.se\/vatgas\/2024\/12\/05\/hydri-inviger-vatgasstation-vid-e6-i-haby\/#primaryimage"},"thumbnailUrl":"https:\/\/iwdev.se\/vatgas\/wp-content\/uploads\/2024\/12\/Hydri_4dec_2.jpg","datePublished":"2024-12-05T15:18:22+00:00","dateModified":"2024-12-05T15:53:00+00:00","description":"En vacker och kylig decemberdag medverkade V\u00e4tgas Sverige p\u00e5 Hydris invigning av v\u00e4tgastankstation i H\u00e5by \u2013 Munkedal vid E6 p\u00e5 v\u00e4stkusten.","breadcrumb":{"@id":"https:\/\/iwdev.se\/vatgas\/2024\/12\/05\/hydri-inviger-vatgasstation-vid-e6-i-haby\/#breadcrumb"},"inLanguage":"sv-SE","potentialAction":[{"@type":"ReadAction","target":["https:\/\/iwdev.se\/vatgas\/2024\/12\/05\/hydri-inviger-vatgasstation-vid-e6-i-haby\/"]}]},{"@type":"ImageObject","inLanguage":"sv-SE","@id":"https:\/\/iwdev.se\/vatgas\/2024\/12\/05\/hydri-inviger-vatgasstation-vid-e6-i-haby\/#primaryimage","url":"https:\/\/iwdev.se\/vatgas\/wp-content\/uploads\/2024\/12\/Hydri_4dec_2.jpg","contentUrl":"https:\/\/iwdev.se\/vatgas\/wp-content\/uploads\/2024\/12\/Hydri_4dec_2.jpg","width":1920,"height":1080},{"@type":"BreadcrumbList","@id":"https:\/\/iwdev.se\/vatgas\/2024\/12\/05\/hydri-inviger-vatgasstation-vid-e6-i-haby\/#breadcrumb","itemListElement":[{"@type":"ListItem","position":1,"name":"Home","item":"https:\/\/iwdev.se\/vatgas\/"},{"@type":"ListItem","position":2,"name":"Hydri inviger v\u00e4tgasstation vid E6 i H\u00e5by"}]},{"@type":"WebSite","@id":"https:\/\/iwdev.se\/vatgas\/#website","url":"https:\/\/iwdev.se\/vatgas\/","name":"V\u00e4tgas Sverige","description":"En ledande plattform f\u00f6r omst\u00e4llningen till fossilfrihet","publisher":{"@id":"https:\/\/iwdev.se\/vatgas\/#organization"},"potentialAction":[{"@type":"SearchAction","target":{"@type":"EntryPoint","urlTemplate":"https:\/\/iwdev.se\/vatgas\/?s={search_term_string}"},"query-input":{"@type":"PropertyValueSpecification","valueRequired":true,"valueName":"search_term_string"}}],"inLanguage":"sv-SE"},{"@type":"Organization","@id":"https:\/\/iwdev.se\/vatgas\/#organization","name":"V\u00e4tgas Sverige","url":"https:\/\/iwdev.se\/vatgas\/","logo":{"@type":"ImageObject","inLanguage":"sv-SE","@id":"https:\/\/iwdev.se\/vatgas\/#\/schema\/logo\/image\/","url":"https:\/\/iwdev.se\/vatgas\/wp-content\/uploads\/2022\/06\/LOGO.png","contentUrl":"https:\/\/iwdev.se\/vatgas\/wp-content\/uploads\/2022\/06\/LOGO.png","width":240,"height":147,"caption":"V\u00e4tgas Sverige"},"image":{"@id":"https:\/\/iwdev.se\/vatgas\/#\/schema\/logo\/image\/"}},{"@type":"Person","@id":"https:\/\/iwdev.se\/vatgas\/#\/schema\/person\/2a6f045268bb28372e6b22c7ba581a47","name":"eva.corell@vatgas.se","url":"https:\/\/iwdev.se\/vatgas\/author\/eva-corellvatgas-se\/"}]}},"_links":{"self":[{"href":"https:\/\/iwdev.se\/vatgas\/wp-json\/wp\/v2\/posts\/21743","targetHints":{"allow":["GET"]}}],"collection":[{"href":"https:\/\/iwdev.se\/vatgas\/wp-json\/wp\/v2\/posts"}],"about":[{"href":"https:\/\/iwdev.se\/vatgas\/wp-json\/wp\/v2\/types\/post"}],"author":[{"embeddable":true,"href":"https:\/\/iwdev.se\/vatgas\/wp-json\/wp\/v2\/users\/344"}],"replies":[{"embeddable":true,"href":"https:\/\/iwdev.se\/vatgas\/wp-json\/wp\/v2\/comments?post=21743"}],"version-history":[{"count":34,"href":"https:\/\/iwdev.se\/vatgas\/wp-json\/wp\/v2\/posts\/21743\/revisions"}],"predecessor-version":[{"id":21789,"href":"https:\/\/iwdev.se\/vatgas\/wp-json\/wp\/v2\/posts\/21743\/revisions\/21789"}],"wp:featuredmedia":[{"embeddable":true,"href":"https:\/\/iwdev.se\/vatgas\/wp-json\/wp\/v2\/media\/21764"}],"wp:attachment":[{"href":"https:\/\/iwdev.se\/vatgas\/wp-json\/wp\/v2\/media?parent=21743"}],"wp:term":[{"taxonomy":"category","embeddable":true,"href":"https:\/\/iwdev.se\/vatgas\/wp-json\/wp\/v2\/categories?post=21743"},{"taxonomy":"post_tag","embeddable":true,"href":"https:\/\/iwdev.se\/vatgas\/wp-json\/wp\/v2\/tags?post=21743"}],"curies":[{"name":"wp","href":"https:\/\/api.w.org\/{rel}","templated":true}]}}