{"id":6284,"date":"2021-01-14T07:47:33","date_gmt":"2021-01-14T07:47:33","guid":{"rendered":"https:\/\/vatgas.hemsida.eu\/?p=6284"},"modified":"2022-08-31T13:52:21","modified_gmt":"2022-08-31T13:52:21","slug":"vaga-vara-visionar-planera-for-okad-elanvandning","status":"publish","type":"post","link":"https:\/\/iwdev.se\/vatgas\/2021\/01\/14\/vaga-vara-visionar-planera-for-okad-elanvandning\/","title":{"rendered":"V\u00e5ga vara vision\u00e4r: Planera f\u00f6r \u00f6kad anv\u00e4ndning av f\u00f6rnybar el"},"content":{"rendered":"<p><strong>I takt med att industrin fasar ut fossil energi kommer kraven p\u00e5 f\u00f6rnybar el \u00f6ka allt mer. \u00c5r 2050 f\u00f6rv\u00e4ntas anv\u00e4ndningen av el bli fyra g\u00e5nger h\u00f6gre mot vad den \u00e4r idag. Regeringens nya strategi f\u00f6r elektrifiering m\u00e5ste v\u00e4ga in den snabbt intensifierade elanv\u00e4ndningen. I DN debatt skriver vi tillsammans med Power Circle, Svensk Solenergi och Svensk Vindenergi om vikten av helhetssyn, proaktivitet och visioner f\u00f6r att Sverige ska n\u00e5 klimatneutralitet och konkurrenskraft.<\/strong><strong>\u00a0<\/strong><br \/>\n<strong>S<\/strong>verige har mycket att vinna p\u00e5 att intensifiera klimatomst\u00e4llningen och vi har ingen tid att f\u00f6rlora, utan m\u00e5ste agera nu f\u00f6r att klara framtidens massiva energibehov.\u00a0 Alla f\u00f6ruts\u00e4ttningar finns att bli ett f\u00f6reg\u00e5ngsland f\u00f6r innovation och ledande i utvecklingen av tekniska l\u00f6sningar och regeringens viktiga arbete med att ta fram en <a href=\"https:\/\/www.regeringen.se\/regeringens-politik\/transportsektorn-elektrifieras\/el-4\/\">nationell strategi f\u00f6r elektrifiering<\/a> v\u00e4lkomnas. I det arbetet \u00e4r det fundamentalt att ta h\u00e4nsyn till en \u00f6kad anv\u00e4ndning av fossilfri energi.<br \/>\nDet s\u00e4ger fyra f\u00f6retr\u00e4dare f\u00f6r energibranschen: Svensk Solenergis vd Anna Werner, Johanna Lakso, vd p\u00e5 Power Circle, Daniel Badman, vd p\u00e5 Svensk Vindenergi och Bj\u00f6rn Aronsson, vd p\u00e5 V\u00e4tgas Sverige i debattartikeln. De fyra organisationerna konstaterar att den fossilfria elproduktionen utan tvekan beh\u00f6ver v\u00e4xlas upp och leverera mer. De menar att en elanv\u00e4ndning p\u00e5 omkring 500 TWh \u00e5r 2050 \u00e4r ett m\u00f6jligt utfall, att j\u00e4mf\u00f6ra med dagens 140 TWh.<br \/>\n<a href=\"https:\/\/www.dn.se\/debatt\/regeringen-maste-planera-for-fyrfaldigad-elanvandning\/\">L\u00e4s hela inl\u00e4gget p\u00e5 DN Debatt<\/a><br \/>\n&nbsp;<br \/>\n&nbsp;<\/p>\n","protected":false},"excerpt":{"rendered":"<p>I takt med att industrin fasar ut fossil energi kommer kraven p\u00e5 f\u00f6rnybar el \u00f6ka allt mer. \u00c5r 2050 f\u00f6rv\u00e4ntas anv\u00e4ndningen av el bli fyra g\u00e5nger h\u00f6gre mot vad den \u00e4r idag. Regeringens nya strategi f\u00f6r elektrifiering m\u00e5ste v\u00e4ga in den snabbt intensifierade elanv\u00e4ndningen. I DN debatt skriver vi tillsammans med Power Circle, Svensk Solenergi <a class=\"moretag\" href=\"https:\/\/iwdev.se\/vatgas\/2021\/01\/14\/vaga-vara-visionar-planera-for-okad-elanvandning\/\">[&#8230;]<\/a><\/p>\n","protected":false},"author":3,"featured_media":6288,"comment_status":"closed","ping_status":"closed","sticky":false,"template":"","format":"standard","meta":{"_acf_changed":false,"footnotes":""},"categories":[12],"tags":[126],"class_list":["post-6284","post","type-post","status-publish","format-standard","has-post-thumbnail","hentry","category-nyheter","tag-opinion"],"acf":[],"yoast_head":"<!-- This site is optimized with the Yoast SEO Premium plugin v26.4 (Yoast SEO v27.4) - https:\/\/yoast.com\/product\/yoast-seo-premium-wordpress\/ -->\n<title>V\u00e5ga vara vision\u00e4r: Planera f\u00f6r \u00f6kad anv\u00e4ndning av f\u00f6rnybar el - V\u00e4tgas Sverige<\/title>\n<meta name=\"robots\" content=\"noindex, follow, max-snippet:-1, max-image-preview:large, max-video-preview:-1\" \/>\n<meta property=\"og:locale\" content=\"sv_SE\" \/>\n<meta property=\"og:type\" content=\"article\" \/>\n<meta property=\"og:title\" content=\"V\u00e5ga vara vision\u00e4r: Planera f\u00f6r \u00f6kad anv\u00e4ndning av f\u00f6rnybar el\" \/>\n<meta property=\"og:description\" content=\"I takt med att industrin fasar ut fossil energi kommer kraven p\u00e5 f\u00f6rnybar el \u00f6ka allt mer. \u00c5r 2050 f\u00f6rv\u00e4ntas anv\u00e4ndningen av el bli fyra g\u00e5nger h\u00f6gre mot vad den \u00e4r idag. Regeringens nya strategi f\u00f6r elektrifiering m\u00e5ste v\u00e4ga in den snabbt intensifierade elanv\u00e4ndningen. I DN debatt skriver vi tillsammans med Power Circle, Svensk Solenergi [...]\" \/>\n<meta property=\"og:url\" content=\"https:\/\/iwdev.se\/vatgas\/2021\/01\/14\/vaga-vara-visionar-planera-for-okad-elanvandning\/\" \/>\n<meta property=\"og:site_name\" content=\"V\u00e4tgas Sverige\" \/>\n<meta property=\"article:published_time\" content=\"2021-01-14T07:47:33+00:00\" \/>\n<meta property=\"article:modified_time\" content=\"2022-08-31T13:52:21+00:00\" \/>\n<meta property=\"og:image\" content=\"https:\/\/iwdev.se\/vatgas\/wp-content\/uploads\/2021\/01\/vind-och-solceller-scaled-1.jpg\" \/>\n\t<meta property=\"og:image:width\" content=\"2560\" \/>\n\t<meta property=\"og:image:height\" content=\"1097\" \/>\n\t<meta property=\"og:image:type\" content=\"image\/jpeg\" \/>\n<meta name=\"author\" content=\"Charlotte Blomberg\" \/>\n<meta name=\"twitter:card\" content=\"summary_large_image\" \/>\n<meta name=\"twitter:label1\" content=\"Skriven av\" \/>\n\t<meta name=\"twitter:data1\" content=\"Charlotte Blomberg\" \/>\n\t<meta name=\"twitter:label2\" content=\"Ber\u00e4knad l\u00e4stid\" \/>\n\t<meta name=\"twitter:data2\" content=\"1 minut\" \/>\n<script type=\"application\/ld+json\" class=\"yoast-schema-graph\">{\"@context\":\"https:\\\/\\\/schema.org\",\"@graph\":[{\"@type\":\"Article\",\"@id\":\"https:\\\/\\\/iwdev.se\\\/vatgas\\\/2021\\\/01\\\/14\\\/vaga-vara-visionar-planera-for-okad-elanvandning\\\/#article\",\"isPartOf\":{\"@id\":\"https:\\\/\\\/iwdev.se\\\/vatgas\\\/2021\\\/01\\\/14\\\/vaga-vara-visionar-planera-for-okad-elanvandning\\\/\"},\"author\":{\"name\":\"Charlotte Blomberg\",\"@id\":\"https:\\\/\\\/iwdev.se\\\/vatgas\\\/#\\\/schema\\\/person\\\/8cc2f1473867b95de7c82567e7e9e0d0\"},\"headline\":\"V\u00e5ga vara vision\u00e4r: Planera f\u00f6r \u00f6kad anv\u00e4ndning av f\u00f6rnybar el\",\"datePublished\":\"2021-01-14T07:47:33+00:00\",\"dateModified\":\"2022-08-31T13:52:21+00:00\",\"mainEntityOfPage\":{\"@id\":\"https:\\\/\\\/iwdev.se\\\/vatgas\\\/2021\\\/01\\\/14\\\/vaga-vara-visionar-planera-for-okad-elanvandning\\\/\"},\"wordCount\":272,\"publisher\":{\"@id\":\"https:\\\/\\\/iwdev.se\\\/vatgas\\\/#organization\"},\"image\":{\"@id\":\"https:\\\/\\\/iwdev.se\\\/vatgas\\\/2021\\\/01\\\/14\\\/vaga-vara-visionar-planera-for-okad-elanvandning\\\/#primaryimage\"},\"thumbnailUrl\":\"https:\\\/\\\/iwdev.se\\\/vatgas\\\/wp-content\\\/uploads\\\/2021\\\/01\\\/vind-och-solceller-scaled-1.jpg\",\"keywords\":[\"Opinion\"],\"articleSection\":[\"Nyheter\"],\"inLanguage\":\"sv-SE\"},{\"@type\":\"WebPage\",\"@id\":\"https:\\\/\\\/iwdev.se\\\/vatgas\\\/2021\\\/01\\\/14\\\/vaga-vara-visionar-planera-for-okad-elanvandning\\\/\",\"url\":\"https:\\\/\\\/iwdev.se\\\/vatgas\\\/2021\\\/01\\\/14\\\/vaga-vara-visionar-planera-for-okad-elanvandning\\\/\",\"name\":\"V\u00e5ga vara vision\u00e4r: Planera f\u00f6r \u00f6kad anv\u00e4ndning av f\u00f6rnybar el - V\u00e4tgas Sverige\",\"isPartOf\":{\"@id\":\"https:\\\/\\\/iwdev.se\\\/vatgas\\\/#website\"},\"primaryImageOfPage\":{\"@id\":\"https:\\\/\\\/iwdev.se\\\/vatgas\\\/2021\\\/01\\\/14\\\/vaga-vara-visionar-planera-for-okad-elanvandning\\\/#primaryimage\"},\"image\":{\"@id\":\"https:\\\/\\\/iwdev.se\\\/vatgas\\\/2021\\\/01\\\/14\\\/vaga-vara-visionar-planera-for-okad-elanvandning\\\/#primaryimage\"},\"thumbnailUrl\":\"https:\\\/\\\/iwdev.se\\\/vatgas\\\/wp-content\\\/uploads\\\/2021\\\/01\\\/vind-och-solceller-scaled-1.jpg\",\"datePublished\":\"2021-01-14T07:47:33+00:00\",\"dateModified\":\"2022-08-31T13:52:21+00:00\",\"breadcrumb\":{\"@id\":\"https:\\\/\\\/iwdev.se\\\/vatgas\\\/2021\\\/01\\\/14\\\/vaga-vara-visionar-planera-for-okad-elanvandning\\\/#breadcrumb\"},\"inLanguage\":\"sv-SE\",\"potentialAction\":[{\"@type\":\"ReadAction\",\"target\":[\"https:\\\/\\\/iwdev.se\\\/vatgas\\\/2021\\\/01\\\/14\\\/vaga-vara-visionar-planera-for-okad-elanvandning\\\/\"]}]},{\"@type\":\"ImageObject\",\"inLanguage\":\"sv-SE\",\"@id\":\"https:\\\/\\\/iwdev.se\\\/vatgas\\\/2021\\\/01\\\/14\\\/vaga-vara-visionar-planera-for-okad-elanvandning\\\/#primaryimage\",\"url\":\"https:\\\/\\\/iwdev.se\\\/vatgas\\\/wp-content\\\/uploads\\\/2021\\\/01\\\/vind-och-solceller-scaled-1.jpg\",\"contentUrl\":\"https:\\\/\\\/iwdev.se\\\/vatgas\\\/wp-content\\\/uploads\\\/2021\\\/01\\\/vind-och-solceller-scaled-1.jpg\",\"width\":2560,\"height\":1097},{\"@type\":\"BreadcrumbList\",\"@id\":\"https:\\\/\\\/iwdev.se\\\/vatgas\\\/2021\\\/01\\\/14\\\/vaga-vara-visionar-planera-for-okad-elanvandning\\\/#breadcrumb\",\"itemListElement\":[{\"@type\":\"ListItem\",\"position\":1,\"name\":\"Home\",\"item\":\"https:\\\/\\\/iwdev.se\\\/vatgas\\\/\"},{\"@type\":\"ListItem\",\"position\":2,\"name\":\"V\u00e5ga vara vision\u00e4r: Planera f\u00f6r \u00f6kad anv\u00e4ndning av f\u00f6rnybar el\"}]},{\"@type\":\"WebSite\",\"@id\":\"https:\\\/\\\/iwdev.se\\\/vatgas\\\/#website\",\"url\":\"https:\\\/\\\/iwdev.se\\\/vatgas\\\/\",\"name\":\"V\u00e4tgas Sverige\",\"description\":\"En ledande plattform f\u00f6r omst\u00e4llningen till fossilfrihet\",\"publisher\":{\"@id\":\"https:\\\/\\\/iwdev.se\\\/vatgas\\\/#organization\"},\"potentialAction\":[{\"@type\":\"SearchAction\",\"target\":{\"@type\":\"EntryPoint\",\"urlTemplate\":\"https:\\\/\\\/iwdev.se\\\/vatgas\\\/?s={search_term_string}\"},\"query-input\":{\"@type\":\"PropertyValueSpecification\",\"valueRequired\":true,\"valueName\":\"search_term_string\"}}],\"inLanguage\":\"sv-SE\"},{\"@type\":\"Organization\",\"@id\":\"https:\\\/\\\/iwdev.se\\\/vatgas\\\/#organization\",\"name\":\"V\u00e4tgas Sverige\",\"url\":\"https:\\\/\\\/iwdev.se\\\/vatgas\\\/\",\"logo\":{\"@type\":\"ImageObject\",\"inLanguage\":\"sv-SE\",\"@id\":\"https:\\\/\\\/iwdev.se\\\/vatgas\\\/#\\\/schema\\\/logo\\\/image\\\/\",\"url\":\"https:\\\/\\\/iwdev.se\\\/vatgas\\\/wp-content\\\/uploads\\\/2022\\\/06\\\/LOGO.png\",\"contentUrl\":\"https:\\\/\\\/iwdev.se\\\/vatgas\\\/wp-content\\\/uploads\\\/2022\\\/06\\\/LOGO.png\",\"width\":240,\"height\":147,\"caption\":\"V\u00e4tgas Sverige\"},\"image\":{\"@id\":\"https:\\\/\\\/iwdev.se\\\/vatgas\\\/#\\\/schema\\\/logo\\\/image\\\/\"}},{\"@type\":\"Person\",\"@id\":\"https:\\\/\\\/iwdev.se\\\/vatgas\\\/#\\\/schema\\\/person\\\/8cc2f1473867b95de7c82567e7e9e0d0\",\"name\":\"Charlotte Blomberg\",\"url\":\"https:\\\/\\\/iwdev.se\\\/vatgas\\\/author\\\/chablo\\\/\"}]}<\/script>\n<!-- \/ Yoast SEO Premium plugin. -->","yoast_head_json":{"title":"V\u00e5ga vara vision\u00e4r: Planera f\u00f6r \u00f6kad anv\u00e4ndning av f\u00f6rnybar el - V\u00e4tgas Sverige","robots":{"index":"noindex","follow":"follow","max-snippet":"max-snippet:-1","max-image-preview":"max-image-preview:large","max-video-preview":"max-video-preview:-1"},"og_locale":"sv_SE","og_type":"article","og_title":"V\u00e5ga vara vision\u00e4r: Planera f\u00f6r \u00f6kad anv\u00e4ndning av f\u00f6rnybar el","og_description":"I takt med att industrin fasar ut fossil energi kommer kraven p\u00e5 f\u00f6rnybar el \u00f6ka allt mer. \u00c5r 2050 f\u00f6rv\u00e4ntas anv\u00e4ndningen av el bli fyra g\u00e5nger h\u00f6gre mot vad den \u00e4r idag. Regeringens nya strategi f\u00f6r elektrifiering m\u00e5ste v\u00e4ga in den snabbt intensifierade elanv\u00e4ndningen. I DN debatt skriver vi tillsammans med Power Circle, Svensk Solenergi [...]","og_url":"https:\/\/iwdev.se\/vatgas\/2021\/01\/14\/vaga-vara-visionar-planera-for-okad-elanvandning\/","og_site_name":"V\u00e4tgas Sverige","article_published_time":"2021-01-14T07:47:33+00:00","article_modified_time":"2022-08-31T13:52:21+00:00","og_image":[{"width":2560,"height":1097,"url":"https:\/\/iwdev.se\/vatgas\/wp-content\/uploads\/2021\/01\/vind-och-solceller-scaled-1.jpg","type":"image\/jpeg"}],"author":"Charlotte Blomberg","twitter_card":"summary_large_image","twitter_misc":{"Skriven av":"Charlotte Blomberg","Ber\u00e4knad l\u00e4stid":"1 minut"},"schema":{"@context":"https:\/\/schema.org","@graph":[{"@type":"Article","@id":"https:\/\/iwdev.se\/vatgas\/2021\/01\/14\/vaga-vara-visionar-planera-for-okad-elanvandning\/#article","isPartOf":{"@id":"https:\/\/iwdev.se\/vatgas\/2021\/01\/14\/vaga-vara-visionar-planera-for-okad-elanvandning\/"},"author":{"name":"Charlotte Blomberg","@id":"https:\/\/iwdev.se\/vatgas\/#\/schema\/person\/8cc2f1473867b95de7c82567e7e9e0d0"},"headline":"V\u00e5ga vara vision\u00e4r: Planera f\u00f6r \u00f6kad anv\u00e4ndning av f\u00f6rnybar el","datePublished":"2021-01-14T07:47:33+00:00","dateModified":"2022-08-31T13:52:21+00:00","mainEntityOfPage":{"@id":"https:\/\/iwdev.se\/vatgas\/2021\/01\/14\/vaga-vara-visionar-planera-for-okad-elanvandning\/"},"wordCount":272,"publisher":{"@id":"https:\/\/iwdev.se\/vatgas\/#organization"},"image":{"@id":"https:\/\/iwdev.se\/vatgas\/2021\/01\/14\/vaga-vara-visionar-planera-for-okad-elanvandning\/#primaryimage"},"thumbnailUrl":"https:\/\/iwdev.se\/vatgas\/wp-content\/uploads\/2021\/01\/vind-och-solceller-scaled-1.jpg","keywords":["Opinion"],"articleSection":["Nyheter"],"inLanguage":"sv-SE"},{"@type":"WebPage","@id":"https:\/\/iwdev.se\/vatgas\/2021\/01\/14\/vaga-vara-visionar-planera-for-okad-elanvandning\/","url":"https:\/\/iwdev.se\/vatgas\/2021\/01\/14\/vaga-vara-visionar-planera-for-okad-elanvandning\/","name":"V\u00e5ga vara vision\u00e4r: Planera f\u00f6r \u00f6kad anv\u00e4ndning av f\u00f6rnybar el - V\u00e4tgas Sverige","isPartOf":{"@id":"https:\/\/iwdev.se\/vatgas\/#website"},"primaryImageOfPage":{"@id":"https:\/\/iwdev.se\/vatgas\/2021\/01\/14\/vaga-vara-visionar-planera-for-okad-elanvandning\/#primaryimage"},"image":{"@id":"https:\/\/iwdev.se\/vatgas\/2021\/01\/14\/vaga-vara-visionar-planera-for-okad-elanvandning\/#primaryimage"},"thumbnailUrl":"https:\/\/iwdev.se\/vatgas\/wp-content\/uploads\/2021\/01\/vind-och-solceller-scaled-1.jpg","datePublished":"2021-01-14T07:47:33+00:00","dateModified":"2022-08-31T13:52:21+00:00","breadcrumb":{"@id":"https:\/\/iwdev.se\/vatgas\/2021\/01\/14\/vaga-vara-visionar-planera-for-okad-elanvandning\/#breadcrumb"},"inLanguage":"sv-SE","potentialAction":[{"@type":"ReadAction","target":["https:\/\/iwdev.se\/vatgas\/2021\/01\/14\/vaga-vara-visionar-planera-for-okad-elanvandning\/"]}]},{"@type":"ImageObject","inLanguage":"sv-SE","@id":"https:\/\/iwdev.se\/vatgas\/2021\/01\/14\/vaga-vara-visionar-planera-for-okad-elanvandning\/#primaryimage","url":"https:\/\/iwdev.se\/vatgas\/wp-content\/uploads\/2021\/01\/vind-och-solceller-scaled-1.jpg","contentUrl":"https:\/\/iwdev.se\/vatgas\/wp-content\/uploads\/2021\/01\/vind-och-solceller-scaled-1.jpg","width":2560,"height":1097},{"@type":"BreadcrumbList","@id":"https:\/\/iwdev.se\/vatgas\/2021\/01\/14\/vaga-vara-visionar-planera-for-okad-elanvandning\/#breadcrumb","itemListElement":[{"@type":"ListItem","position":1,"name":"Home","item":"https:\/\/iwdev.se\/vatgas\/"},{"@type":"ListItem","position":2,"name":"V\u00e5ga vara vision\u00e4r: Planera f\u00f6r \u00f6kad anv\u00e4ndning av f\u00f6rnybar el"}]},{"@type":"WebSite","@id":"https:\/\/iwdev.se\/vatgas\/#website","url":"https:\/\/iwdev.se\/vatgas\/","name":"V\u00e4tgas Sverige","description":"En ledande plattform f\u00f6r omst\u00e4llningen till fossilfrihet","publisher":{"@id":"https:\/\/iwdev.se\/vatgas\/#organization"},"potentialAction":[{"@type":"SearchAction","target":{"@type":"EntryPoint","urlTemplate":"https:\/\/iwdev.se\/vatgas\/?s={search_term_string}"},"query-input":{"@type":"PropertyValueSpecification","valueRequired":true,"valueName":"search_term_string"}}],"inLanguage":"sv-SE"},{"@type":"Organization","@id":"https:\/\/iwdev.se\/vatgas\/#organization","name":"V\u00e4tgas Sverige","url":"https:\/\/iwdev.se\/vatgas\/","logo":{"@type":"ImageObject","inLanguage":"sv-SE","@id":"https:\/\/iwdev.se\/vatgas\/#\/schema\/logo\/image\/","url":"https:\/\/iwdev.se\/vatgas\/wp-content\/uploads\/2022\/06\/LOGO.png","contentUrl":"https:\/\/iwdev.se\/vatgas\/wp-content\/uploads\/2022\/06\/LOGO.png","width":240,"height":147,"caption":"V\u00e4tgas Sverige"},"image":{"@id":"https:\/\/iwdev.se\/vatgas\/#\/schema\/logo\/image\/"}},{"@type":"Person","@id":"https:\/\/iwdev.se\/vatgas\/#\/schema\/person\/8cc2f1473867b95de7c82567e7e9e0d0","name":"Charlotte Blomberg","url":"https:\/\/iwdev.se\/vatgas\/author\/chablo\/"}]}},"_links":{"self":[{"href":"https:\/\/iwdev.se\/vatgas\/wp-json\/wp\/v2\/posts\/6284","targetHints":{"allow":["GET"]}}],"collection":[{"href":"https:\/\/iwdev.se\/vatgas\/wp-json\/wp\/v2\/posts"}],"about":[{"href":"https:\/\/iwdev.se\/vatgas\/wp-json\/wp\/v2\/types\/post"}],"author":[{"embeddable":true,"href":"https:\/\/iwdev.se\/vatgas\/wp-json\/wp\/v2\/users\/3"}],"replies":[{"embeddable":true,"href":"https:\/\/iwdev.se\/vatgas\/wp-json\/wp\/v2\/comments?post=6284"}],"version-history":[{"count":1,"href":"https:\/\/iwdev.se\/vatgas\/wp-json\/wp\/v2\/posts\/6284\/revisions"}],"predecessor-version":[{"id":15206,"href":"https:\/\/iwdev.se\/vatgas\/wp-json\/wp\/v2\/posts\/6284\/revisions\/15206"}],"wp:featuredmedia":[{"embeddable":true,"href":"https:\/\/iwdev.se\/vatgas\/wp-json\/wp\/v2\/media\/6288"}],"wp:attachment":[{"href":"https:\/\/iwdev.se\/vatgas\/wp-json\/wp\/v2\/media?parent=6284"}],"wp:term":[{"taxonomy":"category","embeddable":true,"href":"https:\/\/iwdev.se\/vatgas\/wp-json\/wp\/v2\/categories?post=6284"},{"taxonomy":"post_tag","embeddable":true,"href":"https:\/\/iwdev.se\/vatgas\/wp-json\/wp\/v2\/tags?post=6284"}],"curies":[{"name":"wp","href":"https:\/\/api.w.org\/{rel}","templated":true}]}}