{"id":6312,"date":"2021-01-15T11:04:58","date_gmt":"2021-01-15T11:04:58","guid":{"rendered":"https:\/\/vatgas.hemsida.eu\/?p=6312"},"modified":"2022-08-31T13:52:55","modified_gmt":"2022-08-31T13:52:55","slug":"mellansverige-kraftsamlar-kring-vatgas","status":"publish","type":"post","link":"https:\/\/iwdev.se\/vatgas\/2021\/01\/15\/mellansverige-kraftsamlar-kring-vatgas\/","title":{"rendered":"Mellansverige kraftsamlar kring v\u00e4tgas"},"content":{"rendered":"<p>[fusion_builder_container hundred_percent=&#8221;no&#8221; equal_height_columns=&#8221;no&#8221; menu_anchor=&#8221;&#8221; hide_on_mobile=&#8221;small-visibility,medium-visibility,large-visibility&#8221; class=&#8221;&#8221; id=&#8221;&#8221; background_color=&#8221;&#8221; background_image=&#8221;&#8221; background_position=&#8221;center center&#8221; background_repeat=&#8221;no-repeat&#8221; fade=&#8221;no&#8221; background_parallax=&#8221;none&#8221; parallax_speed=&#8221;0.3&#8243; video_mp4=&#8221;&#8221; video_webm=&#8221;&#8221; video_ogv=&#8221;&#8221; video_url=&#8221;&#8221; video_aspect_ratio=&#8221;16:9&#8243; video_loop=&#8221;yes&#8221; video_mute=&#8221;yes&#8221; overlay_color=&#8221;&#8221; video_preview_image=&#8221;&#8221; border_color=&#8221;&#8221; border_style=&#8221;solid&#8221; padding_top=&#8221;&#8221; padding_bottom=&#8221;&#8221; padding_left=&#8221;&#8221; padding_right=&#8221;&#8221; type=&#8221;legacy&#8221;][fusion_builder_row][fusion_builder_column type=&#8221;1_1&#8243; layout=&#8221;1_1&#8243; background_position=&#8221;left top&#8221; background_color=&#8221;&#8221; border_color=&#8221;&#8221; border_style=&#8221;solid&#8221; border_position=&#8221;all&#8221; spacing=&#8221;yes&#8221; background_image=&#8221;&#8221; background_repeat=&#8221;no-repeat&#8221; padding_top=&#8221;&#8221; padding_right=&#8221;&#8221; padding_bottom=&#8221;&#8221; padding_left=&#8221;&#8221; margin_top=&#8221;0px&#8221; margin_bottom=&#8221;0px&#8221; class=&#8221;&#8221; id=&#8221;&#8221; animation_type=&#8221;&#8221; animation_speed=&#8221;0.3&#8243; animation_direction=&#8221;left&#8221; hide_on_mobile=&#8221;small-visibility,medium-visibility,large-visibility&#8221; center_content=&#8221;no&#8221; last=&#8221;true&#8221; min_height=&#8221;&#8221; hover_type=&#8221;none&#8221; link=&#8221;&#8221; border_sizes_top=&#8221;&#8221; border_sizes_bottom=&#8221;&#8221; border_sizes_left=&#8221;&#8221; border_sizes_right=&#8221;&#8221; first=&#8221;true&#8221; type=&#8221;1_1&#8243;][fusion_text columns=&#8221;&#8221; column_min_width=&#8221;&#8221; column_spacing=&#8221;&#8221; rule_style=&#8221;default&#8221; rule_size=&#8221;&#8221; rule_color=&#8221;&#8221; content_alignment_medium=&#8221;&#8221; content_alignment_small=&#8221;&#8221; content_alignment=&#8221;&#8221; hide_on_mobile=&#8221;small-visibility,medium-visibility,large-visibility&#8221; sticky_display=&#8221;normal,sticky&#8221; class=&#8221;&#8221; id=&#8221;&#8221; font_size=&#8221;&#8221; fusion_font_family_text_font=&#8221;&#8221; fusion_font_variant_text_font=&#8221;&#8221; line_height=&#8221;&#8221; letter_spacing=&#8221;&#8221; text_color=&#8221;&#8221; animation_type=&#8221;&#8221; animation_direction=&#8221;left&#8221; animation_speed=&#8221;0.3&#8243; animation_offset=&#8221;&#8221;]<br \/>\n<strong>Industri, transportsektor, akademi och offentlig sektor i Mellansverige g\u00e5r samman i initiativet Mid Sweden Hydrogen <\/strong><strong>Valley<\/strong><strong> och tar ledningen i utvecklingen av ett integrerat v\u00e4tgassamh\u00e4lle.<\/strong><br \/>\nV\u00e4rlden beh\u00f6ver st\u00e4lla om f\u00f6r att snabbt s\u00e4nka koldioxidutsl\u00e4ppen. Gr\u00f6n v\u00e4tgas och elektrifiering \u00e4r viktiga pusselbitar i denna omst\u00e4llning. Mellansverige visar nu v\u00e4gen genom kraftfull samverkan. H\u00e4r ska v\u00e4tgas skapa fossilfri industriproduktion, gr\u00f6na transporter och stabila, regionala energisystem.<br \/>\n\u2013 Mid Sweden Hydrogen Valley kommer att ge f\u00f6ruts\u00e4ttningar f\u00f6r h\u00e5llbar tillv\u00e4xt med fler och nya arbetstillf\u00e4llen, investeringar, etableringar och spetsforskning i v\u00e5ra regioner. Det skapar v\u00e4lm\u00e5ende och ger framtidstro, s\u00e4ger Eva Lindberg, Regionstyrelsens ordf\u00f6rande, Region G\u00e4vleborg.<br \/>\n\u2013 Den h\u00e4r satsningen st\u00e4rker b\u00e5de v\u00e5r regions h\u00e5llbara varum\u00e4rke och konkurrenskraft vilket \u00e4r v\u00e4rdefullt f\u00f6r alla v\u00e5ra f\u00f6retag, s\u00e4ger Antti Vainio, n\u00e4ringspolitisk chef p\u00e5 Mellansvenska Handelskammaren.<br \/>\nMellansverige \u00e4r en st\u00e5lintensiv region med l\u00e5ng erfarenhet av v\u00e4tgas, b\u00e5de f\u00f6r transporter och industriell anv\u00e4ndning. H\u00e4r finns \u00e4ven H\u00f6gskolan i G\u00e4vle som driver v\u00e4tgasfr\u00e5gan i forskningsv\u00e4rlden, G\u00e4vle Hamn som utvecklar v\u00e4tgasl\u00f6sningar som en del av sitt arbete med att skapa ett energioptimerat hamnkluster och Inlandsbanan som b\u00e5de elektrificerar transportsystemet och planerar f\u00f6r storskalig distribution av v\u00e4tgas.<br \/>\nV\u00e4rmning av st\u00e5l med syrgas och v\u00e4tgas fr\u00e5n elektrolys i anslutning till Ovakos anl\u00e4ggning i Hofors blir ett viktigt f\u00f6rsta initiativ inom ramen f\u00f6r Mid Sweden Hydrogen Valley.<br \/>\n\u2013 Infrastrukturen finns p\u00e5 plats, kompetensen och viljan finns. Allt \u00e4r klart f\u00f6r att st\u00e4lla om, s\u00e4ger G\u00f6ran Nystr\u00f6m, teknologichef f\u00f6r Ovako-koncernen.<br \/>\n<strong>Bakom Mid Sweden Hydrogen <\/strong><strong>Valley<\/strong><strong> st\u00e5r redan i dag f\u00f6ljande organisationer:\u00a0<\/strong><strong>\u00a0<\/strong><br \/>\nOvako, AB Sandvik\u00a0Materials Technology, Outokumpu, G\u00e4vle Hamn, AB Volvo, Mellansvenska Handelskammaren, Region G\u00e4vleborg, Region Dalarna, L\u00e4nsstyrelsen G\u00e4vleborg,<br \/>\nL\u00e4nsstyrelsen Dalarna\u00a0, V\u00e4tgas Sverige, H\u00f6gskolan i G\u00e4vle, Inlandsbanan, Linde Gas, Vattenfall, Statkraft Hydrogen Sweden AB, NITIU\u00a0, Svea Vind Offshore och Hitachi ABB Power Grids.<br \/>\n<strong>Kontakt:<\/strong><br \/>\nEva Lindberg, Regionstyrelsens ordf\u00f6rande, Region G\u00e4vleborg<br \/>\n<a href=\"mailto:eva.e.lindberg@regiongavleborg.se\">eva.e.lindberg@regiongavleborg.se<\/a> 026-155243<a href=\"https:\/\/iwdev.se\/vatgas\/wp-content\/uploads\/2021\/01\/Va\u0308tgassamha\u0308llets-delar.pdf\">Va\u0308tgassamha\u0308llets delar<\/a><br \/>\nCarina L\u00f6fgren, avdelningschef, n\u00e4ringsliv och innovation, Region G\u00e4vleborg<br \/>\n<a href=\"mailto:carina.lofgren@regiongavleborg.se\">carina.lofgren@regiongavleborg.se<\/a> 026-650236<br \/>\nL\u00e4s mer p\u00e5: <a href=\"https:\/\/www.regiongavleborg.se\/nyheter\/mellansverige-kraftsamlar-kring-vatgas\/\">https:\/\/www.regiongavleborg.se\/nyheter\/mellansverige-kraftsamlar-kring-vatgas\/<\/a><br \/>\nBild@FCH-JU<br \/>\n[\/fusion_text][\/fusion_builder_column][\/fusion_builder_row][\/fusion_builder_container]<\/p>\n","protected":false},"excerpt":{"rendered":"<p>[fusion_builder_container hundred_percent=&#8221;no&#8221; equal_height_columns=&#8221;no&#8221; menu_anchor=&#8221;&#8221; hide_on_mobile=&#8221;small-visibility,medium-visibility,large-visibility&#8221; class=&#8221;&#8221; id=&#8221;&#8221; background_color=&#8221;&#8221; background_image=&#8221;&#8221; background_position=&#8221;center center&#8221; background_repeat=&#8221;no-repeat&#8221; fade=&#8221;no&#8221; background_parallax=&#8221;none&#8221; parallax_speed=&#8221;0.3&#8243; video_mp4=&#8221;&#8221; video_webm=&#8221;&#8221; video_ogv=&#8221;&#8221; video_url=&#8221;&#8221; video_aspect_ratio=&#8221;16:9&#8243; video_loop=&#8221;yes&#8221; video_mute=&#8221;yes&#8221; overlay_color=&#8221;&#8221; video_preview_image=&#8221;&#8221; border_color=&#8221;&#8221; border_style=&#8221;solid&#8221; padding_top=&#8221;&#8221; padding_bottom=&#8221;&#8221; padding_left=&#8221;&#8221; padding_right=&#8221;&#8221; type=&#8221;legacy&#8221;][fusion_builder_row][fusion_builder_column type=&#8221;1_1&#8243; layout=&#8221;1_1&#8243; background_position=&#8221;left top&#8221; background_color=&#8221;&#8221; border_color=&#8221;&#8221; border_style=&#8221;solid&#8221; border_position=&#8221;all&#8221; spacing=&#8221;yes&#8221; background_image=&#8221;&#8221; background_repeat=&#8221;no-repeat&#8221; padding_top=&#8221;&#8221; padding_right=&#8221;&#8221; padding_bottom=&#8221;&#8221; padding_left=&#8221;&#8221; margin_top=&#8221;0px&#8221; margin_bottom=&#8221;0px&#8221; class=&#8221;&#8221; id=&#8221;&#8221; animation_type=&#8221;&#8221; animation_speed=&#8221;0.3&#8243; animation_direction=&#8221;left&#8221; hide_on_mobile=&#8221;small-visibility,medium-visibility,large-visibility&#8221; center_content=&#8221;no&#8221; <a class=\"moretag\" href=\"https:\/\/iwdev.se\/vatgas\/2021\/01\/15\/mellansverige-kraftsamlar-kring-vatgas\/\">[&#8230;]<\/a><\/p>\n","protected":false},"author":3,"featured_media":6320,"comment_status":"closed","ping_status":"closed","sticky":false,"template":"","format":"standard","meta":{"_acf_changed":false,"footnotes":""},"categories":[10],"tags":[104],"class_list":["post-6312","post","type-post","status-publish","format-standard","has-post-thumbnail","hentry","category-medlemsnytt","tag-medlemmar"],"acf":[],"yoast_head":"<!-- This site is optimized with the Yoast SEO Premium plugin v26.4 (Yoast SEO v27.4) - https:\/\/yoast.com\/product\/yoast-seo-premium-wordpress\/ -->\n<title>Mellansverige kraftsamlar kring v\u00e4tgas - V\u00e4tgas Sverige<\/title>\n<meta name=\"robots\" content=\"noindex, follow, max-snippet:-1, max-image-preview:large, max-video-preview:-1\" \/>\n<meta property=\"og:locale\" content=\"sv_SE\" \/>\n<meta property=\"og:type\" content=\"article\" \/>\n<meta property=\"og:title\" content=\"Mellansverige kraftsamlar kring v\u00e4tgas\" \/>\n<meta property=\"og:description\" content=\"[fusion_builder_container hundred_percent=&#8221;no&#8221; equal_height_columns=&#8221;no&#8221; menu_anchor=&#8221;&#8221; hide_on_mobile=&#8221;small-visibility,medium-visibility,large-visibility&#8221; class=&#8221;&#8221; id=&#8221;&#8221; background_color=&#8221;&#8221; background_image=&#8221;&#8221; background_position=&#8221;center center&#8221; background_repeat=&#8221;no-repeat&#8221; fade=&#8221;no&#8221; background_parallax=&#8221;none&#8221; parallax_speed=&#8221;0.3&#8243; video_mp4=&#8221;&#8221; video_webm=&#8221;&#8221; video_ogv=&#8221;&#8221; video_url=&#8221;&#8221; video_aspect_ratio=&#8221;16:9&#8243; video_loop=&#8221;yes&#8221; video_mute=&#8221;yes&#8221; overlay_color=&#8221;&#8221; video_preview_image=&#8221;&#8221; border_color=&#8221;&#8221; border_style=&#8221;solid&#8221; padding_top=&#8221;&#8221; padding_bottom=&#8221;&#8221; padding_left=&#8221;&#8221; padding_right=&#8221;&#8221; type=&#8221;legacy&#8221;][fusion_builder_row][fusion_builder_column type=&#8221;1_1&#8243; layout=&#8221;1_1&#8243; background_position=&#8221;left top&#8221; background_color=&#8221;&#8221; border_color=&#8221;&#8221; border_style=&#8221;solid&#8221; border_position=&#8221;all&#8221; spacing=&#8221;yes&#8221; background_image=&#8221;&#8221; background_repeat=&#8221;no-repeat&#8221; padding_top=&#8221;&#8221; padding_right=&#8221;&#8221; padding_bottom=&#8221;&#8221; padding_left=&#8221;&#8221; margin_top=&#8221;0px&#8221; margin_bottom=&#8221;0px&#8221; class=&#8221;&#8221; id=&#8221;&#8221; animation_type=&#8221;&#8221; animation_speed=&#8221;0.3&#8243; animation_direction=&#8221;left&#8221; hide_on_mobile=&#8221;small-visibility,medium-visibility,large-visibility&#8221; center_content=&#8221;no&#8221; [...]\" \/>\n<meta property=\"og:url\" content=\"https:\/\/iwdev.se\/vatgas\/2021\/01\/15\/mellansverige-kraftsamlar-kring-vatgas\/\" \/>\n<meta property=\"og:site_name\" content=\"V\u00e4tgas Sverige\" \/>\n<meta property=\"article:published_time\" content=\"2021-01-15T11:04:58+00:00\" \/>\n<meta property=\"article:modified_time\" content=\"2022-08-31T13:52:55+00:00\" \/>\n<meta name=\"author\" content=\"Charlotte Blomberg\" \/>\n<meta name=\"twitter:card\" content=\"summary_large_image\" \/>\n<meta name=\"twitter:label1\" content=\"Skriven av\" \/>\n\t<meta name=\"twitter:data1\" content=\"Charlotte Blomberg\" \/>\n\t<meta name=\"twitter:label2\" content=\"Ber\u00e4knad l\u00e4stid\" \/>\n\t<meta name=\"twitter:data2\" content=\"3 minuter\" \/>\n<script type=\"application\/ld+json\" class=\"yoast-schema-graph\">{\"@context\":\"https:\\\/\\\/schema.org\",\"@graph\":[{\"@type\":\"Article\",\"@id\":\"https:\\\/\\\/iwdev.se\\\/vatgas\\\/2021\\\/01\\\/15\\\/mellansverige-kraftsamlar-kring-vatgas\\\/#article\",\"isPartOf\":{\"@id\":\"https:\\\/\\\/iwdev.se\\\/vatgas\\\/2021\\\/01\\\/15\\\/mellansverige-kraftsamlar-kring-vatgas\\\/\"},\"author\":{\"name\":\"Charlotte Blomberg\",\"@id\":\"https:\\\/\\\/iwdev.se\\\/vatgas\\\/#\\\/schema\\\/person\\\/8cc2f1473867b95de7c82567e7e9e0d0\"},\"headline\":\"Mellansverige kraftsamlar kring v\u00e4tgas\",\"datePublished\":\"2021-01-15T11:04:58+00:00\",\"dateModified\":\"2022-08-31T13:52:55+00:00\",\"mainEntityOfPage\":{\"@id\":\"https:\\\/\\\/iwdev.se\\\/vatgas\\\/2021\\\/01\\\/15\\\/mellansverige-kraftsamlar-kring-vatgas\\\/\"},\"wordCount\":649,\"publisher\":{\"@id\":\"https:\\\/\\\/iwdev.se\\\/vatgas\\\/#organization\"},\"image\":{\"@id\":\"https:\\\/\\\/iwdev.se\\\/vatgas\\\/2021\\\/01\\\/15\\\/mellansverige-kraftsamlar-kring-vatgas\\\/#primaryimage\"},\"thumbnailUrl\":\"\",\"keywords\":[\"Medlemmar\"],\"articleSection\":[\"Medlemsnytt\"],\"inLanguage\":\"sv-SE\"},{\"@type\":\"WebPage\",\"@id\":\"https:\\\/\\\/iwdev.se\\\/vatgas\\\/2021\\\/01\\\/15\\\/mellansverige-kraftsamlar-kring-vatgas\\\/\",\"url\":\"https:\\\/\\\/iwdev.se\\\/vatgas\\\/2021\\\/01\\\/15\\\/mellansverige-kraftsamlar-kring-vatgas\\\/\",\"name\":\"Mellansverige kraftsamlar kring v\u00e4tgas - V\u00e4tgas Sverige\",\"isPartOf\":{\"@id\":\"https:\\\/\\\/iwdev.se\\\/vatgas\\\/#website\"},\"primaryImageOfPage\":{\"@id\":\"https:\\\/\\\/iwdev.se\\\/vatgas\\\/2021\\\/01\\\/15\\\/mellansverige-kraftsamlar-kring-vatgas\\\/#primaryimage\"},\"image\":{\"@id\":\"https:\\\/\\\/iwdev.se\\\/vatgas\\\/2021\\\/01\\\/15\\\/mellansverige-kraftsamlar-kring-vatgas\\\/#primaryimage\"},\"thumbnailUrl\":\"\",\"datePublished\":\"2021-01-15T11:04:58+00:00\",\"dateModified\":\"2022-08-31T13:52:55+00:00\",\"breadcrumb\":{\"@id\":\"https:\\\/\\\/iwdev.se\\\/vatgas\\\/2021\\\/01\\\/15\\\/mellansverige-kraftsamlar-kring-vatgas\\\/#breadcrumb\"},\"inLanguage\":\"sv-SE\",\"potentialAction\":[{\"@type\":\"ReadAction\",\"target\":[\"https:\\\/\\\/iwdev.se\\\/vatgas\\\/2021\\\/01\\\/15\\\/mellansverige-kraftsamlar-kring-vatgas\\\/\"]}]},{\"@type\":\"ImageObject\",\"inLanguage\":\"sv-SE\",\"@id\":\"https:\\\/\\\/iwdev.se\\\/vatgas\\\/2021\\\/01\\\/15\\\/mellansverige-kraftsamlar-kring-vatgas\\\/#primaryimage\",\"url\":\"\",\"contentUrl\":\"\"},{\"@type\":\"BreadcrumbList\",\"@id\":\"https:\\\/\\\/iwdev.se\\\/vatgas\\\/2021\\\/01\\\/15\\\/mellansverige-kraftsamlar-kring-vatgas\\\/#breadcrumb\",\"itemListElement\":[{\"@type\":\"ListItem\",\"position\":1,\"name\":\"Home\",\"item\":\"https:\\\/\\\/iwdev.se\\\/vatgas\\\/\"},{\"@type\":\"ListItem\",\"position\":2,\"name\":\"Mellansverige kraftsamlar kring v\u00e4tgas\"}]},{\"@type\":\"WebSite\",\"@id\":\"https:\\\/\\\/iwdev.se\\\/vatgas\\\/#website\",\"url\":\"https:\\\/\\\/iwdev.se\\\/vatgas\\\/\",\"name\":\"V\u00e4tgas Sverige\",\"description\":\"En ledande plattform f\u00f6r omst\u00e4llningen till fossilfrihet\",\"publisher\":{\"@id\":\"https:\\\/\\\/iwdev.se\\\/vatgas\\\/#organization\"},\"potentialAction\":[{\"@type\":\"SearchAction\",\"target\":{\"@type\":\"EntryPoint\",\"urlTemplate\":\"https:\\\/\\\/iwdev.se\\\/vatgas\\\/?s={search_term_string}\"},\"query-input\":{\"@type\":\"PropertyValueSpecification\",\"valueRequired\":true,\"valueName\":\"search_term_string\"}}],\"inLanguage\":\"sv-SE\"},{\"@type\":\"Organization\",\"@id\":\"https:\\\/\\\/iwdev.se\\\/vatgas\\\/#organization\",\"name\":\"V\u00e4tgas Sverige\",\"url\":\"https:\\\/\\\/iwdev.se\\\/vatgas\\\/\",\"logo\":{\"@type\":\"ImageObject\",\"inLanguage\":\"sv-SE\",\"@id\":\"https:\\\/\\\/iwdev.se\\\/vatgas\\\/#\\\/schema\\\/logo\\\/image\\\/\",\"url\":\"https:\\\/\\\/iwdev.se\\\/vatgas\\\/wp-content\\\/uploads\\\/2022\\\/06\\\/LOGO.png\",\"contentUrl\":\"https:\\\/\\\/iwdev.se\\\/vatgas\\\/wp-content\\\/uploads\\\/2022\\\/06\\\/LOGO.png\",\"width\":240,\"height\":147,\"caption\":\"V\u00e4tgas Sverige\"},\"image\":{\"@id\":\"https:\\\/\\\/iwdev.se\\\/vatgas\\\/#\\\/schema\\\/logo\\\/image\\\/\"}},{\"@type\":\"Person\",\"@id\":\"https:\\\/\\\/iwdev.se\\\/vatgas\\\/#\\\/schema\\\/person\\\/8cc2f1473867b95de7c82567e7e9e0d0\",\"name\":\"Charlotte Blomberg\",\"url\":\"https:\\\/\\\/iwdev.se\\\/vatgas\\\/author\\\/chablo\\\/\"}]}<\/script>\n<!-- \/ Yoast SEO Premium plugin. -->","yoast_head_json":{"title":"Mellansverige kraftsamlar kring v\u00e4tgas - V\u00e4tgas Sverige","robots":{"index":"noindex","follow":"follow","max-snippet":"max-snippet:-1","max-image-preview":"max-image-preview:large","max-video-preview":"max-video-preview:-1"},"og_locale":"sv_SE","og_type":"article","og_title":"Mellansverige kraftsamlar kring v\u00e4tgas","og_description":"[fusion_builder_container hundred_percent=&#8221;no&#8221; equal_height_columns=&#8221;no&#8221; menu_anchor=&#8221;&#8221; hide_on_mobile=&#8221;small-visibility,medium-visibility,large-visibility&#8221; class=&#8221;&#8221; id=&#8221;&#8221; background_color=&#8221;&#8221; background_image=&#8221;&#8221; background_position=&#8221;center center&#8221; background_repeat=&#8221;no-repeat&#8221; fade=&#8221;no&#8221; background_parallax=&#8221;none&#8221; parallax_speed=&#8221;0.3&#8243; video_mp4=&#8221;&#8221; video_webm=&#8221;&#8221; video_ogv=&#8221;&#8221; video_url=&#8221;&#8221; video_aspect_ratio=&#8221;16:9&#8243; video_loop=&#8221;yes&#8221; video_mute=&#8221;yes&#8221; overlay_color=&#8221;&#8221; video_preview_image=&#8221;&#8221; border_color=&#8221;&#8221; border_style=&#8221;solid&#8221; padding_top=&#8221;&#8221; padding_bottom=&#8221;&#8221; padding_left=&#8221;&#8221; padding_right=&#8221;&#8221; type=&#8221;legacy&#8221;][fusion_builder_row][fusion_builder_column type=&#8221;1_1&#8243; layout=&#8221;1_1&#8243; background_position=&#8221;left top&#8221; background_color=&#8221;&#8221; border_color=&#8221;&#8221; border_style=&#8221;solid&#8221; border_position=&#8221;all&#8221; spacing=&#8221;yes&#8221; background_image=&#8221;&#8221; background_repeat=&#8221;no-repeat&#8221; padding_top=&#8221;&#8221; padding_right=&#8221;&#8221; padding_bottom=&#8221;&#8221; padding_left=&#8221;&#8221; margin_top=&#8221;0px&#8221; margin_bottom=&#8221;0px&#8221; class=&#8221;&#8221; id=&#8221;&#8221; animation_type=&#8221;&#8221; animation_speed=&#8221;0.3&#8243; animation_direction=&#8221;left&#8221; hide_on_mobile=&#8221;small-visibility,medium-visibility,large-visibility&#8221; center_content=&#8221;no&#8221; [...]","og_url":"https:\/\/iwdev.se\/vatgas\/2021\/01\/15\/mellansverige-kraftsamlar-kring-vatgas\/","og_site_name":"V\u00e4tgas Sverige","article_published_time":"2021-01-15T11:04:58+00:00","article_modified_time":"2022-08-31T13:52:55+00:00","author":"Charlotte Blomberg","twitter_card":"summary_large_image","twitter_misc":{"Skriven av":"Charlotte Blomberg","Ber\u00e4knad l\u00e4stid":"3 minuter"},"schema":{"@context":"https:\/\/schema.org","@graph":[{"@type":"Article","@id":"https:\/\/iwdev.se\/vatgas\/2021\/01\/15\/mellansverige-kraftsamlar-kring-vatgas\/#article","isPartOf":{"@id":"https:\/\/iwdev.se\/vatgas\/2021\/01\/15\/mellansverige-kraftsamlar-kring-vatgas\/"},"author":{"name":"Charlotte Blomberg","@id":"https:\/\/iwdev.se\/vatgas\/#\/schema\/person\/8cc2f1473867b95de7c82567e7e9e0d0"},"headline":"Mellansverige kraftsamlar kring v\u00e4tgas","datePublished":"2021-01-15T11:04:58+00:00","dateModified":"2022-08-31T13:52:55+00:00","mainEntityOfPage":{"@id":"https:\/\/iwdev.se\/vatgas\/2021\/01\/15\/mellansverige-kraftsamlar-kring-vatgas\/"},"wordCount":649,"publisher":{"@id":"https:\/\/iwdev.se\/vatgas\/#organization"},"image":{"@id":"https:\/\/iwdev.se\/vatgas\/2021\/01\/15\/mellansverige-kraftsamlar-kring-vatgas\/#primaryimage"},"thumbnailUrl":"","keywords":["Medlemmar"],"articleSection":["Medlemsnytt"],"inLanguage":"sv-SE"},{"@type":"WebPage","@id":"https:\/\/iwdev.se\/vatgas\/2021\/01\/15\/mellansverige-kraftsamlar-kring-vatgas\/","url":"https:\/\/iwdev.se\/vatgas\/2021\/01\/15\/mellansverige-kraftsamlar-kring-vatgas\/","name":"Mellansverige kraftsamlar kring v\u00e4tgas - V\u00e4tgas Sverige","isPartOf":{"@id":"https:\/\/iwdev.se\/vatgas\/#website"},"primaryImageOfPage":{"@id":"https:\/\/iwdev.se\/vatgas\/2021\/01\/15\/mellansverige-kraftsamlar-kring-vatgas\/#primaryimage"},"image":{"@id":"https:\/\/iwdev.se\/vatgas\/2021\/01\/15\/mellansverige-kraftsamlar-kring-vatgas\/#primaryimage"},"thumbnailUrl":"","datePublished":"2021-01-15T11:04:58+00:00","dateModified":"2022-08-31T13:52:55+00:00","breadcrumb":{"@id":"https:\/\/iwdev.se\/vatgas\/2021\/01\/15\/mellansverige-kraftsamlar-kring-vatgas\/#breadcrumb"},"inLanguage":"sv-SE","potentialAction":[{"@type":"ReadAction","target":["https:\/\/iwdev.se\/vatgas\/2021\/01\/15\/mellansverige-kraftsamlar-kring-vatgas\/"]}]},{"@type":"ImageObject","inLanguage":"sv-SE","@id":"https:\/\/iwdev.se\/vatgas\/2021\/01\/15\/mellansverige-kraftsamlar-kring-vatgas\/#primaryimage","url":"","contentUrl":""},{"@type":"BreadcrumbList","@id":"https:\/\/iwdev.se\/vatgas\/2021\/01\/15\/mellansverige-kraftsamlar-kring-vatgas\/#breadcrumb","itemListElement":[{"@type":"ListItem","position":1,"name":"Home","item":"https:\/\/iwdev.se\/vatgas\/"},{"@type":"ListItem","position":2,"name":"Mellansverige kraftsamlar kring v\u00e4tgas"}]},{"@type":"WebSite","@id":"https:\/\/iwdev.se\/vatgas\/#website","url":"https:\/\/iwdev.se\/vatgas\/","name":"V\u00e4tgas Sverige","description":"En ledande plattform f\u00f6r omst\u00e4llningen till fossilfrihet","publisher":{"@id":"https:\/\/iwdev.se\/vatgas\/#organization"},"potentialAction":[{"@type":"SearchAction","target":{"@type":"EntryPoint","urlTemplate":"https:\/\/iwdev.se\/vatgas\/?s={search_term_string}"},"query-input":{"@type":"PropertyValueSpecification","valueRequired":true,"valueName":"search_term_string"}}],"inLanguage":"sv-SE"},{"@type":"Organization","@id":"https:\/\/iwdev.se\/vatgas\/#organization","name":"V\u00e4tgas Sverige","url":"https:\/\/iwdev.se\/vatgas\/","logo":{"@type":"ImageObject","inLanguage":"sv-SE","@id":"https:\/\/iwdev.se\/vatgas\/#\/schema\/logo\/image\/","url":"https:\/\/iwdev.se\/vatgas\/wp-content\/uploads\/2022\/06\/LOGO.png","contentUrl":"https:\/\/iwdev.se\/vatgas\/wp-content\/uploads\/2022\/06\/LOGO.png","width":240,"height":147,"caption":"V\u00e4tgas Sverige"},"image":{"@id":"https:\/\/iwdev.se\/vatgas\/#\/schema\/logo\/image\/"}},{"@type":"Person","@id":"https:\/\/iwdev.se\/vatgas\/#\/schema\/person\/8cc2f1473867b95de7c82567e7e9e0d0","name":"Charlotte Blomberg","url":"https:\/\/iwdev.se\/vatgas\/author\/chablo\/"}]}},"_links":{"self":[{"href":"https:\/\/iwdev.se\/vatgas\/wp-json\/wp\/v2\/posts\/6312","targetHints":{"allow":["GET"]}}],"collection":[{"href":"https:\/\/iwdev.se\/vatgas\/wp-json\/wp\/v2\/posts"}],"about":[{"href":"https:\/\/iwdev.se\/vatgas\/wp-json\/wp\/v2\/types\/post"}],"author":[{"embeddable":true,"href":"https:\/\/iwdev.se\/vatgas\/wp-json\/wp\/v2\/users\/3"}],"replies":[{"embeddable":true,"href":"https:\/\/iwdev.se\/vatgas\/wp-json\/wp\/v2\/comments?post=6312"}],"version-history":[{"count":1,"href":"https:\/\/iwdev.se\/vatgas\/wp-json\/wp\/v2\/posts\/6312\/revisions"}],"predecessor-version":[{"id":15208,"href":"https:\/\/iwdev.se\/vatgas\/wp-json\/wp\/v2\/posts\/6312\/revisions\/15208"}],"wp:featuredmedia":[{"embeddable":true,"href":"https:\/\/iwdev.se\/vatgas\/wp-json\/wp\/v2\/media\/6320"}],"wp:attachment":[{"href":"https:\/\/iwdev.se\/vatgas\/wp-json\/wp\/v2\/media?parent=6312"}],"wp:term":[{"taxonomy":"category","embeddable":true,"href":"https:\/\/iwdev.se\/vatgas\/wp-json\/wp\/v2\/categories?post=6312"},{"taxonomy":"post_tag","embeddable":true,"href":"https:\/\/iwdev.se\/vatgas\/wp-json\/wp\/v2\/tags?post=6312"}],"curies":[{"name":"wp","href":"https:\/\/api.w.org\/{rel}","templated":true}]}}