{"id":6783,"date":"2021-02-03T14:03:19","date_gmt":"2021-02-03T14:03:19","guid":{"rendered":"https:\/\/vatgas.hemsida.eu\/?p=6783"},"modified":"2022-08-31T13:56:51","modified_gmt":"2022-08-31T13:56:51","slug":"volvo-satsar-pa-nytt-affarsomrade-inom-elektrifiering","status":"publish","type":"post","link":"https:\/\/iwdev.se\/vatgas\/2021\/02\/03\/volvo-satsar-pa-nytt-affarsomrade-inom-elektrifiering\/","title":{"rendered":"Volvo satsar p\u00e5 nytt aff\u00e4rsomr\u00e5de inom elektrifiering"},"content":{"rendered":"<p>Batterier, laddning, \u00e5tervinning och v\u00e4tgas \u00e4r ledorden n\u00e4r Volvokoncernen bildar ett nytt aff\u00e4rsomr\u00e5de, Volvo Energy. Det nya aff\u00e4rsomr\u00e5det kommer att effektivisera interna aktiviteter kring elektrifiering. De kommer att sl\u00e5 ihop aktiviteter kring energi- och laddningsstruktur, men \u00e4ven erbjuda sina kunder anv\u00e4nda batterier f\u00f6r lagringsl\u00f6sningar. V\u00e4tgasinfrastruktur f\u00f6r br\u00e4nslecellsfordon ing\u00e5r \u00e4ven i det nya aff\u00e4rsomr\u00e5det.<br \/>\nVolvo menar att milj\u00f6p\u00e5verkan fr\u00e5n elektriska fordon och maskiner minskas n\u00e4r batterierna \u00e5tervinns inom andra applikationer. Och det finns redan m\u00e5nga, f\u00f6retaget erbjuder elektriska fordon och maskiner inom ett stort antal segment, fr\u00e5n stadsbussar, soplastbilar och anl\u00e4ggnings- och distributionslastbilar f\u00f6r urbana transporter till kompaktgr\u00e4vmaskiner och hjullastare. Utrullningen av ytterligare elektriska fordon och relaterade tj\u00e4nster forts\u00e4tter i snabb takt till att under senare delen av \u00e5ret ocks\u00e5 omfatta bland annat tunga lastbilar f\u00f6r regionala transporter eller anl\u00e4ggningsarbete.<br \/>\nVolvo Energy blir ett aff\u00e4rsomr\u00e5de med fullt resultatansvar. Det kommer dels att ha en intern roll d\u00e4r det tillhandah\u00e5ller batterier och laddningsl\u00f6sningar till koncernens \u00f6vriga aff\u00e4rsomr\u00e5den och dels en extern roll d\u00e4r det erbjuder anv\u00e4nda, renoverade batterier till kunder f\u00f6r olika anv\u00e4ndningsomr\u00e5den.<br \/>\nVolvo Energy kommer \u00e4ven ha ett koncernansvar f\u00f6r v\u00e4teinfrastrukturl\u00f6sningar f\u00f6r br\u00e4nslecellselektriska fordon. F\u00f6retaget menar att samarbeten med olika partners och akt\u00f6rer i ekosystemet kommer att vara en central del av verksamheten.\u00a0En av dem \u00e4r Daimler. I november 2020, bildade Volvo AB och Daimler Truck AG ett joint venture f\u00f6r att utveckla, producera och marknadsf\u00f6ra tunga br\u00e4nslecellsfordon. Det f\u00f6rsta fordonet f\u00f6rv\u00e4ntas vara i drift 2025. B\u00e5da f\u00f6retagen menar att den st\u00f6rsta anledningen till satsningen p\u00e5 v\u00e4tgasteknik beror p\u00e5 de nya utsl\u00e4ppsreglerna f\u00f6r tunga fordon.<br \/>\nI kommersiella fordon kommer batterierna att anv\u00e4ndas i m\u00e5nga \u00e5r innan de beh\u00f6ver bytas ut eller renoveras. Om ett fordon f\u00e5r helt nya batterier finns det dock ansenlig kapacitet kvar i de gamla, vilket g\u00f6r att de passar mycket bra f\u00f6r lagring av energi i exempelvis fastigheter eller vid gr\u00f6n elproduktion. Genom att hitta nya anv\u00e4ndningsomr\u00e5den f\u00f6r batterierna sparar man p\u00e5 naturens resurser.<br \/>\nK\u00e4lla: volvogroup.se<br \/>\nBild@Volvotrucks.se<\/p>\n","protected":false},"excerpt":{"rendered":"<p>Batterier, laddning, \u00e5tervinning och v\u00e4tgas \u00e4r ledorden n\u00e4r Volvokoncernen bildar ett nytt aff\u00e4rsomr\u00e5de, Volvo Energy. Det nya aff\u00e4rsomr\u00e5det kommer att effektivisera interna aktiviteter kring elektrifiering. De kommer att sl\u00e5 ihop aktiviteter kring energi- och laddningsstruktur, men \u00e4ven erbjuda sina kunder anv\u00e4nda batterier f\u00f6r lagringsl\u00f6sningar. V\u00e4tgasinfrastruktur f\u00f6r br\u00e4nslecellsfordon ing\u00e5r \u00e4ven i det nya aff\u00e4rsomr\u00e5det. Volvo menar <a class=\"moretag\" href=\"https:\/\/iwdev.se\/vatgas\/2021\/02\/03\/volvo-satsar-pa-nytt-affarsomrade-inom-elektrifiering\/\">[&#8230;]<\/a><\/p>\n","protected":false},"author":3,"featured_media":7515,"comment_status":"closed","ping_status":"closed","sticky":false,"template":"","format":"standard","meta":{"_acf_changed":false,"footnotes":""},"categories":[12],"tags":[96],"class_list":["post-6783","post","type-post","status-publish","format-standard","has-post-thumbnail","hentry","category-nyheter","tag-transport"],"acf":[],"yoast_head":"<!-- This site is optimized with the Yoast SEO Premium plugin v26.4 (Yoast SEO v27.4) - https:\/\/yoast.com\/product\/yoast-seo-premium-wordpress\/ -->\n<title>Volvo satsar p\u00e5 nytt aff\u00e4rsomr\u00e5de inom elektrifiering - V\u00e4tgas Sverige<\/title>\n<meta name=\"robots\" content=\"noindex, follow, max-snippet:-1, max-image-preview:large, max-video-preview:-1\" \/>\n<meta property=\"og:locale\" content=\"sv_SE\" \/>\n<meta property=\"og:type\" content=\"article\" \/>\n<meta property=\"og:title\" content=\"Volvo satsar p\u00e5 nytt aff\u00e4rsomr\u00e5de inom elektrifiering\" \/>\n<meta property=\"og:description\" content=\"Batterier, laddning, \u00e5tervinning och v\u00e4tgas \u00e4r ledorden n\u00e4r Volvokoncernen bildar ett nytt aff\u00e4rsomr\u00e5de, Volvo Energy. Det nya aff\u00e4rsomr\u00e5det kommer att effektivisera interna aktiviteter kring elektrifiering. De kommer att sl\u00e5 ihop aktiviteter kring energi- och laddningsstruktur, men \u00e4ven erbjuda sina kunder anv\u00e4nda batterier f\u00f6r lagringsl\u00f6sningar. V\u00e4tgasinfrastruktur f\u00f6r br\u00e4nslecellsfordon ing\u00e5r \u00e4ven i det nya aff\u00e4rsomr\u00e5det. Volvo menar [...]\" \/>\n<meta property=\"og:url\" content=\"https:\/\/iwdev.se\/vatgas\/2021\/02\/03\/volvo-satsar-pa-nytt-affarsomrade-inom-elektrifiering\/\" \/>\n<meta property=\"og:site_name\" content=\"V\u00e4tgas Sverige\" \/>\n<meta property=\"article:published_time\" content=\"2021-02-03T14:03:19+00:00\" \/>\n<meta property=\"article:modified_time\" content=\"2022-08-31T13:56:51+00:00\" \/>\n<meta property=\"og:image\" content=\"https:\/\/iwdev.se\/vatgas\/wp-content\/uploads\/2021\/02\/T2020_0987.jpg\" \/>\n\t<meta property=\"og:image:width\" content=\"800\" \/>\n\t<meta property=\"og:image:height\" content=\"450\" \/>\n\t<meta property=\"og:image:type\" content=\"image\/jpeg\" \/>\n<meta name=\"author\" content=\"Charlotte Blomberg\" \/>\n<meta name=\"twitter:card\" content=\"summary_large_image\" \/>\n<meta name=\"twitter:label1\" content=\"Skriven av\" \/>\n\t<meta name=\"twitter:data1\" content=\"Charlotte Blomberg\" \/>\n\t<meta name=\"twitter:label2\" content=\"Ber\u00e4knad l\u00e4stid\" \/>\n\t<meta name=\"twitter:data2\" content=\"2 minuter\" \/>\n<script type=\"application\/ld+json\" class=\"yoast-schema-graph\">{\"@context\":\"https:\\\/\\\/schema.org\",\"@graph\":[{\"@type\":\"Article\",\"@id\":\"https:\\\/\\\/iwdev.se\\\/vatgas\\\/2021\\\/02\\\/03\\\/volvo-satsar-pa-nytt-affarsomrade-inom-elektrifiering\\\/#article\",\"isPartOf\":{\"@id\":\"https:\\\/\\\/iwdev.se\\\/vatgas\\\/2021\\\/02\\\/03\\\/volvo-satsar-pa-nytt-affarsomrade-inom-elektrifiering\\\/\"},\"author\":{\"name\":\"Charlotte Blomberg\",\"@id\":\"https:\\\/\\\/iwdev.se\\\/vatgas\\\/#\\\/schema\\\/person\\\/8cc2f1473867b95de7c82567e7e9e0d0\"},\"headline\":\"Volvo satsar p\u00e5 nytt aff\u00e4rsomr\u00e5de inom elektrifiering\",\"datePublished\":\"2021-02-03T14:03:19+00:00\",\"dateModified\":\"2022-08-31T13:56:51+00:00\",\"mainEntityOfPage\":{\"@id\":\"https:\\\/\\\/iwdev.se\\\/vatgas\\\/2021\\\/02\\\/03\\\/volvo-satsar-pa-nytt-affarsomrade-inom-elektrifiering\\\/\"},\"wordCount\":402,\"publisher\":{\"@id\":\"https:\\\/\\\/iwdev.se\\\/vatgas\\\/#organization\"},\"image\":{\"@id\":\"https:\\\/\\\/iwdev.se\\\/vatgas\\\/2021\\\/02\\\/03\\\/volvo-satsar-pa-nytt-affarsomrade-inom-elektrifiering\\\/#primaryimage\"},\"thumbnailUrl\":\"https:\\\/\\\/iwdev.se\\\/vatgas\\\/wp-content\\\/uploads\\\/2021\\\/02\\\/T2020_0987.jpg\",\"keywords\":[\"Transport\"],\"articleSection\":[\"Nyheter\"],\"inLanguage\":\"sv-SE\"},{\"@type\":\"WebPage\",\"@id\":\"https:\\\/\\\/iwdev.se\\\/vatgas\\\/2021\\\/02\\\/03\\\/volvo-satsar-pa-nytt-affarsomrade-inom-elektrifiering\\\/\",\"url\":\"https:\\\/\\\/iwdev.se\\\/vatgas\\\/2021\\\/02\\\/03\\\/volvo-satsar-pa-nytt-affarsomrade-inom-elektrifiering\\\/\",\"name\":\"Volvo satsar p\u00e5 nytt aff\u00e4rsomr\u00e5de inom elektrifiering - V\u00e4tgas Sverige\",\"isPartOf\":{\"@id\":\"https:\\\/\\\/iwdev.se\\\/vatgas\\\/#website\"},\"primaryImageOfPage\":{\"@id\":\"https:\\\/\\\/iwdev.se\\\/vatgas\\\/2021\\\/02\\\/03\\\/volvo-satsar-pa-nytt-affarsomrade-inom-elektrifiering\\\/#primaryimage\"},\"image\":{\"@id\":\"https:\\\/\\\/iwdev.se\\\/vatgas\\\/2021\\\/02\\\/03\\\/volvo-satsar-pa-nytt-affarsomrade-inom-elektrifiering\\\/#primaryimage\"},\"thumbnailUrl\":\"https:\\\/\\\/iwdev.se\\\/vatgas\\\/wp-content\\\/uploads\\\/2021\\\/02\\\/T2020_0987.jpg\",\"datePublished\":\"2021-02-03T14:03:19+00:00\",\"dateModified\":\"2022-08-31T13:56:51+00:00\",\"breadcrumb\":{\"@id\":\"https:\\\/\\\/iwdev.se\\\/vatgas\\\/2021\\\/02\\\/03\\\/volvo-satsar-pa-nytt-affarsomrade-inom-elektrifiering\\\/#breadcrumb\"},\"inLanguage\":\"sv-SE\",\"potentialAction\":[{\"@type\":\"ReadAction\",\"target\":[\"https:\\\/\\\/iwdev.se\\\/vatgas\\\/2021\\\/02\\\/03\\\/volvo-satsar-pa-nytt-affarsomrade-inom-elektrifiering\\\/\"]}]},{\"@type\":\"ImageObject\",\"inLanguage\":\"sv-SE\",\"@id\":\"https:\\\/\\\/iwdev.se\\\/vatgas\\\/2021\\\/02\\\/03\\\/volvo-satsar-pa-nytt-affarsomrade-inom-elektrifiering\\\/#primaryimage\",\"url\":\"https:\\\/\\\/iwdev.se\\\/vatgas\\\/wp-content\\\/uploads\\\/2021\\\/02\\\/T2020_0987.jpg\",\"contentUrl\":\"https:\\\/\\\/iwdev.se\\\/vatgas\\\/wp-content\\\/uploads\\\/2021\\\/02\\\/T2020_0987.jpg\",\"width\":800,\"height\":450},{\"@type\":\"BreadcrumbList\",\"@id\":\"https:\\\/\\\/iwdev.se\\\/vatgas\\\/2021\\\/02\\\/03\\\/volvo-satsar-pa-nytt-affarsomrade-inom-elektrifiering\\\/#breadcrumb\",\"itemListElement\":[{\"@type\":\"ListItem\",\"position\":1,\"name\":\"Home\",\"item\":\"https:\\\/\\\/iwdev.se\\\/vatgas\\\/\"},{\"@type\":\"ListItem\",\"position\":2,\"name\":\"Volvo satsar p\u00e5 nytt aff\u00e4rsomr\u00e5de inom elektrifiering\"}]},{\"@type\":\"WebSite\",\"@id\":\"https:\\\/\\\/iwdev.se\\\/vatgas\\\/#website\",\"url\":\"https:\\\/\\\/iwdev.se\\\/vatgas\\\/\",\"name\":\"V\u00e4tgas Sverige\",\"description\":\"En ledande plattform f\u00f6r omst\u00e4llningen till fossilfrihet\",\"publisher\":{\"@id\":\"https:\\\/\\\/iwdev.se\\\/vatgas\\\/#organization\"},\"potentialAction\":[{\"@type\":\"SearchAction\",\"target\":{\"@type\":\"EntryPoint\",\"urlTemplate\":\"https:\\\/\\\/iwdev.se\\\/vatgas\\\/?s={search_term_string}\"},\"query-input\":{\"@type\":\"PropertyValueSpecification\",\"valueRequired\":true,\"valueName\":\"search_term_string\"}}],\"inLanguage\":\"sv-SE\"},{\"@type\":\"Organization\",\"@id\":\"https:\\\/\\\/iwdev.se\\\/vatgas\\\/#organization\",\"name\":\"V\u00e4tgas Sverige\",\"url\":\"https:\\\/\\\/iwdev.se\\\/vatgas\\\/\",\"logo\":{\"@type\":\"ImageObject\",\"inLanguage\":\"sv-SE\",\"@id\":\"https:\\\/\\\/iwdev.se\\\/vatgas\\\/#\\\/schema\\\/logo\\\/image\\\/\",\"url\":\"https:\\\/\\\/iwdev.se\\\/vatgas\\\/wp-content\\\/uploads\\\/2022\\\/06\\\/LOGO.png\",\"contentUrl\":\"https:\\\/\\\/iwdev.se\\\/vatgas\\\/wp-content\\\/uploads\\\/2022\\\/06\\\/LOGO.png\",\"width\":240,\"height\":147,\"caption\":\"V\u00e4tgas Sverige\"},\"image\":{\"@id\":\"https:\\\/\\\/iwdev.se\\\/vatgas\\\/#\\\/schema\\\/logo\\\/image\\\/\"}},{\"@type\":\"Person\",\"@id\":\"https:\\\/\\\/iwdev.se\\\/vatgas\\\/#\\\/schema\\\/person\\\/8cc2f1473867b95de7c82567e7e9e0d0\",\"name\":\"Charlotte Blomberg\",\"url\":\"https:\\\/\\\/iwdev.se\\\/vatgas\\\/author\\\/chablo\\\/\"}]}<\/script>\n<!-- \/ Yoast SEO Premium plugin. -->","yoast_head_json":{"title":"Volvo satsar p\u00e5 nytt aff\u00e4rsomr\u00e5de inom elektrifiering - V\u00e4tgas Sverige","robots":{"index":"noindex","follow":"follow","max-snippet":"max-snippet:-1","max-image-preview":"max-image-preview:large","max-video-preview":"max-video-preview:-1"},"og_locale":"sv_SE","og_type":"article","og_title":"Volvo satsar p\u00e5 nytt aff\u00e4rsomr\u00e5de inom elektrifiering","og_description":"Batterier, laddning, \u00e5tervinning och v\u00e4tgas \u00e4r ledorden n\u00e4r Volvokoncernen bildar ett nytt aff\u00e4rsomr\u00e5de, Volvo Energy. Det nya aff\u00e4rsomr\u00e5det kommer att effektivisera interna aktiviteter kring elektrifiering. De kommer att sl\u00e5 ihop aktiviteter kring energi- och laddningsstruktur, men \u00e4ven erbjuda sina kunder anv\u00e4nda batterier f\u00f6r lagringsl\u00f6sningar. V\u00e4tgasinfrastruktur f\u00f6r br\u00e4nslecellsfordon ing\u00e5r \u00e4ven i det nya aff\u00e4rsomr\u00e5det. Volvo menar [...]","og_url":"https:\/\/iwdev.se\/vatgas\/2021\/02\/03\/volvo-satsar-pa-nytt-affarsomrade-inom-elektrifiering\/","og_site_name":"V\u00e4tgas Sverige","article_published_time":"2021-02-03T14:03:19+00:00","article_modified_time":"2022-08-31T13:56:51+00:00","og_image":[{"width":800,"height":450,"url":"https:\/\/iwdev.se\/vatgas\/wp-content\/uploads\/2021\/02\/T2020_0987.jpg","type":"image\/jpeg"}],"author":"Charlotte Blomberg","twitter_card":"summary_large_image","twitter_misc":{"Skriven av":"Charlotte Blomberg","Ber\u00e4knad l\u00e4stid":"2 minuter"},"schema":{"@context":"https:\/\/schema.org","@graph":[{"@type":"Article","@id":"https:\/\/iwdev.se\/vatgas\/2021\/02\/03\/volvo-satsar-pa-nytt-affarsomrade-inom-elektrifiering\/#article","isPartOf":{"@id":"https:\/\/iwdev.se\/vatgas\/2021\/02\/03\/volvo-satsar-pa-nytt-affarsomrade-inom-elektrifiering\/"},"author":{"name":"Charlotte Blomberg","@id":"https:\/\/iwdev.se\/vatgas\/#\/schema\/person\/8cc2f1473867b95de7c82567e7e9e0d0"},"headline":"Volvo satsar p\u00e5 nytt aff\u00e4rsomr\u00e5de inom elektrifiering","datePublished":"2021-02-03T14:03:19+00:00","dateModified":"2022-08-31T13:56:51+00:00","mainEntityOfPage":{"@id":"https:\/\/iwdev.se\/vatgas\/2021\/02\/03\/volvo-satsar-pa-nytt-affarsomrade-inom-elektrifiering\/"},"wordCount":402,"publisher":{"@id":"https:\/\/iwdev.se\/vatgas\/#organization"},"image":{"@id":"https:\/\/iwdev.se\/vatgas\/2021\/02\/03\/volvo-satsar-pa-nytt-affarsomrade-inom-elektrifiering\/#primaryimage"},"thumbnailUrl":"https:\/\/iwdev.se\/vatgas\/wp-content\/uploads\/2021\/02\/T2020_0987.jpg","keywords":["Transport"],"articleSection":["Nyheter"],"inLanguage":"sv-SE"},{"@type":"WebPage","@id":"https:\/\/iwdev.se\/vatgas\/2021\/02\/03\/volvo-satsar-pa-nytt-affarsomrade-inom-elektrifiering\/","url":"https:\/\/iwdev.se\/vatgas\/2021\/02\/03\/volvo-satsar-pa-nytt-affarsomrade-inom-elektrifiering\/","name":"Volvo satsar p\u00e5 nytt aff\u00e4rsomr\u00e5de inom elektrifiering - V\u00e4tgas Sverige","isPartOf":{"@id":"https:\/\/iwdev.se\/vatgas\/#website"},"primaryImageOfPage":{"@id":"https:\/\/iwdev.se\/vatgas\/2021\/02\/03\/volvo-satsar-pa-nytt-affarsomrade-inom-elektrifiering\/#primaryimage"},"image":{"@id":"https:\/\/iwdev.se\/vatgas\/2021\/02\/03\/volvo-satsar-pa-nytt-affarsomrade-inom-elektrifiering\/#primaryimage"},"thumbnailUrl":"https:\/\/iwdev.se\/vatgas\/wp-content\/uploads\/2021\/02\/T2020_0987.jpg","datePublished":"2021-02-03T14:03:19+00:00","dateModified":"2022-08-31T13:56:51+00:00","breadcrumb":{"@id":"https:\/\/iwdev.se\/vatgas\/2021\/02\/03\/volvo-satsar-pa-nytt-affarsomrade-inom-elektrifiering\/#breadcrumb"},"inLanguage":"sv-SE","potentialAction":[{"@type":"ReadAction","target":["https:\/\/iwdev.se\/vatgas\/2021\/02\/03\/volvo-satsar-pa-nytt-affarsomrade-inom-elektrifiering\/"]}]},{"@type":"ImageObject","inLanguage":"sv-SE","@id":"https:\/\/iwdev.se\/vatgas\/2021\/02\/03\/volvo-satsar-pa-nytt-affarsomrade-inom-elektrifiering\/#primaryimage","url":"https:\/\/iwdev.se\/vatgas\/wp-content\/uploads\/2021\/02\/T2020_0987.jpg","contentUrl":"https:\/\/iwdev.se\/vatgas\/wp-content\/uploads\/2021\/02\/T2020_0987.jpg","width":800,"height":450},{"@type":"BreadcrumbList","@id":"https:\/\/iwdev.se\/vatgas\/2021\/02\/03\/volvo-satsar-pa-nytt-affarsomrade-inom-elektrifiering\/#breadcrumb","itemListElement":[{"@type":"ListItem","position":1,"name":"Home","item":"https:\/\/iwdev.se\/vatgas\/"},{"@type":"ListItem","position":2,"name":"Volvo satsar p\u00e5 nytt aff\u00e4rsomr\u00e5de inom elektrifiering"}]},{"@type":"WebSite","@id":"https:\/\/iwdev.se\/vatgas\/#website","url":"https:\/\/iwdev.se\/vatgas\/","name":"V\u00e4tgas Sverige","description":"En ledande plattform f\u00f6r omst\u00e4llningen till fossilfrihet","publisher":{"@id":"https:\/\/iwdev.se\/vatgas\/#organization"},"potentialAction":[{"@type":"SearchAction","target":{"@type":"EntryPoint","urlTemplate":"https:\/\/iwdev.se\/vatgas\/?s={search_term_string}"},"query-input":{"@type":"PropertyValueSpecification","valueRequired":true,"valueName":"search_term_string"}}],"inLanguage":"sv-SE"},{"@type":"Organization","@id":"https:\/\/iwdev.se\/vatgas\/#organization","name":"V\u00e4tgas Sverige","url":"https:\/\/iwdev.se\/vatgas\/","logo":{"@type":"ImageObject","inLanguage":"sv-SE","@id":"https:\/\/iwdev.se\/vatgas\/#\/schema\/logo\/image\/","url":"https:\/\/iwdev.se\/vatgas\/wp-content\/uploads\/2022\/06\/LOGO.png","contentUrl":"https:\/\/iwdev.se\/vatgas\/wp-content\/uploads\/2022\/06\/LOGO.png","width":240,"height":147,"caption":"V\u00e4tgas Sverige"},"image":{"@id":"https:\/\/iwdev.se\/vatgas\/#\/schema\/logo\/image\/"}},{"@type":"Person","@id":"https:\/\/iwdev.se\/vatgas\/#\/schema\/person\/8cc2f1473867b95de7c82567e7e9e0d0","name":"Charlotte Blomberg","url":"https:\/\/iwdev.se\/vatgas\/author\/chablo\/"}]}},"_links":{"self":[{"href":"https:\/\/iwdev.se\/vatgas\/wp-json\/wp\/v2\/posts\/6783","targetHints":{"allow":["GET"]}}],"collection":[{"href":"https:\/\/iwdev.se\/vatgas\/wp-json\/wp\/v2\/posts"}],"about":[{"href":"https:\/\/iwdev.se\/vatgas\/wp-json\/wp\/v2\/types\/post"}],"author":[{"embeddable":true,"href":"https:\/\/iwdev.se\/vatgas\/wp-json\/wp\/v2\/users\/3"}],"replies":[{"embeddable":true,"href":"https:\/\/iwdev.se\/vatgas\/wp-json\/wp\/v2\/comments?post=6783"}],"version-history":[{"count":1,"href":"https:\/\/iwdev.se\/vatgas\/wp-json\/wp\/v2\/posts\/6783\/revisions"}],"predecessor-version":[{"id":15218,"href":"https:\/\/iwdev.se\/vatgas\/wp-json\/wp\/v2\/posts\/6783\/revisions\/15218"}],"wp:featuredmedia":[{"embeddable":true,"href":"https:\/\/iwdev.se\/vatgas\/wp-json\/wp\/v2\/media\/7515"}],"wp:attachment":[{"href":"https:\/\/iwdev.se\/vatgas\/wp-json\/wp\/v2\/media?parent=6783"}],"wp:term":[{"taxonomy":"category","embeddable":true,"href":"https:\/\/iwdev.se\/vatgas\/wp-json\/wp\/v2\/categories?post=6783"},{"taxonomy":"post_tag","embeddable":true,"href":"https:\/\/iwdev.se\/vatgas\/wp-json\/wp\/v2\/tags?post=6783"}],"curies":[{"name":"wp","href":"https:\/\/api.w.org\/{rel}","templated":true}]}}