{"id":8168,"date":"2021-04-09T11:32:14","date_gmt":"2021-04-09T11:32:14","guid":{"rendered":"https:\/\/vatgas.hemsida.eu\/?p=8168"},"modified":"2022-08-31T14:05:04","modified_gmt":"2022-08-31T14:05:04","slug":"volvokoncernen-och-ssab-ska-ta-fram-varldens-forsta-fordon-av-fossilfritt-stal","status":"publish","type":"post","link":"https:\/\/iwdev.se\/vatgas\/2021\/04\/09\/volvokoncernen-och-ssab-ska-ta-fram-varldens-forsta-fordon-av-fossilfritt-stal\/","title":{"rendered":"Volvokoncernen och SSAB ska ta fram v\u00e4rldens f\u00f6rsta fordon av fossilfritt st\u00e5l"},"content":{"rendered":"<p class=\"p1\"><b>Volvokoncernen och SSAB har tecknat ett samarbetsavtal med m\u00e5let att ta fram v\u00e4rldens f\u00f6rsta fordon av fossilfritt st\u00e5l, skriver SSAB i ett pressmeddelande.<\/b><\/p>\n<p class=\"p1\">Redan i \u00e5r r\u00e4knar Volvo med att b\u00f6rja tillverka de f\u00f6rsta fordonen med st\u00e5l fr\u00e5n SSAB. Det fossilfria st\u00e5let tillverkas med en helt ny teknik med hj\u00e4lp av fossilfri el och v\u00e4tgas. Den nya tekniken resulterar i kraftig minskad milj\u00f6p\u00e5verkan och en fossilfri v\u00e4rdekedja, fr\u00e5n tillverkning ut till slutkund.<\/p>\n<p class=\"p1\">\u201dRedan under 2021 kommer Volvo b\u00f6rja tillverka de f\u00f6rsta konceptfordonen och -maskinerna med st\u00e5l fr\u00e5n SSAB framst\u00e4llt med v\u00e4tgas. Under 2022 planeras serietillverkning i mindre skala, och sedan b\u00f6rjar en gradvis upptrappning mot massproduktion. Volvo och SSAB kommer \u00e4ven att samarbeta inom forskning och utveckling f\u00f6r att optimera anv\u00e4ndningen av st\u00e5l i Volvos produkter vad g\u00e4ller vikt och kvalitet, och tillsammans utveckla fler produkter av fossilfritt st\u00e5l med m\u00e5let att n\u00e5 serietillverkning inom n\u00e5gra \u00e5r\u201d, st\u00e5r det i pressmeddelandet.<\/p>\n<p class=\"p1\">Samarbetet grundar sig i att Volvo siktar p\u00e5 att bli ett klimatneutralt bolag senast \u00e5r 2050, medan SSAB satsar p\u00e5 fossilfritt st\u00e5l genom Hybrit -initiativet tillsammans med statliga LKAB och Vattenfall.<\/p>\n","protected":false},"excerpt":{"rendered":"<p>Volvokoncernen och SSAB har tecknat ett samarbetsavtal med m\u00e5let att ta fram v\u00e4rldens f\u00f6rsta fordon av fossilfritt st\u00e5l, skriver SSAB i ett pressmeddelande. Redan i \u00e5r r\u00e4knar Volvo med att b\u00f6rja tillverka de f\u00f6rsta fordonen med st\u00e5l fr\u00e5n SSAB. Det fossilfria st\u00e5let tillverkas med en helt ny teknik med hj\u00e4lp av fossilfri el och v\u00e4tgas. <a class=\"moretag\" href=\"https:\/\/iwdev.se\/vatgas\/2021\/04\/09\/volvokoncernen-och-ssab-ska-ta-fram-varldens-forsta-fordon-av-fossilfritt-stal\/\">[&#8230;]<\/a><\/p>\n","protected":false},"author":3,"featured_media":8192,"comment_status":"closed","ping_status":"closed","sticky":false,"template":"","format":"standard","meta":{"_acf_changed":false,"footnotes":""},"categories":[12],"tags":[96],"class_list":["post-8168","post","type-post","status-publish","format-standard","has-post-thumbnail","hentry","category-nyheter","tag-transport"],"acf":[],"yoast_head":"<!-- This site is optimized with the Yoast SEO Premium plugin v26.4 (Yoast SEO v27.4) - https:\/\/yoast.com\/product\/yoast-seo-premium-wordpress\/ -->\n<title>Volvokoncernen och SSAB ska ta fram v\u00e4rldens f\u00f6rsta fordon av fossilfritt st\u00e5l - V\u00e4tgas Sverige<\/title>\n<meta name=\"robots\" content=\"noindex, follow, max-snippet:-1, max-image-preview:large, max-video-preview:-1\" \/>\n<meta property=\"og:locale\" content=\"sv_SE\" \/>\n<meta property=\"og:type\" content=\"article\" \/>\n<meta property=\"og:title\" content=\"Volvokoncernen och SSAB ska ta fram v\u00e4rldens f\u00f6rsta fordon av fossilfritt st\u00e5l\" \/>\n<meta property=\"og:description\" content=\"Volvokoncernen och SSAB har tecknat ett samarbetsavtal med m\u00e5let att ta fram v\u00e4rldens f\u00f6rsta fordon av fossilfritt st\u00e5l, skriver SSAB i ett pressmeddelande. Redan i \u00e5r r\u00e4knar Volvo med att b\u00f6rja tillverka de f\u00f6rsta fordonen med st\u00e5l fr\u00e5n SSAB. Det fossilfria st\u00e5let tillverkas med en helt ny teknik med hj\u00e4lp av fossilfri el och v\u00e4tgas. [...]\" \/>\n<meta property=\"og:url\" content=\"https:\/\/iwdev.se\/vatgas\/2021\/04\/09\/volvokoncernen-och-ssab-ska-ta-fram-varldens-forsta-fordon-av-fossilfritt-stal\/\" \/>\n<meta property=\"og:site_name\" content=\"V\u00e4tgas Sverige\" \/>\n<meta property=\"article:published_time\" content=\"2021-04-09T11:32:14+00:00\" \/>\n<meta property=\"article:modified_time\" content=\"2022-08-31T14:05:04+00:00\" \/>\n<meta property=\"og:image\" content=\"https:\/\/iwdev.se\/vatgas\/wp-content\/uploads\/2021\/04\/Bilar-pa\u030a-parkering-2.png\" \/>\n\t<meta property=\"og:image:width\" content=\"1617\" \/>\n\t<meta property=\"og:image:height\" content=\"654\" \/>\n\t<meta property=\"og:image:type\" content=\"image\/png\" \/>\n<meta name=\"author\" content=\"Charlotte Blomberg\" \/>\n<meta name=\"twitter:card\" content=\"summary_large_image\" \/>\n<meta name=\"twitter:label1\" content=\"Skriven av\" \/>\n\t<meta name=\"twitter:data1\" content=\"Charlotte Blomberg\" \/>\n\t<meta name=\"twitter:label2\" content=\"Ber\u00e4knad l\u00e4stid\" \/>\n\t<meta name=\"twitter:data2\" content=\"1 minut\" \/>\n<script type=\"application\/ld+json\" class=\"yoast-schema-graph\">{\"@context\":\"https:\\\/\\\/schema.org\",\"@graph\":[{\"@type\":\"Article\",\"@id\":\"https:\\\/\\\/iwdev.se\\\/vatgas\\\/2021\\\/04\\\/09\\\/volvokoncernen-och-ssab-ska-ta-fram-varldens-forsta-fordon-av-fossilfritt-stal\\\/#article\",\"isPartOf\":{\"@id\":\"https:\\\/\\\/iwdev.se\\\/vatgas\\\/2021\\\/04\\\/09\\\/volvokoncernen-och-ssab-ska-ta-fram-varldens-forsta-fordon-av-fossilfritt-stal\\\/\"},\"author\":{\"name\":\"Charlotte Blomberg\",\"@id\":\"https:\\\/\\\/iwdev.se\\\/vatgas\\\/#\\\/schema\\\/person\\\/8cc2f1473867b95de7c82567e7e9e0d0\"},\"headline\":\"Volvokoncernen och SSAB ska ta fram v\u00e4rldens f\u00f6rsta fordon av fossilfritt st\u00e5l\",\"datePublished\":\"2021-04-09T11:32:14+00:00\",\"dateModified\":\"2022-08-31T14:05:04+00:00\",\"mainEntityOfPage\":{\"@id\":\"https:\\\/\\\/iwdev.se\\\/vatgas\\\/2021\\\/04\\\/09\\\/volvokoncernen-och-ssab-ska-ta-fram-varldens-forsta-fordon-av-fossilfritt-stal\\\/\"},\"wordCount\":226,\"publisher\":{\"@id\":\"https:\\\/\\\/iwdev.se\\\/vatgas\\\/#organization\"},\"image\":{\"@id\":\"https:\\\/\\\/iwdev.se\\\/vatgas\\\/2021\\\/04\\\/09\\\/volvokoncernen-och-ssab-ska-ta-fram-varldens-forsta-fordon-av-fossilfritt-stal\\\/#primaryimage\"},\"thumbnailUrl\":\"https:\\\/\\\/iwdev.se\\\/vatgas\\\/wp-content\\\/uploads\\\/2021\\\/04\\\/Bilar-pa\u030a-parkering-2.png\",\"keywords\":[\"Transport\"],\"articleSection\":[\"Nyheter\"],\"inLanguage\":\"sv-SE\"},{\"@type\":\"WebPage\",\"@id\":\"https:\\\/\\\/iwdev.se\\\/vatgas\\\/2021\\\/04\\\/09\\\/volvokoncernen-och-ssab-ska-ta-fram-varldens-forsta-fordon-av-fossilfritt-stal\\\/\",\"url\":\"https:\\\/\\\/iwdev.se\\\/vatgas\\\/2021\\\/04\\\/09\\\/volvokoncernen-och-ssab-ska-ta-fram-varldens-forsta-fordon-av-fossilfritt-stal\\\/\",\"name\":\"Volvokoncernen och SSAB ska ta fram v\u00e4rldens f\u00f6rsta fordon av fossilfritt st\u00e5l - V\u00e4tgas Sverige\",\"isPartOf\":{\"@id\":\"https:\\\/\\\/iwdev.se\\\/vatgas\\\/#website\"},\"primaryImageOfPage\":{\"@id\":\"https:\\\/\\\/iwdev.se\\\/vatgas\\\/2021\\\/04\\\/09\\\/volvokoncernen-och-ssab-ska-ta-fram-varldens-forsta-fordon-av-fossilfritt-stal\\\/#primaryimage\"},\"image\":{\"@id\":\"https:\\\/\\\/iwdev.se\\\/vatgas\\\/2021\\\/04\\\/09\\\/volvokoncernen-och-ssab-ska-ta-fram-varldens-forsta-fordon-av-fossilfritt-stal\\\/#primaryimage\"},\"thumbnailUrl\":\"https:\\\/\\\/iwdev.se\\\/vatgas\\\/wp-content\\\/uploads\\\/2021\\\/04\\\/Bilar-pa\u030a-parkering-2.png\",\"datePublished\":\"2021-04-09T11:32:14+00:00\",\"dateModified\":\"2022-08-31T14:05:04+00:00\",\"breadcrumb\":{\"@id\":\"https:\\\/\\\/iwdev.se\\\/vatgas\\\/2021\\\/04\\\/09\\\/volvokoncernen-och-ssab-ska-ta-fram-varldens-forsta-fordon-av-fossilfritt-stal\\\/#breadcrumb\"},\"inLanguage\":\"sv-SE\",\"potentialAction\":[{\"@type\":\"ReadAction\",\"target\":[\"https:\\\/\\\/iwdev.se\\\/vatgas\\\/2021\\\/04\\\/09\\\/volvokoncernen-och-ssab-ska-ta-fram-varldens-forsta-fordon-av-fossilfritt-stal\\\/\"]}]},{\"@type\":\"ImageObject\",\"inLanguage\":\"sv-SE\",\"@id\":\"https:\\\/\\\/iwdev.se\\\/vatgas\\\/2021\\\/04\\\/09\\\/volvokoncernen-och-ssab-ska-ta-fram-varldens-forsta-fordon-av-fossilfritt-stal\\\/#primaryimage\",\"url\":\"https:\\\/\\\/iwdev.se\\\/vatgas\\\/wp-content\\\/uploads\\\/2021\\\/04\\\/Bilar-pa\u030a-parkering-2.png\",\"contentUrl\":\"https:\\\/\\\/iwdev.se\\\/vatgas\\\/wp-content\\\/uploads\\\/2021\\\/04\\\/Bilar-pa\u030a-parkering-2.png\",\"width\":1617,\"height\":654},{\"@type\":\"BreadcrumbList\",\"@id\":\"https:\\\/\\\/iwdev.se\\\/vatgas\\\/2021\\\/04\\\/09\\\/volvokoncernen-och-ssab-ska-ta-fram-varldens-forsta-fordon-av-fossilfritt-stal\\\/#breadcrumb\",\"itemListElement\":[{\"@type\":\"ListItem\",\"position\":1,\"name\":\"Home\",\"item\":\"https:\\\/\\\/iwdev.se\\\/vatgas\\\/\"},{\"@type\":\"ListItem\",\"position\":2,\"name\":\"Volvokoncernen och SSAB ska ta fram v\u00e4rldens f\u00f6rsta fordon av fossilfritt st\u00e5l\"}]},{\"@type\":\"WebSite\",\"@id\":\"https:\\\/\\\/iwdev.se\\\/vatgas\\\/#website\",\"url\":\"https:\\\/\\\/iwdev.se\\\/vatgas\\\/\",\"name\":\"V\u00e4tgas Sverige\",\"description\":\"En ledande plattform f\u00f6r omst\u00e4llningen till fossilfrihet\",\"publisher\":{\"@id\":\"https:\\\/\\\/iwdev.se\\\/vatgas\\\/#organization\"},\"potentialAction\":[{\"@type\":\"SearchAction\",\"target\":{\"@type\":\"EntryPoint\",\"urlTemplate\":\"https:\\\/\\\/iwdev.se\\\/vatgas\\\/?s={search_term_string}\"},\"query-input\":{\"@type\":\"PropertyValueSpecification\",\"valueRequired\":true,\"valueName\":\"search_term_string\"}}],\"inLanguage\":\"sv-SE\"},{\"@type\":\"Organization\",\"@id\":\"https:\\\/\\\/iwdev.se\\\/vatgas\\\/#organization\",\"name\":\"V\u00e4tgas Sverige\",\"url\":\"https:\\\/\\\/iwdev.se\\\/vatgas\\\/\",\"logo\":{\"@type\":\"ImageObject\",\"inLanguage\":\"sv-SE\",\"@id\":\"https:\\\/\\\/iwdev.se\\\/vatgas\\\/#\\\/schema\\\/logo\\\/image\\\/\",\"url\":\"https:\\\/\\\/iwdev.se\\\/vatgas\\\/wp-content\\\/uploads\\\/2022\\\/06\\\/LOGO.png\",\"contentUrl\":\"https:\\\/\\\/iwdev.se\\\/vatgas\\\/wp-content\\\/uploads\\\/2022\\\/06\\\/LOGO.png\",\"width\":240,\"height\":147,\"caption\":\"V\u00e4tgas Sverige\"},\"image\":{\"@id\":\"https:\\\/\\\/iwdev.se\\\/vatgas\\\/#\\\/schema\\\/logo\\\/image\\\/\"}},{\"@type\":\"Person\",\"@id\":\"https:\\\/\\\/iwdev.se\\\/vatgas\\\/#\\\/schema\\\/person\\\/8cc2f1473867b95de7c82567e7e9e0d0\",\"name\":\"Charlotte Blomberg\",\"url\":\"https:\\\/\\\/iwdev.se\\\/vatgas\\\/author\\\/chablo\\\/\"}]}<\/script>\n<!-- \/ Yoast SEO Premium plugin. -->","yoast_head_json":{"title":"Volvokoncernen och SSAB ska ta fram v\u00e4rldens f\u00f6rsta fordon av fossilfritt st\u00e5l - V\u00e4tgas Sverige","robots":{"index":"noindex","follow":"follow","max-snippet":"max-snippet:-1","max-image-preview":"max-image-preview:large","max-video-preview":"max-video-preview:-1"},"og_locale":"sv_SE","og_type":"article","og_title":"Volvokoncernen och SSAB ska ta fram v\u00e4rldens f\u00f6rsta fordon av fossilfritt st\u00e5l","og_description":"Volvokoncernen och SSAB har tecknat ett samarbetsavtal med m\u00e5let att ta fram v\u00e4rldens f\u00f6rsta fordon av fossilfritt st\u00e5l, skriver SSAB i ett pressmeddelande. Redan i \u00e5r r\u00e4knar Volvo med att b\u00f6rja tillverka de f\u00f6rsta fordonen med st\u00e5l fr\u00e5n SSAB. Det fossilfria st\u00e5let tillverkas med en helt ny teknik med hj\u00e4lp av fossilfri el och v\u00e4tgas. [...]","og_url":"https:\/\/iwdev.se\/vatgas\/2021\/04\/09\/volvokoncernen-och-ssab-ska-ta-fram-varldens-forsta-fordon-av-fossilfritt-stal\/","og_site_name":"V\u00e4tgas Sverige","article_published_time":"2021-04-09T11:32:14+00:00","article_modified_time":"2022-08-31T14:05:04+00:00","og_image":[{"width":1617,"height":654,"url":"https:\/\/iwdev.se\/vatgas\/wp-content\/uploads\/2021\/04\/Bilar-pa\u030a-parkering-2.png","type":"image\/png"}],"author":"Charlotte Blomberg","twitter_card":"summary_large_image","twitter_misc":{"Skriven av":"Charlotte Blomberg","Ber\u00e4knad l\u00e4stid":"1 minut"},"schema":{"@context":"https:\/\/schema.org","@graph":[{"@type":"Article","@id":"https:\/\/iwdev.se\/vatgas\/2021\/04\/09\/volvokoncernen-och-ssab-ska-ta-fram-varldens-forsta-fordon-av-fossilfritt-stal\/#article","isPartOf":{"@id":"https:\/\/iwdev.se\/vatgas\/2021\/04\/09\/volvokoncernen-och-ssab-ska-ta-fram-varldens-forsta-fordon-av-fossilfritt-stal\/"},"author":{"name":"Charlotte Blomberg","@id":"https:\/\/iwdev.se\/vatgas\/#\/schema\/person\/8cc2f1473867b95de7c82567e7e9e0d0"},"headline":"Volvokoncernen och SSAB ska ta fram v\u00e4rldens f\u00f6rsta fordon av fossilfritt st\u00e5l","datePublished":"2021-04-09T11:32:14+00:00","dateModified":"2022-08-31T14:05:04+00:00","mainEntityOfPage":{"@id":"https:\/\/iwdev.se\/vatgas\/2021\/04\/09\/volvokoncernen-och-ssab-ska-ta-fram-varldens-forsta-fordon-av-fossilfritt-stal\/"},"wordCount":226,"publisher":{"@id":"https:\/\/iwdev.se\/vatgas\/#organization"},"image":{"@id":"https:\/\/iwdev.se\/vatgas\/2021\/04\/09\/volvokoncernen-och-ssab-ska-ta-fram-varldens-forsta-fordon-av-fossilfritt-stal\/#primaryimage"},"thumbnailUrl":"https:\/\/iwdev.se\/vatgas\/wp-content\/uploads\/2021\/04\/Bilar-pa\u030a-parkering-2.png","keywords":["Transport"],"articleSection":["Nyheter"],"inLanguage":"sv-SE"},{"@type":"WebPage","@id":"https:\/\/iwdev.se\/vatgas\/2021\/04\/09\/volvokoncernen-och-ssab-ska-ta-fram-varldens-forsta-fordon-av-fossilfritt-stal\/","url":"https:\/\/iwdev.se\/vatgas\/2021\/04\/09\/volvokoncernen-och-ssab-ska-ta-fram-varldens-forsta-fordon-av-fossilfritt-stal\/","name":"Volvokoncernen och SSAB ska ta fram v\u00e4rldens f\u00f6rsta fordon av fossilfritt st\u00e5l - V\u00e4tgas Sverige","isPartOf":{"@id":"https:\/\/iwdev.se\/vatgas\/#website"},"primaryImageOfPage":{"@id":"https:\/\/iwdev.se\/vatgas\/2021\/04\/09\/volvokoncernen-och-ssab-ska-ta-fram-varldens-forsta-fordon-av-fossilfritt-stal\/#primaryimage"},"image":{"@id":"https:\/\/iwdev.se\/vatgas\/2021\/04\/09\/volvokoncernen-och-ssab-ska-ta-fram-varldens-forsta-fordon-av-fossilfritt-stal\/#primaryimage"},"thumbnailUrl":"https:\/\/iwdev.se\/vatgas\/wp-content\/uploads\/2021\/04\/Bilar-pa\u030a-parkering-2.png","datePublished":"2021-04-09T11:32:14+00:00","dateModified":"2022-08-31T14:05:04+00:00","breadcrumb":{"@id":"https:\/\/iwdev.se\/vatgas\/2021\/04\/09\/volvokoncernen-och-ssab-ska-ta-fram-varldens-forsta-fordon-av-fossilfritt-stal\/#breadcrumb"},"inLanguage":"sv-SE","potentialAction":[{"@type":"ReadAction","target":["https:\/\/iwdev.se\/vatgas\/2021\/04\/09\/volvokoncernen-och-ssab-ska-ta-fram-varldens-forsta-fordon-av-fossilfritt-stal\/"]}]},{"@type":"ImageObject","inLanguage":"sv-SE","@id":"https:\/\/iwdev.se\/vatgas\/2021\/04\/09\/volvokoncernen-och-ssab-ska-ta-fram-varldens-forsta-fordon-av-fossilfritt-stal\/#primaryimage","url":"https:\/\/iwdev.se\/vatgas\/wp-content\/uploads\/2021\/04\/Bilar-pa\u030a-parkering-2.png","contentUrl":"https:\/\/iwdev.se\/vatgas\/wp-content\/uploads\/2021\/04\/Bilar-pa\u030a-parkering-2.png","width":1617,"height":654},{"@type":"BreadcrumbList","@id":"https:\/\/iwdev.se\/vatgas\/2021\/04\/09\/volvokoncernen-och-ssab-ska-ta-fram-varldens-forsta-fordon-av-fossilfritt-stal\/#breadcrumb","itemListElement":[{"@type":"ListItem","position":1,"name":"Home","item":"https:\/\/iwdev.se\/vatgas\/"},{"@type":"ListItem","position":2,"name":"Volvokoncernen och SSAB ska ta fram v\u00e4rldens f\u00f6rsta fordon av fossilfritt st\u00e5l"}]},{"@type":"WebSite","@id":"https:\/\/iwdev.se\/vatgas\/#website","url":"https:\/\/iwdev.se\/vatgas\/","name":"V\u00e4tgas Sverige","description":"En ledande plattform f\u00f6r omst\u00e4llningen till fossilfrihet","publisher":{"@id":"https:\/\/iwdev.se\/vatgas\/#organization"},"potentialAction":[{"@type":"SearchAction","target":{"@type":"EntryPoint","urlTemplate":"https:\/\/iwdev.se\/vatgas\/?s={search_term_string}"},"query-input":{"@type":"PropertyValueSpecification","valueRequired":true,"valueName":"search_term_string"}}],"inLanguage":"sv-SE"},{"@type":"Organization","@id":"https:\/\/iwdev.se\/vatgas\/#organization","name":"V\u00e4tgas Sverige","url":"https:\/\/iwdev.se\/vatgas\/","logo":{"@type":"ImageObject","inLanguage":"sv-SE","@id":"https:\/\/iwdev.se\/vatgas\/#\/schema\/logo\/image\/","url":"https:\/\/iwdev.se\/vatgas\/wp-content\/uploads\/2022\/06\/LOGO.png","contentUrl":"https:\/\/iwdev.se\/vatgas\/wp-content\/uploads\/2022\/06\/LOGO.png","width":240,"height":147,"caption":"V\u00e4tgas Sverige"},"image":{"@id":"https:\/\/iwdev.se\/vatgas\/#\/schema\/logo\/image\/"}},{"@type":"Person","@id":"https:\/\/iwdev.se\/vatgas\/#\/schema\/person\/8cc2f1473867b95de7c82567e7e9e0d0","name":"Charlotte Blomberg","url":"https:\/\/iwdev.se\/vatgas\/author\/chablo\/"}]}},"_links":{"self":[{"href":"https:\/\/iwdev.se\/vatgas\/wp-json\/wp\/v2\/posts\/8168","targetHints":{"allow":["GET"]}}],"collection":[{"href":"https:\/\/iwdev.se\/vatgas\/wp-json\/wp\/v2\/posts"}],"about":[{"href":"https:\/\/iwdev.se\/vatgas\/wp-json\/wp\/v2\/types\/post"}],"author":[{"embeddable":true,"href":"https:\/\/iwdev.se\/vatgas\/wp-json\/wp\/v2\/users\/3"}],"replies":[{"embeddable":true,"href":"https:\/\/iwdev.se\/vatgas\/wp-json\/wp\/v2\/comments?post=8168"}],"version-history":[{"count":1,"href":"https:\/\/iwdev.se\/vatgas\/wp-json\/wp\/v2\/posts\/8168\/revisions"}],"predecessor-version":[{"id":15230,"href":"https:\/\/iwdev.se\/vatgas\/wp-json\/wp\/v2\/posts\/8168\/revisions\/15230"}],"wp:featuredmedia":[{"embeddable":true,"href":"https:\/\/iwdev.se\/vatgas\/wp-json\/wp\/v2\/media\/8192"}],"wp:attachment":[{"href":"https:\/\/iwdev.se\/vatgas\/wp-json\/wp\/v2\/media?parent=8168"}],"wp:term":[{"taxonomy":"category","embeddable":true,"href":"https:\/\/iwdev.se\/vatgas\/wp-json\/wp\/v2\/categories?post=8168"},{"taxonomy":"post_tag","embeddable":true,"href":"https:\/\/iwdev.se\/vatgas\/wp-json\/wp\/v2\/tags?post=8168"}],"curies":[{"name":"wp","href":"https:\/\/api.w.org\/{rel}","templated":true}]}}