{"id":8340,"date":"2021-04-21T15:29:29","date_gmt":"2021-04-21T15:29:29","guid":{"rendered":"https:\/\/vatgas.hemsida.eu\/?p=8340"},"modified":"2022-08-31T14:05:22","modified_gmt":"2022-08-31T14:05:22","slug":"okad-kunskap-om-vatgas-hos-politiker","status":"publish","type":"post","link":"https:\/\/iwdev.se\/vatgas\/2021\/04\/21\/okad-kunskap-om-vatgas-hos-politiker\/","title":{"rendered":"\u00d6kad kunskap om v\u00e4tgas hos politiker"},"content":{"rendered":"<p>Allt fler politiker uppm\u00e4rksammar v\u00e4tgasen som en m\u00f6jligg\u00f6rare i klimatomst\u00e4llningen. Enligt V\u00e4nsterpartiets ledare Nooshi Dadgostar, vet man nu vilka tekniker som \u00e4r avg\u00f6rande i klimatomst\u00e4llningen. Det handlar bland annat bland annat om v\u00e4tgas och vindkraft skriver Sveriges radio. Partiet vill rikta forskningsmedlen mot att utveckla tekniker som \u00e4r avg\u00f6rande f\u00f6r klimatomst\u00e4llningen. Dadgostar menar att alla ser att det h\u00e4r \u00e4r framtiden, och s\u00e4ger att vi inte kan v\u00e4nta l\u00e4ngre eftersom vi inte har m\u00e5nga \u00e5r p\u00e5 oss f\u00f6rr\u00e4n det \u00e4r f\u00f6r sent.<br \/>\nLyssna p\u00e5 hela intervjun i\u00a0 Sveriges radio h\u00e4r: (1:52 min). \u00a0<a href=\"https:\/\/sverigesradio.se\/artikel\/v-vill-att-staten-styr-mer-av-industriforskningen\">https:\/\/sverigesradio.se\/artikel\/v-vill-att-staten-styr-mer-av-industriforskningen<\/a><br \/>\nPressbild Nooshi Dadgostar\u00a9V\u00e4nsterpartiets bildbank. Fotograf: Anna T\u00e4rnhuvud.<br \/>\n&nbsp;<\/p>\n","protected":false},"excerpt":{"rendered":"<p>Allt fler politiker uppm\u00e4rksammar v\u00e4tgasen som en m\u00f6jligg\u00f6rare i klimatomst\u00e4llningen. Enligt V\u00e4nsterpartiets ledare Nooshi Dadgostar, vet man nu vilka tekniker som \u00e4r avg\u00f6rande i klimatomst\u00e4llningen. Det handlar bland annat bland annat om v\u00e4tgas och vindkraft skriver Sveriges radio. Partiet vill rikta forskningsmedlen mot att utveckla tekniker som \u00e4r avg\u00f6rande f\u00f6r klimatomst\u00e4llningen. Dadgostar menar att alla <a class=\"moretag\" href=\"https:\/\/iwdev.se\/vatgas\/2021\/04\/21\/okad-kunskap-om-vatgas-hos-politiker\/\">[&#8230;]<\/a><\/p>\n","protected":false},"author":3,"featured_media":8336,"comment_status":"closed","ping_status":"closed","sticky":false,"template":"","format":"standard","meta":{"_acf_changed":false,"footnotes":""},"categories":[12],"tags":[126,130],"class_list":["post-8340","post","type-post","status-publish","format-standard","has-post-thumbnail","hentry","category-nyheter","tag-opinion","tag-politik"],"acf":[],"yoast_head":"<!-- This site is optimized with the Yoast SEO Premium plugin v26.4 (Yoast SEO v27.4) - https:\/\/yoast.com\/product\/yoast-seo-premium-wordpress\/ -->\n<title>\u00d6kad kunskap om v\u00e4tgas hos politiker - V\u00e4tgas Sverige<\/title>\n<meta name=\"robots\" content=\"noindex, follow, max-snippet:-1, max-image-preview:large, max-video-preview:-1\" \/>\n<meta property=\"og:locale\" content=\"sv_SE\" \/>\n<meta property=\"og:type\" content=\"article\" \/>\n<meta property=\"og:title\" content=\"\u00d6kad kunskap om v\u00e4tgas hos politiker\" \/>\n<meta property=\"og:description\" content=\"Allt fler politiker uppm\u00e4rksammar v\u00e4tgasen som en m\u00f6jligg\u00f6rare i klimatomst\u00e4llningen. Enligt V\u00e4nsterpartiets ledare Nooshi Dadgostar, vet man nu vilka tekniker som \u00e4r avg\u00f6rande i klimatomst\u00e4llningen. Det handlar bland annat bland annat om v\u00e4tgas och vindkraft skriver Sveriges radio. Partiet vill rikta forskningsmedlen mot att utveckla tekniker som \u00e4r avg\u00f6rande f\u00f6r klimatomst\u00e4llningen. Dadgostar menar att alla [...]\" \/>\n<meta property=\"og:url\" content=\"https:\/\/iwdev.se\/vatgas\/2021\/04\/21\/okad-kunskap-om-vatgas-hos-politiker\/\" \/>\n<meta property=\"og:site_name\" content=\"V\u00e4tgas Sverige\" \/>\n<meta property=\"article:published_time\" content=\"2021-04-21T15:29:29+00:00\" \/>\n<meta property=\"article:modified_time\" content=\"2022-08-31T14:05:22+00:00\" \/>\n<meta property=\"og:image\" content=\"https:\/\/iwdev.se\/vatgas\/wp-content\/uploads\/2021\/04\/50620230456_6111b7a93b_c.jpg\" \/>\n\t<meta property=\"og:image:width\" content=\"800\" \/>\n\t<meta property=\"og:image:height\" content=\"533\" \/>\n\t<meta property=\"og:image:type\" content=\"image\/jpeg\" \/>\n<meta name=\"author\" content=\"Charlotte Blomberg\" \/>\n<meta name=\"twitter:card\" content=\"summary_large_image\" \/>\n<meta name=\"twitter:label1\" content=\"Skriven av\" \/>\n\t<meta name=\"twitter:data1\" content=\"Charlotte Blomberg\" \/>\n\t<meta name=\"twitter:label2\" content=\"Ber\u00e4knad l\u00e4stid\" \/>\n\t<meta name=\"twitter:data2\" content=\"1 minut\" \/>\n<script type=\"application\/ld+json\" class=\"yoast-schema-graph\">{\"@context\":\"https:\\\/\\\/schema.org\",\"@graph\":[{\"@type\":\"Article\",\"@id\":\"https:\\\/\\\/iwdev.se\\\/vatgas\\\/2021\\\/04\\\/21\\\/okad-kunskap-om-vatgas-hos-politiker\\\/#article\",\"isPartOf\":{\"@id\":\"https:\\\/\\\/iwdev.se\\\/vatgas\\\/2021\\\/04\\\/21\\\/okad-kunskap-om-vatgas-hos-politiker\\\/\"},\"author\":{\"name\":\"Charlotte Blomberg\",\"@id\":\"https:\\\/\\\/iwdev.se\\\/vatgas\\\/#\\\/schema\\\/person\\\/8cc2f1473867b95de7c82567e7e9e0d0\"},\"headline\":\"\u00d6kad kunskap om v\u00e4tgas hos politiker\",\"datePublished\":\"2021-04-21T15:29:29+00:00\",\"dateModified\":\"2022-08-31T14:05:22+00:00\",\"mainEntityOfPage\":{\"@id\":\"https:\\\/\\\/iwdev.se\\\/vatgas\\\/2021\\\/04\\\/21\\\/okad-kunskap-om-vatgas-hos-politiker\\\/\"},\"wordCount\":135,\"publisher\":{\"@id\":\"https:\\\/\\\/iwdev.se\\\/vatgas\\\/#organization\"},\"image\":{\"@id\":\"https:\\\/\\\/iwdev.se\\\/vatgas\\\/2021\\\/04\\\/21\\\/okad-kunskap-om-vatgas-hos-politiker\\\/#primaryimage\"},\"thumbnailUrl\":\"https:\\\/\\\/iwdev.se\\\/vatgas\\\/wp-content\\\/uploads\\\/2021\\\/04\\\/50620230456_6111b7a93b_c.jpg\",\"keywords\":[\"Opinion\",\"politik\"],\"articleSection\":[\"Nyheter\"],\"inLanguage\":\"sv-SE\"},{\"@type\":\"WebPage\",\"@id\":\"https:\\\/\\\/iwdev.se\\\/vatgas\\\/2021\\\/04\\\/21\\\/okad-kunskap-om-vatgas-hos-politiker\\\/\",\"url\":\"https:\\\/\\\/iwdev.se\\\/vatgas\\\/2021\\\/04\\\/21\\\/okad-kunskap-om-vatgas-hos-politiker\\\/\",\"name\":\"\u00d6kad kunskap om v\u00e4tgas hos politiker - V\u00e4tgas Sverige\",\"isPartOf\":{\"@id\":\"https:\\\/\\\/iwdev.se\\\/vatgas\\\/#website\"},\"primaryImageOfPage\":{\"@id\":\"https:\\\/\\\/iwdev.se\\\/vatgas\\\/2021\\\/04\\\/21\\\/okad-kunskap-om-vatgas-hos-politiker\\\/#primaryimage\"},\"image\":{\"@id\":\"https:\\\/\\\/iwdev.se\\\/vatgas\\\/2021\\\/04\\\/21\\\/okad-kunskap-om-vatgas-hos-politiker\\\/#primaryimage\"},\"thumbnailUrl\":\"https:\\\/\\\/iwdev.se\\\/vatgas\\\/wp-content\\\/uploads\\\/2021\\\/04\\\/50620230456_6111b7a93b_c.jpg\",\"datePublished\":\"2021-04-21T15:29:29+00:00\",\"dateModified\":\"2022-08-31T14:05:22+00:00\",\"breadcrumb\":{\"@id\":\"https:\\\/\\\/iwdev.se\\\/vatgas\\\/2021\\\/04\\\/21\\\/okad-kunskap-om-vatgas-hos-politiker\\\/#breadcrumb\"},\"inLanguage\":\"sv-SE\",\"potentialAction\":[{\"@type\":\"ReadAction\",\"target\":[\"https:\\\/\\\/iwdev.se\\\/vatgas\\\/2021\\\/04\\\/21\\\/okad-kunskap-om-vatgas-hos-politiker\\\/\"]}]},{\"@type\":\"ImageObject\",\"inLanguage\":\"sv-SE\",\"@id\":\"https:\\\/\\\/iwdev.se\\\/vatgas\\\/2021\\\/04\\\/21\\\/okad-kunskap-om-vatgas-hos-politiker\\\/#primaryimage\",\"url\":\"https:\\\/\\\/iwdev.se\\\/vatgas\\\/wp-content\\\/uploads\\\/2021\\\/04\\\/50620230456_6111b7a93b_c.jpg\",\"contentUrl\":\"https:\\\/\\\/iwdev.se\\\/vatgas\\\/wp-content\\\/uploads\\\/2021\\\/04\\\/50620230456_6111b7a93b_c.jpg\",\"width\":800,\"height\":533},{\"@type\":\"BreadcrumbList\",\"@id\":\"https:\\\/\\\/iwdev.se\\\/vatgas\\\/2021\\\/04\\\/21\\\/okad-kunskap-om-vatgas-hos-politiker\\\/#breadcrumb\",\"itemListElement\":[{\"@type\":\"ListItem\",\"position\":1,\"name\":\"Home\",\"item\":\"https:\\\/\\\/iwdev.se\\\/vatgas\\\/\"},{\"@type\":\"ListItem\",\"position\":2,\"name\":\"\u00d6kad kunskap om v\u00e4tgas hos politiker\"}]},{\"@type\":\"WebSite\",\"@id\":\"https:\\\/\\\/iwdev.se\\\/vatgas\\\/#website\",\"url\":\"https:\\\/\\\/iwdev.se\\\/vatgas\\\/\",\"name\":\"V\u00e4tgas Sverige\",\"description\":\"En ledande plattform f\u00f6r omst\u00e4llningen till fossilfrihet\",\"publisher\":{\"@id\":\"https:\\\/\\\/iwdev.se\\\/vatgas\\\/#organization\"},\"potentialAction\":[{\"@type\":\"SearchAction\",\"target\":{\"@type\":\"EntryPoint\",\"urlTemplate\":\"https:\\\/\\\/iwdev.se\\\/vatgas\\\/?s={search_term_string}\"},\"query-input\":{\"@type\":\"PropertyValueSpecification\",\"valueRequired\":true,\"valueName\":\"search_term_string\"}}],\"inLanguage\":\"sv-SE\"},{\"@type\":\"Organization\",\"@id\":\"https:\\\/\\\/iwdev.se\\\/vatgas\\\/#organization\",\"name\":\"V\u00e4tgas Sverige\",\"url\":\"https:\\\/\\\/iwdev.se\\\/vatgas\\\/\",\"logo\":{\"@type\":\"ImageObject\",\"inLanguage\":\"sv-SE\",\"@id\":\"https:\\\/\\\/iwdev.se\\\/vatgas\\\/#\\\/schema\\\/logo\\\/image\\\/\",\"url\":\"https:\\\/\\\/iwdev.se\\\/vatgas\\\/wp-content\\\/uploads\\\/2022\\\/06\\\/LOGO.png\",\"contentUrl\":\"https:\\\/\\\/iwdev.se\\\/vatgas\\\/wp-content\\\/uploads\\\/2022\\\/06\\\/LOGO.png\",\"width\":240,\"height\":147,\"caption\":\"V\u00e4tgas Sverige\"},\"image\":{\"@id\":\"https:\\\/\\\/iwdev.se\\\/vatgas\\\/#\\\/schema\\\/logo\\\/image\\\/\"}},{\"@type\":\"Person\",\"@id\":\"https:\\\/\\\/iwdev.se\\\/vatgas\\\/#\\\/schema\\\/person\\\/8cc2f1473867b95de7c82567e7e9e0d0\",\"name\":\"Charlotte Blomberg\",\"url\":\"https:\\\/\\\/iwdev.se\\\/vatgas\\\/author\\\/chablo\\\/\"}]}<\/script>\n<!-- \/ Yoast SEO Premium plugin. -->","yoast_head_json":{"title":"\u00d6kad kunskap om v\u00e4tgas hos politiker - V\u00e4tgas Sverige","robots":{"index":"noindex","follow":"follow","max-snippet":"max-snippet:-1","max-image-preview":"max-image-preview:large","max-video-preview":"max-video-preview:-1"},"og_locale":"sv_SE","og_type":"article","og_title":"\u00d6kad kunskap om v\u00e4tgas hos politiker","og_description":"Allt fler politiker uppm\u00e4rksammar v\u00e4tgasen som en m\u00f6jligg\u00f6rare i klimatomst\u00e4llningen. Enligt V\u00e4nsterpartiets ledare Nooshi Dadgostar, vet man nu vilka tekniker som \u00e4r avg\u00f6rande i klimatomst\u00e4llningen. Det handlar bland annat bland annat om v\u00e4tgas och vindkraft skriver Sveriges radio. Partiet vill rikta forskningsmedlen mot att utveckla tekniker som \u00e4r avg\u00f6rande f\u00f6r klimatomst\u00e4llningen. Dadgostar menar att alla [...]","og_url":"https:\/\/iwdev.se\/vatgas\/2021\/04\/21\/okad-kunskap-om-vatgas-hos-politiker\/","og_site_name":"V\u00e4tgas Sverige","article_published_time":"2021-04-21T15:29:29+00:00","article_modified_time":"2022-08-31T14:05:22+00:00","og_image":[{"width":800,"height":533,"url":"https:\/\/iwdev.se\/vatgas\/wp-content\/uploads\/2021\/04\/50620230456_6111b7a93b_c.jpg","type":"image\/jpeg"}],"author":"Charlotte Blomberg","twitter_card":"summary_large_image","twitter_misc":{"Skriven av":"Charlotte Blomberg","Ber\u00e4knad l\u00e4stid":"1 minut"},"schema":{"@context":"https:\/\/schema.org","@graph":[{"@type":"Article","@id":"https:\/\/iwdev.se\/vatgas\/2021\/04\/21\/okad-kunskap-om-vatgas-hos-politiker\/#article","isPartOf":{"@id":"https:\/\/iwdev.se\/vatgas\/2021\/04\/21\/okad-kunskap-om-vatgas-hos-politiker\/"},"author":{"name":"Charlotte Blomberg","@id":"https:\/\/iwdev.se\/vatgas\/#\/schema\/person\/8cc2f1473867b95de7c82567e7e9e0d0"},"headline":"\u00d6kad kunskap om v\u00e4tgas hos politiker","datePublished":"2021-04-21T15:29:29+00:00","dateModified":"2022-08-31T14:05:22+00:00","mainEntityOfPage":{"@id":"https:\/\/iwdev.se\/vatgas\/2021\/04\/21\/okad-kunskap-om-vatgas-hos-politiker\/"},"wordCount":135,"publisher":{"@id":"https:\/\/iwdev.se\/vatgas\/#organization"},"image":{"@id":"https:\/\/iwdev.se\/vatgas\/2021\/04\/21\/okad-kunskap-om-vatgas-hos-politiker\/#primaryimage"},"thumbnailUrl":"https:\/\/iwdev.se\/vatgas\/wp-content\/uploads\/2021\/04\/50620230456_6111b7a93b_c.jpg","keywords":["Opinion","politik"],"articleSection":["Nyheter"],"inLanguage":"sv-SE"},{"@type":"WebPage","@id":"https:\/\/iwdev.se\/vatgas\/2021\/04\/21\/okad-kunskap-om-vatgas-hos-politiker\/","url":"https:\/\/iwdev.se\/vatgas\/2021\/04\/21\/okad-kunskap-om-vatgas-hos-politiker\/","name":"\u00d6kad kunskap om v\u00e4tgas hos politiker - V\u00e4tgas Sverige","isPartOf":{"@id":"https:\/\/iwdev.se\/vatgas\/#website"},"primaryImageOfPage":{"@id":"https:\/\/iwdev.se\/vatgas\/2021\/04\/21\/okad-kunskap-om-vatgas-hos-politiker\/#primaryimage"},"image":{"@id":"https:\/\/iwdev.se\/vatgas\/2021\/04\/21\/okad-kunskap-om-vatgas-hos-politiker\/#primaryimage"},"thumbnailUrl":"https:\/\/iwdev.se\/vatgas\/wp-content\/uploads\/2021\/04\/50620230456_6111b7a93b_c.jpg","datePublished":"2021-04-21T15:29:29+00:00","dateModified":"2022-08-31T14:05:22+00:00","breadcrumb":{"@id":"https:\/\/iwdev.se\/vatgas\/2021\/04\/21\/okad-kunskap-om-vatgas-hos-politiker\/#breadcrumb"},"inLanguage":"sv-SE","potentialAction":[{"@type":"ReadAction","target":["https:\/\/iwdev.se\/vatgas\/2021\/04\/21\/okad-kunskap-om-vatgas-hos-politiker\/"]}]},{"@type":"ImageObject","inLanguage":"sv-SE","@id":"https:\/\/iwdev.se\/vatgas\/2021\/04\/21\/okad-kunskap-om-vatgas-hos-politiker\/#primaryimage","url":"https:\/\/iwdev.se\/vatgas\/wp-content\/uploads\/2021\/04\/50620230456_6111b7a93b_c.jpg","contentUrl":"https:\/\/iwdev.se\/vatgas\/wp-content\/uploads\/2021\/04\/50620230456_6111b7a93b_c.jpg","width":800,"height":533},{"@type":"BreadcrumbList","@id":"https:\/\/iwdev.se\/vatgas\/2021\/04\/21\/okad-kunskap-om-vatgas-hos-politiker\/#breadcrumb","itemListElement":[{"@type":"ListItem","position":1,"name":"Home","item":"https:\/\/iwdev.se\/vatgas\/"},{"@type":"ListItem","position":2,"name":"\u00d6kad kunskap om v\u00e4tgas hos politiker"}]},{"@type":"WebSite","@id":"https:\/\/iwdev.se\/vatgas\/#website","url":"https:\/\/iwdev.se\/vatgas\/","name":"V\u00e4tgas Sverige","description":"En ledande plattform f\u00f6r omst\u00e4llningen till fossilfrihet","publisher":{"@id":"https:\/\/iwdev.se\/vatgas\/#organization"},"potentialAction":[{"@type":"SearchAction","target":{"@type":"EntryPoint","urlTemplate":"https:\/\/iwdev.se\/vatgas\/?s={search_term_string}"},"query-input":{"@type":"PropertyValueSpecification","valueRequired":true,"valueName":"search_term_string"}}],"inLanguage":"sv-SE"},{"@type":"Organization","@id":"https:\/\/iwdev.se\/vatgas\/#organization","name":"V\u00e4tgas Sverige","url":"https:\/\/iwdev.se\/vatgas\/","logo":{"@type":"ImageObject","inLanguage":"sv-SE","@id":"https:\/\/iwdev.se\/vatgas\/#\/schema\/logo\/image\/","url":"https:\/\/iwdev.se\/vatgas\/wp-content\/uploads\/2022\/06\/LOGO.png","contentUrl":"https:\/\/iwdev.se\/vatgas\/wp-content\/uploads\/2022\/06\/LOGO.png","width":240,"height":147,"caption":"V\u00e4tgas Sverige"},"image":{"@id":"https:\/\/iwdev.se\/vatgas\/#\/schema\/logo\/image\/"}},{"@type":"Person","@id":"https:\/\/iwdev.se\/vatgas\/#\/schema\/person\/8cc2f1473867b95de7c82567e7e9e0d0","name":"Charlotte Blomberg","url":"https:\/\/iwdev.se\/vatgas\/author\/chablo\/"}]}},"_links":{"self":[{"href":"https:\/\/iwdev.se\/vatgas\/wp-json\/wp\/v2\/posts\/8340","targetHints":{"allow":["GET"]}}],"collection":[{"href":"https:\/\/iwdev.se\/vatgas\/wp-json\/wp\/v2\/posts"}],"about":[{"href":"https:\/\/iwdev.se\/vatgas\/wp-json\/wp\/v2\/types\/post"}],"author":[{"embeddable":true,"href":"https:\/\/iwdev.se\/vatgas\/wp-json\/wp\/v2\/users\/3"}],"replies":[{"embeddable":true,"href":"https:\/\/iwdev.se\/vatgas\/wp-json\/wp\/v2\/comments?post=8340"}],"version-history":[{"count":1,"href":"https:\/\/iwdev.se\/vatgas\/wp-json\/wp\/v2\/posts\/8340\/revisions"}],"predecessor-version":[{"id":15231,"href":"https:\/\/iwdev.se\/vatgas\/wp-json\/wp\/v2\/posts\/8340\/revisions\/15231"}],"wp:featuredmedia":[{"embeddable":true,"href":"https:\/\/iwdev.se\/vatgas\/wp-json\/wp\/v2\/media\/8336"}],"wp:attachment":[{"href":"https:\/\/iwdev.se\/vatgas\/wp-json\/wp\/v2\/media?parent=8340"}],"wp:term":[{"taxonomy":"category","embeddable":true,"href":"https:\/\/iwdev.se\/vatgas\/wp-json\/wp\/v2\/categories?post=8340"},{"taxonomy":"post_tag","embeddable":true,"href":"https:\/\/iwdev.se\/vatgas\/wp-json\/wp\/v2\/tags?post=8340"}],"curies":[{"name":"wp","href":"https:\/\/api.w.org\/{rel}","templated":true}]}}