{"id":8384,"date":"2021-01-14T15:28:46","date_gmt":"2021-01-14T15:28:46","guid":{"rendered":"https:\/\/vatgas.hemsida.eu\/?p=8384"},"modified":"2022-08-31T13:52:29","modified_gmt":"2022-08-31T13:52:29","slug":"vaga-vara-visionar-planera-for-en-fyrdubbling-av-dagens-elanvandning","status":"publish","type":"post","link":"https:\/\/iwdev.se\/vatgas\/2021\/01\/14\/vaga-vara-visionar-planera-for-en-fyrdubbling-av-dagens-elanvandning\/","title":{"rendered":"V\u00e5ga vara vision\u00e4r: Planera f\u00f6r en fyrdubbling av dagens elanv\u00e4ndning"},"content":{"rendered":"<p><strong>Allt fler industriprocesser, transporter och framst\u00e4llning av r\u00e5varor drivs av el. Men dagens prognoser tar inte h\u00f6jd f\u00f6r den snabbt intensifierade elektrifieringen. Regeringens nya strategi f\u00f6r elektrifiering m\u00e5ste beakta nya trender och v\u00e5ga t\u00e4nka stort. Det \u00e4r inte osannolikt att elanv\u00e4ndningen fyrdubblas till \u00e5r 2050.<\/strong><br \/>\nI takt med fallande priser p\u00e5 ny teknik och samh\u00e4llets str\u00e4van att fasa ut fossil energi blir elektrifiering en allt mer attraktiv l\u00f6sning. Sverige har mycket att vinna p\u00e5 att accelerera energi- och klimatomst\u00e4llningen f\u00f6r att bli ledande i utvecklingen av innovativa och konkurrenskraftiga tekniska l\u00f6sningar. Det \u00e4r d\u00e4rf\u00f6r v\u00e4lkommet att regeringen nyligen sj\u00f6satt arbetet med en nationell strategi f\u00f6r elektrifiering.<br \/>\nI regeringens viktiga arbete \u00e4r det centralt att ta h\u00f6jd f\u00f6r ett rej\u00e4lt \u00f6kat behov av el kommande \u00e5r. Redan nu tar samh\u00e4llet stora kliv fram\u00e5t mot fossilfrihet.<br \/>\nSom ett exempel meddelade LKAB nyligen att de tar sikte p\u00e5 fossilfrihet och aviserar satsningar om hela 400 miljarder \u00f6ver 20-\u00e5rsperiod. H\u00e4r \u00e4r just mer el den stora m\u00f6jligg\u00f6raren, d\u00e4r bed\u00f6mningen \u00e4r att 55 TWh el per \u00e5r kommer beh\u00f6vas. Det \u00e4r mer \u00e4n den svenska k\u00e4rnkraften producerade \u00e5r 2019 och n\u00e4stan dubbelt s\u00e5 mycket som den svenska vindkraftsproduktionen.<br \/>\nLKAB \u00e4r inte ensamma. Hybrit som ska producera gr\u00f6nt st\u00e5l bed\u00f6ms fordra lika mycket el som hela Lule\u00e4lven producerar, cirka 15 TWh per \u00e5r. Och batterifabriken Northvolt i Skellefte\u00e5 beh\u00f6ver snart lika mycket el som 100 000 villor f\u00f6rbrukar p\u00e5 ett \u00e5r. L\u00e4gg d\u00e4rtill fler serverhallar, fossilfri cement, fossilfri plast och br\u00e4nslen till flyg- och sj\u00f6fart baserade p\u00e5 el.<br \/>\nAllt tyder p\u00e5 att vi snart kommer f\u00e5 se fler initiativ som markerar det stora skiftet mot \u00f6kad elanv\u00e4ndning. T\u00e4nk om ett antal \u00e5r n\u00e4r\u2026<\/p>\n<ul>\n<li>\u2026 sj\u00f6farten tankar e-Metanol producerad av sol- och vindkraft i Sverige<\/li>\n<li>&#8230; flyget, tunga fordon och industrin har g\u00e5tt \u00f6ver till gr\u00f6n v\u00e4tgas fullt ut och v\u00e4tgashubbar har bildats<\/li>\n<li>\u2026 elektrifierade f\u00e4rjor och fartyg laddas i digitaliserade och helautomatiserade hamnar med fullt utvecklade elhubbar<\/li>\n<li>&#8230; kemiindustrin vill ha f\u00f6rnybar r\u00e5vara, ist\u00e4llet f\u00f6r fossila produkter<\/li>\n<li>&#8230; datacenter i Sverige servar Europas sj\u00e4lvk\u00f6rande bilar med el-kr\u00e4vande ber\u00e4kningar och \u00e4r en nod f\u00f6r AI-analys<\/li>\n<\/ul>\n<p>Utan tvekan beh\u00f6ver den fossilfria elproduktionen v\u00e4xlas upp och leverera mer. Lyfter vi blicken och beaktar ovan n\u00e4mnda omr\u00e5den \u00e4r allt uppemot 500 TWh elanv\u00e4ndning \u00e5r 2050 ett m\u00f6jligt utfall. Vi talar d\u00e5 om en fyrdubbling av elanv\u00e4ndningen de kommande 30 \u00e5ren.<br \/>\nOmst\u00e4llningen g\u00f6rs s\u00e5klart inte i en handv\u00e4ndning. F\u00f6r att \u00e5stadkomma f\u00f6r\u00e4ndring \u00e4r det centralt att regeringen redan nu \u00f6verblickar och kartl\u00e4gger s\u00e5v\u00e4l m\u00f6jligheter som potentiella hinder och styr mot en h\u00e5llbar energiproduktion och energianv\u00e4ndning.<br \/>\nEn h\u00f6rnsten f\u00f6r arbetet med elektrifieringsstrategin \u00e4r utbyggnaden av fossilfri el och ett starkt eln\u00e4t. Det svenska eln\u00e4tet klarar idag knappt dagens elproduktion och p\u00e5 flera h\u00e5ll sl\u00e5r vi i kapacitetstaket. \u00c4ndras inte detta \u00e4r vi oundvikligt fossilbr\u00e4nsleberoende. Lyckas vi \u00e5 andra sidan hantera n\u00e4tutmaningen i tid finns, f\u00f6rutom f\u00f6ruts\u00e4ttningar f\u00f6r elektrifiering, en enorm m\u00f6jlighet f\u00f6r Sverige att bidra till omst\u00e4llningen i v\u00e5ra grannl\u00e4nder genom elexport.<br \/>\nEn annan m\u00f6jlighet f\u00f6r elsystemet \u00e4r den snabba kostnadsreduktionen p\u00e5 energilager som f\u00f6rutsp\u00e5s ske fram till 2030. Det \u00e4r en utveckling som helt f\u00f6r\u00e4ndrar spelplanen och som m\u00e5ste beaktas i elektrifieringsstrategin. Tillsammans med v\u00e4tgas bidrar batterier med stor systemnytta, d\u00e4r batteriet hanterar effekttoppar medan v\u00e4tgasen fungerar som energilager.<br \/>\nEn tredje aspekt, som borde dominera debatten och som \u00e4r minst lika viktig att beakta i arbetet med elektrifieringsstrategin, \u00e4r att \u00f6verskottet och tillg\u00e5ngen till f\u00f6rnybar el, till kostnad n\u00e4ra noll, skapar <a href=\"https:\/\/www.globenewswire.com\/news-release\/2020\/10\/27\/2114871\/0\/en\/Rethinking-Energy-2020-2030-100-Solar-Wind-and-Batteries-is-Just-the-Beginning.html\">f\u00f6ruts\u00e4ttningar<\/a> f\u00f6r nya aff\u00e4rsmodeller.<br \/>\nDet \u00e4r tydligt att f\u00f6r\u00e4ndringen vi befinner oss i ang\u00e5r n\u00e4ringspolitiken lika mycket som energipolitiken. Det handlar inte l\u00e4ngre om att st\u00e4nga en reaktor h\u00e4r eller om att bygga en sol- eller vindkraftspark d\u00e4r. Det handlar om att bygga ett h\u00e5llbart samh\u00e4lle och se m\u00f6jligheterna som en ny elektrifierad h\u00e5llbar ekonomi kan ge oss.<br \/>\nF\u00f6r politiken finns stora sk\u00e4l att skapa f\u00f6ruts\u00e4ttningar f\u00f6r att realisera elektrifieringen inom alla n\u00e4mnda omr\u00e5den. I den kommande elektrifieringsstrategin beh\u00f6ver regeringen d\u00e4rf\u00f6r:<\/p>\n<ol>\n<li><strong>V\u00e5ga vara vision\u00e4r: <\/strong>S\u00e4tt ett expansivt m\u00e5l f\u00f6r elf\u00f6rs\u00f6rjningen, med sikte p\u00e5 en total utfasning av fossila br\u00e4nslen och uppdra \u00e5t myndigheter och aff\u00e4rsverk att \u00f6ka kapaciteten i elsystemet med 300 TWh p\u00e5 30 \u00e5r.<\/li>\n<li><strong>Agera snabbt och kraftfullt:<\/strong> Vidta snabba \u00e5tg\u00e4rder f\u00f6r att eliminera eln\u00e4tets kapacitetsbrist och hinder f\u00f6r ny h\u00e5llbar elproduktion, exempelvis l\u00e5nga tillst\u00e5ndsprocesser.<\/li>\n<li><strong>Var tydliga med att det handlar om jobb och konkurrenskraft: <\/strong>Analysera och ta tillvara de samlade n\u00e4ringspolitiska m\u00f6jligheter som ett expansivt m\u00e5l f\u00f6r elektrifieringen skapar. Det handlar om Sveriges v\u00e4lst\u00e5nd.<\/li>\n<\/ol>\n<p>Det svenska elsystemet har varit en viktig byggsten f\u00f6r v\u00e4lf\u00e4rden. Sverige har de senaste \u00e5ren framg\u00e5ngsrikt attraherat internationellt kapital till utbyggnad av kraftproduktion. Nu \u00e4r det dags att ta n\u00e4sta steg och v\u00e5ga t\u00e4nka vision\u00e4rt. Vi \u00e4r mitt i en f\u00f6r\u00e4ndring som g\u00e5r snabbare \u00e4n de flesta f\u00f6rst\u00e5r och tar vi inte tillvara de m\u00f6jligheter som elektrifiering inneb\u00e4r, missar vi b\u00e5de klimatomst\u00e4llning och konkurrenskraft.<br \/>\nVi hoppas att regeringens elektrifieringsstrategi genom ambiti\u00f6s planering ger f\u00f6ruts\u00e4ttningar f\u00f6r framtidens l\u00f6sningar att ta plats. Svaret p\u00e5 de utmaningar samh\u00e4llet st\u00e5r inf\u00f6r \u00e4r inte att bromsa utbyggnaden av h\u00e5llbar elproduktion och nya tekniska l\u00f6sningar \u2013 utan att tillvarata de m\u00f6jligheter som den snabba utvecklingen erbjuder.<br \/>\n<em>Johanna Lakso, VD Power Circle<br \/>\nDaniel Badman, VD Svensk Vindenergi<br \/>\nBj\u00f6rn Aronsson, VD V\u00e4tgas Sverige<br \/>\nAnna Werner, VD Svensk Solenergi<br \/>\n<\/em><\/p>\n","protected":false},"excerpt":{"rendered":"<p>Allt fler industriprocesser, transporter och framst\u00e4llning av r\u00e5varor drivs av el. Men dagens prognoser tar inte h\u00f6jd f\u00f6r den snabbt intensifierade elektrifieringen. Regeringens nya strategi f\u00f6r elektrifiering m\u00e5ste beakta nya trender och v\u00e5ga t\u00e4nka stort. Det \u00e4r inte osannolikt att elanv\u00e4ndningen fyrdubblas till \u00e5r 2050. I takt med fallande priser p\u00e5 ny teknik och samh\u00e4llets <a class=\"moretag\" href=\"https:\/\/iwdev.se\/vatgas\/2021\/01\/14\/vaga-vara-visionar-planera-for-en-fyrdubbling-av-dagens-elanvandning\/\">[&#8230;]<\/a><\/p>\n","protected":false},"author":3,"featured_media":6288,"comment_status":"closed","ping_status":"closed","sticky":false,"template":"","format":"standard","meta":{"_acf_changed":false,"footnotes":""},"categories":[12],"tags":[126],"class_list":["post-8384","post","type-post","status-publish","format-standard","has-post-thumbnail","hentry","category-nyheter","tag-opinion"],"acf":[],"yoast_head":"<!-- This site is optimized with the Yoast SEO Premium plugin v26.4 (Yoast SEO v27.4) - https:\/\/yoast.com\/product\/yoast-seo-premium-wordpress\/ -->\n<title>V\u00e5ga vara vision\u00e4r: Planera f\u00f6r en fyrdubbling av dagens elanv\u00e4ndning - V\u00e4tgas Sverige<\/title>\n<meta name=\"robots\" content=\"noindex, follow, max-snippet:-1, max-image-preview:large, max-video-preview:-1\" \/>\n<meta property=\"og:locale\" content=\"sv_SE\" \/>\n<meta property=\"og:type\" content=\"article\" \/>\n<meta property=\"og:title\" content=\"V\u00e5ga vara vision\u00e4r: Planera f\u00f6r en fyrdubbling av dagens elanv\u00e4ndning\" \/>\n<meta property=\"og:description\" content=\"Allt fler industriprocesser, transporter och framst\u00e4llning av r\u00e5varor drivs av el. Men dagens prognoser tar inte h\u00f6jd f\u00f6r den snabbt intensifierade elektrifieringen. Regeringens nya strategi f\u00f6r elektrifiering m\u00e5ste beakta nya trender och v\u00e5ga t\u00e4nka stort. Det \u00e4r inte osannolikt att elanv\u00e4ndningen fyrdubblas till \u00e5r 2050. I takt med fallande priser p\u00e5 ny teknik och samh\u00e4llets [...]\" \/>\n<meta property=\"og:url\" content=\"https:\/\/iwdev.se\/vatgas\/2021\/01\/14\/vaga-vara-visionar-planera-for-en-fyrdubbling-av-dagens-elanvandning\/\" \/>\n<meta property=\"og:site_name\" content=\"V\u00e4tgas Sverige\" \/>\n<meta property=\"article:published_time\" content=\"2021-01-14T15:28:46+00:00\" \/>\n<meta property=\"article:modified_time\" content=\"2022-08-31T13:52:29+00:00\" \/>\n<meta property=\"og:image\" content=\"https:\/\/iwdev.se\/vatgas\/wp-content\/uploads\/2021\/01\/vind-och-solceller-scaled-1.jpg\" \/>\n\t<meta property=\"og:image:width\" content=\"2560\" \/>\n\t<meta property=\"og:image:height\" content=\"1097\" \/>\n\t<meta property=\"og:image:type\" content=\"image\/jpeg\" \/>\n<meta name=\"author\" content=\"Charlotte Blomberg\" \/>\n<meta name=\"twitter:card\" content=\"summary_large_image\" \/>\n<meta name=\"twitter:label1\" content=\"Skriven av\" \/>\n\t<meta name=\"twitter:data1\" content=\"Charlotte Blomberg\" \/>\n\t<meta name=\"twitter:label2\" content=\"Ber\u00e4knad l\u00e4stid\" \/>\n\t<meta name=\"twitter:data2\" content=\"5 minuter\" \/>\n<script type=\"application\/ld+json\" class=\"yoast-schema-graph\">{\"@context\":\"https:\\\/\\\/schema.org\",\"@graph\":[{\"@type\":\"Article\",\"@id\":\"https:\\\/\\\/iwdev.se\\\/vatgas\\\/2021\\\/01\\\/14\\\/vaga-vara-visionar-planera-for-en-fyrdubbling-av-dagens-elanvandning\\\/#article\",\"isPartOf\":{\"@id\":\"https:\\\/\\\/iwdev.se\\\/vatgas\\\/2021\\\/01\\\/14\\\/vaga-vara-visionar-planera-for-en-fyrdubbling-av-dagens-elanvandning\\\/\"},\"author\":{\"name\":\"Charlotte Blomberg\",\"@id\":\"https:\\\/\\\/iwdev.se\\\/vatgas\\\/#\\\/schema\\\/person\\\/8cc2f1473867b95de7c82567e7e9e0d0\"},\"headline\":\"V\u00e5ga vara vision\u00e4r: Planera f\u00f6r en fyrdubbling av dagens elanv\u00e4ndning\",\"datePublished\":\"2021-01-14T15:28:46+00:00\",\"dateModified\":\"2022-08-31T13:52:29+00:00\",\"mainEntityOfPage\":{\"@id\":\"https:\\\/\\\/iwdev.se\\\/vatgas\\\/2021\\\/01\\\/14\\\/vaga-vara-visionar-planera-for-en-fyrdubbling-av-dagens-elanvandning\\\/\"},\"wordCount\":1051,\"publisher\":{\"@id\":\"https:\\\/\\\/iwdev.se\\\/vatgas\\\/#organization\"},\"image\":{\"@id\":\"https:\\\/\\\/iwdev.se\\\/vatgas\\\/2021\\\/01\\\/14\\\/vaga-vara-visionar-planera-for-en-fyrdubbling-av-dagens-elanvandning\\\/#primaryimage\"},\"thumbnailUrl\":\"https:\\\/\\\/iwdev.se\\\/vatgas\\\/wp-content\\\/uploads\\\/2021\\\/01\\\/vind-och-solceller-scaled-1.jpg\",\"keywords\":[\"Opinion\"],\"articleSection\":[\"Nyheter\"],\"inLanguage\":\"sv-SE\"},{\"@type\":\"WebPage\",\"@id\":\"https:\\\/\\\/iwdev.se\\\/vatgas\\\/2021\\\/01\\\/14\\\/vaga-vara-visionar-planera-for-en-fyrdubbling-av-dagens-elanvandning\\\/\",\"url\":\"https:\\\/\\\/iwdev.se\\\/vatgas\\\/2021\\\/01\\\/14\\\/vaga-vara-visionar-planera-for-en-fyrdubbling-av-dagens-elanvandning\\\/\",\"name\":\"V\u00e5ga vara vision\u00e4r: Planera f\u00f6r en fyrdubbling av dagens elanv\u00e4ndning - V\u00e4tgas Sverige\",\"isPartOf\":{\"@id\":\"https:\\\/\\\/iwdev.se\\\/vatgas\\\/#website\"},\"primaryImageOfPage\":{\"@id\":\"https:\\\/\\\/iwdev.se\\\/vatgas\\\/2021\\\/01\\\/14\\\/vaga-vara-visionar-planera-for-en-fyrdubbling-av-dagens-elanvandning\\\/#primaryimage\"},\"image\":{\"@id\":\"https:\\\/\\\/iwdev.se\\\/vatgas\\\/2021\\\/01\\\/14\\\/vaga-vara-visionar-planera-for-en-fyrdubbling-av-dagens-elanvandning\\\/#primaryimage\"},\"thumbnailUrl\":\"https:\\\/\\\/iwdev.se\\\/vatgas\\\/wp-content\\\/uploads\\\/2021\\\/01\\\/vind-och-solceller-scaled-1.jpg\",\"datePublished\":\"2021-01-14T15:28:46+00:00\",\"dateModified\":\"2022-08-31T13:52:29+00:00\",\"breadcrumb\":{\"@id\":\"https:\\\/\\\/iwdev.se\\\/vatgas\\\/2021\\\/01\\\/14\\\/vaga-vara-visionar-planera-for-en-fyrdubbling-av-dagens-elanvandning\\\/#breadcrumb\"},\"inLanguage\":\"sv-SE\",\"potentialAction\":[{\"@type\":\"ReadAction\",\"target\":[\"https:\\\/\\\/iwdev.se\\\/vatgas\\\/2021\\\/01\\\/14\\\/vaga-vara-visionar-planera-for-en-fyrdubbling-av-dagens-elanvandning\\\/\"]}]},{\"@type\":\"ImageObject\",\"inLanguage\":\"sv-SE\",\"@id\":\"https:\\\/\\\/iwdev.se\\\/vatgas\\\/2021\\\/01\\\/14\\\/vaga-vara-visionar-planera-for-en-fyrdubbling-av-dagens-elanvandning\\\/#primaryimage\",\"url\":\"https:\\\/\\\/iwdev.se\\\/vatgas\\\/wp-content\\\/uploads\\\/2021\\\/01\\\/vind-och-solceller-scaled-1.jpg\",\"contentUrl\":\"https:\\\/\\\/iwdev.se\\\/vatgas\\\/wp-content\\\/uploads\\\/2021\\\/01\\\/vind-och-solceller-scaled-1.jpg\",\"width\":2560,\"height\":1097},{\"@type\":\"BreadcrumbList\",\"@id\":\"https:\\\/\\\/iwdev.se\\\/vatgas\\\/2021\\\/01\\\/14\\\/vaga-vara-visionar-planera-for-en-fyrdubbling-av-dagens-elanvandning\\\/#breadcrumb\",\"itemListElement\":[{\"@type\":\"ListItem\",\"position\":1,\"name\":\"Home\",\"item\":\"https:\\\/\\\/iwdev.se\\\/vatgas\\\/\"},{\"@type\":\"ListItem\",\"position\":2,\"name\":\"V\u00e5ga vara vision\u00e4r: Planera f\u00f6r en fyrdubbling av dagens elanv\u00e4ndning\"}]},{\"@type\":\"WebSite\",\"@id\":\"https:\\\/\\\/iwdev.se\\\/vatgas\\\/#website\",\"url\":\"https:\\\/\\\/iwdev.se\\\/vatgas\\\/\",\"name\":\"V\u00e4tgas Sverige\",\"description\":\"En ledande plattform f\u00f6r omst\u00e4llningen till fossilfrihet\",\"publisher\":{\"@id\":\"https:\\\/\\\/iwdev.se\\\/vatgas\\\/#organization\"},\"potentialAction\":[{\"@type\":\"SearchAction\",\"target\":{\"@type\":\"EntryPoint\",\"urlTemplate\":\"https:\\\/\\\/iwdev.se\\\/vatgas\\\/?s={search_term_string}\"},\"query-input\":{\"@type\":\"PropertyValueSpecification\",\"valueRequired\":true,\"valueName\":\"search_term_string\"}}],\"inLanguage\":\"sv-SE\"},{\"@type\":\"Organization\",\"@id\":\"https:\\\/\\\/iwdev.se\\\/vatgas\\\/#organization\",\"name\":\"V\u00e4tgas Sverige\",\"url\":\"https:\\\/\\\/iwdev.se\\\/vatgas\\\/\",\"logo\":{\"@type\":\"ImageObject\",\"inLanguage\":\"sv-SE\",\"@id\":\"https:\\\/\\\/iwdev.se\\\/vatgas\\\/#\\\/schema\\\/logo\\\/image\\\/\",\"url\":\"https:\\\/\\\/iwdev.se\\\/vatgas\\\/wp-content\\\/uploads\\\/2022\\\/06\\\/LOGO.png\",\"contentUrl\":\"https:\\\/\\\/iwdev.se\\\/vatgas\\\/wp-content\\\/uploads\\\/2022\\\/06\\\/LOGO.png\",\"width\":240,\"height\":147,\"caption\":\"V\u00e4tgas Sverige\"},\"image\":{\"@id\":\"https:\\\/\\\/iwdev.se\\\/vatgas\\\/#\\\/schema\\\/logo\\\/image\\\/\"}},{\"@type\":\"Person\",\"@id\":\"https:\\\/\\\/iwdev.se\\\/vatgas\\\/#\\\/schema\\\/person\\\/8cc2f1473867b95de7c82567e7e9e0d0\",\"name\":\"Charlotte Blomberg\",\"url\":\"https:\\\/\\\/iwdev.se\\\/vatgas\\\/author\\\/chablo\\\/\"}]}<\/script>\n<!-- \/ Yoast SEO Premium plugin. -->","yoast_head_json":{"title":"V\u00e5ga vara vision\u00e4r: Planera f\u00f6r en fyrdubbling av dagens elanv\u00e4ndning - V\u00e4tgas Sverige","robots":{"index":"noindex","follow":"follow","max-snippet":"max-snippet:-1","max-image-preview":"max-image-preview:large","max-video-preview":"max-video-preview:-1"},"og_locale":"sv_SE","og_type":"article","og_title":"V\u00e5ga vara vision\u00e4r: Planera f\u00f6r en fyrdubbling av dagens elanv\u00e4ndning","og_description":"Allt fler industriprocesser, transporter och framst\u00e4llning av r\u00e5varor drivs av el. Men dagens prognoser tar inte h\u00f6jd f\u00f6r den snabbt intensifierade elektrifieringen. Regeringens nya strategi f\u00f6r elektrifiering m\u00e5ste beakta nya trender och v\u00e5ga t\u00e4nka stort. Det \u00e4r inte osannolikt att elanv\u00e4ndningen fyrdubblas till \u00e5r 2050. I takt med fallande priser p\u00e5 ny teknik och samh\u00e4llets [...]","og_url":"https:\/\/iwdev.se\/vatgas\/2021\/01\/14\/vaga-vara-visionar-planera-for-en-fyrdubbling-av-dagens-elanvandning\/","og_site_name":"V\u00e4tgas Sverige","article_published_time":"2021-01-14T15:28:46+00:00","article_modified_time":"2022-08-31T13:52:29+00:00","og_image":[{"width":2560,"height":1097,"url":"https:\/\/iwdev.se\/vatgas\/wp-content\/uploads\/2021\/01\/vind-och-solceller-scaled-1.jpg","type":"image\/jpeg"}],"author":"Charlotte Blomberg","twitter_card":"summary_large_image","twitter_misc":{"Skriven av":"Charlotte Blomberg","Ber\u00e4knad l\u00e4stid":"5 minuter"},"schema":{"@context":"https:\/\/schema.org","@graph":[{"@type":"Article","@id":"https:\/\/iwdev.se\/vatgas\/2021\/01\/14\/vaga-vara-visionar-planera-for-en-fyrdubbling-av-dagens-elanvandning\/#article","isPartOf":{"@id":"https:\/\/iwdev.se\/vatgas\/2021\/01\/14\/vaga-vara-visionar-planera-for-en-fyrdubbling-av-dagens-elanvandning\/"},"author":{"name":"Charlotte Blomberg","@id":"https:\/\/iwdev.se\/vatgas\/#\/schema\/person\/8cc2f1473867b95de7c82567e7e9e0d0"},"headline":"V\u00e5ga vara vision\u00e4r: Planera f\u00f6r en fyrdubbling av dagens elanv\u00e4ndning","datePublished":"2021-01-14T15:28:46+00:00","dateModified":"2022-08-31T13:52:29+00:00","mainEntityOfPage":{"@id":"https:\/\/iwdev.se\/vatgas\/2021\/01\/14\/vaga-vara-visionar-planera-for-en-fyrdubbling-av-dagens-elanvandning\/"},"wordCount":1051,"publisher":{"@id":"https:\/\/iwdev.se\/vatgas\/#organization"},"image":{"@id":"https:\/\/iwdev.se\/vatgas\/2021\/01\/14\/vaga-vara-visionar-planera-for-en-fyrdubbling-av-dagens-elanvandning\/#primaryimage"},"thumbnailUrl":"https:\/\/iwdev.se\/vatgas\/wp-content\/uploads\/2021\/01\/vind-och-solceller-scaled-1.jpg","keywords":["Opinion"],"articleSection":["Nyheter"],"inLanguage":"sv-SE"},{"@type":"WebPage","@id":"https:\/\/iwdev.se\/vatgas\/2021\/01\/14\/vaga-vara-visionar-planera-for-en-fyrdubbling-av-dagens-elanvandning\/","url":"https:\/\/iwdev.se\/vatgas\/2021\/01\/14\/vaga-vara-visionar-planera-for-en-fyrdubbling-av-dagens-elanvandning\/","name":"V\u00e5ga vara vision\u00e4r: Planera f\u00f6r en fyrdubbling av dagens elanv\u00e4ndning - V\u00e4tgas Sverige","isPartOf":{"@id":"https:\/\/iwdev.se\/vatgas\/#website"},"primaryImageOfPage":{"@id":"https:\/\/iwdev.se\/vatgas\/2021\/01\/14\/vaga-vara-visionar-planera-for-en-fyrdubbling-av-dagens-elanvandning\/#primaryimage"},"image":{"@id":"https:\/\/iwdev.se\/vatgas\/2021\/01\/14\/vaga-vara-visionar-planera-for-en-fyrdubbling-av-dagens-elanvandning\/#primaryimage"},"thumbnailUrl":"https:\/\/iwdev.se\/vatgas\/wp-content\/uploads\/2021\/01\/vind-och-solceller-scaled-1.jpg","datePublished":"2021-01-14T15:28:46+00:00","dateModified":"2022-08-31T13:52:29+00:00","breadcrumb":{"@id":"https:\/\/iwdev.se\/vatgas\/2021\/01\/14\/vaga-vara-visionar-planera-for-en-fyrdubbling-av-dagens-elanvandning\/#breadcrumb"},"inLanguage":"sv-SE","potentialAction":[{"@type":"ReadAction","target":["https:\/\/iwdev.se\/vatgas\/2021\/01\/14\/vaga-vara-visionar-planera-for-en-fyrdubbling-av-dagens-elanvandning\/"]}]},{"@type":"ImageObject","inLanguage":"sv-SE","@id":"https:\/\/iwdev.se\/vatgas\/2021\/01\/14\/vaga-vara-visionar-planera-for-en-fyrdubbling-av-dagens-elanvandning\/#primaryimage","url":"https:\/\/iwdev.se\/vatgas\/wp-content\/uploads\/2021\/01\/vind-och-solceller-scaled-1.jpg","contentUrl":"https:\/\/iwdev.se\/vatgas\/wp-content\/uploads\/2021\/01\/vind-och-solceller-scaled-1.jpg","width":2560,"height":1097},{"@type":"BreadcrumbList","@id":"https:\/\/iwdev.se\/vatgas\/2021\/01\/14\/vaga-vara-visionar-planera-for-en-fyrdubbling-av-dagens-elanvandning\/#breadcrumb","itemListElement":[{"@type":"ListItem","position":1,"name":"Home","item":"https:\/\/iwdev.se\/vatgas\/"},{"@type":"ListItem","position":2,"name":"V\u00e5ga vara vision\u00e4r: Planera f\u00f6r en fyrdubbling av dagens elanv\u00e4ndning"}]},{"@type":"WebSite","@id":"https:\/\/iwdev.se\/vatgas\/#website","url":"https:\/\/iwdev.se\/vatgas\/","name":"V\u00e4tgas Sverige","description":"En ledande plattform f\u00f6r omst\u00e4llningen till fossilfrihet","publisher":{"@id":"https:\/\/iwdev.se\/vatgas\/#organization"},"potentialAction":[{"@type":"SearchAction","target":{"@type":"EntryPoint","urlTemplate":"https:\/\/iwdev.se\/vatgas\/?s={search_term_string}"},"query-input":{"@type":"PropertyValueSpecification","valueRequired":true,"valueName":"search_term_string"}}],"inLanguage":"sv-SE"},{"@type":"Organization","@id":"https:\/\/iwdev.se\/vatgas\/#organization","name":"V\u00e4tgas Sverige","url":"https:\/\/iwdev.se\/vatgas\/","logo":{"@type":"ImageObject","inLanguage":"sv-SE","@id":"https:\/\/iwdev.se\/vatgas\/#\/schema\/logo\/image\/","url":"https:\/\/iwdev.se\/vatgas\/wp-content\/uploads\/2022\/06\/LOGO.png","contentUrl":"https:\/\/iwdev.se\/vatgas\/wp-content\/uploads\/2022\/06\/LOGO.png","width":240,"height":147,"caption":"V\u00e4tgas Sverige"},"image":{"@id":"https:\/\/iwdev.se\/vatgas\/#\/schema\/logo\/image\/"}},{"@type":"Person","@id":"https:\/\/iwdev.se\/vatgas\/#\/schema\/person\/8cc2f1473867b95de7c82567e7e9e0d0","name":"Charlotte Blomberg","url":"https:\/\/iwdev.se\/vatgas\/author\/chablo\/"}]}},"_links":{"self":[{"href":"https:\/\/iwdev.se\/vatgas\/wp-json\/wp\/v2\/posts\/8384","targetHints":{"allow":["GET"]}}],"collection":[{"href":"https:\/\/iwdev.se\/vatgas\/wp-json\/wp\/v2\/posts"}],"about":[{"href":"https:\/\/iwdev.se\/vatgas\/wp-json\/wp\/v2\/types\/post"}],"author":[{"embeddable":true,"href":"https:\/\/iwdev.se\/vatgas\/wp-json\/wp\/v2\/users\/3"}],"replies":[{"embeddable":true,"href":"https:\/\/iwdev.se\/vatgas\/wp-json\/wp\/v2\/comments?post=8384"}],"version-history":[{"count":1,"href":"https:\/\/iwdev.se\/vatgas\/wp-json\/wp\/v2\/posts\/8384\/revisions"}],"predecessor-version":[{"id":15207,"href":"https:\/\/iwdev.se\/vatgas\/wp-json\/wp\/v2\/posts\/8384\/revisions\/15207"}],"wp:featuredmedia":[{"embeddable":true,"href":"https:\/\/iwdev.se\/vatgas\/wp-json\/wp\/v2\/media\/6288"}],"wp:attachment":[{"href":"https:\/\/iwdev.se\/vatgas\/wp-json\/wp\/v2\/media?parent=8384"}],"wp:term":[{"taxonomy":"category","embeddable":true,"href":"https:\/\/iwdev.se\/vatgas\/wp-json\/wp\/v2\/categories?post=8384"},{"taxonomy":"post_tag","embeddable":true,"href":"https:\/\/iwdev.se\/vatgas\/wp-json\/wp\/v2\/tags?post=8384"}],"curies":[{"name":"wp","href":"https:\/\/api.w.org\/{rel}","templated":true}]}}