{"id":8400,"date":"2021-04-28T16:09:20","date_gmt":"2021-04-28T16:09:20","guid":{"rendered":"https:\/\/vatgas.hemsida.eu\/?p=8400"},"modified":"2022-08-31T14:06:25","modified_gmt":"2022-08-31T14:06:25","slug":"powercell-lanserar-branslecellssystem-for-elektriska-arbetsfordon","status":"publish","type":"post","link":"https:\/\/iwdev.se\/vatgas\/2021\/04\/28\/powercell-lanserar-branslecellssystem-for-elektriska-arbetsfordon\/","title":{"rendered":"Powercell lanserar br\u00e4nslecellssystem f\u00f6r elektriska arbetsfordon"},"content":{"rendered":"<p class=\"p1\"><strong><a href=\"https:\/\/iwdev.se\/vatgas\/2021\/04\/28\/powercell-lanserar-branslecellssystem-for-elektriska-arbetsfordon\/\" target=\"_blank\" rel=\"noopener\" data-cke-saved-href=\"https:\/\/iwdev.se\/vatgas\/2021\/04\/28\/powercell-lanserar-branslecellssystem-for-elektriska-arbetsfordon\/\">Traktorer utan utsl\u00e4pp kommer snart att bli verklighet n\u00e4r Br\u00e4nslecellsbolaget PowerCell Sweden nu presenterar en komplett produktportf\u00f6lj f\u00f6r v\u00e4tgaselektrifiering inom off-roadsegmentet.<\/a>\u00a0Det m\u00f6jligg\u00f6r omst\u00e4llningen bort fr\u00e5n dieselmotorer.<br \/>\n<\/strong><br \/>\nProduktportf\u00f6ljen omfattar\u00a0kompletta br\u00e4nslecellssystem under varum\u00e4rket Powercellution med effekt fr\u00e5n 60 kilowatt upp till megawatt installationer.<br \/>\nOff-road-segmentet omfattar anl\u00e4ggningsmaskiner, truckar, terminaltraktorer, containerlyftar och olika typer av arbetsfordon. Segmentet anv\u00e4nder i stor utstr\u00e4ckning dieselmotorbaserade drivlinor.<\/p>\n<p>\u201dFlera av de alternativ som finns f\u00f6r elektrifiering kommer att kr\u00e4va att slutkunderna inom segmentet \u00e4ndrar sitt beteende radikalt vilket f\u00f6rst\u00e5s kommer att inverka negativt p\u00e5 b\u00e5de de stora tillverkarnas och slutkundernas aff\u00e4rer. PowerCell Swedens br\u00e4nslecellsbaserade och v\u00e4tgaselektriska l\u00f6sningar erbjuder dem en kompromissl\u00f6s v\u00e4g ut ur dieself\u00e4llan eftersom v\u00e5ra system erbjuder alla dieselmotorns f\u00f6rdelar men inga av dess nackdelar\u201d, s\u00e4ger Richard Berkling, vd f\u00f6r PowerCell Sweden AB i deras pressmeddelande.<\/p>\n<p class=\"p1\">Powercell har f\u00e5tt en order p\u00e5 ett\u00a0 br\u00e4nslecellssystem som \u00e4r framtaget f\u00f6r elektrifiering av arbetsmaskiner, det s\u00e5 kallade offroad-segmentet. Det \u00e4r ett segment d\u00e4r det kr\u00e4vs stor tillf\u00f6rlitlighet, h\u00f6g effekt och stor flexibilitet, men ocks\u00e5 god f\u00f6rm\u00e5ga att st\u00e5 emot st\u00f6tar och vibrationer. Den nu erh\u00e5llna ordern kommer fr\u00e5n en st\u00f6rre tillverkare av jordbruksmaskiner och de best\u00e4llda systemen kommer att anv\u00e4ndas f\u00f6r att testa en elektrifiering av traktorer med hj\u00e4lp av br\u00e4nsleceller och v\u00e4tgas.<\/p>\n<p class=\"p1\">\u201dV\u00e5ra kunder inom segmentet st\u00e5r inf\u00f6r ett oundvikligt teknologiskifte men vi kan h\u00e4r och nu erbjuda dem en elektrifieringsl\u00f6sning som minimerar deras kostnader f\u00f6r forskning och utveckling, tiden f\u00f6r att f\u00e5 ut nya produkter p\u00e5 marknaden och deras teknologiska risk\u201d, s\u00e4ger Richard Berkling vd f\u00f6r Powercell i deras pressrelease.<\/p>\n<p class=\"p1\">L\u00e4s mer <a href=\"https:\/\/news.cision.com\/se\/powercell-sweden-ab\/r\/powercell-sweden-presenterar-heltackande-produktportfolj-optimerad-for-elektrifiering-inom-off-road,c3327168\"><span class=\"s1\">h\u00e4r:<\/span><\/a><\/p>\n<p class=\"p1\">Bild\u00a9Powercell<\/p>\n<p>&nbsp;<\/p>\n","protected":false},"excerpt":{"rendered":"<p>Traktorer utan utsl\u00e4pp kommer snart att bli verklighet n\u00e4r Br\u00e4nslecellsbolaget PowerCell Sweden nu presenterar en komplett produktportf\u00f6lj f\u00f6r v\u00e4tgaselektrifiering inom off-roadsegmentet.\u00a0Det m\u00f6jligg\u00f6r omst\u00e4llningen bort fr\u00e5n dieselmotorer. Produktportf\u00f6ljen omfattar\u00a0kompletta br\u00e4nslecellssystem under varum\u00e4rket Powercellution med effekt fr\u00e5n 60 kilowatt upp till megawatt installationer. Off-road-segmentet omfattar anl\u00e4ggningsmaskiner, truckar, terminaltraktorer, containerlyftar och olika typer av arbetsfordon. Segmentet anv\u00e4nder i <a class=\"moretag\" href=\"https:\/\/iwdev.se\/vatgas\/2021\/04\/28\/powercell-lanserar-branslecellssystem-for-elektriska-arbetsfordon\/\">[&#8230;]<\/a><\/p>\n","protected":false},"author":3,"featured_media":8408,"comment_status":"closed","ping_status":"closed","sticky":false,"template":"","format":"standard","meta":{"_acf_changed":false,"footnotes":""},"categories":[10],"tags":[104],"class_list":["post-8400","post","type-post","status-publish","format-standard","has-post-thumbnail","hentry","category-medlemsnytt","tag-medlemmar"],"acf":[],"yoast_head":"<!-- This site is optimized with the Yoast SEO Premium plugin v26.4 (Yoast SEO v27.4) - https:\/\/yoast.com\/product\/yoast-seo-premium-wordpress\/ -->\n<title>Powercell lanserar br\u00e4nslecellssystem f\u00f6r elektriska arbetsfordon - V\u00e4tgas Sverige<\/title>\n<meta name=\"robots\" content=\"noindex, follow, max-snippet:-1, max-image-preview:large, max-video-preview:-1\" \/>\n<meta property=\"og:locale\" content=\"sv_SE\" \/>\n<meta property=\"og:type\" content=\"article\" \/>\n<meta property=\"og:title\" content=\"Powercell lanserar br\u00e4nslecellssystem f\u00f6r elektriska arbetsfordon\" \/>\n<meta property=\"og:description\" content=\"Traktorer utan utsl\u00e4pp kommer snart att bli verklighet n\u00e4r Br\u00e4nslecellsbolaget PowerCell Sweden nu presenterar en komplett produktportf\u00f6lj f\u00f6r v\u00e4tgaselektrifiering inom off-roadsegmentet.\u00a0Det m\u00f6jligg\u00f6r omst\u00e4llningen bort fr\u00e5n dieselmotorer. Produktportf\u00f6ljen omfattar\u00a0kompletta br\u00e4nslecellssystem under varum\u00e4rket Powercellution med effekt fr\u00e5n 60 kilowatt upp till megawatt installationer. Off-road-segmentet omfattar anl\u00e4ggningsmaskiner, truckar, terminaltraktorer, containerlyftar och olika typer av arbetsfordon. Segmentet anv\u00e4nder i [...]\" \/>\n<meta property=\"og:url\" content=\"https:\/\/iwdev.se\/vatgas\/2021\/04\/28\/powercell-lanserar-branslecellssystem-for-elektriska-arbetsfordon\/\" \/>\n<meta property=\"og:site_name\" content=\"V\u00e4tgas Sverige\" \/>\n<meta property=\"article:published_time\" content=\"2021-04-28T16:09:20+00:00\" \/>\n<meta property=\"article:modified_time\" content=\"2022-08-31T14:06:25+00:00\" \/>\n<meta property=\"og:image\" content=\"https:\/\/iwdev.se\/vatgas\/wp-content\/uploads\/2021\/04\/Ska\u0308rmavbild-2021-04-28-kl.-16.05.21.png\" \/>\n\t<meta property=\"og:image:width\" content=\"2190\" \/>\n\t<meta property=\"og:image:height\" content=\"1098\" \/>\n\t<meta property=\"og:image:type\" content=\"image\/png\" \/>\n<meta name=\"author\" content=\"Charlotte Blomberg\" \/>\n<meta name=\"twitter:card\" content=\"summary_large_image\" \/>\n<meta name=\"twitter:label1\" content=\"Skriven av\" \/>\n\t<meta name=\"twitter:data1\" content=\"Charlotte Blomberg\" \/>\n\t<meta name=\"twitter:label2\" content=\"Ber\u00e4knad l\u00e4stid\" \/>\n\t<meta name=\"twitter:data2\" content=\"2 minuter\" \/>\n<script type=\"application\/ld+json\" class=\"yoast-schema-graph\">{\"@context\":\"https:\\\/\\\/schema.org\",\"@graph\":[{\"@type\":\"Article\",\"@id\":\"https:\\\/\\\/iwdev.se\\\/vatgas\\\/2021\\\/04\\\/28\\\/powercell-lanserar-branslecellssystem-for-elektriska-arbetsfordon\\\/#article\",\"isPartOf\":{\"@id\":\"https:\\\/\\\/iwdev.se\\\/vatgas\\\/2021\\\/04\\\/28\\\/powercell-lanserar-branslecellssystem-for-elektriska-arbetsfordon\\\/\"},\"author\":{\"name\":\"Charlotte Blomberg\",\"@id\":\"https:\\\/\\\/iwdev.se\\\/vatgas\\\/#\\\/schema\\\/person\\\/8cc2f1473867b95de7c82567e7e9e0d0\"},\"headline\":\"Powercell lanserar br\u00e4nslecellssystem f\u00f6r elektriska arbetsfordon\",\"datePublished\":\"2021-04-28T16:09:20+00:00\",\"dateModified\":\"2022-08-31T14:06:25+00:00\",\"mainEntityOfPage\":{\"@id\":\"https:\\\/\\\/iwdev.se\\\/vatgas\\\/2021\\\/04\\\/28\\\/powercell-lanserar-branslecellssystem-for-elektriska-arbetsfordon\\\/\"},\"wordCount\":330,\"publisher\":{\"@id\":\"https:\\\/\\\/iwdev.se\\\/vatgas\\\/#organization\"},\"image\":{\"@id\":\"https:\\\/\\\/iwdev.se\\\/vatgas\\\/2021\\\/04\\\/28\\\/powercell-lanserar-branslecellssystem-for-elektriska-arbetsfordon\\\/#primaryimage\"},\"thumbnailUrl\":\"https:\\\/\\\/iwdev.se\\\/vatgas\\\/wp-content\\\/uploads\\\/2021\\\/04\\\/Ska\u0308rmavbild-2021-04-28-kl.-16.05.21.png\",\"keywords\":[\"Medlemmar\"],\"articleSection\":[\"Medlemsnytt\"],\"inLanguage\":\"sv-SE\"},{\"@type\":\"WebPage\",\"@id\":\"https:\\\/\\\/iwdev.se\\\/vatgas\\\/2021\\\/04\\\/28\\\/powercell-lanserar-branslecellssystem-for-elektriska-arbetsfordon\\\/\",\"url\":\"https:\\\/\\\/iwdev.se\\\/vatgas\\\/2021\\\/04\\\/28\\\/powercell-lanserar-branslecellssystem-for-elektriska-arbetsfordon\\\/\",\"name\":\"Powercell lanserar br\u00e4nslecellssystem f\u00f6r elektriska arbetsfordon - V\u00e4tgas Sverige\",\"isPartOf\":{\"@id\":\"https:\\\/\\\/iwdev.se\\\/vatgas\\\/#website\"},\"primaryImageOfPage\":{\"@id\":\"https:\\\/\\\/iwdev.se\\\/vatgas\\\/2021\\\/04\\\/28\\\/powercell-lanserar-branslecellssystem-for-elektriska-arbetsfordon\\\/#primaryimage\"},\"image\":{\"@id\":\"https:\\\/\\\/iwdev.se\\\/vatgas\\\/2021\\\/04\\\/28\\\/powercell-lanserar-branslecellssystem-for-elektriska-arbetsfordon\\\/#primaryimage\"},\"thumbnailUrl\":\"https:\\\/\\\/iwdev.se\\\/vatgas\\\/wp-content\\\/uploads\\\/2021\\\/04\\\/Ska\u0308rmavbild-2021-04-28-kl.-16.05.21.png\",\"datePublished\":\"2021-04-28T16:09:20+00:00\",\"dateModified\":\"2022-08-31T14:06:25+00:00\",\"breadcrumb\":{\"@id\":\"https:\\\/\\\/iwdev.se\\\/vatgas\\\/2021\\\/04\\\/28\\\/powercell-lanserar-branslecellssystem-for-elektriska-arbetsfordon\\\/#breadcrumb\"},\"inLanguage\":\"sv-SE\",\"potentialAction\":[{\"@type\":\"ReadAction\",\"target\":[\"https:\\\/\\\/iwdev.se\\\/vatgas\\\/2021\\\/04\\\/28\\\/powercell-lanserar-branslecellssystem-for-elektriska-arbetsfordon\\\/\"]}]},{\"@type\":\"ImageObject\",\"inLanguage\":\"sv-SE\",\"@id\":\"https:\\\/\\\/iwdev.se\\\/vatgas\\\/2021\\\/04\\\/28\\\/powercell-lanserar-branslecellssystem-for-elektriska-arbetsfordon\\\/#primaryimage\",\"url\":\"https:\\\/\\\/iwdev.se\\\/vatgas\\\/wp-content\\\/uploads\\\/2021\\\/04\\\/Ska\u0308rmavbild-2021-04-28-kl.-16.05.21.png\",\"contentUrl\":\"https:\\\/\\\/iwdev.se\\\/vatgas\\\/wp-content\\\/uploads\\\/2021\\\/04\\\/Ska\u0308rmavbild-2021-04-28-kl.-16.05.21.png\",\"width\":2190,\"height\":1098},{\"@type\":\"BreadcrumbList\",\"@id\":\"https:\\\/\\\/iwdev.se\\\/vatgas\\\/2021\\\/04\\\/28\\\/powercell-lanserar-branslecellssystem-for-elektriska-arbetsfordon\\\/#breadcrumb\",\"itemListElement\":[{\"@type\":\"ListItem\",\"position\":1,\"name\":\"Home\",\"item\":\"https:\\\/\\\/iwdev.se\\\/vatgas\\\/\"},{\"@type\":\"ListItem\",\"position\":2,\"name\":\"Powercell lanserar br\u00e4nslecellssystem f\u00f6r elektriska arbetsfordon\"}]},{\"@type\":\"WebSite\",\"@id\":\"https:\\\/\\\/iwdev.se\\\/vatgas\\\/#website\",\"url\":\"https:\\\/\\\/iwdev.se\\\/vatgas\\\/\",\"name\":\"V\u00e4tgas Sverige\",\"description\":\"En ledande plattform f\u00f6r omst\u00e4llningen till fossilfrihet\",\"publisher\":{\"@id\":\"https:\\\/\\\/iwdev.se\\\/vatgas\\\/#organization\"},\"potentialAction\":[{\"@type\":\"SearchAction\",\"target\":{\"@type\":\"EntryPoint\",\"urlTemplate\":\"https:\\\/\\\/iwdev.se\\\/vatgas\\\/?s={search_term_string}\"},\"query-input\":{\"@type\":\"PropertyValueSpecification\",\"valueRequired\":true,\"valueName\":\"search_term_string\"}}],\"inLanguage\":\"sv-SE\"},{\"@type\":\"Organization\",\"@id\":\"https:\\\/\\\/iwdev.se\\\/vatgas\\\/#organization\",\"name\":\"V\u00e4tgas Sverige\",\"url\":\"https:\\\/\\\/iwdev.se\\\/vatgas\\\/\",\"logo\":{\"@type\":\"ImageObject\",\"inLanguage\":\"sv-SE\",\"@id\":\"https:\\\/\\\/iwdev.se\\\/vatgas\\\/#\\\/schema\\\/logo\\\/image\\\/\",\"url\":\"https:\\\/\\\/iwdev.se\\\/vatgas\\\/wp-content\\\/uploads\\\/2022\\\/06\\\/LOGO.png\",\"contentUrl\":\"https:\\\/\\\/iwdev.se\\\/vatgas\\\/wp-content\\\/uploads\\\/2022\\\/06\\\/LOGO.png\",\"width\":240,\"height\":147,\"caption\":\"V\u00e4tgas Sverige\"},\"image\":{\"@id\":\"https:\\\/\\\/iwdev.se\\\/vatgas\\\/#\\\/schema\\\/logo\\\/image\\\/\"}},{\"@type\":\"Person\",\"@id\":\"https:\\\/\\\/iwdev.se\\\/vatgas\\\/#\\\/schema\\\/person\\\/8cc2f1473867b95de7c82567e7e9e0d0\",\"name\":\"Charlotte Blomberg\",\"url\":\"https:\\\/\\\/iwdev.se\\\/vatgas\\\/author\\\/chablo\\\/\"}]}<\/script>\n<!-- \/ Yoast SEO Premium plugin. -->","yoast_head_json":{"title":"Powercell lanserar br\u00e4nslecellssystem f\u00f6r elektriska arbetsfordon - V\u00e4tgas Sverige","robots":{"index":"noindex","follow":"follow","max-snippet":"max-snippet:-1","max-image-preview":"max-image-preview:large","max-video-preview":"max-video-preview:-1"},"og_locale":"sv_SE","og_type":"article","og_title":"Powercell lanserar br\u00e4nslecellssystem f\u00f6r elektriska arbetsfordon","og_description":"Traktorer utan utsl\u00e4pp kommer snart att bli verklighet n\u00e4r Br\u00e4nslecellsbolaget PowerCell Sweden nu presenterar en komplett produktportf\u00f6lj f\u00f6r v\u00e4tgaselektrifiering inom off-roadsegmentet.\u00a0Det m\u00f6jligg\u00f6r omst\u00e4llningen bort fr\u00e5n dieselmotorer. Produktportf\u00f6ljen omfattar\u00a0kompletta br\u00e4nslecellssystem under varum\u00e4rket Powercellution med effekt fr\u00e5n 60 kilowatt upp till megawatt installationer. Off-road-segmentet omfattar anl\u00e4ggningsmaskiner, truckar, terminaltraktorer, containerlyftar och olika typer av arbetsfordon. Segmentet anv\u00e4nder i [...]","og_url":"https:\/\/iwdev.se\/vatgas\/2021\/04\/28\/powercell-lanserar-branslecellssystem-for-elektriska-arbetsfordon\/","og_site_name":"V\u00e4tgas Sverige","article_published_time":"2021-04-28T16:09:20+00:00","article_modified_time":"2022-08-31T14:06:25+00:00","og_image":[{"width":2190,"height":1098,"url":"https:\/\/iwdev.se\/vatgas\/wp-content\/uploads\/2021\/04\/Ska\u0308rmavbild-2021-04-28-kl.-16.05.21.png","type":"image\/png"}],"author":"Charlotte Blomberg","twitter_card":"summary_large_image","twitter_misc":{"Skriven av":"Charlotte Blomberg","Ber\u00e4knad l\u00e4stid":"2 minuter"},"schema":{"@context":"https:\/\/schema.org","@graph":[{"@type":"Article","@id":"https:\/\/iwdev.se\/vatgas\/2021\/04\/28\/powercell-lanserar-branslecellssystem-for-elektriska-arbetsfordon\/#article","isPartOf":{"@id":"https:\/\/iwdev.se\/vatgas\/2021\/04\/28\/powercell-lanserar-branslecellssystem-for-elektriska-arbetsfordon\/"},"author":{"name":"Charlotte Blomberg","@id":"https:\/\/iwdev.se\/vatgas\/#\/schema\/person\/8cc2f1473867b95de7c82567e7e9e0d0"},"headline":"Powercell lanserar br\u00e4nslecellssystem f\u00f6r elektriska arbetsfordon","datePublished":"2021-04-28T16:09:20+00:00","dateModified":"2022-08-31T14:06:25+00:00","mainEntityOfPage":{"@id":"https:\/\/iwdev.se\/vatgas\/2021\/04\/28\/powercell-lanserar-branslecellssystem-for-elektriska-arbetsfordon\/"},"wordCount":330,"publisher":{"@id":"https:\/\/iwdev.se\/vatgas\/#organization"},"image":{"@id":"https:\/\/iwdev.se\/vatgas\/2021\/04\/28\/powercell-lanserar-branslecellssystem-for-elektriska-arbetsfordon\/#primaryimage"},"thumbnailUrl":"https:\/\/iwdev.se\/vatgas\/wp-content\/uploads\/2021\/04\/Ska\u0308rmavbild-2021-04-28-kl.-16.05.21.png","keywords":["Medlemmar"],"articleSection":["Medlemsnytt"],"inLanguage":"sv-SE"},{"@type":"WebPage","@id":"https:\/\/iwdev.se\/vatgas\/2021\/04\/28\/powercell-lanserar-branslecellssystem-for-elektriska-arbetsfordon\/","url":"https:\/\/iwdev.se\/vatgas\/2021\/04\/28\/powercell-lanserar-branslecellssystem-for-elektriska-arbetsfordon\/","name":"Powercell lanserar br\u00e4nslecellssystem f\u00f6r elektriska arbetsfordon - V\u00e4tgas Sverige","isPartOf":{"@id":"https:\/\/iwdev.se\/vatgas\/#website"},"primaryImageOfPage":{"@id":"https:\/\/iwdev.se\/vatgas\/2021\/04\/28\/powercell-lanserar-branslecellssystem-for-elektriska-arbetsfordon\/#primaryimage"},"image":{"@id":"https:\/\/iwdev.se\/vatgas\/2021\/04\/28\/powercell-lanserar-branslecellssystem-for-elektriska-arbetsfordon\/#primaryimage"},"thumbnailUrl":"https:\/\/iwdev.se\/vatgas\/wp-content\/uploads\/2021\/04\/Ska\u0308rmavbild-2021-04-28-kl.-16.05.21.png","datePublished":"2021-04-28T16:09:20+00:00","dateModified":"2022-08-31T14:06:25+00:00","breadcrumb":{"@id":"https:\/\/iwdev.se\/vatgas\/2021\/04\/28\/powercell-lanserar-branslecellssystem-for-elektriska-arbetsfordon\/#breadcrumb"},"inLanguage":"sv-SE","potentialAction":[{"@type":"ReadAction","target":["https:\/\/iwdev.se\/vatgas\/2021\/04\/28\/powercell-lanserar-branslecellssystem-for-elektriska-arbetsfordon\/"]}]},{"@type":"ImageObject","inLanguage":"sv-SE","@id":"https:\/\/iwdev.se\/vatgas\/2021\/04\/28\/powercell-lanserar-branslecellssystem-for-elektriska-arbetsfordon\/#primaryimage","url":"https:\/\/iwdev.se\/vatgas\/wp-content\/uploads\/2021\/04\/Ska\u0308rmavbild-2021-04-28-kl.-16.05.21.png","contentUrl":"https:\/\/iwdev.se\/vatgas\/wp-content\/uploads\/2021\/04\/Ska\u0308rmavbild-2021-04-28-kl.-16.05.21.png","width":2190,"height":1098},{"@type":"BreadcrumbList","@id":"https:\/\/iwdev.se\/vatgas\/2021\/04\/28\/powercell-lanserar-branslecellssystem-for-elektriska-arbetsfordon\/#breadcrumb","itemListElement":[{"@type":"ListItem","position":1,"name":"Home","item":"https:\/\/iwdev.se\/vatgas\/"},{"@type":"ListItem","position":2,"name":"Powercell lanserar br\u00e4nslecellssystem f\u00f6r elektriska arbetsfordon"}]},{"@type":"WebSite","@id":"https:\/\/iwdev.se\/vatgas\/#website","url":"https:\/\/iwdev.se\/vatgas\/","name":"V\u00e4tgas Sverige","description":"En ledande plattform f\u00f6r omst\u00e4llningen till fossilfrihet","publisher":{"@id":"https:\/\/iwdev.se\/vatgas\/#organization"},"potentialAction":[{"@type":"SearchAction","target":{"@type":"EntryPoint","urlTemplate":"https:\/\/iwdev.se\/vatgas\/?s={search_term_string}"},"query-input":{"@type":"PropertyValueSpecification","valueRequired":true,"valueName":"search_term_string"}}],"inLanguage":"sv-SE"},{"@type":"Organization","@id":"https:\/\/iwdev.se\/vatgas\/#organization","name":"V\u00e4tgas Sverige","url":"https:\/\/iwdev.se\/vatgas\/","logo":{"@type":"ImageObject","inLanguage":"sv-SE","@id":"https:\/\/iwdev.se\/vatgas\/#\/schema\/logo\/image\/","url":"https:\/\/iwdev.se\/vatgas\/wp-content\/uploads\/2022\/06\/LOGO.png","contentUrl":"https:\/\/iwdev.se\/vatgas\/wp-content\/uploads\/2022\/06\/LOGO.png","width":240,"height":147,"caption":"V\u00e4tgas Sverige"},"image":{"@id":"https:\/\/iwdev.se\/vatgas\/#\/schema\/logo\/image\/"}},{"@type":"Person","@id":"https:\/\/iwdev.se\/vatgas\/#\/schema\/person\/8cc2f1473867b95de7c82567e7e9e0d0","name":"Charlotte Blomberg","url":"https:\/\/iwdev.se\/vatgas\/author\/chablo\/"}]}},"_links":{"self":[{"href":"https:\/\/iwdev.se\/vatgas\/wp-json\/wp\/v2\/posts\/8400","targetHints":{"allow":["GET"]}}],"collection":[{"href":"https:\/\/iwdev.se\/vatgas\/wp-json\/wp\/v2\/posts"}],"about":[{"href":"https:\/\/iwdev.se\/vatgas\/wp-json\/wp\/v2\/types\/post"}],"author":[{"embeddable":true,"href":"https:\/\/iwdev.se\/vatgas\/wp-json\/wp\/v2\/users\/3"}],"replies":[{"embeddable":true,"href":"https:\/\/iwdev.se\/vatgas\/wp-json\/wp\/v2\/comments?post=8400"}],"version-history":[{"count":1,"href":"https:\/\/iwdev.se\/vatgas\/wp-json\/wp\/v2\/posts\/8400\/revisions"}],"predecessor-version":[{"id":15234,"href":"https:\/\/iwdev.se\/vatgas\/wp-json\/wp\/v2\/posts\/8400\/revisions\/15234"}],"wp:featuredmedia":[{"embeddable":true,"href":"https:\/\/iwdev.se\/vatgas\/wp-json\/wp\/v2\/media\/8408"}],"wp:attachment":[{"href":"https:\/\/iwdev.se\/vatgas\/wp-json\/wp\/v2\/media?parent=8400"}],"wp:term":[{"taxonomy":"category","embeddable":true,"href":"https:\/\/iwdev.se\/vatgas\/wp-json\/wp\/v2\/categories?post=8400"},{"taxonomy":"post_tag","embeddable":true,"href":"https:\/\/iwdev.se\/vatgas\/wp-json\/wp\/v2\/tags?post=8400"}],"curies":[{"name":"wp","href":"https:\/\/api.w.org\/{rel}","templated":true}]}}