{"id":9734,"date":"2021-07-09T11:57:24","date_gmt":"2021-07-09T11:57:24","guid":{"rendered":"https:\/\/vatgas.hemsida.eu\/?p=9734"},"modified":"2022-08-31T12:23:17","modified_gmt":"2022-08-31T12:23:17","slug":"almedalen-hur-sakrar-vi-en-robust-energiforsorjning-till-industri-och-samhalle","status":"publish","type":"post","link":"https:\/\/iwdev.se\/vatgas\/2021\/07\/09\/almedalen-hur-sakrar-vi-en-robust-energiforsorjning-till-industri-och-samhalle\/","title":{"rendered":"Almedalen: Hur s\u00e4krar vi en robust energif\u00f6rs\u00f6rjning till industri och samh\u00e4lle?"},"content":{"rendered":"<p><strong>V\u00e5rt samh\u00e4lle \u00e4r idag helt beroende av el. En av v\u00e5r tids st\u00f6rsta utmaningar \u00e4r att klara energif\u00f6rs\u00f6rjningen samtidigt som vi m\u00e5ste begr\u00e4nsa p\u00e5verkan p\u00e5 klimatet. Med en \u00f6kande elanv\u00e4ndning kr\u00e4vs robusta energif\u00f6rs\u00f6rjningssystem. V\u00e4tgasen kan vara en del i\u00a0att klara v\u00e5r energif\u00f6rs\u00f6rjning, men det kr\u00e4vs samarbete mellan branscher och f\u00f6retag.<\/strong><br \/>\nPer Rosenqvist, Managing Director p\u00e5 Statkraft Financial Energy, ser att v\u00e4tgasen kan bli en m\u00f6jligg\u00f6rare f\u00f6r att hj\u00e4lpa till och stabilisera energisystemen. P\u00e5 ett seminarie under Almedalsveckan ber\u00e4ttar Per att marknaden f\u00f6rv\u00e4ntar sig stora \u00f6kningar i elf\u00f6rbrukningen p\u00e5 relativ kort tid<strong><sup>*<\/sup><\/strong><em>.<\/em> \u00d6kningen beror p\u00e5 etablering av nya industrigrenar, att den traditionella industrin beh\u00f6ver elektrifiera sin tillverkningsprocess de kommande 10 &#8211; 15 \u00e5ren samt att transportsektorn beh\u00f6ver snabbt st\u00e4lla om till nya br\u00e4nslen. H\u00e4r finns det stor spridning p\u00e5 olika akt\u00f6rers prognoser om f\u00f6rv\u00e4ntad konsumtions\u00f6kning av el i Sverige mellan 40 &#8211; 150 TWh ut\u00f6ver dagens ca 140 TWh f\u00f6rbrukning per \u00e5r. Per idag finns det ett stort kraft\u00f6verskott i Norden som inledningsvis kan hantera denna efterfr\u00e5ge\u00f6kning. P\u00e5 l\u00e4ngre sikt kr\u00e4vs dock mer f\u00f6rnyelsebar energiproduktion och energieffektivisering.<br \/>\n\u2013 Det \u00e4r viktigt att Sverige s\u00e4tter upp nationella m\u00e5l p\u00e5 hur stor efterfr\u00e5gan p\u00e5 el f\u00f6rv\u00e4ntas bli och hur vi sen jobbar mot dem. Vi tror att energilagring tillsammans med effektf\u00f6rst\u00e4rkning och nya systemtj\u00e4nster blir r\u00e4tt avg\u00f6rande. Dessutom efterlyser vi tydligare samverkan hos n\u00e4t\u00e4garna p\u00e5 olika niv\u00e5er, annars riskerar utbyggnad av n\u00e4tet ta f\u00f6r l\u00e5ng tid, s\u00e4ger Per Rosenqvist.<br \/>\nSt\u00e5lbolaget H2 Green Steel satsar p\u00e5 fossilfri st\u00e5ltillverkning och kommer att bygga ett storskaligt, n\u00e4stintill CO<sub>2<\/sub>-fritt st\u00e5lverk i Boden, som ber\u00e4knas vara klart 2024. Det \u00e4r 800 MW elektrolyskapacitet som ska p\u00e5 plats och anl\u00e4ggningen kommer att bli en av de st\u00f6rsta i v\u00e4rlden. I samband med EU:s \u201dGreen Deal\u201d accelererade diskussionerna kring gr\u00f6n st\u00e5ltillverkning och H2 Green Steel har inspirerats av svenska forskningsprojektet HYBRIT och den gr\u00f6na v\u00e4tgasekonomin, men \u00e4ven USA:s mini-mill koncept f\u00f6r kostnadseffektiv st\u00e5ltillverkning.<br \/>\n\u2013 Varje steg i tillverkningsprocessen kommer att elektrifieras f\u00f6r att spara energi. Det som \u00e4r k\u00e4llan till att det \u00e4r m\u00f6jligt \u00e4r v\u00e4tgasen. Det \u00e4r det som direktreduktionsreaktorn ska g\u00e5 p\u00e5, s\u00e4ger Maria Persson Gulda, teknisk chef p\u00e5 H2 Green Steel.<br \/>\nPeter Rydebrink, VD p\u00e5 Euromekanik ber\u00e4ttar att v\u00e4tgasen anv\u00e4nds redan idag av industrin inom olika omr\u00e5den: som reduktionsmedel i st\u00e5lindustrin, r\u00e5vara i framst\u00e4llning av milj\u00f6v\u00e4nligare br\u00e4nslen, br\u00e4nsle i petrokemisk industri.<br \/>\n\u2013 V\u00e4tgasen inom industrin kommer idag fr\u00e5n fossila k\u00e4llor och ska man st\u00e4lla om, s\u00e5 \u00e4r gr\u00f6n v\u00e4tgas fr\u00e5n f\u00f6rnybara k\u00e4llor p\u00e5 allas l\u00e4ppar. Den v\u00e4tgasstrategi som Fossilfritt Sverige tog fram tidigare i \u00e5r, pekar p\u00e5 att tillverkning av gr\u00f6n v\u00e4tgas kan anv\u00e4ndas till m\u00e5nga omr\u00e5den: fastigheter, industrin, transporter och till fj\u00e4rrv\u00e4rme, s\u00e4ger Peter Rydebrink.<br \/>\nGr\u00f6n v\u00e4tgas tillverkas genom att f\u00f6rnybar el och vatten tillf\u00f6rs i en elektrolys\u00f6r, v\u00e4tgas produceras, komprimeras och lagras f\u00f6r att sedan att anv\u00e4ndas n\u00e4r man beh\u00f6ver den. F\u00f6r att f\u00e5 ut ca 450 kg v\u00e4tgas per dag beh\u00f6vs en elektrolys\u00f6r p\u00e5 ungef\u00e4r 1 MW el och ungef\u00e4r 280l vatten\/h. Det r\u00e4cker till ca nittio personbilar eller fem t\u00e5g eller ca fem lastbilar. Samtidigt produceras 20% v\u00e4rme som kan anv\u00e4ndas i energisystemet. \u00c4ven syrgas produceras i processen, som kan anv\u00e4ndas inom t.ex. v\u00e5rden.<br \/>\nPeter Rydebrink pekar p\u00e5 ett antal projekt d\u00e4r man g\u00e5r fr\u00e5n ord till handling, f\u00f6r att trygga energif\u00f6rs\u00f6rjningen p\u00e5 ett h\u00e5llbart s\u00e4tt. Bland annat ZEHTC hos Siemens Energy i Finsp\u00e5ng, d\u00e4r man installerat elektrolys, komprimering och lagring f\u00f6r att anv\u00e4nda v\u00e4tgasen i sin process. Ytterligare ett exempel \u00e4r en byggnation av en v\u00e4tgasanl\u00e4ggning i anslutning till en vindkraftspark utanf\u00f6r G\u00f6teborg. Ansvariga f\u00f6r projektet \u00e4r Euromekanik tillsammans med Rabbalshede Kraft och det ber\u00e4knas vara klart i slutet av n\u00e4sta \u00e5r.<br \/>\n\u2013 Det \u00e4r oerh\u00f6rt bra att bygga v\u00e4tgas n\u00e4ra vindkraft f\u00f6r att f\u00e5 ihop systemt\u00e4nkandet f\u00f6r leveranser av v\u00e4tgas, b\u00e5de lokalt och regionalt. Det ger \u00e4ven m\u00f6jlighet att ta till vara p\u00e5 el som annars hade g\u00e5tt till spillo. Vi har \u00e4ven s\u00e4krat en trygg modell f\u00f6r elproduktion lokalt, s\u00e4ger Peter Rydebrink.<br \/>\n\u2013 Att beskriva samh\u00e4llsnyttan som kommer runt h\u00f6rnet, det \u00e4r det som \u00e4r utmaningen f\u00f6r politiken. Man utg\u00e5r fr\u00e5n n\u00e5gonting som \u00e4r bepr\u00f6vat i det h\u00e4r fallet v\u00e4tgas, som kommer att utvecklas till n\u00e5gonting och redan nu utvecklas i snabb takt, men att man ocks\u00e5 f\u00f6rs\u00f6ker se framtida potential och framtida etableringar, s\u00e4ger Emmyly B\u00f6nfors, kommunalr\u00e5d Centerpartiet.<br \/>\nMariestads kommun har tagit t\u00e4ten och satsat p\u00e5 v\u00e4tgas inom flera omr\u00e5den f\u00f6r en h\u00e5llbar och attraktiv levnadsmilj\u00f6. Bland annat en tankstation med n\u00e4rproducerad gr\u00f6n v\u00e4tgas och snart en f\u00f6rskola, som med hj\u00e4lp av v\u00e4tgas producerar mer energi \u00e4n den f\u00f6rbrukar.<br \/>\n\u2013 Elf\u00f6rs\u00f6rjningen \u00e4r dels en lagringsfr\u00e5ga men \u00e4ven infrastrukturfr\u00e5ga. Det ska finnas mycket energi, men den ska ocks\u00e5 finnas vid r\u00e4tt tillf\u00e4lle. Storskaliga l\u00f6sningar \u00e4r n\u00e5got vi tittar n\u00e4rmare p\u00e5, exempelvis inom jordbruket f\u00f6r matproduktion samtidigt som de ger en backupl\u00f6sning till en industri i n\u00e4rheten. Man f\u00e5r hitta helt nya, innovativa synergier, s\u00e4ger Jonas Johansson, utvecklingschef p\u00e5 Mariestads kommun.<br \/>\nLinde (tidigare AGA) har varit verksamma inom v\u00e4tgasomr\u00e5det i m\u00e5nga \u00e5r och har omfattande expertis av alla steg i v\u00e4tgasens v\u00e4rdekedja, fr\u00e5n produktion och bearbetning genom distribution och lagring till industri- och konsumenttill\u00e4mpningar.<br \/>\n\u2013 Om m\u00e5ls\u00e4ttningen \u00e4r att anv\u00e4nda f\u00f6rnyelsebar el f\u00f6r att producera s\u00e5 kallad gr\u00f6n v\u00e4tgas med l\u00e5g CO<sub>2<\/sub> emission, m\u00e5ste man b\u00f6rja med att f\u00f6rst\u00e5 hur energisystemen h\u00e4nger ihop. Relativt stora investeringar kr\u00e4vs, och ambitionen b\u00f6r d\u00e4rf\u00f6r vara att skapa s\u00e5 mycket synergier som m\u00f6jligt, d\u00e4r flera f\u00f6retag jobbar tillsammans p\u00e5 ett s\u00e4tt man inte gjort tidigare, s\u00e4ger Olof K\u00e4llgren, s\u00e4lj- och marknadsdirekt\u00f6r p\u00e5 Linde.<br \/>\nI grunden \u00e4r f\u00f6ruts\u00e4ttningen att vara konkurrenskraftig med sina produkter, svensk processindustri konkurrerar p\u00e5 en global marknad. Vilka kommer att konvertera till lika kostnad med nya processer? Det \u00e4r m\u00f6jligt att det finns f\u00f6ruts\u00e4ttningar f\u00f6r det. Men det kommer direkt vara beroende av kostnaden f\u00f6r den energi de stoppar i det systemet.<br \/>\n\u2013 Jag tror att det \u00e4r r\u00e4tt sv\u00e5rt, i ett tidigt stadie, att bygga kedjor med produktion och anv\u00e4ndare som befinner sig l\u00e5ngt ifr\u00e5n varandra. N\u00e4tbaserad v\u00e4tgas kan vara ett alternativ. Det finns studier som visar att det \u00e4r billigare att anl\u00e4gga v\u00e4tgasledningar ist\u00e4llet f\u00f6r att bygga ytterligare \u00f6verf\u00f6ringskapacitet av el, s\u00e4ger Olof K\u00e4llgren.<br \/>\n\u00ad\u00ad\u2013 I omst\u00e4llningen av v\u00e5rt energisystem, s\u00e5 \u00e4r styrmedel en central drivkraft som i sin tur kan skapa en marknad f\u00f6r gr\u00f6na tekniker och br\u00e4nslen, inklusive v\u00e4tgas. En viktig m\u00f6jlighet \u00e4r samverkan mellan energi, transport och industrisektorerna som kan effektivisera integrering av vind och solenergi. H\u00e4r beh\u00f6ver utvecklingen accelerera och v\u00e4tgas kan bidra genom att utg\u00f6ra energilager f\u00f6r \u00f6kad flexibilitet i elanv\u00e4ndningen. D\u00e5 kan v\u00e4rdet p\u00e5 vindkraft h\u00f6jas, vilket annars skulle minska med \u00f6kad andel vindkraft i systemet, s\u00e4ger Filip Johnsson, professor vid Chalmers Tekniska H\u00f6gskola.<br \/>\n&nbsp;<br \/>\n<em>*Seminariet som refereras till i texten heter \u201dHur s\u00e4krar vi en robust energif\u00f6rs\u00f6rjning till industri och samh\u00e4lle?\u201d och kan ses i efterhand p\u00e5 Almedalsveckan Play event ID 62619<\/em><a href=\"https:\/\/almedalsveckanplay.info\/62619\"><em>: https:\/\/almedalsveckanplay.info\/62019<\/em><\/a><br \/>\n&nbsp;<br \/>\n<strong>I seminariet den 7 juli i digitala Almedalen kl 14:00 medverkade:<\/strong><\/p>\n<p class=\"p1\">\u00c5se Bye, Business Manager, Powercell, <a href=\"mailto:ase.bye@powercell.se\"><span class=\"s1\">ase.bye@powercell.se<\/span><\/a><\/p>\n<p>Per Rosenqvist, Managing Director Statkraft Financial Energy, <a href=\"mailto:per.rosenqvist@statkraft.com\"><span class=\"s1\">per.rosenqvist@statkraft.com<\/span><\/a><\/p>\n<p class=\"p1\">Peter Rydebrink, VD Euromekanik, <a href=\"mailto:peter.rydebrink@euromekanik.se\"><span class=\"s1\">peter.rydebrink@euromekanik.se<\/span><\/a><\/p>\n<p class=\"p1\">Olof K\u00e4llgren, s\u00e4lj- och marknadsdirekt\u00f6r Linde, <a href=\"mailto:olof.kallgren@linde.com\"><span class=\"s1\">olof.kallgren@linde.com<\/span><\/a><\/p>\n<p class=\"p1\">Maria Persson Gulda, teknisk chef H2 Green Steel, <a href=\"mailto:maria.persson.gulda@h2greensteel.com\"><span class=\"s1\">maria.persson.gulda@h2greensteel.com<\/span><\/a><\/p>\n<p class=\"p1\">Filip Johnsson, professor i energiteknik Chalmers tekniska h\u00f6gskola, <a href=\"mailto:filip.johnsson@chalmers.se\"><span class=\"s1\">mailto:filip.johnsson@chalmers.se<\/span><\/a><\/p>\n<p class=\"p1\">Emmyly B\u00f6nfors, kommunalr\u00e5d Centerpartiet<a href=\"mailto:emmyly.bonfors@stadshuset.goteborg.se\"><span class=\"s1\">, emmyly.bonfors@stadshuset.goteborg.se<\/span><\/a><\/p>\n<p class=\"p1\">Jonas Johansson, utvecklingschef Mariestads kommun, <a href=\"mailto:%20jonas.johansson@mariestad.se\"><span class=\"s1\">jonas.johansson@mariestad.se<\/span><\/a><\/p>\n<p>&nbsp;<br \/>\n<em>V\u00e4tgas Sverige \u00e4r ett partnerskap som arbetar f\u00f6r en n\u00f6dv\u00e4ndig energiomst\u00e4llning fri fr\u00e5n klimatp\u00e5verkande utsl\u00e4pp. Medlemmar och finansi\u00e4rer kommer fr\u00e5n n\u00e4ringsliv, institut, kommuner, regioner, nationella myndigheter och f\u00f6reningar. Verksamheten bedrivs i form av en ideell f\u00f6rening och best\u00e5r av en styrelse, ett kansli och v\u00e5ra medlemmar.<\/em><\/p>\n","protected":false},"excerpt":{"rendered":"<p>V\u00e5rt samh\u00e4lle \u00e4r idag helt beroende av el. En av v\u00e5r tids st\u00f6rsta utmaningar \u00e4r att klara energif\u00f6rs\u00f6rjningen samtidigt som vi m\u00e5ste begr\u00e4nsa p\u00e5verkan p\u00e5 klimatet. Med en \u00f6kande elanv\u00e4ndning kr\u00e4vs robusta energif\u00f6rs\u00f6rjningssystem. V\u00e4tgasen kan vara en del i\u00a0att klara v\u00e5r energif\u00f6rs\u00f6rjning, men det kr\u00e4vs samarbete mellan branscher och f\u00f6retag. Per Rosenqvist, Managing Director p\u00e5 <a class=\"moretag\" href=\"https:\/\/iwdev.se\/vatgas\/2021\/07\/09\/almedalen-hur-sakrar-vi-en-robust-energiforsorjning-till-industri-och-samhalle\/\">[&#8230;]<\/a><\/p>\n","protected":false},"author":3,"featured_media":9762,"comment_status":"closed","ping_status":"closed","sticky":false,"template":"","format":"standard","meta":{"_acf_changed":false,"footnotes":""},"categories":[13],"tags":[97],"class_list":["post-9734","post","type-post","status-publish","format-standard","has-post-thumbnail","hentry","category-event","tag-almedalen"],"acf":[],"yoast_head":"<!-- This site is optimized with the Yoast SEO Premium plugin v26.4 (Yoast SEO v27.4) - https:\/\/yoast.com\/product\/yoast-seo-premium-wordpress\/ -->\n<title>Almedalen: Hur s\u00e4krar vi en robust energif\u00f6rs\u00f6rjning till industri och samh\u00e4lle? - V\u00e4tgas Sverige<\/title>\n<meta name=\"robots\" content=\"noindex, follow, max-snippet:-1, max-image-preview:large, max-video-preview:-1\" \/>\n<meta property=\"og:locale\" content=\"sv_SE\" \/>\n<meta property=\"og:type\" content=\"article\" \/>\n<meta property=\"og:title\" content=\"Almedalen: Hur s\u00e4krar vi en robust energif\u00f6rs\u00f6rjning till industri och samh\u00e4lle?\" \/>\n<meta property=\"og:description\" content=\"V\u00e5rt samh\u00e4lle \u00e4r idag helt beroende av el. En av v\u00e5r tids st\u00f6rsta utmaningar \u00e4r att klara energif\u00f6rs\u00f6rjningen samtidigt som vi m\u00e5ste begr\u00e4nsa p\u00e5verkan p\u00e5 klimatet. Med en \u00f6kande elanv\u00e4ndning kr\u00e4vs robusta energif\u00f6rs\u00f6rjningssystem. V\u00e4tgasen kan vara en del i\u00a0att klara v\u00e5r energif\u00f6rs\u00f6rjning, men det kr\u00e4vs samarbete mellan branscher och f\u00f6retag. Per Rosenqvist, Managing Director p\u00e5 [...]\" \/>\n<meta property=\"og:url\" content=\"https:\/\/iwdev.se\/vatgas\/2021\/07\/09\/almedalen-hur-sakrar-vi-en-robust-energiforsorjning-till-industri-och-samhalle\/\" \/>\n<meta property=\"og:site_name\" content=\"V\u00e4tgas Sverige\" \/>\n<meta property=\"article:published_time\" content=\"2021-07-09T11:57:24+00:00\" \/>\n<meta property=\"article:modified_time\" content=\"2022-08-31T12:23:17+00:00\" \/>\n<meta property=\"og:image\" content=\"https:\/\/iwdev.se\/vatgas\/wp-content\/uploads\/2021\/07\/A\u030ase-Bye-moderator-Almedalen-2.png\" \/>\n\t<meta property=\"og:image:width\" content=\"939\" \/>\n\t<meta property=\"og:image:height\" content=\"433\" \/>\n\t<meta property=\"og:image:type\" content=\"image\/png\" \/>\n<meta name=\"author\" content=\"Charlotte Blomberg\" \/>\n<meta name=\"twitter:card\" content=\"summary_large_image\" \/>\n<meta name=\"twitter:label1\" content=\"Skriven av\" \/>\n\t<meta name=\"twitter:data1\" content=\"Charlotte Blomberg\" \/>\n\t<meta name=\"twitter:label2\" content=\"Ber\u00e4knad l\u00e4stid\" \/>\n\t<meta name=\"twitter:data2\" content=\"8 minuter\" \/>\n<script type=\"application\/ld+json\" class=\"yoast-schema-graph\">{\"@context\":\"https:\\\/\\\/schema.org\",\"@graph\":[{\"@type\":\"Article\",\"@id\":\"https:\\\/\\\/iwdev.se\\\/vatgas\\\/2021\\\/07\\\/09\\\/almedalen-hur-sakrar-vi-en-robust-energiforsorjning-till-industri-och-samhalle\\\/#article\",\"isPartOf\":{\"@id\":\"https:\\\/\\\/iwdev.se\\\/vatgas\\\/2021\\\/07\\\/09\\\/almedalen-hur-sakrar-vi-en-robust-energiforsorjning-till-industri-och-samhalle\\\/\"},\"author\":{\"name\":\"Charlotte Blomberg\",\"@id\":\"https:\\\/\\\/iwdev.se\\\/vatgas\\\/#\\\/schema\\\/person\\\/8cc2f1473867b95de7c82567e7e9e0d0\"},\"headline\":\"Almedalen: Hur s\u00e4krar vi en robust energif\u00f6rs\u00f6rjning till industri och samh\u00e4lle?\",\"datePublished\":\"2021-07-09T11:57:24+00:00\",\"dateModified\":\"2022-08-31T12:23:17+00:00\",\"mainEntityOfPage\":{\"@id\":\"https:\\\/\\\/iwdev.se\\\/vatgas\\\/2021\\\/07\\\/09\\\/almedalen-hur-sakrar-vi-en-robust-energiforsorjning-till-industri-och-samhalle\\\/\"},\"wordCount\":1574,\"publisher\":{\"@id\":\"https:\\\/\\\/iwdev.se\\\/vatgas\\\/#organization\"},\"image\":{\"@id\":\"https:\\\/\\\/iwdev.se\\\/vatgas\\\/2021\\\/07\\\/09\\\/almedalen-hur-sakrar-vi-en-robust-energiforsorjning-till-industri-och-samhalle\\\/#primaryimage\"},\"thumbnailUrl\":\"https:\\\/\\\/iwdev.se\\\/vatgas\\\/wp-content\\\/uploads\\\/2021\\\/07\\\/A\u030ase-Bye-moderator-Almedalen-2.png\",\"keywords\":[\"Almedalen\"],\"articleSection\":[\"Event\"],\"inLanguage\":\"sv-SE\"},{\"@type\":\"WebPage\",\"@id\":\"https:\\\/\\\/iwdev.se\\\/vatgas\\\/2021\\\/07\\\/09\\\/almedalen-hur-sakrar-vi-en-robust-energiforsorjning-till-industri-och-samhalle\\\/\",\"url\":\"https:\\\/\\\/iwdev.se\\\/vatgas\\\/2021\\\/07\\\/09\\\/almedalen-hur-sakrar-vi-en-robust-energiforsorjning-till-industri-och-samhalle\\\/\",\"name\":\"Almedalen: Hur s\u00e4krar vi en robust energif\u00f6rs\u00f6rjning till industri och samh\u00e4lle? - V\u00e4tgas Sverige\",\"isPartOf\":{\"@id\":\"https:\\\/\\\/iwdev.se\\\/vatgas\\\/#website\"},\"primaryImageOfPage\":{\"@id\":\"https:\\\/\\\/iwdev.se\\\/vatgas\\\/2021\\\/07\\\/09\\\/almedalen-hur-sakrar-vi-en-robust-energiforsorjning-till-industri-och-samhalle\\\/#primaryimage\"},\"image\":{\"@id\":\"https:\\\/\\\/iwdev.se\\\/vatgas\\\/2021\\\/07\\\/09\\\/almedalen-hur-sakrar-vi-en-robust-energiforsorjning-till-industri-och-samhalle\\\/#primaryimage\"},\"thumbnailUrl\":\"https:\\\/\\\/iwdev.se\\\/vatgas\\\/wp-content\\\/uploads\\\/2021\\\/07\\\/A\u030ase-Bye-moderator-Almedalen-2.png\",\"datePublished\":\"2021-07-09T11:57:24+00:00\",\"dateModified\":\"2022-08-31T12:23:17+00:00\",\"breadcrumb\":{\"@id\":\"https:\\\/\\\/iwdev.se\\\/vatgas\\\/2021\\\/07\\\/09\\\/almedalen-hur-sakrar-vi-en-robust-energiforsorjning-till-industri-och-samhalle\\\/#breadcrumb\"},\"inLanguage\":\"sv-SE\",\"potentialAction\":[{\"@type\":\"ReadAction\",\"target\":[\"https:\\\/\\\/iwdev.se\\\/vatgas\\\/2021\\\/07\\\/09\\\/almedalen-hur-sakrar-vi-en-robust-energiforsorjning-till-industri-och-samhalle\\\/\"]}]},{\"@type\":\"ImageObject\",\"inLanguage\":\"sv-SE\",\"@id\":\"https:\\\/\\\/iwdev.se\\\/vatgas\\\/2021\\\/07\\\/09\\\/almedalen-hur-sakrar-vi-en-robust-energiforsorjning-till-industri-och-samhalle\\\/#primaryimage\",\"url\":\"https:\\\/\\\/iwdev.se\\\/vatgas\\\/wp-content\\\/uploads\\\/2021\\\/07\\\/A\u030ase-Bye-moderator-Almedalen-2.png\",\"contentUrl\":\"https:\\\/\\\/iwdev.se\\\/vatgas\\\/wp-content\\\/uploads\\\/2021\\\/07\\\/A\u030ase-Bye-moderator-Almedalen-2.png\",\"width\":939,\"height\":433},{\"@type\":\"BreadcrumbList\",\"@id\":\"https:\\\/\\\/iwdev.se\\\/vatgas\\\/2021\\\/07\\\/09\\\/almedalen-hur-sakrar-vi-en-robust-energiforsorjning-till-industri-och-samhalle\\\/#breadcrumb\",\"itemListElement\":[{\"@type\":\"ListItem\",\"position\":1,\"name\":\"Home\",\"item\":\"https:\\\/\\\/iwdev.se\\\/vatgas\\\/\"},{\"@type\":\"ListItem\",\"position\":2,\"name\":\"Almedalen: Hur s\u00e4krar vi en robust energif\u00f6rs\u00f6rjning till industri och samh\u00e4lle?\"}]},{\"@type\":\"WebSite\",\"@id\":\"https:\\\/\\\/iwdev.se\\\/vatgas\\\/#website\",\"url\":\"https:\\\/\\\/iwdev.se\\\/vatgas\\\/\",\"name\":\"V\u00e4tgas Sverige\",\"description\":\"En ledande plattform f\u00f6r omst\u00e4llningen till fossilfrihet\",\"publisher\":{\"@id\":\"https:\\\/\\\/iwdev.se\\\/vatgas\\\/#organization\"},\"potentialAction\":[{\"@type\":\"SearchAction\",\"target\":{\"@type\":\"EntryPoint\",\"urlTemplate\":\"https:\\\/\\\/iwdev.se\\\/vatgas\\\/?s={search_term_string}\"},\"query-input\":{\"@type\":\"PropertyValueSpecification\",\"valueRequired\":true,\"valueName\":\"search_term_string\"}}],\"inLanguage\":\"sv-SE\"},{\"@type\":\"Organization\",\"@id\":\"https:\\\/\\\/iwdev.se\\\/vatgas\\\/#organization\",\"name\":\"V\u00e4tgas Sverige\",\"url\":\"https:\\\/\\\/iwdev.se\\\/vatgas\\\/\",\"logo\":{\"@type\":\"ImageObject\",\"inLanguage\":\"sv-SE\",\"@id\":\"https:\\\/\\\/iwdev.se\\\/vatgas\\\/#\\\/schema\\\/logo\\\/image\\\/\",\"url\":\"https:\\\/\\\/iwdev.se\\\/vatgas\\\/wp-content\\\/uploads\\\/2022\\\/06\\\/LOGO.png\",\"contentUrl\":\"https:\\\/\\\/iwdev.se\\\/vatgas\\\/wp-content\\\/uploads\\\/2022\\\/06\\\/LOGO.png\",\"width\":240,\"height\":147,\"caption\":\"V\u00e4tgas Sverige\"},\"image\":{\"@id\":\"https:\\\/\\\/iwdev.se\\\/vatgas\\\/#\\\/schema\\\/logo\\\/image\\\/\"}},{\"@type\":\"Person\",\"@id\":\"https:\\\/\\\/iwdev.se\\\/vatgas\\\/#\\\/schema\\\/person\\\/8cc2f1473867b95de7c82567e7e9e0d0\",\"name\":\"Charlotte Blomberg\",\"url\":\"https:\\\/\\\/iwdev.se\\\/vatgas\\\/author\\\/chablo\\\/\"}]}<\/script>\n<!-- \/ Yoast SEO Premium plugin. -->","yoast_head_json":{"title":"Almedalen: Hur s\u00e4krar vi en robust energif\u00f6rs\u00f6rjning till industri och samh\u00e4lle? - V\u00e4tgas Sverige","robots":{"index":"noindex","follow":"follow","max-snippet":"max-snippet:-1","max-image-preview":"max-image-preview:large","max-video-preview":"max-video-preview:-1"},"og_locale":"sv_SE","og_type":"article","og_title":"Almedalen: Hur s\u00e4krar vi en robust energif\u00f6rs\u00f6rjning till industri och samh\u00e4lle?","og_description":"V\u00e5rt samh\u00e4lle \u00e4r idag helt beroende av el. En av v\u00e5r tids st\u00f6rsta utmaningar \u00e4r att klara energif\u00f6rs\u00f6rjningen samtidigt som vi m\u00e5ste begr\u00e4nsa p\u00e5verkan p\u00e5 klimatet. Med en \u00f6kande elanv\u00e4ndning kr\u00e4vs robusta energif\u00f6rs\u00f6rjningssystem. V\u00e4tgasen kan vara en del i\u00a0att klara v\u00e5r energif\u00f6rs\u00f6rjning, men det kr\u00e4vs samarbete mellan branscher och f\u00f6retag. Per Rosenqvist, Managing Director p\u00e5 [...]","og_url":"https:\/\/iwdev.se\/vatgas\/2021\/07\/09\/almedalen-hur-sakrar-vi-en-robust-energiforsorjning-till-industri-och-samhalle\/","og_site_name":"V\u00e4tgas Sverige","article_published_time":"2021-07-09T11:57:24+00:00","article_modified_time":"2022-08-31T12:23:17+00:00","og_image":[{"width":939,"height":433,"url":"https:\/\/iwdev.se\/vatgas\/wp-content\/uploads\/2021\/07\/A\u030ase-Bye-moderator-Almedalen-2.png","type":"image\/png"}],"author":"Charlotte Blomberg","twitter_card":"summary_large_image","twitter_misc":{"Skriven av":"Charlotte Blomberg","Ber\u00e4knad l\u00e4stid":"8 minuter"},"schema":{"@context":"https:\/\/schema.org","@graph":[{"@type":"Article","@id":"https:\/\/iwdev.se\/vatgas\/2021\/07\/09\/almedalen-hur-sakrar-vi-en-robust-energiforsorjning-till-industri-och-samhalle\/#article","isPartOf":{"@id":"https:\/\/iwdev.se\/vatgas\/2021\/07\/09\/almedalen-hur-sakrar-vi-en-robust-energiforsorjning-till-industri-och-samhalle\/"},"author":{"name":"Charlotte Blomberg","@id":"https:\/\/iwdev.se\/vatgas\/#\/schema\/person\/8cc2f1473867b95de7c82567e7e9e0d0"},"headline":"Almedalen: Hur s\u00e4krar vi en robust energif\u00f6rs\u00f6rjning till industri och samh\u00e4lle?","datePublished":"2021-07-09T11:57:24+00:00","dateModified":"2022-08-31T12:23:17+00:00","mainEntityOfPage":{"@id":"https:\/\/iwdev.se\/vatgas\/2021\/07\/09\/almedalen-hur-sakrar-vi-en-robust-energiforsorjning-till-industri-och-samhalle\/"},"wordCount":1574,"publisher":{"@id":"https:\/\/iwdev.se\/vatgas\/#organization"},"image":{"@id":"https:\/\/iwdev.se\/vatgas\/2021\/07\/09\/almedalen-hur-sakrar-vi-en-robust-energiforsorjning-till-industri-och-samhalle\/#primaryimage"},"thumbnailUrl":"https:\/\/iwdev.se\/vatgas\/wp-content\/uploads\/2021\/07\/A\u030ase-Bye-moderator-Almedalen-2.png","keywords":["Almedalen"],"articleSection":["Event"],"inLanguage":"sv-SE"},{"@type":"WebPage","@id":"https:\/\/iwdev.se\/vatgas\/2021\/07\/09\/almedalen-hur-sakrar-vi-en-robust-energiforsorjning-till-industri-och-samhalle\/","url":"https:\/\/iwdev.se\/vatgas\/2021\/07\/09\/almedalen-hur-sakrar-vi-en-robust-energiforsorjning-till-industri-och-samhalle\/","name":"Almedalen: Hur s\u00e4krar vi en robust energif\u00f6rs\u00f6rjning till industri och samh\u00e4lle? - V\u00e4tgas Sverige","isPartOf":{"@id":"https:\/\/iwdev.se\/vatgas\/#website"},"primaryImageOfPage":{"@id":"https:\/\/iwdev.se\/vatgas\/2021\/07\/09\/almedalen-hur-sakrar-vi-en-robust-energiforsorjning-till-industri-och-samhalle\/#primaryimage"},"image":{"@id":"https:\/\/iwdev.se\/vatgas\/2021\/07\/09\/almedalen-hur-sakrar-vi-en-robust-energiforsorjning-till-industri-och-samhalle\/#primaryimage"},"thumbnailUrl":"https:\/\/iwdev.se\/vatgas\/wp-content\/uploads\/2021\/07\/A\u030ase-Bye-moderator-Almedalen-2.png","datePublished":"2021-07-09T11:57:24+00:00","dateModified":"2022-08-31T12:23:17+00:00","breadcrumb":{"@id":"https:\/\/iwdev.se\/vatgas\/2021\/07\/09\/almedalen-hur-sakrar-vi-en-robust-energiforsorjning-till-industri-och-samhalle\/#breadcrumb"},"inLanguage":"sv-SE","potentialAction":[{"@type":"ReadAction","target":["https:\/\/iwdev.se\/vatgas\/2021\/07\/09\/almedalen-hur-sakrar-vi-en-robust-energiforsorjning-till-industri-och-samhalle\/"]}]},{"@type":"ImageObject","inLanguage":"sv-SE","@id":"https:\/\/iwdev.se\/vatgas\/2021\/07\/09\/almedalen-hur-sakrar-vi-en-robust-energiforsorjning-till-industri-och-samhalle\/#primaryimage","url":"https:\/\/iwdev.se\/vatgas\/wp-content\/uploads\/2021\/07\/A\u030ase-Bye-moderator-Almedalen-2.png","contentUrl":"https:\/\/iwdev.se\/vatgas\/wp-content\/uploads\/2021\/07\/A\u030ase-Bye-moderator-Almedalen-2.png","width":939,"height":433},{"@type":"BreadcrumbList","@id":"https:\/\/iwdev.se\/vatgas\/2021\/07\/09\/almedalen-hur-sakrar-vi-en-robust-energiforsorjning-till-industri-och-samhalle\/#breadcrumb","itemListElement":[{"@type":"ListItem","position":1,"name":"Home","item":"https:\/\/iwdev.se\/vatgas\/"},{"@type":"ListItem","position":2,"name":"Almedalen: Hur s\u00e4krar vi en robust energif\u00f6rs\u00f6rjning till industri och samh\u00e4lle?"}]},{"@type":"WebSite","@id":"https:\/\/iwdev.se\/vatgas\/#website","url":"https:\/\/iwdev.se\/vatgas\/","name":"V\u00e4tgas Sverige","description":"En ledande plattform f\u00f6r omst\u00e4llningen till fossilfrihet","publisher":{"@id":"https:\/\/iwdev.se\/vatgas\/#organization"},"potentialAction":[{"@type":"SearchAction","target":{"@type":"EntryPoint","urlTemplate":"https:\/\/iwdev.se\/vatgas\/?s={search_term_string}"},"query-input":{"@type":"PropertyValueSpecification","valueRequired":true,"valueName":"search_term_string"}}],"inLanguage":"sv-SE"},{"@type":"Organization","@id":"https:\/\/iwdev.se\/vatgas\/#organization","name":"V\u00e4tgas Sverige","url":"https:\/\/iwdev.se\/vatgas\/","logo":{"@type":"ImageObject","inLanguage":"sv-SE","@id":"https:\/\/iwdev.se\/vatgas\/#\/schema\/logo\/image\/","url":"https:\/\/iwdev.se\/vatgas\/wp-content\/uploads\/2022\/06\/LOGO.png","contentUrl":"https:\/\/iwdev.se\/vatgas\/wp-content\/uploads\/2022\/06\/LOGO.png","width":240,"height":147,"caption":"V\u00e4tgas Sverige"},"image":{"@id":"https:\/\/iwdev.se\/vatgas\/#\/schema\/logo\/image\/"}},{"@type":"Person","@id":"https:\/\/iwdev.se\/vatgas\/#\/schema\/person\/8cc2f1473867b95de7c82567e7e9e0d0","name":"Charlotte Blomberg","url":"https:\/\/iwdev.se\/vatgas\/author\/chablo\/"}]}},"_links":{"self":[{"href":"https:\/\/iwdev.se\/vatgas\/wp-json\/wp\/v2\/posts\/9734","targetHints":{"allow":["GET"]}}],"collection":[{"href":"https:\/\/iwdev.se\/vatgas\/wp-json\/wp\/v2\/posts"}],"about":[{"href":"https:\/\/iwdev.se\/vatgas\/wp-json\/wp\/v2\/types\/post"}],"author":[{"embeddable":true,"href":"https:\/\/iwdev.se\/vatgas\/wp-json\/wp\/v2\/users\/3"}],"replies":[{"embeddable":true,"href":"https:\/\/iwdev.se\/vatgas\/wp-json\/wp\/v2\/comments?post=9734"}],"version-history":[{"count":1,"href":"https:\/\/iwdev.se\/vatgas\/wp-json\/wp\/v2\/posts\/9734\/revisions"}],"predecessor-version":[{"id":14729,"href":"https:\/\/iwdev.se\/vatgas\/wp-json\/wp\/v2\/posts\/9734\/revisions\/14729"}],"wp:featuredmedia":[{"embeddable":true,"href":"https:\/\/iwdev.se\/vatgas\/wp-json\/wp\/v2\/media\/9762"}],"wp:attachment":[{"href":"https:\/\/iwdev.se\/vatgas\/wp-json\/wp\/v2\/media?parent=9734"}],"wp:term":[{"taxonomy":"category","embeddable":true,"href":"https:\/\/iwdev.se\/vatgas\/wp-json\/wp\/v2\/categories?post=9734"},{"taxonomy":"post_tag","embeddable":true,"href":"https:\/\/iwdev.se\/vatgas\/wp-json\/wp\/v2\/tags?post=9734"}],"curies":[{"name":"wp","href":"https:\/\/api.w.org\/{rel}","templated":true}]}}